{"id":85018,"date":"2026-09-02T19:17:37","date_gmt":"2026-09-02T22:17:37","guid":{"rendered":"https:\/\/economiasa.com.br\/blog\/?p=85018"},"modified":"2026-09-02T19:17:38","modified_gmt":"2026-09-02T22:17:38","slug":"grupo-lev-ingressa-na-comunidade-global-de-empresas-b-impulsionada-por-modelo-de-mobilidade-que-evita-039-tonelada-de-co%e2%82%82-por-bicicleta-ao-ano","status":"publish","type":"post","link":"https:\/\/economiasa.com.br\/blog\/grupo-lev-ingressa-na-comunidade-global-de-empresas-b-impulsionada-por-modelo-de-mobilidade-que-evita-039-tonelada-de-co%e2%82%82-por-bicicleta-ao-ano\/","title":{"rendered":"Grupo Lev ingressa na comunidade global de Empresas B impulsionada por modelo de mobilidade que evita 0,39 tonelada de CO\u2082 por bicicleta ao ano"},"content":{"rendered":"\n<p class=\"wp-block-paragraph\"><em>Certifica\u00e7\u00e3o internacional reconhece empresas que conciliam desempenho econ\u00f4mico, governan\u00e7a e impacto socioambiental positivo<\/em><\/p>\n\n\n\n<p class=\"wp-block-paragraph\">Refer\u00eancia nacional em mobilidade el\u00e9trica leve, o\u00a0<a href=\"http:\/\/www.golev.com.br\/\" target=\"_blank\" rel=\"noreferrer noopener\"><u>Grupo LEV\u00a0<\/u><\/a>anuncia a conquista de sua vaga na comunidade global de Empresas B ap\u00f3s conquistar a certifica\u00e7\u00e3o Sistema B (B Corp), reconhecimento internacional concedido a organiza\u00e7\u00f5es que demonstram altos padr\u00f5es de desempenho socioambiental, governan\u00e7a, transpar\u00eancia e responsabilidade corporativa. A certifica\u00e7\u00e3o chega em um momento de expans\u00e3o da empresa e refor\u00e7a um modelo de neg\u00f3cios que alia crescimento econ\u00f4mico \u00e0 promo\u00e7\u00e3o de solu\u00e7\u00f5es de mobilidade de baixo carbono.<\/p>\n\n\n\n<p class=\"wp-block-paragraph\">Um dos indicadores que traduzem esse impacto est\u00e1 diretamente relacionado aos produtos da companhia. Segundo estudo do Laborat\u00f3rio de Mobilidade Sustent\u00e1vel da Universidade Federal do Rio de Janeiro (LabMob\/UFRJ), cada bicicleta el\u00e9trica comercializada pela Lev evita, em m\u00e9dia, cerca de 0,39 tonelada de emiss\u00f5es de CO\u2082 por ano, ao substituir deslocamentos que normalmente seriam realizados por ve\u00edculos movidos a combust\u00edveis f\u00f3sseis. O dado evidencia a contribui\u00e7\u00e3o da empresa para a descarboniza\u00e7\u00e3o da mobilidade urbana e dialoga com os crit\u00e9rios avaliados pela certifica\u00e7\u00e3o Sistema B.<\/p>\n\n\n\n<p class=\"wp-block-paragraph\">Criada pela organiza\u00e7\u00e3o internacional sem fins lucrativos B Lab, a certifica\u00e7\u00e3o Sistema B reconhece empresas que utilizam os neg\u00f3cios como instrumento para gerar impacto positivo na sociedade. Diferentemente de certifica\u00e7\u00f5es voltadas exclusivamente para aspectos ambientais, a avalia\u00e7\u00e3o considera de forma integrada pr\u00e1ticas relacionadas \u00e0 governan\u00e7a, relacionamento com trabalhadores, clientes, comunidades e meio ambiente, al\u00e9m do compromisso legal da empresa com a gera\u00e7\u00e3o de valor para todos os seus p\u00fablicos de interesse.<\/p>\n\n\n\n<p class=\"wp-block-paragraph\">Para Aneliza Lima, CFO do Grupo Lev, o reconhecimento valida uma trajet\u00f3ria constru\u00edda a partir da integra\u00e7\u00e3o entre estrat\u00e9gia empresarial e sustentabilidade. \u201cA certifica\u00e7\u00e3o Sistema B representa o reconhecimento de um trabalho cont\u00ednuo para incorporar crit\u00e9rios ambientais, sociais e de governan\u00e7a em todas as etapas da nossa opera\u00e7\u00e3o. O fato de cada bicicleta da Lev evitar, em m\u00e9dia, 0,39 tonelada de CO\u2082 por ano demonstra que nosso impacto vai al\u00e9m da comercializa\u00e7\u00e3o de produtos. Estamos contribuindo para transformar a mobilidade urbana e construir cidades mais sustent\u00e1veis\u201d, afirma.<\/p>\n\n\n\n<p class=\"wp-block-paragraph\">A conquista ocorre em um cen\u00e1rio de amadurecimento da mobilidade el\u00e9trica leve no Brasil. Em 2026, o Grupo Lev projeta um faturamento de R$ 270 milh\u00f5es, consolidando sua posi\u00e7\u00e3o entre as principais empresas do segmento. A companhia re\u00fane as marcas Lev, l\u00edder nacional em bicicletas el\u00e9tricas, Onn, especializada em scooters el\u00e9tricas, e representa no Brasil a fabricante global Niu Technologies. Atualmente, conta com mais de 45 lojas f\u00edsicas, presen\u00e7a em 138 revendas, cerca de 170 assist\u00eancias t\u00e9cnicas e atendimento em todo o pa\u00eds por meio do com\u00e9rcio eletr\u00f4nico.<\/p>\n\n\n\n<p class=\"wp-block-paragraph\">O reconhecimento acompanha tamb\u00e9m a expans\u00e3o do mercado de bicicletas el\u00e9tricas, impulsionado pela busca por alternativas de transporte mais eficientes e sustent\u00e1veis. Pesquisa do Instituto de Economia dos Transportes da Universidade de M\u00fcnster, na Alemanha, aponta que usu\u00e1rios de e-bikes podem reduzir, em m\u00e9dia, cerca de 526 quilos de emiss\u00f5es de CO\u2082 por ano ao substituir viagens realizadas por autom\u00f3veis. No Brasil, a ado\u00e7\u00e3o do modal cresce de forma cont\u00ednua, acompanhando mudan\u00e7as no comportamento dos consumidores e o avan\u00e7o das discuss\u00f5es sobre mobilidade urbana de baixo carbono.<\/p>\n\n\n\n<p class=\"wp-block-paragraph\">Ao integrar a comunidade global de Empresas B, o Grupo Lev refor\u00e7a o posicionamento de que crescimento empresarial e impacto positivo podem caminhar juntos. Mais do que um reconhecimento institucional, a certifica\u00e7\u00e3o evidencia um modelo de neg\u00f3cios que busca transformar a forma como as pessoas se deslocam, contribuindo para reduzir emiss\u00f5es, estimular alternativas mais sustent\u00e1veis de transporte e fortalecer uma agenda de desenvolvimento alinhada aos desafios ambientais das cidades contempor\u00e2neas.<\/p>\n","protected":false},"excerpt":{"rendered":"<p>Certifica\u00e7\u00e3o internacional reconhece empresas que conciliam desempenho econ\u00f4mico, governan\u00e7a e impacto socioambiental positivo Refer\u00eancia nacional em mobilidade el\u00e9trica leve, o\u00a0Grupo LEV\u00a0anuncia a&#8230;<\/p>\n","protected":false},"author":47,"featured_media":85019,"comment_status":"closed","ping_status":"open","sticky":false,"template":"","format":"standard","meta":{"footnotes":""},"categories":[2017],"tags":[],"ppma_author":[13248],"class_list":["post-85018","post","type-post","status-publish","format-standard","has-post-thumbnail","category-informacoes"],"yoast_head":"<!-- This site is optimized with the Yoast SEO plugin v27.2 - https:\/\/yoast.com\/product\/yoast-seo-wordpress\/ -->\n<title>Grupo Lev ingressa na comunidade global de Empresas B impulsionada por modelo de mobilidade que evita 0,39 tonelada de CO\u2082 por bicicleta ao ano - Economia S\/A<\/title>\n<meta name=\"robots\" content=\"index, follow, max-snippet:-1, max-image-preview:large, max-video-preview:-1\" \/>\n<link rel=\"canonical\" href=\"https:\/\/economiasa.com.br\/blog\/grupo-lev-ingressa-na-comunidade-global-de-empresas-b-impulsionada-por-modelo-de-mobilidade-que-evita-039-tonelada-de-co\u2082-por-bicicleta-ao-ano\/\" \/>\n<meta property=\"og:locale\" content=\"pt_BR\" \/>\n<meta property=\"og:type\" content=\"article\" \/>\n<meta property=\"og:title\" content=\"Grupo Lev ingressa na comunidade global de Empresas B impulsionada por modelo de mobilidade que evita 0,39 tonelada de CO\u2082 por bicicleta ao ano - Economia S\/A\" \/>\n<meta property=\"og:description\" content=\"Certifica\u00e7\u00e3o internacional reconhece empresas que conciliam desempenho econ\u00f4mico, governan\u00e7a e impacto socioambiental positivo Refer\u00eancia nacional em mobilidade el\u00e9trica leve, o\u00a0Grupo LEV\u00a0anuncia a...\" \/>\n<meta property=\"og:url\" content=\"https:\/\/economiasa.com.br\/blog\/grupo-lev-ingressa-na-comunidade-global-de-empresas-b-impulsionada-por-modelo-de-mobilidade-que-evita-039-tonelada-de-co\u2082-por-bicicleta-ao-ano\/\" \/>\n<meta property=\"og:site_name\" content=\"Economia S\/A\" \/>\n<meta property=\"article:published_time\" content=\"2026-09-02T22:17:37+00:00\" \/>\n<meta property=\"article:modified_time\" content=\"2026-09-02T22:17:38+00:00\" \/>\n<meta property=\"og:image\" content=\"https:\/\/economiasa.com.br\/blog\/wp-content\/uploads\/2026\/09\/Capturar-21.png\" \/>\n\t<meta property=\"og:image:width\" content=\"348\" \/>\n\t<meta property=\"og:image:height\" content=\"249\" \/>\n\t<meta property=\"og:image:type\" content=\"image\/png\" \/>\n<meta name=\"author\" content=\"Reda\u00e7\u00e3o\" \/>\n<meta name=\"twitter:card\" content=\"summary_large_image\" \/>\n<meta name=\"twitter:label1\" content=\"Escrito por\" \/>\n\t<meta name=\"twitter:data1\" content=\"Reda\u00e7\u00e3o\" \/>\n\t<meta name=\"twitter:label2\" content=\"Est. tempo de leitura\" \/>\n\t<meta name=\"twitter:data2\" content=\"4 minutos\" \/>\n<script type=\"application\/ld+json\" class=\"yoast-schema-graph\">{\"@context\":\"https:\/\/schema.org\",\"@graph\":[{\"@type\":\"Article\",\"@id\":\"https:\/\/economiasa.com.br\/blog\/grupo-lev-ingressa-na-comunidade-global-de-empresas-b-impulsionada-por-modelo-de-mobilidade-que-evita-039-tonelada-de-co%e2%82%82-por-bicicleta-ao-ano\/#article\",\"isPartOf\":{\"@id\":\"https:\/\/economiasa.com.br\/blog\/grupo-lev-ingressa-na-comunidade-global-de-empresas-b-impulsionada-por-modelo-de-mobilidade-que-evita-039-tonelada-de-co%e2%82%82-por-bicicleta-ao-ano\/\"},\"author\":{\"name\":\"Reda\u00e7\u00e3o\",\"@id\":\"https:\/\/economiasa.com.br\/blog\/#\/schema\/person\/14b8ac2dc25bd63b52bc54e845fa3923\"},\"headline\":\"Grupo Lev ingressa na comunidade global de Empresas B impulsionada por modelo de mobilidade que evita 0,39 tonelada de CO\u2082 por bicicleta ao ano\",\"datePublished\":\"2026-09-02T22:17:37+00:00\",\"dateModified\":\"2026-09-02T22:17:38+00:00\",\"mainEntityOfPage\":{\"@id\":\"https:\/\/economiasa.com.br\/blog\/grupo-lev-ingressa-na-comunidade-global-de-empresas-b-impulsionada-por-modelo-de-mobilidade-que-evita-039-tonelada-de-co%e2%82%82-por-bicicleta-ao-ano\/\"},\"wordCount\":677,\"image\":{\"@id\":\"https:\/\/economiasa.com.br\/blog\/grupo-lev-ingressa-na-comunidade-global-de-empresas-b-impulsionada-por-modelo-de-mobilidade-que-evita-039-tonelada-de-co%e2%82%82-por-bicicleta-ao-ano\/#primaryimage\"},\"thumbnailUrl\":\"https:\/\/economiasa.com.br\/blog\/wp-content\/uploads\/2026\/09\/Capturar-21.png\",\"articleSection\":[\"Informa\u00e7\u00f5es\"],\"inLanguage\":\"pt-BR\"},{\"@type\":\"WebPage\",\"@id\":\"https:\/\/economiasa.com.br\/blog\/grupo-lev-ingressa-na-comunidade-global-de-empresas-b-impulsionada-por-modelo-de-mobilidade-que-evita-039-tonelada-de-co%e2%82%82-por-bicicleta-ao-ano\/\",\"url\":\"https:\/\/economiasa.com.br\/blog\/grupo-lev-ingressa-na-comunidade-global-de-empresas-b-impulsionada-por-modelo-de-mobilidade-que-evita-039-tonelada-de-co%e2%82%82-por-bicicleta-ao-ano\/\",\"name\":\"Grupo Lev ingressa na comunidade global de Empresas B impulsionada por modelo de mobilidade que evita 0,39 tonelada de CO\u2082 por bicicleta ao ano - Economia S\/A\",\"isPartOf\":{\"@id\":\"https:\/\/economiasa.com.br\/blog\/#website\"},\"primaryImageOfPage\":{\"@id\":\"https:\/\/economiasa.com.br\/blog\/grupo-lev-ingressa-na-comunidade-global-de-empresas-b-impulsionada-por-modelo-de-mobilidade-que-evita-039-tonelada-de-co%e2%82%82-por-bicicleta-ao-ano\/#primaryimage\"},\"image\":{\"@id\":\"https:\/\/economiasa.com.br\/blog\/grupo-lev-ingressa-na-comunidade-global-de-empresas-b-impulsionada-por-modelo-de-mobilidade-que-evita-039-tonelada-de-co%e2%82%82-por-bicicleta-ao-ano\/#primaryimage\"},\"thumbnailUrl\":\"https:\/\/economiasa.com.br\/blog\/wp-content\/uploads\/2026\/09\/Capturar-21.png\",\"datePublished\":\"2026-09-02T22:17:37+00:00\",\"dateModified\":\"2026-09-02T22:17:38+00:00\",\"author\":{\"@id\":\"https:\/\/economiasa.com.br\/blog\/#\/schema\/person\/14b8ac2dc25bd63b52bc54e845fa3923\"},\"breadcrumb\":{\"@id\":\"https:\/\/economiasa.com.br\/blog\/grupo-lev-ingressa-na-comunidade-global-de-empresas-b-impulsionada-por-modelo-de-mobilidade-que-evita-039-tonelada-de-co%e2%82%82-por-bicicleta-ao-ano\/#breadcrumb\"},\"inLanguage\":\"pt-BR\",\"potentialAction\":[{\"@type\":\"ReadAction\",\"target\":[\"https:\/\/economiasa.com.br\/blog\/grupo-lev-ingressa-na-comunidade-global-de-empresas-b-impulsionada-por-modelo-de-mobilidade-que-evita-039-tonelada-de-co%e2%82%82-por-bicicleta-ao-ano\/\"]}]},{\"@type\":\"ImageObject\",\"inLanguage\":\"pt-BR\",\"@id\":\"https:\/\/economiasa.com.br\/blog\/grupo-lev-ingressa-na-comunidade-global-de-empresas-b-impulsionada-por-modelo-de-mobilidade-que-evita-039-tonelada-de-co%e2%82%82-por-bicicleta-ao-ano\/#primaryimage\",\"url\":\"https:\/\/economiasa.com.br\/blog\/wp-content\/uploads\/2026\/09\/Capturar-21.png\",\"contentUrl\":\"https:\/\/economiasa.com.br\/blog\/wp-content\/uploads\/2026\/09\/Capturar-21.png\",\"width\":348,\"height\":249,\"caption\":\"Aneliza Lima - Cr\u00e9ditos da foto: Divulga\u00e7\u00e3o\"},{\"@type\":\"BreadcrumbList\",\"@id\":\"https:\/\/economiasa.com.br\/blog\/grupo-lev-ingressa-na-comunidade-global-de-empresas-b-impulsionada-por-modelo-de-mobilidade-que-evita-039-tonelada-de-co%e2%82%82-por-bicicleta-ao-ano\/#breadcrumb\",\"itemListElement\":[{\"@type\":\"ListItem\",\"position\":1,\"name\":\"In\u00edcio\",\"item\":\"https:\/\/economiasa.com.br\/blog\/\"},{\"@type\":\"ListItem\",\"position\":2,\"name\":\"Grupo Lev ingressa na comunidade global de Empresas B impulsionada por modelo de mobilidade que evita 0,39 tonelada de CO\u2082 por bicicleta ao ano\"}]},{\"@type\":\"WebSite\",\"@id\":\"https:\/\/economiasa.com.br\/blog\/#website\",\"url\":\"https:\/\/economiasa.com.br\/blog\/\",\"name\":\"Economia S\/A\",\"description\":\"Ler faz bem para os neg\u00f3cios\",\"potentialAction\":[{\"@type\":\"SearchAction\",\"target\":{\"@type\":\"EntryPoint\",\"urlTemplate\":\"https:\/\/economiasa.com.br\/blog\/?s={search_term_string}\"},\"query-input\":{\"@type\":\"PropertyValueSpecification\",\"valueRequired\":true,\"valueName\":\"search_term_string\"}}],\"inLanguage\":\"pt-BR\"},{\"@type\":\"Person\",\"@id\":\"https:\/\/economiasa.com.br\/blog\/#\/schema\/person\/14b8ac2dc25bd63b52bc54e845fa3923\",\"name\":\"Reda\u00e7\u00e3o\",\"image\":{\"@type\":\"ImageObject\",\"inLanguage\":\"pt-BR\",\"@id\":\"https:\/\/secure.gravatar.com\/avatar\/c8c795261f7f8547b22616a549577db9e450bd5622da3f6eb62b0e2c3e364c4e?s=96&d=mm&r=g0fb5212bc57e2287787936667fbbe0ff\",\"url\":\"https:\/\/secure.gravatar.com\/avatar\/c8c795261f7f8547b22616a549577db9e450bd5622da3f6eb62b0e2c3e364c4e?s=96&d=mm&r=g\",\"contentUrl\":\"https:\/\/secure.gravatar.com\/avatar\/c8c795261f7f8547b22616a549577db9e450bd5622da3f6eb62b0e2c3e364c4e?s=96&d=mm&r=g\",\"caption\":\"Reda\u00e7\u00e3o\"},\"sameAs\":[\"http:\/\/www.economiasa.com.br\"],\"url\":\"https:\/\/economiasa.com.br\/blog\/author\/redacao\/\"}]}<\/script>\n<!-- \/ Yoast SEO plugin. -->","yoast_head_json":{"title":"Grupo Lev ingressa na comunidade global de Empresas B impulsionada por modelo de mobilidade que evita 0,39 tonelada de CO\u2082 por bicicleta ao ano - Economia S\/A","robots":{"index":"index","follow":"follow","max-snippet":"max-snippet:-1","max-image-preview":"max-image-preview:large","max-video-preview":"max-video-preview:-1"},"canonical":"https:\/\/economiasa.com.br\/blog\/grupo-lev-ingressa-na-comunidade-global-de-empresas-b-impulsionada-por-modelo-de-mobilidade-que-evita-039-tonelada-de-co\u2082-por-bicicleta-ao-ano\/","og_locale":"pt_BR","og_type":"article","og_title":"Grupo Lev ingressa na comunidade global de Empresas B impulsionada por modelo de mobilidade que evita 0,39 tonelada de CO\u2082 por bicicleta ao ano - Economia S\/A","og_description":"Certifica\u00e7\u00e3o internacional reconhece empresas que conciliam desempenho econ\u00f4mico, governan\u00e7a e impacto socioambiental positivo Refer\u00eancia nacional em mobilidade el\u00e9trica leve, o\u00a0Grupo LEV\u00a0anuncia a...","og_url":"https:\/\/economiasa.com.br\/blog\/grupo-lev-ingressa-na-comunidade-global-de-empresas-b-impulsionada-por-modelo-de-mobilidade-que-evita-039-tonelada-de-co\u2082-por-bicicleta-ao-ano\/","og_site_name":"Economia S\/A","article_published_time":"2026-09-02T22:17:37+00:00","article_modified_time":"2026-09-02T22:17:38+00:00","og_image":[{"width":348,"height":249,"url":"https:\/\/economiasa.com.br\/blog\/wp-content\/uploads\/2026\/09\/Capturar-21.png","type":"image\/png"}],"author":"Reda\u00e7\u00e3o","twitter_card":"summary_large_image","twitter_misc":{"Escrito por":"Reda\u00e7\u00e3o","Est. tempo de leitura":"4 minutos"},"schema":{"@context":"https:\/\/schema.org","@graph":[{"@type":"Article","@id":"https:\/\/economiasa.com.br\/blog\/grupo-lev-ingressa-na-comunidade-global-de-empresas-b-impulsionada-por-modelo-de-mobilidade-que-evita-039-tonelada-de-co%e2%82%82-por-bicicleta-ao-ano\/#article","isPartOf":{"@id":"https:\/\/economiasa.com.br\/blog\/grupo-lev-ingressa-na-comunidade-global-de-empresas-b-impulsionada-por-modelo-de-mobilidade-que-evita-039-tonelada-de-co%e2%82%82-por-bicicleta-ao-ano\/"},"author":{"name":"Reda\u00e7\u00e3o","@id":"https:\/\/economiasa.com.br\/blog\/#\/schema\/person\/14b8ac2dc25bd63b52bc54e845fa3923"},"headline":"Grupo Lev ingressa na comunidade global de Empresas B impulsionada por modelo de mobilidade que evita 0,39 tonelada de CO\u2082 por bicicleta ao ano","datePublished":"2026-09-02T22:17:37+00:00","dateModified":"2026-09-02T22:17:38+00:00","mainEntityOfPage":{"@id":"https:\/\/economiasa.com.br\/blog\/grupo-lev-ingressa-na-comunidade-global-de-empresas-b-impulsionada-por-modelo-de-mobilidade-que-evita-039-tonelada-de-co%e2%82%82-por-bicicleta-ao-ano\/"},"wordCount":677,"image":{"@id":"https:\/\/economiasa.com.br\/blog\/grupo-lev-ingressa-na-comunidade-global-de-empresas-b-impulsionada-por-modelo-de-mobilidade-que-evita-039-tonelada-de-co%e2%82%82-por-bicicleta-ao-ano\/#primaryimage"},"thumbnailUrl":"https:\/\/economiasa.com.br\/blog\/wp-content\/uploads\/2026\/09\/Capturar-21.png","articleSection":["Informa\u00e7\u00f5es"],"inLanguage":"pt-BR"},{"@type":"WebPage","@id":"https:\/\/economiasa.com.br\/blog\/grupo-lev-ingressa-na-comunidade-global-de-empresas-b-impulsionada-por-modelo-de-mobilidade-que-evita-039-tonelada-de-co%e2%82%82-por-bicicleta-ao-ano\/","url":"https:\/\/economiasa.com.br\/blog\/grupo-lev-ingressa-na-comunidade-global-de-empresas-b-impulsionada-por-modelo-de-mobilidade-que-evita-039-tonelada-de-co%e2%82%82-por-bicicleta-ao-ano\/","name":"Grupo Lev ingressa na comunidade global de Empresas B impulsionada por modelo de mobilidade que evita 0,39 tonelada de CO\u2082 por bicicleta ao ano - Economia S\/A","isPartOf":{"@id":"https:\/\/economiasa.com.br\/blog\/#website"},"primaryImageOfPage":{"@id":"https:\/\/economiasa.com.br\/blog\/grupo-lev-ingressa-na-comunidade-global-de-empresas-b-impulsionada-por-modelo-de-mobilidade-que-evita-039-tonelada-de-co%e2%82%82-por-bicicleta-ao-ano\/#primaryimage"},"image":{"@id":"https:\/\/economiasa.com.br\/blog\/grupo-lev-ingressa-na-comunidade-global-de-empresas-b-impulsionada-por-modelo-de-mobilidade-que-evita-039-tonelada-de-co%e2%82%82-por-bicicleta-ao-ano\/#primaryimage"},"thumbnailUrl":"https:\/\/economiasa.com.br\/blog\/wp-content\/uploads\/2026\/09\/Capturar-21.png","datePublished":"2026-09-02T22:17:37+00:00","dateModified":"2026-09-02T22:17:38+00:00","author":{"@id":"https:\/\/economiasa.com.br\/blog\/#\/schema\/person\/14b8ac2dc25bd63b52bc54e845fa3923"},"breadcrumb":{"@id":"https:\/\/economiasa.com.br\/blog\/grupo-lev-ingressa-na-comunidade-global-de-empresas-b-impulsionada-por-modelo-de-mobilidade-que-evita-039-tonelada-de-co%e2%82%82-por-bicicleta-ao-ano\/#breadcrumb"},"inLanguage":"pt-BR","potentialAction":[{"@type":"ReadAction","target":["https:\/\/economiasa.com.br\/blog\/grupo-lev-ingressa-na-comunidade-global-de-empresas-b-impulsionada-por-modelo-de-mobilidade-que-evita-039-tonelada-de-co%e2%82%82-por-bicicleta-ao-ano\/"]}]},{"@type":"ImageObject","inLanguage":"pt-BR","@id":"https:\/\/economiasa.com.br\/blog\/grupo-lev-ingressa-na-comunidade-global-de-empresas-b-impulsionada-por-modelo-de-mobilidade-que-evita-039-tonelada-de-co%e2%82%82-por-bicicleta-ao-ano\/#primaryimage","url":"https:\/\/economiasa.com.br\/blog\/wp-content\/uploads\/2026\/09\/Capturar-21.png","contentUrl":"https:\/\/economiasa.com.br\/blog\/wp-content\/uploads\/2026\/09\/Capturar-21.png","width":348,"height":249,"caption":"Aneliza Lima - Cr\u00e9ditos da foto: Divulga\u00e7\u00e3o"},{"@type":"BreadcrumbList","@id":"https:\/\/economiasa.com.br\/blog\/grupo-lev-ingressa-na-comunidade-global-de-empresas-b-impulsionada-por-modelo-de-mobilidade-que-evita-039-tonelada-de-co%e2%82%82-por-bicicleta-ao-ano\/#breadcrumb","itemListElement":[{"@type":"ListItem","position":1,"name":"In\u00edcio","item":"https:\/\/economiasa.com.br\/blog\/"},{"@type":"ListItem","position":2,"name":"Grupo Lev ingressa na comunidade global de Empresas B impulsionada por modelo de mobilidade que evita 0,39 tonelada de CO\u2082 por bicicleta ao ano"}]},{"@type":"WebSite","@id":"https:\/\/economiasa.com.br\/blog\/#website","url":"https:\/\/economiasa.com.br\/blog\/","name":"Economia S\/A","description":"Ler faz bem para os neg\u00f3cios","potentialAction":[{"@type":"SearchAction","target":{"@type":"EntryPoint","urlTemplate":"https:\/\/economiasa.com.br\/blog\/?s={search_term_string}"},"query-input":{"@type":"PropertyValueSpecification","valueRequired":true,"valueName":"search_term_string"}}],"inLanguage":"pt-BR"},{"@type":"Person","@id":"https:\/\/economiasa.com.br\/blog\/#\/schema\/person\/14b8ac2dc25bd63b52bc54e845fa3923","name":"Reda\u00e7\u00e3o","image":{"@type":"ImageObject","inLanguage":"pt-BR","@id":"https:\/\/secure.gravatar.com\/avatar\/c8c795261f7f8547b22616a549577db9e450bd5622da3f6eb62b0e2c3e364c4e?s=96&d=mm&r=g0fb5212bc57e2287787936667fbbe0ff","url":"https:\/\/secure.gravatar.com\/avatar\/c8c795261f7f8547b22616a549577db9e450bd5622da3f6eb62b0e2c3e364c4e?s=96&d=mm&r=g","contentUrl":"https:\/\/secure.gravatar.com\/avatar\/c8c795261f7f8547b22616a549577db9e450bd5622da3f6eb62b0e2c3e364c4e?s=96&d=mm&r=g","caption":"Reda\u00e7\u00e3o"},"sameAs":["http:\/\/www.economiasa.com.br"],"url":"https:\/\/economiasa.com.br\/blog\/author\/redacao\/"}]}},"authors":[{"term_id":13248,"user_id":47,"is_guest":0,"slug":"redacao","display_name":"Reda\u00e7\u00e3o","avatar_url":"https:\/\/secure.gravatar.com\/avatar\/c8c795261f7f8547b22616a549577db9e450bd5622da3f6eb62b0e2c3e364c4e?s=96&d=mm&r=g","author_category":"","first_name":"Reda\u00e7\u00e3o","last_name":"","user_url":"http:\/\/www.economiasa.com.br","job_title":"","description":""}],"amp_enabled":true,"_links":{"self":[{"href":"https:\/\/economiasa.com.br\/blog\/wp-json\/wp\/v2\/posts\/85018","targetHints":{"allow":["GET"]}}],"collection":[{"href":"https:\/\/economiasa.com.br\/blog\/wp-json\/wp\/v2\/posts"}],"about":[{"href":"https:\/\/economiasa.com.br\/blog\/wp-json\/wp\/v2\/types\/post"}],"author":[{"embeddable":true,"href":"https:\/\/economiasa.com.br\/blog\/wp-json\/wp\/v2\/users\/47"}],"replies":[{"embeddable":true,"href":"https:\/\/economiasa.com.br\/blog\/wp-json\/wp\/v2\/comments?post=85018"}],"version-history":[{"count":0,"href":"https:\/\/economiasa.com.br\/blog\/wp-json\/wp\/v2\/posts\/85018\/revisions"}],"wp:featuredmedia":[{"embeddable":true,"href":"https:\/\/economiasa.com.br\/blog\/wp-json\/wp\/v2\/media\/85019"}],"wp:attachment":[{"href":"https:\/\/economiasa.com.br\/blog\/wp-json\/wp\/v2\/media?parent=85018"}],"wp:term":[{"taxonomy":"category","embeddable":true,"href":"https:\/\/economiasa.com.br\/blog\/wp-json\/wp\/v2\/categories?post=85018"},{"taxonomy":"post_tag","embeddable":true,"href":"https:\/\/economiasa.com.br\/blog\/wp-json\/wp\/v2\/tags?post=85018"},{"taxonomy":"author","embeddable":true,"href":"https:\/\/economiasa.com.br\/blog\/wp-json\/wp\/v2\/ppma_author?post=85018"}],"curies":[{"name":"wp","href":"https:\/\/api.w.org\/{rel}","templated":true}]}}