{"id":85028,"date":"2026-09-02T20:13:50","date_gmt":"2026-09-02T23:13:50","guid":{"rendered":"https:\/\/economiasa.com.br\/blog\/?p=85028"},"modified":"2026-09-02T20:13:50","modified_gmt":"2026-09-02T23:13:50","slug":"projetando-superar-r-1-bilhao-em-ativos-beacon-debate-patrimonio-e-vida-financeira-de-founders-na-sp-tech-week","status":"publish","type":"post","link":"https:\/\/economiasa.com.br\/blog\/projetando-superar-r-1-bilhao-em-ativos-beacon-debate-patrimonio-e-vida-financeira-de-founders-na-sp-tech-week\/","title":{"rendered":"Projetando superar R$ 1 bilh\u00e3o em ativos, Beacon debate patrim\u00f4nio e vida financeira de founders na SP Tech Week"},"content":{"rendered":"\n<p class=\"wp-block-paragraph\"><em>Atendendo fundadores de empresas como Tempest, Flash, Uber e QuintoAndar, family office promove encontros sobre patrim\u00f4nio, liquidez e transi\u00e7\u00e3o p\u00f3s-neg\u00f3cio.<\/em><\/p>\n\n\n\n<p class=\"wp-block-paragraph\">Em um cen\u00e1rio em que S\u00e3o Paulo re\u00fane mais de 500 startups e mais de 20 fundos de venture capital ativos, os fundadores costumam estar no centro das discuss\u00f5es sobre capta\u00e7\u00e3o, crescimento, inova\u00e7\u00e3o e investimentos. Quest\u00f5es relacionadas \u00e0 vida financeira do empreendedor e aos desafios do per\u00edodo p\u00f3s-liquidez, por\u00e9m, ainda t\u00eam menos espa\u00e7o no ecossistema de tecnologia. \u00c9 nesse contexto que a\u00a0<strong>Beacon<\/strong>,\u00a0<strong>family office especializado no setor<\/strong>, participa da SP Tech Week, realizada entre 13 e 18 de setembro, com debates que prop\u00f5em colocar o founder no centro da conversa, n\u00e3o apenas como empreendedor ou alvo de investimentos, mas tamb\u00e9m como cliente e indiv\u00edduo.<br><br>A SP Tech Week \u00e9 uma semana descentralizada de eventos realizados em diferentes pontos de S\u00e3o Paulo por empresas, fundos, aceleradoras e comunidades do ecossistema de tecnologia. A programa\u00e7\u00e3o re\u00fane pain\u00e9is, encontros, jantares, momentos de networking e negocia\u00e7\u00f5es com executivos do setor, com o apoio de grandes institui\u00e7\u00f5es financeiras, como Ita\u00fa BBA, J.P. Morgan e Volpe Capital, al\u00e9m de um fundo ancorado pelo BTG.<br><br>A\u00a0<strong>Beacon<\/strong>\u00a0pretende discutir como empreendedores podem se preparar para diferentes momentos da jornada patrimonial, desde a constru\u00e7\u00e3o do patrim\u00f4nio at\u00e9 eventos de liquidez e a transi\u00e7\u00e3o para uma nova etapa profissional e pessoal. A proposta \u00e9 ampliar a conversa tradicional do ecossistema, que costuma se concentrar na empresa, para incluir tamb\u00e9m as decis\u00f5es financeiras e patrimoniais do fundador.<br><br>Para<strong>\u00a0Ricardo Coelho Duarte<\/strong>,\u00a0<strong>CEO da empresa<\/strong>, a participa\u00e7\u00e3o na SP Tech Week representa uma oportunidade de ampliar a discuss\u00e3o sobre os desafios que surgem na vida dos empreendedores \u00e0 medida que seus neg\u00f3cios amadurecem e geram eventos de liquidez.\u00a0\u201cA jornada do founder n\u00e3o termina quando acontece a liquidez. Muitas vezes, \u00e9 justamente nesse momento que come\u00e7am decis\u00f5es financeiras e pessoais para as quais o empreendedor passou anos sem precisar se preparar. Queremos trazer essa conversa para dentro do ecossistema e mostrar que cuidar do patrim\u00f4nio e da vida financeira do founder tamb\u00e9m \u00e9 uma forma de cuidar da continuidade desse ecossistema\u201d, afirma.<br><br>A\u00a0<strong>Beacon<\/strong>\u00a0projeta ultrapassar R$ 1 bilh\u00e3o em ativos sob gest\u00e3o (AuM) em 2026 e registra crescimento de 28% em sua base de clientes, que atualmente re\u00fane 60 fam\u00edlias ligadas ao ecossistema de tecnologia. Entre os empreendedores atendidos est\u00e3o founders de empresas como\u00a0Tempest, Flash, Fanatee, BeConfident, Bhub, Musa, Kamino, Sanii, MeSalva, Uber e QuintoAndar.<br><br>A participa\u00e7\u00e3o na SP Tech Week acontece ap\u00f3s a recente incorpora\u00e7\u00e3o da 314 Capital pela empresa. A opera\u00e7\u00e3o consolida uma parceria iniciada em 2025 e marca uma nova etapa na evolu\u00e7\u00e3o da empresa como uma plataforma integrada de family office. Com a incorpora\u00e7\u00e3o, amplia a oferta de solu\u00e7\u00f5es para founders e fam\u00edlias empres\u00e1rias do setor de tecnologia, reunindo diferentes frentes de gest\u00e3o patrimonial em uma estrutura integrada.<br><br>Segundo\u00a0<strong>Ricardo<\/strong>, a combina\u00e7\u00e3o entre conhecimento do ecossistema de tecnologia e uma vis\u00e3o mais ampla sobre patrim\u00f4nio permite acompanhar o empreendedor em diferentes fases de sua trajet\u00f3ria. O objetivo \u00e9 atuar desde a constru\u00e7\u00e3o e organiza\u00e7\u00e3o do patrim\u00f4nio at\u00e9 momentos de liquidez e decis\u00f5es relacionadas \u00e0 sucess\u00e3o e \u00e0 continuidade financeira. \u201cAo longo da jornada, o founder passa por mudan\u00e7as muito grandes: constr\u00f3i uma empresa, capta recursos, transforma participa\u00e7\u00e3o societ\u00e1ria em patrim\u00f4nio e, em algum momento, precisa decidir o que fazer com esse patrim\u00f4nio e com o pr\u00f3prio tempo. A nossa proposta \u00e9 estar ao lado dele nessas transi\u00e7\u00f5es, entendendo que a pessoa n\u00e3o pode desaparecer da equa\u00e7\u00e3o quando a empresa cresce\u201d, conclui.<\/p>\n","protected":false},"excerpt":{"rendered":"<p>Atendendo fundadores de empresas como Tempest, Flash, Uber e QuintoAndar, family office promove encontros sobre patrim\u00f4nio, liquidez e transi\u00e7\u00e3o p\u00f3s-neg\u00f3cio. Em um&#8230;<\/p>\n","protected":false},"author":47,"featured_media":85029,"comment_status":"closed","ping_status":"open","sticky":false,"template":"","format":"standard","meta":{"footnotes":""},"categories":[2160],"tags":[],"ppma_author":[13248],"class_list":["post-85028","post","type-post","status-publish","format-standard","has-post-thumbnail","category-financas"],"yoast_head":"<!-- This site is optimized with the Yoast SEO plugin v27.2 - https:\/\/yoast.com\/product\/yoast-seo-wordpress\/ -->\n<title>Projetando superar R$ 1 bilh\u00e3o em ativos, Beacon debate patrim\u00f4nio e vida financeira de founders na SP Tech Week - Economia S\/A<\/title>\n<meta name=\"robots\" content=\"index, follow, max-snippet:-1, max-image-preview:large, max-video-preview:-1\" \/>\n<link rel=\"canonical\" href=\"https:\/\/economiasa.com.br\/blog\/projetando-superar-r-1-bilhao-em-ativos-beacon-debate-patrimonio-e-vida-financeira-de-founders-na-sp-tech-week\/\" \/>\n<meta property=\"og:locale\" content=\"pt_BR\" \/>\n<meta property=\"og:type\" content=\"article\" \/>\n<meta property=\"og:title\" content=\"Projetando superar R$ 1 bilh\u00e3o em ativos, Beacon debate patrim\u00f4nio e vida financeira de founders na SP Tech Week - Economia S\/A\" \/>\n<meta property=\"og:description\" content=\"Atendendo fundadores de empresas como Tempest, Flash, Uber e QuintoAndar, family office promove encontros sobre patrim\u00f4nio, liquidez e transi\u00e7\u00e3o p\u00f3s-neg\u00f3cio. Em um...\" \/>\n<meta property=\"og:url\" content=\"https:\/\/economiasa.com.br\/blog\/projetando-superar-r-1-bilhao-em-ativos-beacon-debate-patrimonio-e-vida-financeira-de-founders-na-sp-tech-week\/\" \/>\n<meta property=\"og:site_name\" content=\"Economia S\/A\" \/>\n<meta property=\"article:published_time\" content=\"2026-09-02T23:13:50+00:00\" \/>\n<meta property=\"og:image\" content=\"https:\/\/economiasa.com.br\/blog\/wp-content\/uploads\/2026\/09\/Os-socios-da-Beacon-da-esq.-a-dir.-Natan-Epstein-Juliana-Brasil-Alfredo-Cunha-e-Ricardo-Duarte.jpg\" \/>\n\t<meta property=\"og:image:width\" content=\"3308\" \/>\n\t<meta property=\"og:image:height\" content=\"1924\" \/>\n\t<meta property=\"og:image:type\" content=\"image\/jpeg\" \/>\n<meta name=\"author\" content=\"Reda\u00e7\u00e3o\" \/>\n<meta name=\"twitter:card\" content=\"summary_large_image\" \/>\n<meta name=\"twitter:label1\" content=\"Escrito por\" \/>\n\t<meta name=\"twitter:data1\" content=\"Reda\u00e7\u00e3o\" \/>\n\t<meta name=\"twitter:label2\" content=\"Est. tempo de leitura\" \/>\n\t<meta name=\"twitter:data2\" content=\"4 minutos\" \/>\n<script type=\"application\/ld+json\" class=\"yoast-schema-graph\">{\"@context\":\"https:\/\/schema.org\",\"@graph\":[{\"@type\":\"Article\",\"@id\":\"https:\/\/economiasa.com.br\/blog\/projetando-superar-r-1-bilhao-em-ativos-beacon-debate-patrimonio-e-vida-financeira-de-founders-na-sp-tech-week\/#article\",\"isPartOf\":{\"@id\":\"https:\/\/economiasa.com.br\/blog\/projetando-superar-r-1-bilhao-em-ativos-beacon-debate-patrimonio-e-vida-financeira-de-founders-na-sp-tech-week\/\"},\"author\":{\"name\":\"Reda\u00e7\u00e3o\",\"@id\":\"https:\/\/economiasa.com.br\/blog\/#\/schema\/person\/14b8ac2dc25bd63b52bc54e845fa3923\"},\"headline\":\"Projetando superar R$ 1 bilh\u00e3o em ativos, Beacon debate patrim\u00f4nio e vida financeira de founders na SP Tech Week\",\"datePublished\":\"2026-09-02T23:13:50+00:00\",\"mainEntityOfPage\":{\"@id\":\"https:\/\/economiasa.com.br\/blog\/projetando-superar-r-1-bilhao-em-ativos-beacon-debate-patrimonio-e-vida-financeira-de-founders-na-sp-tech-week\/\"},\"wordCount\":661,\"image\":{\"@id\":\"https:\/\/economiasa.com.br\/blog\/projetando-superar-r-1-bilhao-em-ativos-beacon-debate-patrimonio-e-vida-financeira-de-founders-na-sp-tech-week\/#primaryimage\"},\"thumbnailUrl\":\"https:\/\/economiasa.com.br\/blog\/wp-content\/uploads\/2026\/09\/Os-socios-da-Beacon-da-esq.-a-dir.-Natan-Epstein-Juliana-Brasil-Alfredo-Cunha-e-Ricardo-Duarte.jpg\",\"articleSection\":[\"Finan\u00e7as\"],\"inLanguage\":\"pt-BR\"},{\"@type\":\"WebPage\",\"@id\":\"https:\/\/economiasa.com.br\/blog\/projetando-superar-r-1-bilhao-em-ativos-beacon-debate-patrimonio-e-vida-financeira-de-founders-na-sp-tech-week\/\",\"url\":\"https:\/\/economiasa.com.br\/blog\/projetando-superar-r-1-bilhao-em-ativos-beacon-debate-patrimonio-e-vida-financeira-de-founders-na-sp-tech-week\/\",\"name\":\"Projetando superar R$ 1 bilh\u00e3o em ativos, Beacon debate patrim\u00f4nio e vida financeira de founders na SP Tech Week - Economia S\/A\",\"isPartOf\":{\"@id\":\"https:\/\/economiasa.com.br\/blog\/#website\"},\"primaryImageOfPage\":{\"@id\":\"https:\/\/economiasa.com.br\/blog\/projetando-superar-r-1-bilhao-em-ativos-beacon-debate-patrimonio-e-vida-financeira-de-founders-na-sp-tech-week\/#primaryimage\"},\"image\":{\"@id\":\"https:\/\/economiasa.com.br\/blog\/projetando-superar-r-1-bilhao-em-ativos-beacon-debate-patrimonio-e-vida-financeira-de-founders-na-sp-tech-week\/#primaryimage\"},\"thumbnailUrl\":\"https:\/\/economiasa.com.br\/blog\/wp-content\/uploads\/2026\/09\/Os-socios-da-Beacon-da-esq.-a-dir.-Natan-Epstein-Juliana-Brasil-Alfredo-Cunha-e-Ricardo-Duarte.jpg\",\"datePublished\":\"2026-09-02T23:13:50+00:00\",\"author\":{\"@id\":\"https:\/\/economiasa.com.br\/blog\/#\/schema\/person\/14b8ac2dc25bd63b52bc54e845fa3923\"},\"breadcrumb\":{\"@id\":\"https:\/\/economiasa.com.br\/blog\/projetando-superar-r-1-bilhao-em-ativos-beacon-debate-patrimonio-e-vida-financeira-de-founders-na-sp-tech-week\/#breadcrumb\"},\"inLanguage\":\"pt-BR\",\"potentialAction\":[{\"@type\":\"ReadAction\",\"target\":[\"https:\/\/economiasa.com.br\/blog\/projetando-superar-r-1-bilhao-em-ativos-beacon-debate-patrimonio-e-vida-financeira-de-founders-na-sp-tech-week\/\"]}]},{\"@type\":\"ImageObject\",\"inLanguage\":\"pt-BR\",\"@id\":\"https:\/\/economiasa.com.br\/blog\/projetando-superar-r-1-bilhao-em-ativos-beacon-debate-patrimonio-e-vida-financeira-de-founders-na-sp-tech-week\/#primaryimage\",\"url\":\"https:\/\/economiasa.com.br\/blog\/wp-content\/uploads\/2026\/09\/Os-socios-da-Beacon-da-esq.-a-dir.-Natan-Epstein-Juliana-Brasil-Alfredo-Cunha-e-Ricardo-Duarte.jpg\",\"contentUrl\":\"https:\/\/economiasa.com.br\/blog\/wp-content\/uploads\/2026\/09\/Os-socios-da-Beacon-da-esq.-a-dir.-Natan-Epstein-Juliana-Brasil-Alfredo-Cunha-e-Ricardo-Duarte.jpg\",\"width\":3308,\"height\":1924,\"caption\":\"Os s\u00f3cios da Beacon (da esq. \u00e0 dir.): Natan Epstein, Juliana Brasil, Alfredo Cunha e Ricardo Duarte - Cr\u00e9ditos da foto: Divulga\u00e7\u00e3o\"},{\"@type\":\"BreadcrumbList\",\"@id\":\"https:\/\/economiasa.com.br\/blog\/projetando-superar-r-1-bilhao-em-ativos-beacon-debate-patrimonio-e-vida-financeira-de-founders-na-sp-tech-week\/#breadcrumb\",\"itemListElement\":[{\"@type\":\"ListItem\",\"position\":1,\"name\":\"In\u00edcio\",\"item\":\"https:\/\/economiasa.com.br\/blog\/\"},{\"@type\":\"ListItem\",\"position\":2,\"name\":\"Projetando superar R$ 1 bilh\u00e3o em ativos, Beacon debate patrim\u00f4nio e vida financeira de founders na SP Tech Week\"}]},{\"@type\":\"WebSite\",\"@id\":\"https:\/\/economiasa.com.br\/blog\/#website\",\"url\":\"https:\/\/economiasa.com.br\/blog\/\",\"name\":\"Economia S\/A\",\"description\":\"Ler faz bem para os neg\u00f3cios\",\"potentialAction\":[{\"@type\":\"SearchAction\",\"target\":{\"@type\":\"EntryPoint\",\"urlTemplate\":\"https:\/\/economiasa.com.br\/blog\/?s={search_term_string}\"},\"query-input\":{\"@type\":\"PropertyValueSpecification\",\"valueRequired\":true,\"valueName\":\"search_term_string\"}}],\"inLanguage\":\"pt-BR\"},{\"@type\":\"Person\",\"@id\":\"https:\/\/economiasa.com.br\/blog\/#\/schema\/person\/14b8ac2dc25bd63b52bc54e845fa3923\",\"name\":\"Reda\u00e7\u00e3o\",\"image\":{\"@type\":\"ImageObject\",\"inLanguage\":\"pt-BR\",\"@id\":\"https:\/\/secure.gravatar.com\/avatar\/c8c795261f7f8547b22616a549577db9e450bd5622da3f6eb62b0e2c3e364c4e?s=96&d=mm&r=g0fb5212bc57e2287787936667fbbe0ff\",\"url\":\"https:\/\/secure.gravatar.com\/avatar\/c8c795261f7f8547b22616a549577db9e450bd5622da3f6eb62b0e2c3e364c4e?s=96&d=mm&r=g\",\"contentUrl\":\"https:\/\/secure.gravatar.com\/avatar\/c8c795261f7f8547b22616a549577db9e450bd5622da3f6eb62b0e2c3e364c4e?s=96&d=mm&r=g\",\"caption\":\"Reda\u00e7\u00e3o\"},\"sameAs\":[\"http:\/\/www.economiasa.com.br\"],\"url\":\"https:\/\/economiasa.com.br\/blog\/author\/redacao\/\"}]}<\/script>\n<!-- \/ Yoast SEO plugin. -->","yoast_head_json":{"title":"Projetando superar R$ 1 bilh\u00e3o em ativos, Beacon debate patrim\u00f4nio e vida financeira de founders na SP Tech Week - Economia S\/A","robots":{"index":"index","follow":"follow","max-snippet":"max-snippet:-1","max-image-preview":"max-image-preview:large","max-video-preview":"max-video-preview:-1"},"canonical":"https:\/\/economiasa.com.br\/blog\/projetando-superar-r-1-bilhao-em-ativos-beacon-debate-patrimonio-e-vida-financeira-de-founders-na-sp-tech-week\/","og_locale":"pt_BR","og_type":"article","og_title":"Projetando superar R$ 1 bilh\u00e3o em ativos, Beacon debate patrim\u00f4nio e vida financeira de founders na SP Tech Week - Economia S\/A","og_description":"Atendendo fundadores de empresas como Tempest, Flash, Uber e QuintoAndar, family office promove encontros sobre patrim\u00f4nio, liquidez e transi\u00e7\u00e3o p\u00f3s-neg\u00f3cio. Em um...","og_url":"https:\/\/economiasa.com.br\/blog\/projetando-superar-r-1-bilhao-em-ativos-beacon-debate-patrimonio-e-vida-financeira-de-founders-na-sp-tech-week\/","og_site_name":"Economia S\/A","article_published_time":"2026-09-02T23:13:50+00:00","og_image":[{"width":3308,"height":1924,"url":"https:\/\/economiasa.com.br\/blog\/wp-content\/uploads\/2026\/09\/Os-socios-da-Beacon-da-esq.-a-dir.-Natan-Epstein-Juliana-Brasil-Alfredo-Cunha-e-Ricardo-Duarte.jpg","type":"image\/jpeg"}],"author":"Reda\u00e7\u00e3o","twitter_card":"summary_large_image","twitter_misc":{"Escrito por":"Reda\u00e7\u00e3o","Est. tempo de leitura":"4 minutos"},"schema":{"@context":"https:\/\/schema.org","@graph":[{"@type":"Article","@id":"https:\/\/economiasa.com.br\/blog\/projetando-superar-r-1-bilhao-em-ativos-beacon-debate-patrimonio-e-vida-financeira-de-founders-na-sp-tech-week\/#article","isPartOf":{"@id":"https:\/\/economiasa.com.br\/blog\/projetando-superar-r-1-bilhao-em-ativos-beacon-debate-patrimonio-e-vida-financeira-de-founders-na-sp-tech-week\/"},"author":{"name":"Reda\u00e7\u00e3o","@id":"https:\/\/economiasa.com.br\/blog\/#\/schema\/person\/14b8ac2dc25bd63b52bc54e845fa3923"},"headline":"Projetando superar R$ 1 bilh\u00e3o em ativos, Beacon debate patrim\u00f4nio e vida financeira de founders na SP Tech Week","datePublished":"2026-09-02T23:13:50+00:00","mainEntityOfPage":{"@id":"https:\/\/economiasa.com.br\/blog\/projetando-superar-r-1-bilhao-em-ativos-beacon-debate-patrimonio-e-vida-financeira-de-founders-na-sp-tech-week\/"},"wordCount":661,"image":{"@id":"https:\/\/economiasa.com.br\/blog\/projetando-superar-r-1-bilhao-em-ativos-beacon-debate-patrimonio-e-vida-financeira-de-founders-na-sp-tech-week\/#primaryimage"},"thumbnailUrl":"https:\/\/economiasa.com.br\/blog\/wp-content\/uploads\/2026\/09\/Os-socios-da-Beacon-da-esq.-a-dir.-Natan-Epstein-Juliana-Brasil-Alfredo-Cunha-e-Ricardo-Duarte.jpg","articleSection":["Finan\u00e7as"],"inLanguage":"pt-BR"},{"@type":"WebPage","@id":"https:\/\/economiasa.com.br\/blog\/projetando-superar-r-1-bilhao-em-ativos-beacon-debate-patrimonio-e-vida-financeira-de-founders-na-sp-tech-week\/","url":"https:\/\/economiasa.com.br\/blog\/projetando-superar-r-1-bilhao-em-ativos-beacon-debate-patrimonio-e-vida-financeira-de-founders-na-sp-tech-week\/","name":"Projetando superar R$ 1 bilh\u00e3o em ativos, Beacon debate patrim\u00f4nio e vida financeira de founders na SP Tech Week - Economia S\/A","isPartOf":{"@id":"https:\/\/economiasa.com.br\/blog\/#website"},"primaryImageOfPage":{"@id":"https:\/\/economiasa.com.br\/blog\/projetando-superar-r-1-bilhao-em-ativos-beacon-debate-patrimonio-e-vida-financeira-de-founders-na-sp-tech-week\/#primaryimage"},"image":{"@id":"https:\/\/economiasa.com.br\/blog\/projetando-superar-r-1-bilhao-em-ativos-beacon-debate-patrimonio-e-vida-financeira-de-founders-na-sp-tech-week\/#primaryimage"},"thumbnailUrl":"https:\/\/economiasa.com.br\/blog\/wp-content\/uploads\/2026\/09\/Os-socios-da-Beacon-da-esq.-a-dir.-Natan-Epstein-Juliana-Brasil-Alfredo-Cunha-e-Ricardo-Duarte.jpg","datePublished":"2026-09-02T23:13:50+00:00","author":{"@id":"https:\/\/economiasa.com.br\/blog\/#\/schema\/person\/14b8ac2dc25bd63b52bc54e845fa3923"},"breadcrumb":{"@id":"https:\/\/economiasa.com.br\/blog\/projetando-superar-r-1-bilhao-em-ativos-beacon-debate-patrimonio-e-vida-financeira-de-founders-na-sp-tech-week\/#breadcrumb"},"inLanguage":"pt-BR","potentialAction":[{"@type":"ReadAction","target":["https:\/\/economiasa.com.br\/blog\/projetando-superar-r-1-bilhao-em-ativos-beacon-debate-patrimonio-e-vida-financeira-de-founders-na-sp-tech-week\/"]}]},{"@type":"ImageObject","inLanguage":"pt-BR","@id":"https:\/\/economiasa.com.br\/blog\/projetando-superar-r-1-bilhao-em-ativos-beacon-debate-patrimonio-e-vida-financeira-de-founders-na-sp-tech-week\/#primaryimage","url":"https:\/\/economiasa.com.br\/blog\/wp-content\/uploads\/2026\/09\/Os-socios-da-Beacon-da-esq.-a-dir.-Natan-Epstein-Juliana-Brasil-Alfredo-Cunha-e-Ricardo-Duarte.jpg","contentUrl":"https:\/\/economiasa.com.br\/blog\/wp-content\/uploads\/2026\/09\/Os-socios-da-Beacon-da-esq.-a-dir.-Natan-Epstein-Juliana-Brasil-Alfredo-Cunha-e-Ricardo-Duarte.jpg","width":3308,"height":1924,"caption":"Os s\u00f3cios da Beacon (da esq. \u00e0 dir.): Natan Epstein, Juliana Brasil, Alfredo Cunha e Ricardo Duarte - Cr\u00e9ditos da foto: Divulga\u00e7\u00e3o"},{"@type":"BreadcrumbList","@id":"https:\/\/economiasa.com.br\/blog\/projetando-superar-r-1-bilhao-em-ativos-beacon-debate-patrimonio-e-vida-financeira-de-founders-na-sp-tech-week\/#breadcrumb","itemListElement":[{"@type":"ListItem","position":1,"name":"In\u00edcio","item":"https:\/\/economiasa.com.br\/blog\/"},{"@type":"ListItem","position":2,"name":"Projetando superar R$ 1 bilh\u00e3o em ativos, Beacon debate patrim\u00f4nio e vida financeira de founders na SP Tech Week"}]},{"@type":"WebSite","@id":"https:\/\/economiasa.com.br\/blog\/#website","url":"https:\/\/economiasa.com.br\/blog\/","name":"Economia S\/A","description":"Ler faz bem para os neg\u00f3cios","potentialAction":[{"@type":"SearchAction","target":{"@type":"EntryPoint","urlTemplate":"https:\/\/economiasa.com.br\/blog\/?s={search_term_string}"},"query-input":{"@type":"PropertyValueSpecification","valueRequired":true,"valueName":"search_term_string"}}],"inLanguage":"pt-BR"},{"@type":"Person","@id":"https:\/\/economiasa.com.br\/blog\/#\/schema\/person\/14b8ac2dc25bd63b52bc54e845fa3923","name":"Reda\u00e7\u00e3o","image":{"@type":"ImageObject","inLanguage":"pt-BR","@id":"https:\/\/secure.gravatar.com\/avatar\/c8c795261f7f8547b22616a549577db9e450bd5622da3f6eb62b0e2c3e364c4e?s=96&d=mm&r=g0fb5212bc57e2287787936667fbbe0ff","url":"https:\/\/secure.gravatar.com\/avatar\/c8c795261f7f8547b22616a549577db9e450bd5622da3f6eb62b0e2c3e364c4e?s=96&d=mm&r=g","contentUrl":"https:\/\/secure.gravatar.com\/avatar\/c8c795261f7f8547b22616a549577db9e450bd5622da3f6eb62b0e2c3e364c4e?s=96&d=mm&r=g","caption":"Reda\u00e7\u00e3o"},"sameAs":["http:\/\/www.economiasa.com.br"],"url":"https:\/\/economiasa.com.br\/blog\/author\/redacao\/"}]}},"authors":[{"term_id":13248,"user_id":47,"is_guest":0,"slug":"redacao","display_name":"Reda\u00e7\u00e3o","avatar_url":"https:\/\/secure.gravatar.com\/avatar\/c8c795261f7f8547b22616a549577db9e450bd5622da3f6eb62b0e2c3e364c4e?s=96&d=mm&r=g","author_category":"","first_name":"Reda\u00e7\u00e3o","last_name":"","user_url":"http:\/\/www.economiasa.com.br","job_title":"","description":""}],"amp_enabled":true,"_links":{"self":[{"href":"https:\/\/economiasa.com.br\/blog\/wp-json\/wp\/v2\/posts\/85028","targetHints":{"allow":["GET"]}}],"collection":[{"href":"https:\/\/economiasa.com.br\/blog\/wp-json\/wp\/v2\/posts"}],"about":[{"href":"https:\/\/economiasa.com.br\/blog\/wp-json\/wp\/v2\/types\/post"}],"author":[{"embeddable":true,"href":"https:\/\/economiasa.com.br\/blog\/wp-json\/wp\/v2\/users\/47"}],"replies":[{"embeddable":true,"href":"https:\/\/economiasa.com.br\/blog\/wp-json\/wp\/v2\/comments?post=85028"}],"version-history":[{"count":0,"href":"https:\/\/economiasa.com.br\/blog\/wp-json\/wp\/v2\/posts\/85028\/revisions"}],"wp:featuredmedia":[{"embeddable":true,"href":"https:\/\/economiasa.com.br\/blog\/wp-json\/wp\/v2\/media\/85029"}],"wp:attachment":[{"href":"https:\/\/economiasa.com.br\/blog\/wp-json\/wp\/v2\/media?parent=85028"}],"wp:term":[{"taxonomy":"category","embeddable":true,"href":"https:\/\/economiasa.com.br\/blog\/wp-json\/wp\/v2\/categories?post=85028"},{"taxonomy":"post_tag","embeddable":true,"href":"https:\/\/economiasa.com.br\/blog\/wp-json\/wp\/v2\/tags?post=85028"},{"taxonomy":"author","embeddable":true,"href":"https:\/\/economiasa.com.br\/blog\/wp-json\/wp\/v2\/ppma_author?post=85028"}],"curies":[{"name":"wp","href":"https:\/\/api.w.org\/{rel}","templated":true}]}}