{"id":85030,"date":"2026-09-02T20:15:49","date_gmt":"2026-09-02T23:15:49","guid":{"rendered":"https:\/\/economiasa.com.br\/blog\/?p=85030"},"modified":"2026-09-02T20:15:50","modified_gmt":"2026-09-02T23:15:50","slug":"byd-carmais-lidera-mercado-de-varejo-em-fortaleza-no-mes-de-agosto","status":"publish","type":"post","link":"https:\/\/economiasa.com.br\/blog\/byd-carmais-lidera-mercado-de-varejo-em-fortaleza-no-mes-de-agosto\/","title":{"rendered":"BYD Carmais lidera mercado de varejo em Fortaleza no m\u00eas de agosto"},"content":{"rendered":"\n<p class=\"wp-block-paragraph\">A BYD conquistou a lideran\u00e7a do mercado de ve\u00edculos no varejo em Fortaleza no m\u00eas de agosto. A marca alcan\u00e7ou 442 emplacamentos e 15,7% de participa\u00e7\u00e3o, superando montadoras tradicionais e garantindo o primeiro lugar no ranking geral da capital cearense.<\/p>\n\n\n\n<p class=\"wp-block-paragraph\">A BYD Carmais teve participa\u00e7\u00e3o decisiva nesse resultado. O desempenho refor\u00e7a a for\u00e7a da concession\u00e1ria na regi\u00e3o e a crescente prefer\u00eancia dos consumidores por ve\u00edculos el\u00e9tricos e h\u00edbridos.<\/p>\n\n\n\n<p class=\"wp-block-paragraph\">Entre os modelos que mais contribu\u00edram para o resultado est\u00e3o o BYD Dolphin Mini, o BYD Dolphin GS e o BYD Song Pro, que se destacam pela tecnologia, efici\u00eancia energ\u00e9tica e variedade de propostas para diferentes perfis de clientes.<\/p>\n\n\n\n<p class=\"wp-block-paragraph\">\u201cAssumir a lideran\u00e7a do varejo em Fortaleza \u00e9 um resultado muito importante para a BYD Carmais, demonstra a confian\u00e7a dos clientes na marca e reconhece o trabalho desenvolvido pelas nossas equipes. Temos uma linha de ve\u00edculos completa, com modelos que atendem diferentes necessidades, al\u00e9m de uma estrutura preparada para oferecer uma experi\u00eancia de qualidade em todas as etapas da jornada do consumidor\u201d, destaca Eduardo Weimar, diretor comercial da BYD Carmais.<\/p>\n\n\n\n<p class=\"wp-block-paragraph\">Em Fortaleza, a BYD Carmais conta com tr\u00eas lojas, localizadas nas avenidas Rogaciano Leite, Borges de Melo e Bar\u00e3o de Studart. A presen\u00e7a em pontos estrat\u00e9gicos da cidade amplia o acesso dos clientes \u00e0 marca e fortalece o atendimento, as vendas e os servi\u00e7os de p\u00f3s-venda.<\/p>\n\n\n\n<p class=\"wp-block-paragraph\">O desempenho de agosto confirma o avan\u00e7o dos ve\u00edculos eletrificados no Cear\u00e1 e consolida a BYD Carmais como uma das principais refer\u00eancias do setor automotivo na regi\u00e3o.<\/p>\n","protected":false},"excerpt":{"rendered":"<p>A BYD conquistou a lideran\u00e7a do mercado de ve\u00edculos no varejo em Fortaleza no m\u00eas de agosto. A marca alcan\u00e7ou 442 emplacamentos&#8230;<\/p>\n","protected":false},"author":47,"featured_media":85031,"comment_status":"closed","ping_status":"open","sticky":false,"template":"","format":"standard","meta":{"footnotes":""},"categories":[137],"tags":[],"ppma_author":[13248],"class_list":["post-85030","post","type-post","status-publish","format-standard","has-post-thumbnail","category-carros"],"yoast_head":"<!-- This site is optimized with the Yoast SEO plugin v27.2 - https:\/\/yoast.com\/product\/yoast-seo-wordpress\/ -->\n<title>BYD Carmais lidera mercado de varejo em Fortaleza no m\u00eas de agosto - Economia S\/A<\/title>\n<meta name=\"robots\" content=\"index, follow, max-snippet:-1, max-image-preview:large, max-video-preview:-1\" \/>\n<link rel=\"canonical\" href=\"https:\/\/economiasa.com.br\/blog\/byd-carmais-lidera-mercado-de-varejo-em-fortaleza-no-mes-de-agosto\/\" \/>\n<meta property=\"og:locale\" content=\"pt_BR\" \/>\n<meta property=\"og:type\" content=\"article\" \/>\n<meta property=\"og:title\" content=\"BYD Carmais lidera mercado de varejo em Fortaleza no m\u00eas de agosto - Economia S\/A\" \/>\n<meta property=\"og:description\" content=\"A BYD conquistou a lideran\u00e7a do mercado de ve\u00edculos no varejo em Fortaleza no m\u00eas de agosto. A marca alcan\u00e7ou 442 emplacamentos...\" \/>\n<meta property=\"og:url\" content=\"https:\/\/economiasa.com.br\/blog\/byd-carmais-lidera-mercado-de-varejo-em-fortaleza-no-mes-de-agosto\/\" \/>\n<meta property=\"og:site_name\" content=\"Economia S\/A\" \/>\n<meta property=\"article:published_time\" content=\"2026-09-02T23:15:49+00:00\" \/>\n<meta property=\"article:modified_time\" content=\"2026-09-02T23:15:50+00:00\" \/>\n<meta property=\"og:image\" content=\"https:\/\/economiasa.com.br\/blog\/wp-content\/uploads\/2026\/09\/Capturar-23.png\" \/>\n\t<meta property=\"og:image:width\" content=\"647\" \/>\n\t<meta property=\"og:image:height\" content=\"434\" \/>\n\t<meta property=\"og:image:type\" content=\"image\/png\" \/>\n<meta name=\"author\" content=\"Reda\u00e7\u00e3o\" \/>\n<meta name=\"twitter:card\" content=\"summary_large_image\" \/>\n<meta name=\"twitter:label1\" content=\"Escrito por\" \/>\n\t<meta name=\"twitter:data1\" content=\"Reda\u00e7\u00e3o\" \/>\n\t<meta name=\"twitter:label2\" content=\"Est. tempo de leitura\" \/>\n\t<meta name=\"twitter:data2\" content=\"2 minutos\" \/>\n<script type=\"application\/ld+json\" class=\"yoast-schema-graph\">{\"@context\":\"https:\/\/schema.org\",\"@graph\":[{\"@type\":\"Article\",\"@id\":\"https:\/\/economiasa.com.br\/blog\/byd-carmais-lidera-mercado-de-varejo-em-fortaleza-no-mes-de-agosto\/#article\",\"isPartOf\":{\"@id\":\"https:\/\/economiasa.com.br\/blog\/byd-carmais-lidera-mercado-de-varejo-em-fortaleza-no-mes-de-agosto\/\"},\"author\":{\"name\":\"Reda\u00e7\u00e3o\",\"@id\":\"https:\/\/economiasa.com.br\/blog\/#\/schema\/person\/14b8ac2dc25bd63b52bc54e845fa3923\"},\"headline\":\"BYD Carmais lidera mercado de varejo em Fortaleza no m\u00eas de agosto\",\"datePublished\":\"2026-09-02T23:15:49+00:00\",\"dateModified\":\"2026-09-02T23:15:50+00:00\",\"mainEntityOfPage\":{\"@id\":\"https:\/\/economiasa.com.br\/blog\/byd-carmais-lidera-mercado-de-varejo-em-fortaleza-no-mes-de-agosto\/\"},\"wordCount\":292,\"image\":{\"@id\":\"https:\/\/economiasa.com.br\/blog\/byd-carmais-lidera-mercado-de-varejo-em-fortaleza-no-mes-de-agosto\/#primaryimage\"},\"thumbnailUrl\":\"https:\/\/economiasa.com.br\/blog\/wp-content\/uploads\/2026\/09\/Capturar-23.png\",\"articleSection\":[\"Carros\"],\"inLanguage\":\"pt-BR\"},{\"@type\":\"WebPage\",\"@id\":\"https:\/\/economiasa.com.br\/blog\/byd-carmais-lidera-mercado-de-varejo-em-fortaleza-no-mes-de-agosto\/\",\"url\":\"https:\/\/economiasa.com.br\/blog\/byd-carmais-lidera-mercado-de-varejo-em-fortaleza-no-mes-de-agosto\/\",\"name\":\"BYD Carmais lidera mercado de varejo em Fortaleza no m\u00eas de agosto - Economia S\/A\",\"isPartOf\":{\"@id\":\"https:\/\/economiasa.com.br\/blog\/#website\"},\"primaryImageOfPage\":{\"@id\":\"https:\/\/economiasa.com.br\/blog\/byd-carmais-lidera-mercado-de-varejo-em-fortaleza-no-mes-de-agosto\/#primaryimage\"},\"image\":{\"@id\":\"https:\/\/economiasa.com.br\/blog\/byd-carmais-lidera-mercado-de-varejo-em-fortaleza-no-mes-de-agosto\/#primaryimage\"},\"thumbnailUrl\":\"https:\/\/economiasa.com.br\/blog\/wp-content\/uploads\/2026\/09\/Capturar-23.png\",\"datePublished\":\"2026-09-02T23:15:49+00:00\",\"dateModified\":\"2026-09-02T23:15:50+00:00\",\"author\":{\"@id\":\"https:\/\/economiasa.com.br\/blog\/#\/schema\/person\/14b8ac2dc25bd63b52bc54e845fa3923\"},\"breadcrumb\":{\"@id\":\"https:\/\/economiasa.com.br\/blog\/byd-carmais-lidera-mercado-de-varejo-em-fortaleza-no-mes-de-agosto\/#breadcrumb\"},\"inLanguage\":\"pt-BR\",\"potentialAction\":[{\"@type\":\"ReadAction\",\"target\":[\"https:\/\/economiasa.com.br\/blog\/byd-carmais-lidera-mercado-de-varejo-em-fortaleza-no-mes-de-agosto\/\"]}]},{\"@type\":\"ImageObject\",\"inLanguage\":\"pt-BR\",\"@id\":\"https:\/\/economiasa.com.br\/blog\/byd-carmais-lidera-mercado-de-varejo-em-fortaleza-no-mes-de-agosto\/#primaryimage\",\"url\":\"https:\/\/economiasa.com.br\/blog\/wp-content\/uploads\/2026\/09\/Capturar-23.png\",\"contentUrl\":\"https:\/\/economiasa.com.br\/blog\/wp-content\/uploads\/2026\/09\/Capturar-23.png\",\"width\":647,\"height\":434,\"caption\":\"BYD RECORD - Cr\u00e9ditos da foto: Divulga\u00e7\u00e3o\"},{\"@type\":\"BreadcrumbList\",\"@id\":\"https:\/\/economiasa.com.br\/blog\/byd-carmais-lidera-mercado-de-varejo-em-fortaleza-no-mes-de-agosto\/#breadcrumb\",\"itemListElement\":[{\"@type\":\"ListItem\",\"position\":1,\"name\":\"In\u00edcio\",\"item\":\"https:\/\/economiasa.com.br\/blog\/\"},{\"@type\":\"ListItem\",\"position\":2,\"name\":\"BYD Carmais lidera mercado de varejo em Fortaleza no m\u00eas de agosto\"}]},{\"@type\":\"WebSite\",\"@id\":\"https:\/\/economiasa.com.br\/blog\/#website\",\"url\":\"https:\/\/economiasa.com.br\/blog\/\",\"name\":\"Economia S\/A\",\"description\":\"Ler faz bem para os neg\u00f3cios\",\"potentialAction\":[{\"@type\":\"SearchAction\",\"target\":{\"@type\":\"EntryPoint\",\"urlTemplate\":\"https:\/\/economiasa.com.br\/blog\/?s={search_term_string}\"},\"query-input\":{\"@type\":\"PropertyValueSpecification\",\"valueRequired\":true,\"valueName\":\"search_term_string\"}}],\"inLanguage\":\"pt-BR\"},{\"@type\":\"Person\",\"@id\":\"https:\/\/economiasa.com.br\/blog\/#\/schema\/person\/14b8ac2dc25bd63b52bc54e845fa3923\",\"name\":\"Reda\u00e7\u00e3o\",\"image\":{\"@type\":\"ImageObject\",\"inLanguage\":\"pt-BR\",\"@id\":\"https:\/\/secure.gravatar.com\/avatar\/c8c795261f7f8547b22616a549577db9e450bd5622da3f6eb62b0e2c3e364c4e?s=96&d=mm&r=g0fb5212bc57e2287787936667fbbe0ff\",\"url\":\"https:\/\/secure.gravatar.com\/avatar\/c8c795261f7f8547b22616a549577db9e450bd5622da3f6eb62b0e2c3e364c4e?s=96&d=mm&r=g\",\"contentUrl\":\"https:\/\/secure.gravatar.com\/avatar\/c8c795261f7f8547b22616a549577db9e450bd5622da3f6eb62b0e2c3e364c4e?s=96&d=mm&r=g\",\"caption\":\"Reda\u00e7\u00e3o\"},\"sameAs\":[\"http:\/\/www.economiasa.com.br\"],\"url\":\"https:\/\/economiasa.com.br\/blog\/author\/redacao\/\"}]}<\/script>\n<!-- \/ Yoast SEO plugin. -->","yoast_head_json":{"title":"BYD Carmais lidera mercado de varejo em Fortaleza no m\u00eas de agosto - Economia S\/A","robots":{"index":"index","follow":"follow","max-snippet":"max-snippet:-1","max-image-preview":"max-image-preview:large","max-video-preview":"max-video-preview:-1"},"canonical":"https:\/\/economiasa.com.br\/blog\/byd-carmais-lidera-mercado-de-varejo-em-fortaleza-no-mes-de-agosto\/","og_locale":"pt_BR","og_type":"article","og_title":"BYD Carmais lidera mercado de varejo em Fortaleza no m\u00eas de agosto - Economia S\/A","og_description":"A BYD conquistou a lideran\u00e7a do mercado de ve\u00edculos no varejo em Fortaleza no m\u00eas de agosto. A marca alcan\u00e7ou 442 emplacamentos...","og_url":"https:\/\/economiasa.com.br\/blog\/byd-carmais-lidera-mercado-de-varejo-em-fortaleza-no-mes-de-agosto\/","og_site_name":"Economia S\/A","article_published_time":"2026-09-02T23:15:49+00:00","article_modified_time":"2026-09-02T23:15:50+00:00","og_image":[{"width":647,"height":434,"url":"https:\/\/economiasa.com.br\/blog\/wp-content\/uploads\/2026\/09\/Capturar-23.png","type":"image\/png"}],"author":"Reda\u00e7\u00e3o","twitter_card":"summary_large_image","twitter_misc":{"Escrito por":"Reda\u00e7\u00e3o","Est. tempo de leitura":"2 minutos"},"schema":{"@context":"https:\/\/schema.org","@graph":[{"@type":"Article","@id":"https:\/\/economiasa.com.br\/blog\/byd-carmais-lidera-mercado-de-varejo-em-fortaleza-no-mes-de-agosto\/#article","isPartOf":{"@id":"https:\/\/economiasa.com.br\/blog\/byd-carmais-lidera-mercado-de-varejo-em-fortaleza-no-mes-de-agosto\/"},"author":{"name":"Reda\u00e7\u00e3o","@id":"https:\/\/economiasa.com.br\/blog\/#\/schema\/person\/14b8ac2dc25bd63b52bc54e845fa3923"},"headline":"BYD Carmais lidera mercado de varejo em Fortaleza no m\u00eas de agosto","datePublished":"2026-09-02T23:15:49+00:00","dateModified":"2026-09-02T23:15:50+00:00","mainEntityOfPage":{"@id":"https:\/\/economiasa.com.br\/blog\/byd-carmais-lidera-mercado-de-varejo-em-fortaleza-no-mes-de-agosto\/"},"wordCount":292,"image":{"@id":"https:\/\/economiasa.com.br\/blog\/byd-carmais-lidera-mercado-de-varejo-em-fortaleza-no-mes-de-agosto\/#primaryimage"},"thumbnailUrl":"https:\/\/economiasa.com.br\/blog\/wp-content\/uploads\/2026\/09\/Capturar-23.png","articleSection":["Carros"],"inLanguage":"pt-BR"},{"@type":"WebPage","@id":"https:\/\/economiasa.com.br\/blog\/byd-carmais-lidera-mercado-de-varejo-em-fortaleza-no-mes-de-agosto\/","url":"https:\/\/economiasa.com.br\/blog\/byd-carmais-lidera-mercado-de-varejo-em-fortaleza-no-mes-de-agosto\/","name":"BYD Carmais lidera mercado de varejo em Fortaleza no m\u00eas de agosto - Economia S\/A","isPartOf":{"@id":"https:\/\/economiasa.com.br\/blog\/#website"},"primaryImageOfPage":{"@id":"https:\/\/economiasa.com.br\/blog\/byd-carmais-lidera-mercado-de-varejo-em-fortaleza-no-mes-de-agosto\/#primaryimage"},"image":{"@id":"https:\/\/economiasa.com.br\/blog\/byd-carmais-lidera-mercado-de-varejo-em-fortaleza-no-mes-de-agosto\/#primaryimage"},"thumbnailUrl":"https:\/\/economiasa.com.br\/blog\/wp-content\/uploads\/2026\/09\/Capturar-23.png","datePublished":"2026-09-02T23:15:49+00:00","dateModified":"2026-09-02T23:15:50+00:00","author":{"@id":"https:\/\/economiasa.com.br\/blog\/#\/schema\/person\/14b8ac2dc25bd63b52bc54e845fa3923"},"breadcrumb":{"@id":"https:\/\/economiasa.com.br\/blog\/byd-carmais-lidera-mercado-de-varejo-em-fortaleza-no-mes-de-agosto\/#breadcrumb"},"inLanguage":"pt-BR","potentialAction":[{"@type":"ReadAction","target":["https:\/\/economiasa.com.br\/blog\/byd-carmais-lidera-mercado-de-varejo-em-fortaleza-no-mes-de-agosto\/"]}]},{"@type":"ImageObject","inLanguage":"pt-BR","@id":"https:\/\/economiasa.com.br\/blog\/byd-carmais-lidera-mercado-de-varejo-em-fortaleza-no-mes-de-agosto\/#primaryimage","url":"https:\/\/economiasa.com.br\/blog\/wp-content\/uploads\/2026\/09\/Capturar-23.png","contentUrl":"https:\/\/economiasa.com.br\/blog\/wp-content\/uploads\/2026\/09\/Capturar-23.png","width":647,"height":434,"caption":"BYD RECORD - Cr\u00e9ditos da foto: Divulga\u00e7\u00e3o"},{"@type":"BreadcrumbList","@id":"https:\/\/economiasa.com.br\/blog\/byd-carmais-lidera-mercado-de-varejo-em-fortaleza-no-mes-de-agosto\/#breadcrumb","itemListElement":[{"@type":"ListItem","position":1,"name":"In\u00edcio","item":"https:\/\/economiasa.com.br\/blog\/"},{"@type":"ListItem","position":2,"name":"BYD Carmais lidera mercado de varejo em Fortaleza no m\u00eas de agosto"}]},{"@type":"WebSite","@id":"https:\/\/economiasa.com.br\/blog\/#website","url":"https:\/\/economiasa.com.br\/blog\/","name":"Economia S\/A","description":"Ler faz bem para os neg\u00f3cios","potentialAction":[{"@type":"SearchAction","target":{"@type":"EntryPoint","urlTemplate":"https:\/\/economiasa.com.br\/blog\/?s={search_term_string}"},"query-input":{"@type":"PropertyValueSpecification","valueRequired":true,"valueName":"search_term_string"}}],"inLanguage":"pt-BR"},{"@type":"Person","@id":"https:\/\/economiasa.com.br\/blog\/#\/schema\/person\/14b8ac2dc25bd63b52bc54e845fa3923","name":"Reda\u00e7\u00e3o","image":{"@type":"ImageObject","inLanguage":"pt-BR","@id":"https:\/\/secure.gravatar.com\/avatar\/c8c795261f7f8547b22616a549577db9e450bd5622da3f6eb62b0e2c3e364c4e?s=96&d=mm&r=g0fb5212bc57e2287787936667fbbe0ff","url":"https:\/\/secure.gravatar.com\/avatar\/c8c795261f7f8547b22616a549577db9e450bd5622da3f6eb62b0e2c3e364c4e?s=96&d=mm&r=g","contentUrl":"https:\/\/secure.gravatar.com\/avatar\/c8c795261f7f8547b22616a549577db9e450bd5622da3f6eb62b0e2c3e364c4e?s=96&d=mm&r=g","caption":"Reda\u00e7\u00e3o"},"sameAs":["http:\/\/www.economiasa.com.br"],"url":"https:\/\/economiasa.com.br\/blog\/author\/redacao\/"}]}},"authors":[{"term_id":13248,"user_id":47,"is_guest":0,"slug":"redacao","display_name":"Reda\u00e7\u00e3o","avatar_url":"https:\/\/secure.gravatar.com\/avatar\/c8c795261f7f8547b22616a549577db9e450bd5622da3f6eb62b0e2c3e364c4e?s=96&d=mm&r=g","author_category":"","first_name":"Reda\u00e7\u00e3o","last_name":"","user_url":"http:\/\/www.economiasa.com.br","job_title":"","description":""}],"amp_enabled":true,"_links":{"self":[{"href":"https:\/\/economiasa.com.br\/blog\/wp-json\/wp\/v2\/posts\/85030","targetHints":{"allow":["GET"]}}],"collection":[{"href":"https:\/\/economiasa.com.br\/blog\/wp-json\/wp\/v2\/posts"}],"about":[{"href":"https:\/\/economiasa.com.br\/blog\/wp-json\/wp\/v2\/types\/post"}],"author":[{"embeddable":true,"href":"https:\/\/economiasa.com.br\/blog\/wp-json\/wp\/v2\/users\/47"}],"replies":[{"embeddable":true,"href":"https:\/\/economiasa.com.br\/blog\/wp-json\/wp\/v2\/comments?post=85030"}],"version-history":[{"count":0,"href":"https:\/\/economiasa.com.br\/blog\/wp-json\/wp\/v2\/posts\/85030\/revisions"}],"wp:featuredmedia":[{"embeddable":true,"href":"https:\/\/economiasa.com.br\/blog\/wp-json\/wp\/v2\/media\/85031"}],"wp:attachment":[{"href":"https:\/\/economiasa.com.br\/blog\/wp-json\/wp\/v2\/media?parent=85030"}],"wp:term":[{"taxonomy":"category","embeddable":true,"href":"https:\/\/economiasa.com.br\/blog\/wp-json\/wp\/v2\/categories?post=85030"},{"taxonomy":"post_tag","embeddable":true,"href":"https:\/\/economiasa.com.br\/blog\/wp-json\/wp\/v2\/tags?post=85030"},{"taxonomy":"author","embeddable":true,"href":"https:\/\/economiasa.com.br\/blog\/wp-json\/wp\/v2\/ppma_author?post=85030"}],"curies":[{"name":"wp","href":"https:\/\/api.w.org\/{rel}","templated":true}]}}