{"id":85032,"date":"2026-09-02T20:17:27","date_gmt":"2026-09-02T23:17:27","guid":{"rendered":"https:\/\/economiasa.com.br\/blog\/?p=85032"},"modified":"2026-09-02T20:17:28","modified_gmt":"2026-09-02T23:17:28","slug":"vai-voando-levou-democratizacao-do-turismo-a-expo-favela-2026","status":"publish","type":"post","link":"https:\/\/economiasa.com.br\/blog\/vai-voando-levou-democratizacao-do-turismo-a-expo-favela-2026\/","title":{"rendered":"Vai Voando levou democratiza\u00e7\u00e3o do turismo \u00e0 Expo Favela 2026"},"content":{"rendered":"\n<p class=\"wp-block-paragraph\"><em>Rede de franquias de turismo focada nas periferias participou da Expo Favela Innovation S\u00e3o Paulo 2026 e mostrou como um modelo de neg\u00f3cio de baixo custo pode transformar moradores das comunidades em empreendedores e ampliar o acesso \u00e0s viagens<\/em><em><\/em><\/p>\n\n\n\n<p class=\"wp-block-paragraph\">A Vai Voando participou da Expo Favela Innovation S\u00e3o Paulo 2026, nos dias 29 e 30 de agosto, no Sesc Casa Verde, levando ao evento sua proposta de democratizar o acesso \u00e0s viagens e ao empreendedorismo no setor. O evento reuniu empreendedores, investidores, grandes empresas, institui\u00e7\u00f5es financeiras, universidades e representantes do poder p\u00fablico em uma programa\u00e7\u00e3o voltada a neg\u00f3cios, mentorias, pitches e inova\u00e7\u00e3o.<\/p>\n\n\n\n<p class=\"wp-block-paragraph\">Primeira rede de franquias de turismo focada na periferia, a Vai Voando apostou em um modelo de franquias de baixo custo para aproximar o neg\u00f3cio de quem conhece de perto as necessidades e o comportamento de consumo das comunidades. A estrat\u00e9gia partiu de uma premissa simples: se existe demanda por viagens, tamb\u00e9m existe espa\u00e7o para criar caminhos de acesso e distribui\u00e7\u00e3o.<\/p>\n\n\n\n<p class=\"wp-block-paragraph\">\u201cQuando falamos em democratizar o turismo, n\u00e3o estamos falando apenas em oferecer uma passagem mais acess\u00edvel. Estamos falando em mudar a forma como o mercado chega at\u00e9 as pessoas. A periferia tem demanda, tem poder de consumo e tem empreendedores capazes de fazer essa conex\u00e3o acontecer. A Vai Voando nasceu justamente desse contexto e mostra que \u00e9 poss\u00edvel transformar uma necessidade real em um modelo de neg\u00f3cio sustent\u00e1vel\u201d, afirmou Luiz Andreaza, diretor da Vai Voando.<\/p>\n\n\n\n<p class=\"wp-block-paragraph\">Discutir turismo para as classes C e D n\u00e3o envolve apenas pre\u00e7o. Envolve tamb\u00e9m distribui\u00e7\u00e3o, confian\u00e7a, meios de pagamento, proximidade e atendimento. \u00c9 justamente nesse ponto que o modelo de franquia ganha relev\u00e2ncia: o empreendedor local passa a funcionar como uma ponte entre a oferta tur\u00edstica e o consumidor de sua pr\u00f3pria comunidade.<\/p>\n\n\n\n<p class=\"wp-block-paragraph\">\u201cO nosso diferencial est\u00e1 justamente nessa proximidade. O empreendedor conhece a comunidade, entende as necessidades daquele p\u00fablico e consegue apresentar uma solu\u00e7\u00e3o de viagem de uma maneira muito mais pr\u00f3xima e acess\u00edvel. \u00c9 diferente de simplesmente colocar um produto no mercado: estamos criando uma rede de pessoas que tamb\u00e9m enxergam no turismo uma oportunidade de gera\u00e7\u00e3o de renda\u201d, explicou Monalisa Moreno, gerente comercial da Vai Voando.<\/p>\n\n\n\n<p class=\"wp-block-paragraph\">Durante os dois dias de evento, a marca promoveu ativa\u00e7\u00f5es para aproximar os visitantes de sua proposta, com uma roleta que distribuiu adesivos e o sorteio de uma mala Vai Voando por dia. Como parte da a\u00e7\u00e3o, tamb\u00e9m foram oferecidos 15% de desconto em passagens a\u00e9reas nacionais e 50% de desconto na taxa de franquia.<\/p>\n\n\n\n<p class=\"wp-block-paragraph\">A participa\u00e7\u00e3o colocou em evid\u00eancia uma mudan\u00e7a de perspectiva para o setor. A periferia n\u00e3o \u00e9 apenas um novo mercado consumidor para o turismo, mas tamb\u00e9m pode ser um novo canal de distribui\u00e7\u00e3o, uma fonte de empreendedores e uma for\u00e7a econ\u00f4mica dentro da pr\u00f3pria cadeia de viagens.<\/p>\n\n\n\n<p class=\"wp-block-paragraph\">\u201cO turismo precisa olhar para esse p\u00fablico n\u00e3o apenas pelo tamanho do mercado, mas pelo potencial de transforma\u00e7\u00e3o que ele representa. Quando voc\u00ea cria condi\u00e7\u00f5es para que algu\u00e9m da pr\u00f3pria comunidade empreenda, venda viagens e gere renda, voc\u00ea amplia o acesso ao turismo e, ao mesmo tempo, descentraliza as oportunidades econ\u00f4micas do setor\u201d, concluiu Andreaza.<\/p>\n","protected":false},"excerpt":{"rendered":"<p>Rede de franquias de turismo focada nas periferias participou da Expo Favela Innovation S\u00e3o Paulo 2026 e mostrou como um modelo de&#8230;<\/p>\n","protected":false},"author":47,"featured_media":85033,"comment_status":"closed","ping_status":"open","sticky":false,"template":"","format":"standard","meta":{"footnotes":""},"categories":[10963],"tags":[],"ppma_author":[13248],"class_list":["post-85032","post","type-post","status-publish","format-standard","has-post-thumbnail","category-franquia"],"yoast_head":"<!-- This site is optimized with the Yoast SEO plugin v27.2 - https:\/\/yoast.com\/product\/yoast-seo-wordpress\/ -->\n<title>Vai Voando levou democratiza\u00e7\u00e3o do turismo \u00e0 Expo Favela 2026 - Economia S\/A<\/title>\n<meta name=\"robots\" content=\"index, follow, max-snippet:-1, max-image-preview:large, max-video-preview:-1\" \/>\n<link rel=\"canonical\" href=\"https:\/\/economiasa.com.br\/blog\/vai-voando-levou-democratizacao-do-turismo-a-expo-favela-2026\/\" \/>\n<meta property=\"og:locale\" content=\"pt_BR\" \/>\n<meta property=\"og:type\" content=\"article\" \/>\n<meta property=\"og:title\" content=\"Vai Voando levou democratiza\u00e7\u00e3o do turismo \u00e0 Expo Favela 2026 - Economia S\/A\" \/>\n<meta property=\"og:description\" content=\"Rede de franquias de turismo focada nas periferias participou da Expo Favela Innovation S\u00e3o Paulo 2026 e mostrou como um modelo de...\" \/>\n<meta property=\"og:url\" content=\"https:\/\/economiasa.com.br\/blog\/vai-voando-levou-democratizacao-do-turismo-a-expo-favela-2026\/\" \/>\n<meta property=\"og:site_name\" content=\"Economia S\/A\" \/>\n<meta property=\"article:published_time\" content=\"2026-09-02T23:17:27+00:00\" \/>\n<meta property=\"article:modified_time\" content=\"2026-09-02T23:17:28+00:00\" \/>\n<meta property=\"og:image\" content=\"https:\/\/economiasa.com.br\/blog\/wp-content\/uploads\/2026\/09\/20260829_191614315_iOS-1024x576.jpg\" \/>\n\t<meta property=\"og:image:width\" content=\"1024\" \/>\n\t<meta property=\"og:image:height\" content=\"576\" \/>\n\t<meta property=\"og:image:type\" content=\"image\/jpeg\" \/>\n<meta name=\"author\" content=\"Reda\u00e7\u00e3o\" \/>\n<meta name=\"twitter:card\" content=\"summary_large_image\" \/>\n<meta name=\"twitter:label1\" content=\"Escrito por\" \/>\n\t<meta name=\"twitter:data1\" content=\"Reda\u00e7\u00e3o\" \/>\n\t<meta name=\"twitter:label2\" content=\"Est. tempo de leitura\" \/>\n\t<meta name=\"twitter:data2\" content=\"4 minutos\" \/>\n<script type=\"application\/ld+json\" class=\"yoast-schema-graph\">{\"@context\":\"https:\/\/schema.org\",\"@graph\":[{\"@type\":\"Article\",\"@id\":\"https:\/\/economiasa.com.br\/blog\/vai-voando-levou-democratizacao-do-turismo-a-expo-favela-2026\/#article\",\"isPartOf\":{\"@id\":\"https:\/\/economiasa.com.br\/blog\/vai-voando-levou-democratizacao-do-turismo-a-expo-favela-2026\/\"},\"author\":{\"name\":\"Reda\u00e7\u00e3o\",\"@id\":\"https:\/\/economiasa.com.br\/blog\/#\/schema\/person\/14b8ac2dc25bd63b52bc54e845fa3923\"},\"headline\":\"Vai Voando levou democratiza\u00e7\u00e3o do turismo \u00e0 Expo Favela 2026\",\"datePublished\":\"2026-09-02T23:17:27+00:00\",\"dateModified\":\"2026-09-02T23:17:28+00:00\",\"mainEntityOfPage\":{\"@id\":\"https:\/\/economiasa.com.br\/blog\/vai-voando-levou-democratizacao-do-turismo-a-expo-favela-2026\/\"},\"wordCount\":566,\"image\":{\"@id\":\"https:\/\/economiasa.com.br\/blog\/vai-voando-levou-democratizacao-do-turismo-a-expo-favela-2026\/#primaryimage\"},\"thumbnailUrl\":\"https:\/\/economiasa.com.br\/blog\/wp-content\/uploads\/2026\/09\/20260829_191614315_iOS.jpg\",\"articleSection\":[\"Franquia\"],\"inLanguage\":\"pt-BR\"},{\"@type\":\"WebPage\",\"@id\":\"https:\/\/economiasa.com.br\/blog\/vai-voando-levou-democratizacao-do-turismo-a-expo-favela-2026\/\",\"url\":\"https:\/\/economiasa.com.br\/blog\/vai-voando-levou-democratizacao-do-turismo-a-expo-favela-2026\/\",\"name\":\"Vai Voando levou democratiza\u00e7\u00e3o do turismo \u00e0 Expo Favela 2026 - Economia S\/A\",\"isPartOf\":{\"@id\":\"https:\/\/economiasa.com.br\/blog\/#website\"},\"primaryImageOfPage\":{\"@id\":\"https:\/\/economiasa.com.br\/blog\/vai-voando-levou-democratizacao-do-turismo-a-expo-favela-2026\/#primaryimage\"},\"image\":{\"@id\":\"https:\/\/economiasa.com.br\/blog\/vai-voando-levou-democratizacao-do-turismo-a-expo-favela-2026\/#primaryimage\"},\"thumbnailUrl\":\"https:\/\/economiasa.com.br\/blog\/wp-content\/uploads\/2026\/09\/20260829_191614315_iOS.jpg\",\"datePublished\":\"2026-09-02T23:17:27+00:00\",\"dateModified\":\"2026-09-02T23:17:28+00:00\",\"author\":{\"@id\":\"https:\/\/economiasa.com.br\/blog\/#\/schema\/person\/14b8ac2dc25bd63b52bc54e845fa3923\"},\"breadcrumb\":{\"@id\":\"https:\/\/economiasa.com.br\/blog\/vai-voando-levou-democratizacao-do-turismo-a-expo-favela-2026\/#breadcrumb\"},\"inLanguage\":\"pt-BR\",\"potentialAction\":[{\"@type\":\"ReadAction\",\"target\":[\"https:\/\/economiasa.com.br\/blog\/vai-voando-levou-democratizacao-do-turismo-a-expo-favela-2026\/\"]}]},{\"@type\":\"ImageObject\",\"inLanguage\":\"pt-BR\",\"@id\":\"https:\/\/economiasa.com.br\/blog\/vai-voando-levou-democratizacao-do-turismo-a-expo-favela-2026\/#primaryimage\",\"url\":\"https:\/\/economiasa.com.br\/blog\/wp-content\/uploads\/2026\/09\/20260829_191614315_iOS.jpg\",\"contentUrl\":\"https:\/\/economiasa.com.br\/blog\/wp-content\/uploads\/2026\/09\/20260829_191614315_iOS.jpg\",\"width\":6000,\"height\":3376,\"caption\":\"Cr\u00e9ditos da foto: Divulga\u00e7\u00e3o\"},{\"@type\":\"BreadcrumbList\",\"@id\":\"https:\/\/economiasa.com.br\/blog\/vai-voando-levou-democratizacao-do-turismo-a-expo-favela-2026\/#breadcrumb\",\"itemListElement\":[{\"@type\":\"ListItem\",\"position\":1,\"name\":\"In\u00edcio\",\"item\":\"https:\/\/economiasa.com.br\/blog\/\"},{\"@type\":\"ListItem\",\"position\":2,\"name\":\"Vai Voando levou democratiza\u00e7\u00e3o do turismo \u00e0 Expo Favela 2026\"}]},{\"@type\":\"WebSite\",\"@id\":\"https:\/\/economiasa.com.br\/blog\/#website\",\"url\":\"https:\/\/economiasa.com.br\/blog\/\",\"name\":\"Economia S\/A\",\"description\":\"Ler faz bem para os neg\u00f3cios\",\"potentialAction\":[{\"@type\":\"SearchAction\",\"target\":{\"@type\":\"EntryPoint\",\"urlTemplate\":\"https:\/\/economiasa.com.br\/blog\/?s={search_term_string}\"},\"query-input\":{\"@type\":\"PropertyValueSpecification\",\"valueRequired\":true,\"valueName\":\"search_term_string\"}}],\"inLanguage\":\"pt-BR\"},{\"@type\":\"Person\",\"@id\":\"https:\/\/economiasa.com.br\/blog\/#\/schema\/person\/14b8ac2dc25bd63b52bc54e845fa3923\",\"name\":\"Reda\u00e7\u00e3o\",\"image\":{\"@type\":\"ImageObject\",\"inLanguage\":\"pt-BR\",\"@id\":\"https:\/\/secure.gravatar.com\/avatar\/c8c795261f7f8547b22616a549577db9e450bd5622da3f6eb62b0e2c3e364c4e?s=96&d=mm&r=g0fb5212bc57e2287787936667fbbe0ff\",\"url\":\"https:\/\/secure.gravatar.com\/avatar\/c8c795261f7f8547b22616a549577db9e450bd5622da3f6eb62b0e2c3e364c4e?s=96&d=mm&r=g\",\"contentUrl\":\"https:\/\/secure.gravatar.com\/avatar\/c8c795261f7f8547b22616a549577db9e450bd5622da3f6eb62b0e2c3e364c4e?s=96&d=mm&r=g\",\"caption\":\"Reda\u00e7\u00e3o\"},\"sameAs\":[\"http:\/\/www.economiasa.com.br\"],\"url\":\"https:\/\/economiasa.com.br\/blog\/author\/redacao\/\"}]}<\/script>\n<!-- \/ Yoast SEO plugin. -->","yoast_head_json":{"title":"Vai Voando levou democratiza\u00e7\u00e3o do turismo \u00e0 Expo Favela 2026 - Economia S\/A","robots":{"index":"index","follow":"follow","max-snippet":"max-snippet:-1","max-image-preview":"max-image-preview:large","max-video-preview":"max-video-preview:-1"},"canonical":"https:\/\/economiasa.com.br\/blog\/vai-voando-levou-democratizacao-do-turismo-a-expo-favela-2026\/","og_locale":"pt_BR","og_type":"article","og_title":"Vai Voando levou democratiza\u00e7\u00e3o do turismo \u00e0 Expo Favela 2026 - Economia S\/A","og_description":"Rede de franquias de turismo focada nas periferias participou da Expo Favela Innovation S\u00e3o Paulo 2026 e mostrou como um modelo de...","og_url":"https:\/\/economiasa.com.br\/blog\/vai-voando-levou-democratizacao-do-turismo-a-expo-favela-2026\/","og_site_name":"Economia S\/A","article_published_time":"2026-09-02T23:17:27+00:00","article_modified_time":"2026-09-02T23:17:28+00:00","og_image":[{"width":1024,"height":576,"url":"https:\/\/economiasa.com.br\/blog\/wp-content\/uploads\/2026\/09\/20260829_191614315_iOS-1024x576.jpg","type":"image\/jpeg"}],"author":"Reda\u00e7\u00e3o","twitter_card":"summary_large_image","twitter_misc":{"Escrito por":"Reda\u00e7\u00e3o","Est. tempo de leitura":"4 minutos"},"schema":{"@context":"https:\/\/schema.org","@graph":[{"@type":"Article","@id":"https:\/\/economiasa.com.br\/blog\/vai-voando-levou-democratizacao-do-turismo-a-expo-favela-2026\/#article","isPartOf":{"@id":"https:\/\/economiasa.com.br\/blog\/vai-voando-levou-democratizacao-do-turismo-a-expo-favela-2026\/"},"author":{"name":"Reda\u00e7\u00e3o","@id":"https:\/\/economiasa.com.br\/blog\/#\/schema\/person\/14b8ac2dc25bd63b52bc54e845fa3923"},"headline":"Vai Voando levou democratiza\u00e7\u00e3o do turismo \u00e0 Expo Favela 2026","datePublished":"2026-09-02T23:17:27+00:00","dateModified":"2026-09-02T23:17:28+00:00","mainEntityOfPage":{"@id":"https:\/\/economiasa.com.br\/blog\/vai-voando-levou-democratizacao-do-turismo-a-expo-favela-2026\/"},"wordCount":566,"image":{"@id":"https:\/\/economiasa.com.br\/blog\/vai-voando-levou-democratizacao-do-turismo-a-expo-favela-2026\/#primaryimage"},"thumbnailUrl":"https:\/\/economiasa.com.br\/blog\/wp-content\/uploads\/2026\/09\/20260829_191614315_iOS.jpg","articleSection":["Franquia"],"inLanguage":"pt-BR"},{"@type":"WebPage","@id":"https:\/\/economiasa.com.br\/blog\/vai-voando-levou-democratizacao-do-turismo-a-expo-favela-2026\/","url":"https:\/\/economiasa.com.br\/blog\/vai-voando-levou-democratizacao-do-turismo-a-expo-favela-2026\/","name":"Vai Voando levou democratiza\u00e7\u00e3o do turismo \u00e0 Expo Favela 2026 - Economia S\/A","isPartOf":{"@id":"https:\/\/economiasa.com.br\/blog\/#website"},"primaryImageOfPage":{"@id":"https:\/\/economiasa.com.br\/blog\/vai-voando-levou-democratizacao-do-turismo-a-expo-favela-2026\/#primaryimage"},"image":{"@id":"https:\/\/economiasa.com.br\/blog\/vai-voando-levou-democratizacao-do-turismo-a-expo-favela-2026\/#primaryimage"},"thumbnailUrl":"https:\/\/economiasa.com.br\/blog\/wp-content\/uploads\/2026\/09\/20260829_191614315_iOS.jpg","datePublished":"2026-09-02T23:17:27+00:00","dateModified":"2026-09-02T23:17:28+00:00","author":{"@id":"https:\/\/economiasa.com.br\/blog\/#\/schema\/person\/14b8ac2dc25bd63b52bc54e845fa3923"},"breadcrumb":{"@id":"https:\/\/economiasa.com.br\/blog\/vai-voando-levou-democratizacao-do-turismo-a-expo-favela-2026\/#breadcrumb"},"inLanguage":"pt-BR","potentialAction":[{"@type":"ReadAction","target":["https:\/\/economiasa.com.br\/blog\/vai-voando-levou-democratizacao-do-turismo-a-expo-favela-2026\/"]}]},{"@type":"ImageObject","inLanguage":"pt-BR","@id":"https:\/\/economiasa.com.br\/blog\/vai-voando-levou-democratizacao-do-turismo-a-expo-favela-2026\/#primaryimage","url":"https:\/\/economiasa.com.br\/blog\/wp-content\/uploads\/2026\/09\/20260829_191614315_iOS.jpg","contentUrl":"https:\/\/economiasa.com.br\/blog\/wp-content\/uploads\/2026\/09\/20260829_191614315_iOS.jpg","width":6000,"height":3376,"caption":"Cr\u00e9ditos da foto: Divulga\u00e7\u00e3o"},{"@type":"BreadcrumbList","@id":"https:\/\/economiasa.com.br\/blog\/vai-voando-levou-democratizacao-do-turismo-a-expo-favela-2026\/#breadcrumb","itemListElement":[{"@type":"ListItem","position":1,"name":"In\u00edcio","item":"https:\/\/economiasa.com.br\/blog\/"},{"@type":"ListItem","position":2,"name":"Vai Voando levou democratiza\u00e7\u00e3o do turismo \u00e0 Expo Favela 2026"}]},{"@type":"WebSite","@id":"https:\/\/economiasa.com.br\/blog\/#website","url":"https:\/\/economiasa.com.br\/blog\/","name":"Economia S\/A","description":"Ler faz bem para os neg\u00f3cios","potentialAction":[{"@type":"SearchAction","target":{"@type":"EntryPoint","urlTemplate":"https:\/\/economiasa.com.br\/blog\/?s={search_term_string}"},"query-input":{"@type":"PropertyValueSpecification","valueRequired":true,"valueName":"search_term_string"}}],"inLanguage":"pt-BR"},{"@type":"Person","@id":"https:\/\/economiasa.com.br\/blog\/#\/schema\/person\/14b8ac2dc25bd63b52bc54e845fa3923","name":"Reda\u00e7\u00e3o","image":{"@type":"ImageObject","inLanguage":"pt-BR","@id":"https:\/\/secure.gravatar.com\/avatar\/c8c795261f7f8547b22616a549577db9e450bd5622da3f6eb62b0e2c3e364c4e?s=96&d=mm&r=g0fb5212bc57e2287787936667fbbe0ff","url":"https:\/\/secure.gravatar.com\/avatar\/c8c795261f7f8547b22616a549577db9e450bd5622da3f6eb62b0e2c3e364c4e?s=96&d=mm&r=g","contentUrl":"https:\/\/secure.gravatar.com\/avatar\/c8c795261f7f8547b22616a549577db9e450bd5622da3f6eb62b0e2c3e364c4e?s=96&d=mm&r=g","caption":"Reda\u00e7\u00e3o"},"sameAs":["http:\/\/www.economiasa.com.br"],"url":"https:\/\/economiasa.com.br\/blog\/author\/redacao\/"}]}},"authors":[{"term_id":13248,"user_id":47,"is_guest":0,"slug":"redacao","display_name":"Reda\u00e7\u00e3o","avatar_url":"https:\/\/secure.gravatar.com\/avatar\/c8c795261f7f8547b22616a549577db9e450bd5622da3f6eb62b0e2c3e364c4e?s=96&d=mm&r=g","author_category":"","first_name":"Reda\u00e7\u00e3o","last_name":"","user_url":"http:\/\/www.economiasa.com.br","job_title":"","description":""}],"amp_enabled":true,"_links":{"self":[{"href":"https:\/\/economiasa.com.br\/blog\/wp-json\/wp\/v2\/posts\/85032","targetHints":{"allow":["GET"]}}],"collection":[{"href":"https:\/\/economiasa.com.br\/blog\/wp-json\/wp\/v2\/posts"}],"about":[{"href":"https:\/\/economiasa.com.br\/blog\/wp-json\/wp\/v2\/types\/post"}],"author":[{"embeddable":true,"href":"https:\/\/economiasa.com.br\/blog\/wp-json\/wp\/v2\/users\/47"}],"replies":[{"embeddable":true,"href":"https:\/\/economiasa.com.br\/blog\/wp-json\/wp\/v2\/comments?post=85032"}],"version-history":[{"count":0,"href":"https:\/\/economiasa.com.br\/blog\/wp-json\/wp\/v2\/posts\/85032\/revisions"}],"wp:featuredmedia":[{"embeddable":true,"href":"https:\/\/economiasa.com.br\/blog\/wp-json\/wp\/v2\/media\/85033"}],"wp:attachment":[{"href":"https:\/\/economiasa.com.br\/blog\/wp-json\/wp\/v2\/media?parent=85032"}],"wp:term":[{"taxonomy":"category","embeddable":true,"href":"https:\/\/economiasa.com.br\/blog\/wp-json\/wp\/v2\/categories?post=85032"},{"taxonomy":"post_tag","embeddable":true,"href":"https:\/\/economiasa.com.br\/blog\/wp-json\/wp\/v2\/tags?post=85032"},{"taxonomy":"author","embeddable":true,"href":"https:\/\/economiasa.com.br\/blog\/wp-json\/wp\/v2\/ppma_author?post=85032"}],"curies":[{"name":"wp","href":"https:\/\/api.w.org\/{rel}","templated":true}]}}