{"id":85034,"date":"2026-09-02T20:19:44","date_gmt":"2026-09-02T23:19:44","guid":{"rendered":"https:\/\/economiasa.com.br\/blog\/?p=85034"},"modified":"2026-09-02T20:19:45","modified_gmt":"2026-09-02T23:19:45","slug":"feira-de-antiguidades-curiosidades-reune-raridades-e-atracoes-especiais-neste-domingo","status":"publish","type":"post","link":"https:\/\/economiasa.com.br\/blog\/feira-de-antiguidades-curiosidades-reune-raridades-e-atracoes-especiais-neste-domingo\/","title":{"rendered":"Feira de Antiguidades &#038; Curiosidades re\u00fane raridades e atra\u00e7\u00f5es especiais neste domingo"},"content":{"rendered":"\n<p class=\"wp-block-paragraph\">O Espa\u00e7o F\u00e1brica S\u00e3o Luiz, em Itu (SP), recebe neste domingo, 6 de setembro, mais uma edi\u00e7\u00e3o da Feira de Antiguidades & Curiosidades (A&C). Com entrada gratuita, o evento acontece das 9h30 \u00e0s 17h e re\u00fane dezenas de expositores, oferecendo ao p\u00fablico uma oportunidade de conhecer, adquirir e apreciar objetos que carregam hist\u00f3rias e fazem parte da mem\u00f3ria cultural de diferentes \u00e9pocas.<\/p>\n\n\n\n<p class=\"wp-block-paragraph\">A programa\u00e7\u00e3o re\u00fane uma grande variedade de produtos, incluindo antiguidades, objetos de decora\u00e7\u00e3o, pe\u00e7as colecion\u00e1veis, moedas antigas, artesanato, bijuterias, semijoias e diversas raridades. A proposta \u00e9 atrair tanto colecionadores e apreciadores de antiguidades quanto fam\u00edlias e visitantes de todas as idades interessados em descobrir objetos curiosos e conhecer um pouco mais sobre o passado.<\/p>\n\n\n\n<p class=\"wp-block-paragraph\">A m\u00fasica tamb\u00e9m faz parte da programa\u00e7\u00e3o. Durante a feira, Vinicius e Nawmi, do Grupo Vitrola Velha, apresentam uma sele\u00e7\u00e3o de m\u00fasicas reproduzidas em discos de vinil, criando uma atmosfera especial e remetendo o p\u00fablico a diferentes \u00e9pocas da hist\u00f3ria da m\u00fasica.<\/p>\n\n\n\n<p class=\"wp-block-paragraph\">Al\u00e9m da feira, os visitantes poder\u00e3o conhecer outros espa\u00e7os do complexo hist\u00f3rico da F\u00e1brica S\u00e3o Luiz. \u00c0s 15h, ser\u00e1 realizada uma visita guiada pelas instala\u00e7\u00f5es da centen\u00e1ria f\u00e1brica, com informa\u00e7\u00f5es sobre a hist\u00f3ria do local e detalhes de sua arquitetura preservada. O passeio inclui o hist\u00f3rico t\u00fanel e a antiga caldeira, elementos que ajudam a contar a trajet\u00f3ria do espa\u00e7o quando funcionava como uma das importantes ind\u00fastrias t\u00eaxteis do Estado de S\u00e3o Paulo.<\/p>\n\n\n\n<p class=\"wp-block-paragraph\">Outro destaque do complexo \u00e9 a sede do Clube do Ferromodelismo de Itu, que mant\u00e9m uma exposi\u00e7\u00e3o permanente de maquetes, locomotivas e miniaturas ferrovi\u00e1rias. A atra\u00e7\u00e3o \u00e9 um dos pontos que despertam a aten\u00e7\u00e3o de crian\u00e7as, adultos e apaixonados pelo universo dos trens.<\/p>\n\n\n\n<p class=\"wp-block-paragraph\">Interessados em participar como expositores ou comercializar antiguidades e itens colecion\u00e1veis podem obter informa\u00e7\u00f5es pelo telefone e WhatsApp (11) 98680-1192 ou diretamente com a administra\u00e7\u00e3o do Espa\u00e7o F\u00e1brica S\u00e3o Luiz.<\/p>\n\n\n\n<p class=\"wp-block-paragraph\"><strong>Espa\u00e7o F\u00e1brica<\/strong>\u00a0\u2013 Instalada na F\u00e1brica S\u00e3o Luiz, inaugurada em 1869, a antiga tecelagem foi a primeira ind\u00fastria a vapor do Estado. Declarada Patrim\u00f4nio Hist\u00f3rico Nacional pelo Instituto do Patrim\u00f4nio Hist\u00f3rico e Art\u00edstico Nacional (Iphan), encerrou suas atividades industriais em 1982 e, desde 2004, funciona como espa\u00e7o cultural. O pr\u00e9dio passa por um processo cont\u00ednuo de restaura\u00e7\u00e3o realizado pelos propriet\u00e1rios, viabilizado por meio da renda obtida nos eventos promovidos no local. O Espa\u00e7o F\u00e1brica S\u00e3o Luiz est\u00e1 localizado na rua Paula Souza, 492, Centro, Itu\/SP. Visite o site do Espa\u00e7o F\u00e1brica S\u00e3o Luiz na internet:\u00a0<a href=\"http:\/\/www.espacofabrica.com.br\/\" target=\"_blank\" rel=\"noreferrer noopener\">www.espacofabrica.com.br<\/a><\/p>\n\n\n\n<p class=\"wp-block-paragraph\"><strong>Servi\u00e7o<\/strong><\/p>\n\n\n\n<p class=\"wp-block-paragraph\">Feira de Antiguidades & Curiosidades\u00a0<\/p>\n\n\n\n<p class=\"wp-block-paragraph\">Data: 06 de setembro de 2026 (domingo)<\/p>\n\n\n\n<p class=\"wp-block-paragraph\">Hor\u00e1rio: das 9h30 \u00e0s 17h<\/p>\n\n\n\n<p class=\"wp-block-paragraph\">Entrada gratuita<\/p>\n\n\n\n<p class=\"wp-block-paragraph\">Local: Espa\u00e7o F\u00e1brica S\u00e3o Luiz<\/p>\n\n\n\n<p class=\"wp-block-paragraph\">Endere\u00e7o: Rua Paula Souza, 492, Centro, Itu\/SP<\/p>\n\n\n\n<p class=\"wp-block-paragraph\">Mais informa\u00e7\u00f5es:\u00a0<a href=\"http:\/\/www.espacofabrica.com.br\/\" target=\"_blank\" rel=\"noreferrer noopener\">www.espacofabrica.com.br<\/a><\/p>\n\n\n\n<p class=\"wp-block-paragraph\">Instagram @espacofabrica<\/p>\n","protected":false},"excerpt":{"rendered":"<p>O Espa\u00e7o F\u00e1brica S\u00e3o Luiz, em Itu (SP), recebe neste domingo, 6 de setembro, mais uma edi\u00e7\u00e3o da Feira de Antiguidades &#038;&#8230;<\/p>\n","protected":false},"author":47,"featured_media":85035,"comment_status":"closed","ping_status":"open","sticky":false,"template":"","format":"standard","meta":{"footnotes":""},"categories":[1973],"tags":[],"ppma_author":[13248],"class_list":["post-85034","post","type-post","status-publish","format-standard","has-post-thumbnail","category-eventos"],"yoast_head":"<!-- This site is optimized with the Yoast SEO plugin v27.2 - https:\/\/yoast.com\/product\/yoast-seo-wordpress\/ -->\n<title>Feira de Antiguidades &amp; Curiosidades re\u00fane raridades e atra\u00e7\u00f5es especiais neste domingo - Economia S\/A<\/title>\n<meta name=\"robots\" content=\"index, follow, max-snippet:-1, max-image-preview:large, max-video-preview:-1\" \/>\n<link rel=\"canonical\" href=\"https:\/\/economiasa.com.br\/blog\/feira-de-antiguidades-curiosidades-reune-raridades-e-atracoes-especiais-neste-domingo\/\" \/>\n<meta property=\"og:locale\" content=\"pt_BR\" \/>\n<meta property=\"og:type\" content=\"article\" \/>\n<meta property=\"og:title\" content=\"Feira de Antiguidades &amp; Curiosidades re\u00fane raridades e atra\u00e7\u00f5es especiais neste domingo - Economia S\/A\" \/>\n<meta property=\"og:description\" content=\"O Espa\u00e7o F\u00e1brica S\u00e3o Luiz, em Itu (SP), recebe neste domingo, 6 de setembro, mais uma edi\u00e7\u00e3o da Feira de Antiguidades &amp;...\" \/>\n<meta property=\"og:url\" content=\"https:\/\/economiasa.com.br\/blog\/feira-de-antiguidades-curiosidades-reune-raridades-e-atracoes-especiais-neste-domingo\/\" \/>\n<meta property=\"og:site_name\" content=\"Economia S\/A\" \/>\n<meta property=\"article:published_time\" content=\"2026-09-02T23:19:44+00:00\" \/>\n<meta property=\"article:modified_time\" content=\"2026-09-02T23:19:45+00:00\" \/>\n<meta property=\"og:image\" content=\"https:\/\/economiasa.com.br\/blog\/wp-content\/uploads\/2026\/09\/Feira-de-Antiguidades-2.jpg\" \/>\n\t<meta property=\"og:image:width\" content=\"1600\" \/>\n\t<meta property=\"og:image:height\" content=\"1214\" \/>\n\t<meta property=\"og:image:type\" content=\"image\/jpeg\" \/>\n<meta name=\"author\" content=\"Reda\u00e7\u00e3o\" \/>\n<meta name=\"twitter:card\" content=\"summary_large_image\" \/>\n<meta name=\"twitter:label1\" content=\"Escrito por\" \/>\n\t<meta name=\"twitter:data1\" content=\"Reda\u00e7\u00e3o\" \/>\n\t<meta name=\"twitter:label2\" content=\"Est. tempo de leitura\" \/>\n\t<meta name=\"twitter:data2\" content=\"3 minutos\" \/>\n<script type=\"application\/ld+json\" class=\"yoast-schema-graph\">{\"@context\":\"https:\/\/schema.org\",\"@graph\":[{\"@type\":\"Article\",\"@id\":\"https:\/\/economiasa.com.br\/blog\/feira-de-antiguidades-curiosidades-reune-raridades-e-atracoes-especiais-neste-domingo\/#article\",\"isPartOf\":{\"@id\":\"https:\/\/economiasa.com.br\/blog\/feira-de-antiguidades-curiosidades-reune-raridades-e-atracoes-especiais-neste-domingo\/\"},\"author\":{\"name\":\"Reda\u00e7\u00e3o\",\"@id\":\"https:\/\/economiasa.com.br\/blog\/#\/schema\/person\/14b8ac2dc25bd63b52bc54e845fa3923\"},\"headline\":\"Feira de Antiguidades &#038; Curiosidades re\u00fane raridades e atra\u00e7\u00f5es especiais neste domingo\",\"datePublished\":\"2026-09-02T23:19:44+00:00\",\"dateModified\":\"2026-09-02T23:19:45+00:00\",\"mainEntityOfPage\":{\"@id\":\"https:\/\/economiasa.com.br\/blog\/feira-de-antiguidades-curiosidades-reune-raridades-e-atracoes-especiais-neste-domingo\/\"},\"wordCount\":532,\"image\":{\"@id\":\"https:\/\/economiasa.com.br\/blog\/feira-de-antiguidades-curiosidades-reune-raridades-e-atracoes-especiais-neste-domingo\/#primaryimage\"},\"thumbnailUrl\":\"https:\/\/economiasa.com.br\/blog\/wp-content\/uploads\/2026\/09\/Feira-de-Antiguidades-2.jpg\",\"articleSection\":[\"Eventos\"],\"inLanguage\":\"pt-BR\"},{\"@type\":\"WebPage\",\"@id\":\"https:\/\/economiasa.com.br\/blog\/feira-de-antiguidades-curiosidades-reune-raridades-e-atracoes-especiais-neste-domingo\/\",\"url\":\"https:\/\/economiasa.com.br\/blog\/feira-de-antiguidades-curiosidades-reune-raridades-e-atracoes-especiais-neste-domingo\/\",\"name\":\"Feira de Antiguidades & Curiosidades re\u00fane raridades e atra\u00e7\u00f5es especiais neste domingo - Economia S\/A\",\"isPartOf\":{\"@id\":\"https:\/\/economiasa.com.br\/blog\/#website\"},\"primaryImageOfPage\":{\"@id\":\"https:\/\/economiasa.com.br\/blog\/feira-de-antiguidades-curiosidades-reune-raridades-e-atracoes-especiais-neste-domingo\/#primaryimage\"},\"image\":{\"@id\":\"https:\/\/economiasa.com.br\/blog\/feira-de-antiguidades-curiosidades-reune-raridades-e-atracoes-especiais-neste-domingo\/#primaryimage\"},\"thumbnailUrl\":\"https:\/\/economiasa.com.br\/blog\/wp-content\/uploads\/2026\/09\/Feira-de-Antiguidades-2.jpg\",\"datePublished\":\"2026-09-02T23:19:44+00:00\",\"dateModified\":\"2026-09-02T23:19:45+00:00\",\"author\":{\"@id\":\"https:\/\/economiasa.com.br\/blog\/#\/schema\/person\/14b8ac2dc25bd63b52bc54e845fa3923\"},\"breadcrumb\":{\"@id\":\"https:\/\/economiasa.com.br\/blog\/feira-de-antiguidades-curiosidades-reune-raridades-e-atracoes-especiais-neste-domingo\/#breadcrumb\"},\"inLanguage\":\"pt-BR\",\"potentialAction\":[{\"@type\":\"ReadAction\",\"target\":[\"https:\/\/economiasa.com.br\/blog\/feira-de-antiguidades-curiosidades-reune-raridades-e-atracoes-especiais-neste-domingo\/\"]}]},{\"@type\":\"ImageObject\",\"inLanguage\":\"pt-BR\",\"@id\":\"https:\/\/economiasa.com.br\/blog\/feira-de-antiguidades-curiosidades-reune-raridades-e-atracoes-especiais-neste-domingo\/#primaryimage\",\"url\":\"https:\/\/economiasa.com.br\/blog\/wp-content\/uploads\/2026\/09\/Feira-de-Antiguidades-2.jpg\",\"contentUrl\":\"https:\/\/economiasa.com.br\/blog\/wp-content\/uploads\/2026\/09\/Feira-de-Antiguidades-2.jpg\",\"width\":1600,\"height\":1214,\"caption\":\"Feira de Antiguidades - Cr\u00e9ditos da foto: Divulga\u00e7\u00e3o\"},{\"@type\":\"BreadcrumbList\",\"@id\":\"https:\/\/economiasa.com.br\/blog\/feira-de-antiguidades-curiosidades-reune-raridades-e-atracoes-especiais-neste-domingo\/#breadcrumb\",\"itemListElement\":[{\"@type\":\"ListItem\",\"position\":1,\"name\":\"In\u00edcio\",\"item\":\"https:\/\/economiasa.com.br\/blog\/\"},{\"@type\":\"ListItem\",\"position\":2,\"name\":\"Feira de Antiguidades &#038; Curiosidades re\u00fane raridades e atra\u00e7\u00f5es especiais neste domingo\"}]},{\"@type\":\"WebSite\",\"@id\":\"https:\/\/economiasa.com.br\/blog\/#website\",\"url\":\"https:\/\/economiasa.com.br\/blog\/\",\"name\":\"Economia S\/A\",\"description\":\"Ler faz bem para os neg\u00f3cios\",\"potentialAction\":[{\"@type\":\"SearchAction\",\"target\":{\"@type\":\"EntryPoint\",\"urlTemplate\":\"https:\/\/economiasa.com.br\/blog\/?s={search_term_string}\"},\"query-input\":{\"@type\":\"PropertyValueSpecification\",\"valueRequired\":true,\"valueName\":\"search_term_string\"}}],\"inLanguage\":\"pt-BR\"},{\"@type\":\"Person\",\"@id\":\"https:\/\/economiasa.com.br\/blog\/#\/schema\/person\/14b8ac2dc25bd63b52bc54e845fa3923\",\"name\":\"Reda\u00e7\u00e3o\",\"image\":{\"@type\":\"ImageObject\",\"inLanguage\":\"pt-BR\",\"@id\":\"https:\/\/secure.gravatar.com\/avatar\/c8c795261f7f8547b22616a549577db9e450bd5622da3f6eb62b0e2c3e364c4e?s=96&d=mm&r=g0fb5212bc57e2287787936667fbbe0ff\",\"url\":\"https:\/\/secure.gravatar.com\/avatar\/c8c795261f7f8547b22616a549577db9e450bd5622da3f6eb62b0e2c3e364c4e?s=96&d=mm&r=g\",\"contentUrl\":\"https:\/\/secure.gravatar.com\/avatar\/c8c795261f7f8547b22616a549577db9e450bd5622da3f6eb62b0e2c3e364c4e?s=96&d=mm&r=g\",\"caption\":\"Reda\u00e7\u00e3o\"},\"sameAs\":[\"http:\/\/www.economiasa.com.br\"],\"url\":\"https:\/\/economiasa.com.br\/blog\/author\/redacao\/\"}]}<\/script>\n<!-- \/ Yoast SEO plugin. -->","yoast_head_json":{"title":"Feira de Antiguidades & Curiosidades re\u00fane raridades e atra\u00e7\u00f5es especiais neste domingo - Economia S\/A","robots":{"index":"index","follow":"follow","max-snippet":"max-snippet:-1","max-image-preview":"max-image-preview:large","max-video-preview":"max-video-preview:-1"},"canonical":"https:\/\/economiasa.com.br\/blog\/feira-de-antiguidades-curiosidades-reune-raridades-e-atracoes-especiais-neste-domingo\/","og_locale":"pt_BR","og_type":"article","og_title":"Feira de Antiguidades & Curiosidades re\u00fane raridades e atra\u00e7\u00f5es especiais neste domingo - Economia S\/A","og_description":"O Espa\u00e7o F\u00e1brica S\u00e3o Luiz, em Itu (SP), recebe neste domingo, 6 de setembro, mais uma edi\u00e7\u00e3o da Feira de Antiguidades &...","og_url":"https:\/\/economiasa.com.br\/blog\/feira-de-antiguidades-curiosidades-reune-raridades-e-atracoes-especiais-neste-domingo\/","og_site_name":"Economia S\/A","article_published_time":"2026-09-02T23:19:44+00:00","article_modified_time":"2026-09-02T23:19:45+00:00","og_image":[{"width":1600,"height":1214,"url":"https:\/\/economiasa.com.br\/blog\/wp-content\/uploads\/2026\/09\/Feira-de-Antiguidades-2.jpg","type":"image\/jpeg"}],"author":"Reda\u00e7\u00e3o","twitter_card":"summary_large_image","twitter_misc":{"Escrito por":"Reda\u00e7\u00e3o","Est. tempo de leitura":"3 minutos"},"schema":{"@context":"https:\/\/schema.org","@graph":[{"@type":"Article","@id":"https:\/\/economiasa.com.br\/blog\/feira-de-antiguidades-curiosidades-reune-raridades-e-atracoes-especiais-neste-domingo\/#article","isPartOf":{"@id":"https:\/\/economiasa.com.br\/blog\/feira-de-antiguidades-curiosidades-reune-raridades-e-atracoes-especiais-neste-domingo\/"},"author":{"name":"Reda\u00e7\u00e3o","@id":"https:\/\/economiasa.com.br\/blog\/#\/schema\/person\/14b8ac2dc25bd63b52bc54e845fa3923"},"headline":"Feira de Antiguidades &#038; Curiosidades re\u00fane raridades e atra\u00e7\u00f5es especiais neste domingo","datePublished":"2026-09-02T23:19:44+00:00","dateModified":"2026-09-02T23:19:45+00:00","mainEntityOfPage":{"@id":"https:\/\/economiasa.com.br\/blog\/feira-de-antiguidades-curiosidades-reune-raridades-e-atracoes-especiais-neste-domingo\/"},"wordCount":532,"image":{"@id":"https:\/\/economiasa.com.br\/blog\/feira-de-antiguidades-curiosidades-reune-raridades-e-atracoes-especiais-neste-domingo\/#primaryimage"},"thumbnailUrl":"https:\/\/economiasa.com.br\/blog\/wp-content\/uploads\/2026\/09\/Feira-de-Antiguidades-2.jpg","articleSection":["Eventos"],"inLanguage":"pt-BR"},{"@type":"WebPage","@id":"https:\/\/economiasa.com.br\/blog\/feira-de-antiguidades-curiosidades-reune-raridades-e-atracoes-especiais-neste-domingo\/","url":"https:\/\/economiasa.com.br\/blog\/feira-de-antiguidades-curiosidades-reune-raridades-e-atracoes-especiais-neste-domingo\/","name":"Feira de Antiguidades & Curiosidades re\u00fane raridades e atra\u00e7\u00f5es especiais neste domingo - Economia S\/A","isPartOf":{"@id":"https:\/\/economiasa.com.br\/blog\/#website"},"primaryImageOfPage":{"@id":"https:\/\/economiasa.com.br\/blog\/feira-de-antiguidades-curiosidades-reune-raridades-e-atracoes-especiais-neste-domingo\/#primaryimage"},"image":{"@id":"https:\/\/economiasa.com.br\/blog\/feira-de-antiguidades-curiosidades-reune-raridades-e-atracoes-especiais-neste-domingo\/#primaryimage"},"thumbnailUrl":"https:\/\/economiasa.com.br\/blog\/wp-content\/uploads\/2026\/09\/Feira-de-Antiguidades-2.jpg","datePublished":"2026-09-02T23:19:44+00:00","dateModified":"2026-09-02T23:19:45+00:00","author":{"@id":"https:\/\/economiasa.com.br\/blog\/#\/schema\/person\/14b8ac2dc25bd63b52bc54e845fa3923"},"breadcrumb":{"@id":"https:\/\/economiasa.com.br\/blog\/feira-de-antiguidades-curiosidades-reune-raridades-e-atracoes-especiais-neste-domingo\/#breadcrumb"},"inLanguage":"pt-BR","potentialAction":[{"@type":"ReadAction","target":["https:\/\/economiasa.com.br\/blog\/feira-de-antiguidades-curiosidades-reune-raridades-e-atracoes-especiais-neste-domingo\/"]}]},{"@type":"ImageObject","inLanguage":"pt-BR","@id":"https:\/\/economiasa.com.br\/blog\/feira-de-antiguidades-curiosidades-reune-raridades-e-atracoes-especiais-neste-domingo\/#primaryimage","url":"https:\/\/economiasa.com.br\/blog\/wp-content\/uploads\/2026\/09\/Feira-de-Antiguidades-2.jpg","contentUrl":"https:\/\/economiasa.com.br\/blog\/wp-content\/uploads\/2026\/09\/Feira-de-Antiguidades-2.jpg","width":1600,"height":1214,"caption":"Feira de Antiguidades - Cr\u00e9ditos da foto: Divulga\u00e7\u00e3o"},{"@type":"BreadcrumbList","@id":"https:\/\/economiasa.com.br\/blog\/feira-de-antiguidades-curiosidades-reune-raridades-e-atracoes-especiais-neste-domingo\/#breadcrumb","itemListElement":[{"@type":"ListItem","position":1,"name":"In\u00edcio","item":"https:\/\/economiasa.com.br\/blog\/"},{"@type":"ListItem","position":2,"name":"Feira de Antiguidades &#038; Curiosidades re\u00fane raridades e atra\u00e7\u00f5es especiais neste domingo"}]},{"@type":"WebSite","@id":"https:\/\/economiasa.com.br\/blog\/#website","url":"https:\/\/economiasa.com.br\/blog\/","name":"Economia S\/A","description":"Ler faz bem para os neg\u00f3cios","potentialAction":[{"@type":"SearchAction","target":{"@type":"EntryPoint","urlTemplate":"https:\/\/economiasa.com.br\/blog\/?s={search_term_string}"},"query-input":{"@type":"PropertyValueSpecification","valueRequired":true,"valueName":"search_term_string"}}],"inLanguage":"pt-BR"},{"@type":"Person","@id":"https:\/\/economiasa.com.br\/blog\/#\/schema\/person\/14b8ac2dc25bd63b52bc54e845fa3923","name":"Reda\u00e7\u00e3o","image":{"@type":"ImageObject","inLanguage":"pt-BR","@id":"https:\/\/secure.gravatar.com\/avatar\/c8c795261f7f8547b22616a549577db9e450bd5622da3f6eb62b0e2c3e364c4e?s=96&d=mm&r=g0fb5212bc57e2287787936667fbbe0ff","url":"https:\/\/secure.gravatar.com\/avatar\/c8c795261f7f8547b22616a549577db9e450bd5622da3f6eb62b0e2c3e364c4e?s=96&d=mm&r=g","contentUrl":"https:\/\/secure.gravatar.com\/avatar\/c8c795261f7f8547b22616a549577db9e450bd5622da3f6eb62b0e2c3e364c4e?s=96&d=mm&r=g","caption":"Reda\u00e7\u00e3o"},"sameAs":["http:\/\/www.economiasa.com.br"],"url":"https:\/\/economiasa.com.br\/blog\/author\/redacao\/"}]}},"authors":[{"term_id":13248,"user_id":47,"is_guest":0,"slug":"redacao","display_name":"Reda\u00e7\u00e3o","avatar_url":"https:\/\/secure.gravatar.com\/avatar\/c8c795261f7f8547b22616a549577db9e450bd5622da3f6eb62b0e2c3e364c4e?s=96&d=mm&r=g","author_category":"","first_name":"Reda\u00e7\u00e3o","last_name":"","user_url":"http:\/\/www.economiasa.com.br","job_title":"","description":""}],"amp_enabled":true,"_links":{"self":[{"href":"https:\/\/economiasa.com.br\/blog\/wp-json\/wp\/v2\/posts\/85034","targetHints":{"allow":["GET"]}}],"collection":[{"href":"https:\/\/economiasa.com.br\/blog\/wp-json\/wp\/v2\/posts"}],"about":[{"href":"https:\/\/economiasa.com.br\/blog\/wp-json\/wp\/v2\/types\/post"}],"author":[{"embeddable":true,"href":"https:\/\/economiasa.com.br\/blog\/wp-json\/wp\/v2\/users\/47"}],"replies":[{"embeddable":true,"href":"https:\/\/economiasa.com.br\/blog\/wp-json\/wp\/v2\/comments?post=85034"}],"version-history":[{"count":0,"href":"https:\/\/economiasa.com.br\/blog\/wp-json\/wp\/v2\/posts\/85034\/revisions"}],"wp:featuredmedia":[{"embeddable":true,"href":"https:\/\/economiasa.com.br\/blog\/wp-json\/wp\/v2\/media\/85035"}],"wp:attachment":[{"href":"https:\/\/economiasa.com.br\/blog\/wp-json\/wp\/v2\/media?parent=85034"}],"wp:term":[{"taxonomy":"category","embeddable":true,"href":"https:\/\/economiasa.com.br\/blog\/wp-json\/wp\/v2\/categories?post=85034"},{"taxonomy":"post_tag","embeddable":true,"href":"https:\/\/economiasa.com.br\/blog\/wp-json\/wp\/v2\/tags?post=85034"},{"taxonomy":"author","embeddable":true,"href":"https:\/\/economiasa.com.br\/blog\/wp-json\/wp\/v2\/ppma_author?post=85034"}],"curies":[{"name":"wp","href":"https:\/\/api.w.org\/{rel}","templated":true}]}}