{"id":85036,"date":"2026-09-02T20:22:39","date_gmt":"2026-09-02T23:22:39","guid":{"rendered":"https:\/\/economiasa.com.br\/blog\/?p=85036"},"modified":"2026-09-02T20:22:40","modified_gmt":"2026-09-02T23:22:40","slug":"a-nova-ofensiva-economica-dos-eua-contra-o-ira","status":"publish","type":"post","link":"https:\/\/economiasa.com.br\/blog\/a-nova-ofensiva-economica-dos-eua-contra-o-ira\/","title":{"rendered":"A nova ofensiva econ\u00f4mica dos EUA contra o Ir\u00e3"},"content":{"rendered":"\n<p class=\"wp-block-paragraph\"><em>Fernanda Brand\u00e3o, coordenadora do curso de Rela\u00e7\u00f5es Internacionais da Faculdade Presbiteriana Mackenzie Rio<\/em><\/p>\n\n\n\n<p class=\"wp-block-paragraph\">No dia 24 de agosto, os Estados Unidos anunciaram uma nova ofensiva contra o Ir\u00e3 diante do n\u00e3o alcance de um acordo com o pa\u00eds para p\u00f4r fim ao fechamento do Estreito de Ormuz e o fim do programa nuclear iraniano. As novas san\u00e7\u00f5es foram anunciadas pelo Secret\u00e1rio do Tesouro dos EUA, Scott Bessent. As medidas foram chamadas de Opera\u00e7\u00e3o Marginalizado Econ\u00f4mica (Operation Economic Outcast) e seu objetivo \u00e9 sufocar economicamente o Ir\u00e3 para que o pa\u00eds aceite os termos para um acordo proposto pelos EUA. O objetivo tamb\u00e9m envolve a poss\u00edvel queda do regime iraniano. Washington parece buscar resolver pelo endurecimento de san\u00e7\u00f5es econ\u00f4mica o que a press\u00e3o militar sobre o Ir\u00e3 n\u00e3o foi capaz de realizar desde os primeiros ataques em 2025.<\/p>\n\n\n\n<p class=\"wp-block-paragraph\">O Ir\u00e3 respondeu que n\u00e3o ceder\u00e1 \u00e0 press\u00e3o americana. O Ministro da Economia do pa\u00eds, Ali Madanizadeh, afirmou que o Ir\u00e3 possui mecanismos para contornar as san\u00e7\u00f5es impostas pelos Estados Unidos evitando o colapso da economia nacional. O governo iraniano tamb\u00e9m amea\u00e7ou retaliar contra todos os pa\u00edses que participarem das san\u00e7\u00f5es anunciadas pelos EUA. O Ir\u00e3 j\u00e1 sofre san\u00e7\u00f5es econ\u00f4micas de forma intermitente desde 1979, depois da Revolu\u00e7\u00e3o Iraniana e desde 2018, no primeiro governo Trump, o pa\u00eds se tornou alvo de san\u00e7\u00f5es econ\u00f4micas mais duras por conta do seu programa nuclear.<\/p>\n\n\n\n<p class=\"wp-block-paragraph\">As novas medidas incluem san\u00e7\u00f5es contra cinco novos setores como ativos digitais (criptomoedas), tecnologia, ouro, avia\u00e7\u00e3o e transporte mar\u00edtimo. As san\u00e7\u00f5es tamb\u00e9m incluem cerca de 60 alvos espec\u00edficos como indiv\u00edduos, entidades e navios em pa\u00edses como China, Emirados \u00c1rabes Unidos, Su\u00ed\u00e7a e Cingapura. Al\u00e9m dessas medidas, os Estados Unidos amea\u00e7aram cortar do sistema d\u00f3lar qualquer pa\u00eds ou institui\u00e7\u00e3o financeira que permane\u00e7a fazendo transa\u00e7\u00f5es com o Ir\u00e3, facilitando transa\u00e7\u00f5es financeiras do Ir\u00e3, lavando dinheiro iraniano ou comprando\/vendendo para o pa\u00eds. Tamb\u00e9m incluiu a suspens\u00e3o de licen\u00e7as de envio de recursos dos EUA para o Ir\u00e3 e que ainda permitiam acesso ao sistema educacional e cultural americano.<\/p>\n\n\n\n<p class=\"wp-block-paragraph\">O objetivo \u00e9 coibir parceiros que os EUA identificam como atores que contribuem para o desenvolvimento do programa de m\u00edsseis e para o programa nuclear iraniano, pa\u00edses e atores que continuam comprando petr\u00f3leo do pa\u00eds, restringir a atua\u00e7\u00e3o de uma \u201cfrota fantasma\u201d composta por navios que transportam de forma clandestina o petr\u00f3leo do Ir\u00e3 para pa\u00edses que continuam comprando o petr\u00f3leo iraniano. O governo americano afirma que existem redes complexas de empresas e atores que contribuem para o programa nuclear iraniano e para o desenvolvimento de m\u00edsseis exportando tecnologias de uso dual (civil e militar) e que continuam fornecendo recursos e tecnologia para o pa\u00eds apesar das san\u00e7\u00f5es impostas, escapando os controles de exporta\u00e7\u00e3o existentes. Por hora, institui\u00e7\u00f5es chinesas apontadas como facilitadoras de transa\u00e7\u00f5es com o Ir\u00e3 n\u00e3o foram inclu\u00eddas na lista de san\u00e7\u00f5es.<\/p>\n\n\n\n<p class=\"wp-block-paragraph\">O controle dos Estados Unidos sobre o sistema financeiro internacional centrado na hegemonia do d\u00f3lar, confere ao pa\u00eds influ\u00eancia desproporcional n\u00e3o apenas sobre as transa\u00e7\u00f5es internacionais mas sobre a infraestrutura do sistema financeiro internacional, como as principais organiza\u00e7\u00f5es, sistemas de pagamento e de cr\u00e9dito, permitindo que san\u00e7\u00f5es econ\u00f4micas aplicadas sobre o Ir\u00e3 sejam utilizadas como uma arma de coer\u00e7\u00e3o, a Bomba D\u00f3lar. Essa \u201carma\u201d s\u00f3 est\u00e1 dispon\u00edvel ao governo americano por conta da centralidade da sua moeda e do seu mercado na economia global. Essa preponder\u00e2ncia financeira e o controle sobre o mercado de capitais global contribu\u00edram para manter a domin\u00e2ncia americana global, reduzindo os custos de manuten\u00e7\u00e3o da ordem liberal internacional patrocinada pela lideran\u00e7a hegem\u00f4nica.<\/p>\n\n\n\n<p class=\"wp-block-paragraph\">Contudo, esse poder estrutural sobre o sistema financeiro internacional tem sido contestado, sobretudo pelos pa\u00edses emergentes desde a crise financeira de 2008-09 e das primeiras levas de imposi\u00e7\u00e3o de san\u00e7\u00f5es econ\u00f4micas sobre o Ir\u00e3 e sobre a R\u00fassia em 2012 e 2014, respectivamente. Ao aplicar essas san\u00e7\u00f5es, os EUA mostram o tamanho da sua preponder\u00e2ncia econ\u00f4mica, mas exp\u00f5em as vulnerabilidades de outros pa\u00edses em rela\u00e7\u00e3o \u00e0 pot\u00eancia hegem\u00f4nica. N\u00e3o \u00e0 toa, desde ent\u00e3o, h\u00e1 um esfor\u00e7o progressivo e sistem\u00e1tico por parte de diversos pa\u00edses do Sul Global, mas tamb\u00e9m de pa\u00edses desenvolvidos na Europa, de reduzir sua depend\u00eancia e sua vulnerabilidade em rela\u00e7\u00e3o ao d\u00f3lar americano. Esse esfor\u00e7o de desdolariza\u00e7\u00e3o tem resultado na redu\u00e7\u00e3o progressiva e gradual das reservas oficiais internacionais denominadas na moeda americana, no esfor\u00e7o de utiliza\u00e7\u00e3o de outras moedas nacionais para transa\u00e7\u00f5es bilaterais de com\u00e9rcio entre pa\u00edses que n\u00e3o envolvam os EUA (com destaque para a internacionaliza\u00e7\u00e3o da moeda Chinesa, o Renminbi).<\/p>\n\n\n\n<p class=\"wp-block-paragraph\">A tentativa de reduzir a depend\u00eancia da d\u00f3lar e do sistema financeiro centrado nos EUA tamb\u00e9m levou a cria\u00e7\u00e3o de mecanismos de transa\u00e7\u00f5es transfronteiri\u00e7os independentes do SWIFT (que n\u00e3o \u00e9 americano mas est\u00e1 sujeito \u00e0 influ\u00eancia dos EUA, cumprindo as determina\u00e7\u00f5es do governo americano de suspens\u00e3o de pa\u00edses sancionados como o Ir\u00e3 e as R\u00fassia), como o CIPS chin\u00eas e o SPFS russo, o fortalecimento de bandeiras de cr\u00e9dito nacionais em detrimento de empresas como Visa e Mastercard e at\u00e9 mesmo projetos de moedas digitais emitidas por bancos centrais nacionais que poderiam reduzir os custos de transa\u00e7\u00f5es transfronteiri\u00e7as e facilitar a realiza\u00e7\u00e3o de transa\u00e7\u00f5es entre parceiros econ\u00f4micos sem precisar recorrer ao d\u00f3lar americano.<\/p>\n\n\n\n<p class=\"wp-block-paragraph\">As san\u00e7\u00f5es impostas sobre o Ir\u00e3, podem ter os efeitos esperados no curto prazo. Contudo, o Ir\u00e3 possui uma rede de parceiros que continuam fazendo com\u00e9rcio com o pa\u00eds buscando assegurar acesso a recursos estrat\u00e9gicos como o petr\u00f3leo e que utilizam mecanismos financeiros pr\u00f3prios, como a China e a R\u00fassia. O uso cada vez mais coercitivo do d\u00f3lar e da influ\u00eancia americana sobre o sistema financeiro internacional acompanhado de uma postura cada vez mais err\u00e1tica dos Estados Unidos em rela\u00e7\u00e3o a seus parceiros e aliados, aumenta a desconfian\u00e7a em torno do pa\u00eds e contribui para a continuidade do esfor\u00e7o de dolariza\u00e7\u00e3o e de constru\u00e7\u00e3o de uma infraestrutura financeira que seja centrada no d\u00f3lar, no m\u00e9dio e longo prazo. Al\u00e9m disso, a continuidade do endurecimento das san\u00e7\u00f5es econ\u00f4micas sobre o Ir\u00e3 pode contribuir para acirrar as tens\u00f5es entre China e Estados Unidos, caso o governo americano opte por confrontar o apoio chin\u00eas ao Ir\u00e3 de forma direta.<\/p>\n","protected":false},"excerpt":{"rendered":"<p>Fernanda Brand\u00e3o, coordenadora do curso de Rela\u00e7\u00f5es Internacionais da Faculdade Presbiteriana Mackenzie Rio No dia 24 de agosto, os Estados Unidos anunciaram&#8230;<\/p>\n","protected":false},"author":47,"featured_media":85037,"comment_status":"closed","ping_status":"open","sticky":false,"template":"","format":"standard","meta":{"footnotes":""},"categories":[2017],"tags":[],"ppma_author":[13248],"class_list":["post-85036","post","type-post","status-publish","format-standard","has-post-thumbnail","category-informacoes"],"yoast_head":"<!-- This site is optimized with the Yoast SEO plugin v27.2 - https:\/\/yoast.com\/product\/yoast-seo-wordpress\/ -->\n<title>A nova ofensiva econ\u00f4mica dos EUA contra o Ir\u00e3 - Economia S\/A<\/title>\n<meta name=\"robots\" content=\"index, follow, max-snippet:-1, max-image-preview:large, max-video-preview:-1\" \/>\n<link rel=\"canonical\" href=\"https:\/\/economiasa.com.br\/blog\/a-nova-ofensiva-economica-dos-eua-contra-o-ira\/\" \/>\n<meta property=\"og:locale\" content=\"pt_BR\" \/>\n<meta property=\"og:type\" content=\"article\" \/>\n<meta property=\"og:title\" content=\"A nova ofensiva econ\u00f4mica dos EUA contra o Ir\u00e3 - Economia S\/A\" \/>\n<meta property=\"og:description\" content=\"Fernanda Brand\u00e3o, coordenadora do curso de Rela\u00e7\u00f5es Internacionais da Faculdade Presbiteriana Mackenzie Rio No dia 24 de agosto, os Estados Unidos anunciaram...\" \/>\n<meta property=\"og:url\" content=\"https:\/\/economiasa.com.br\/blog\/a-nova-ofensiva-economica-dos-eua-contra-o-ira\/\" \/>\n<meta property=\"og:site_name\" content=\"Economia S\/A\" \/>\n<meta property=\"article:published_time\" content=\"2026-09-02T23:22:39+00:00\" \/>\n<meta property=\"article:modified_time\" content=\"2026-09-02T23:22:40+00:00\" \/>\n<meta property=\"og:image\" content=\"https:\/\/economiasa.com.br\/blog\/wp-content\/uploads\/2026\/09\/Fernanda-Brandao-foto-cortada.jpg\" \/>\n\t<meta property=\"og:image:width\" content=\"960\" \/>\n\t<meta property=\"og:image:height\" content=\"540\" \/>\n\t<meta property=\"og:image:type\" content=\"image\/jpeg\" \/>\n<meta name=\"author\" content=\"Reda\u00e7\u00e3o\" \/>\n<meta name=\"twitter:card\" content=\"summary_large_image\" \/>\n<meta name=\"twitter:label1\" content=\"Escrito por\" \/>\n\t<meta name=\"twitter:data1\" content=\"Reda\u00e7\u00e3o\" \/>\n\t<meta name=\"twitter:label2\" content=\"Est. tempo de leitura\" \/>\n\t<meta name=\"twitter:data2\" content=\"6 minutos\" \/>\n<script type=\"application\/ld+json\" class=\"yoast-schema-graph\">{\"@context\":\"https:\/\/schema.org\",\"@graph\":[{\"@type\":\"Article\",\"@id\":\"https:\/\/economiasa.com.br\/blog\/a-nova-ofensiva-economica-dos-eua-contra-o-ira\/#article\",\"isPartOf\":{\"@id\":\"https:\/\/economiasa.com.br\/blog\/a-nova-ofensiva-economica-dos-eua-contra-o-ira\/\"},\"author\":{\"name\":\"Reda\u00e7\u00e3o\",\"@id\":\"https:\/\/economiasa.com.br\/blog\/#\/schema\/person\/14b8ac2dc25bd63b52bc54e845fa3923\"},\"headline\":\"A nova ofensiva econ\u00f4mica dos EUA contra o Ir\u00e3\",\"datePublished\":\"2026-09-02T23:22:39+00:00\",\"dateModified\":\"2026-09-02T23:22:40+00:00\",\"mainEntityOfPage\":{\"@id\":\"https:\/\/economiasa.com.br\/blog\/a-nova-ofensiva-economica-dos-eua-contra-o-ira\/\"},\"wordCount\":1167,\"image\":{\"@id\":\"https:\/\/economiasa.com.br\/blog\/a-nova-ofensiva-economica-dos-eua-contra-o-ira\/#primaryimage\"},\"thumbnailUrl\":\"https:\/\/economiasa.com.br\/blog\/wp-content\/uploads\/2026\/09\/Fernanda-Brandao-foto-cortada.jpg\",\"articleSection\":[\"Informa\u00e7\u00f5es\"],\"inLanguage\":\"pt-BR\"},{\"@type\":\"WebPage\",\"@id\":\"https:\/\/economiasa.com.br\/blog\/a-nova-ofensiva-economica-dos-eua-contra-o-ira\/\",\"url\":\"https:\/\/economiasa.com.br\/blog\/a-nova-ofensiva-economica-dos-eua-contra-o-ira\/\",\"name\":\"A nova ofensiva econ\u00f4mica dos EUA contra o Ir\u00e3 - Economia S\/A\",\"isPartOf\":{\"@id\":\"https:\/\/economiasa.com.br\/blog\/#website\"},\"primaryImageOfPage\":{\"@id\":\"https:\/\/economiasa.com.br\/blog\/a-nova-ofensiva-economica-dos-eua-contra-o-ira\/#primaryimage\"},\"image\":{\"@id\":\"https:\/\/economiasa.com.br\/blog\/a-nova-ofensiva-economica-dos-eua-contra-o-ira\/#primaryimage\"},\"thumbnailUrl\":\"https:\/\/economiasa.com.br\/blog\/wp-content\/uploads\/2026\/09\/Fernanda-Brandao-foto-cortada.jpg\",\"datePublished\":\"2026-09-02T23:22:39+00:00\",\"dateModified\":\"2026-09-02T23:22:40+00:00\",\"author\":{\"@id\":\"https:\/\/economiasa.com.br\/blog\/#\/schema\/person\/14b8ac2dc25bd63b52bc54e845fa3923\"},\"breadcrumb\":{\"@id\":\"https:\/\/economiasa.com.br\/blog\/a-nova-ofensiva-economica-dos-eua-contra-o-ira\/#breadcrumb\"},\"inLanguage\":\"pt-BR\",\"potentialAction\":[{\"@type\":\"ReadAction\",\"target\":[\"https:\/\/economiasa.com.br\/blog\/a-nova-ofensiva-economica-dos-eua-contra-o-ira\/\"]}]},{\"@type\":\"ImageObject\",\"inLanguage\":\"pt-BR\",\"@id\":\"https:\/\/economiasa.com.br\/blog\/a-nova-ofensiva-economica-dos-eua-contra-o-ira\/#primaryimage\",\"url\":\"https:\/\/economiasa.com.br\/blog\/wp-content\/uploads\/2026\/09\/Fernanda-Brandao-foto-cortada.jpg\",\"contentUrl\":\"https:\/\/economiasa.com.br\/blog\/wp-content\/uploads\/2026\/09\/Fernanda-Brandao-foto-cortada.jpg\",\"width\":960,\"height\":540,\"caption\":\"Fernanda Brandao-Cr\u00e9ditos da foto: Divulga\u00e7\u00e3o\"},{\"@type\":\"BreadcrumbList\",\"@id\":\"https:\/\/economiasa.com.br\/blog\/a-nova-ofensiva-economica-dos-eua-contra-o-ira\/#breadcrumb\",\"itemListElement\":[{\"@type\":\"ListItem\",\"position\":1,\"name\":\"In\u00edcio\",\"item\":\"https:\/\/economiasa.com.br\/blog\/\"},{\"@type\":\"ListItem\",\"position\":2,\"name\":\"A nova ofensiva econ\u00f4mica dos EUA contra o Ir\u00e3\"}]},{\"@type\":\"WebSite\",\"@id\":\"https:\/\/economiasa.com.br\/blog\/#website\",\"url\":\"https:\/\/economiasa.com.br\/blog\/\",\"name\":\"Economia S\/A\",\"description\":\"Ler faz bem para os neg\u00f3cios\",\"potentialAction\":[{\"@type\":\"SearchAction\",\"target\":{\"@type\":\"EntryPoint\",\"urlTemplate\":\"https:\/\/economiasa.com.br\/blog\/?s={search_term_string}\"},\"query-input\":{\"@type\":\"PropertyValueSpecification\",\"valueRequired\":true,\"valueName\":\"search_term_string\"}}],\"inLanguage\":\"pt-BR\"},{\"@type\":\"Person\",\"@id\":\"https:\/\/economiasa.com.br\/blog\/#\/schema\/person\/14b8ac2dc25bd63b52bc54e845fa3923\",\"name\":\"Reda\u00e7\u00e3o\",\"image\":{\"@type\":\"ImageObject\",\"inLanguage\":\"pt-BR\",\"@id\":\"https:\/\/secure.gravatar.com\/avatar\/c8c795261f7f8547b22616a549577db9e450bd5622da3f6eb62b0e2c3e364c4e?s=96&d=mm&r=g0fb5212bc57e2287787936667fbbe0ff\",\"url\":\"https:\/\/secure.gravatar.com\/avatar\/c8c795261f7f8547b22616a549577db9e450bd5622da3f6eb62b0e2c3e364c4e?s=96&d=mm&r=g\",\"contentUrl\":\"https:\/\/secure.gravatar.com\/avatar\/c8c795261f7f8547b22616a549577db9e450bd5622da3f6eb62b0e2c3e364c4e?s=96&d=mm&r=g\",\"caption\":\"Reda\u00e7\u00e3o\"},\"sameAs\":[\"http:\/\/www.economiasa.com.br\"],\"url\":\"https:\/\/economiasa.com.br\/blog\/author\/redacao\/\"}]}<\/script>\n<!-- \/ Yoast SEO plugin. -->","yoast_head_json":{"title":"A nova ofensiva econ\u00f4mica dos EUA contra o Ir\u00e3 - Economia S\/A","robots":{"index":"index","follow":"follow","max-snippet":"max-snippet:-1","max-image-preview":"max-image-preview:large","max-video-preview":"max-video-preview:-1"},"canonical":"https:\/\/economiasa.com.br\/blog\/a-nova-ofensiva-economica-dos-eua-contra-o-ira\/","og_locale":"pt_BR","og_type":"article","og_title":"A nova ofensiva econ\u00f4mica dos EUA contra o Ir\u00e3 - Economia S\/A","og_description":"Fernanda Brand\u00e3o, coordenadora do curso de Rela\u00e7\u00f5es Internacionais da Faculdade Presbiteriana Mackenzie Rio No dia 24 de agosto, os Estados Unidos anunciaram...","og_url":"https:\/\/economiasa.com.br\/blog\/a-nova-ofensiva-economica-dos-eua-contra-o-ira\/","og_site_name":"Economia S\/A","article_published_time":"2026-09-02T23:22:39+00:00","article_modified_time":"2026-09-02T23:22:40+00:00","og_image":[{"width":960,"height":540,"url":"https:\/\/economiasa.com.br\/blog\/wp-content\/uploads\/2026\/09\/Fernanda-Brandao-foto-cortada.jpg","type":"image\/jpeg"}],"author":"Reda\u00e7\u00e3o","twitter_card":"summary_large_image","twitter_misc":{"Escrito por":"Reda\u00e7\u00e3o","Est. tempo de leitura":"6 minutos"},"schema":{"@context":"https:\/\/schema.org","@graph":[{"@type":"Article","@id":"https:\/\/economiasa.com.br\/blog\/a-nova-ofensiva-economica-dos-eua-contra-o-ira\/#article","isPartOf":{"@id":"https:\/\/economiasa.com.br\/blog\/a-nova-ofensiva-economica-dos-eua-contra-o-ira\/"},"author":{"name":"Reda\u00e7\u00e3o","@id":"https:\/\/economiasa.com.br\/blog\/#\/schema\/person\/14b8ac2dc25bd63b52bc54e845fa3923"},"headline":"A nova ofensiva econ\u00f4mica dos EUA contra o Ir\u00e3","datePublished":"2026-09-02T23:22:39+00:00","dateModified":"2026-09-02T23:22:40+00:00","mainEntityOfPage":{"@id":"https:\/\/economiasa.com.br\/blog\/a-nova-ofensiva-economica-dos-eua-contra-o-ira\/"},"wordCount":1167,"image":{"@id":"https:\/\/economiasa.com.br\/blog\/a-nova-ofensiva-economica-dos-eua-contra-o-ira\/#primaryimage"},"thumbnailUrl":"https:\/\/economiasa.com.br\/blog\/wp-content\/uploads\/2026\/09\/Fernanda-Brandao-foto-cortada.jpg","articleSection":["Informa\u00e7\u00f5es"],"inLanguage":"pt-BR"},{"@type":"WebPage","@id":"https:\/\/economiasa.com.br\/blog\/a-nova-ofensiva-economica-dos-eua-contra-o-ira\/","url":"https:\/\/economiasa.com.br\/blog\/a-nova-ofensiva-economica-dos-eua-contra-o-ira\/","name":"A nova ofensiva econ\u00f4mica dos EUA contra o Ir\u00e3 - Economia S\/A","isPartOf":{"@id":"https:\/\/economiasa.com.br\/blog\/#website"},"primaryImageOfPage":{"@id":"https:\/\/economiasa.com.br\/blog\/a-nova-ofensiva-economica-dos-eua-contra-o-ira\/#primaryimage"},"image":{"@id":"https:\/\/economiasa.com.br\/blog\/a-nova-ofensiva-economica-dos-eua-contra-o-ira\/#primaryimage"},"thumbnailUrl":"https:\/\/economiasa.com.br\/blog\/wp-content\/uploads\/2026\/09\/Fernanda-Brandao-foto-cortada.jpg","datePublished":"2026-09-02T23:22:39+00:00","dateModified":"2026-09-02T23:22:40+00:00","author":{"@id":"https:\/\/economiasa.com.br\/blog\/#\/schema\/person\/14b8ac2dc25bd63b52bc54e845fa3923"},"breadcrumb":{"@id":"https:\/\/economiasa.com.br\/blog\/a-nova-ofensiva-economica-dos-eua-contra-o-ira\/#breadcrumb"},"inLanguage":"pt-BR","potentialAction":[{"@type":"ReadAction","target":["https:\/\/economiasa.com.br\/blog\/a-nova-ofensiva-economica-dos-eua-contra-o-ira\/"]}]},{"@type":"ImageObject","inLanguage":"pt-BR","@id":"https:\/\/economiasa.com.br\/blog\/a-nova-ofensiva-economica-dos-eua-contra-o-ira\/#primaryimage","url":"https:\/\/economiasa.com.br\/blog\/wp-content\/uploads\/2026\/09\/Fernanda-Brandao-foto-cortada.jpg","contentUrl":"https:\/\/economiasa.com.br\/blog\/wp-content\/uploads\/2026\/09\/Fernanda-Brandao-foto-cortada.jpg","width":960,"height":540,"caption":"Fernanda Brandao-Cr\u00e9ditos da foto: Divulga\u00e7\u00e3o"},{"@type":"BreadcrumbList","@id":"https:\/\/economiasa.com.br\/blog\/a-nova-ofensiva-economica-dos-eua-contra-o-ira\/#breadcrumb","itemListElement":[{"@type":"ListItem","position":1,"name":"In\u00edcio","item":"https:\/\/economiasa.com.br\/blog\/"},{"@type":"ListItem","position":2,"name":"A nova ofensiva econ\u00f4mica dos EUA contra o Ir\u00e3"}]},{"@type":"WebSite","@id":"https:\/\/economiasa.com.br\/blog\/#website","url":"https:\/\/economiasa.com.br\/blog\/","name":"Economia S\/A","description":"Ler faz bem para os neg\u00f3cios","potentialAction":[{"@type":"SearchAction","target":{"@type":"EntryPoint","urlTemplate":"https:\/\/economiasa.com.br\/blog\/?s={search_term_string}"},"query-input":{"@type":"PropertyValueSpecification","valueRequired":true,"valueName":"search_term_string"}}],"inLanguage":"pt-BR"},{"@type":"Person","@id":"https:\/\/economiasa.com.br\/blog\/#\/schema\/person\/14b8ac2dc25bd63b52bc54e845fa3923","name":"Reda\u00e7\u00e3o","image":{"@type":"ImageObject","inLanguage":"pt-BR","@id":"https:\/\/secure.gravatar.com\/avatar\/c8c795261f7f8547b22616a549577db9e450bd5622da3f6eb62b0e2c3e364c4e?s=96&d=mm&r=g0fb5212bc57e2287787936667fbbe0ff","url":"https:\/\/secure.gravatar.com\/avatar\/c8c795261f7f8547b22616a549577db9e450bd5622da3f6eb62b0e2c3e364c4e?s=96&d=mm&r=g","contentUrl":"https:\/\/secure.gravatar.com\/avatar\/c8c795261f7f8547b22616a549577db9e450bd5622da3f6eb62b0e2c3e364c4e?s=96&d=mm&r=g","caption":"Reda\u00e7\u00e3o"},"sameAs":["http:\/\/www.economiasa.com.br"],"url":"https:\/\/economiasa.com.br\/blog\/author\/redacao\/"}]}},"authors":[{"term_id":13248,"user_id":47,"is_guest":0,"slug":"redacao","display_name":"Reda\u00e7\u00e3o","avatar_url":"https:\/\/secure.gravatar.com\/avatar\/c8c795261f7f8547b22616a549577db9e450bd5622da3f6eb62b0e2c3e364c4e?s=96&d=mm&r=g","author_category":"","first_name":"Reda\u00e7\u00e3o","last_name":"","user_url":"http:\/\/www.economiasa.com.br","job_title":"","description":""}],"amp_enabled":true,"_links":{"self":[{"href":"https:\/\/economiasa.com.br\/blog\/wp-json\/wp\/v2\/posts\/85036","targetHints":{"allow":["GET"]}}],"collection":[{"href":"https:\/\/economiasa.com.br\/blog\/wp-json\/wp\/v2\/posts"}],"about":[{"href":"https:\/\/economiasa.com.br\/blog\/wp-json\/wp\/v2\/types\/post"}],"author":[{"embeddable":true,"href":"https:\/\/economiasa.com.br\/blog\/wp-json\/wp\/v2\/users\/47"}],"replies":[{"embeddable":true,"href":"https:\/\/economiasa.com.br\/blog\/wp-json\/wp\/v2\/comments?post=85036"}],"version-history":[{"count":0,"href":"https:\/\/economiasa.com.br\/blog\/wp-json\/wp\/v2\/posts\/85036\/revisions"}],"wp:featuredmedia":[{"embeddable":true,"href":"https:\/\/economiasa.com.br\/blog\/wp-json\/wp\/v2\/media\/85037"}],"wp:attachment":[{"href":"https:\/\/economiasa.com.br\/blog\/wp-json\/wp\/v2\/media?parent=85036"}],"wp:term":[{"taxonomy":"category","embeddable":true,"href":"https:\/\/economiasa.com.br\/blog\/wp-json\/wp\/v2\/categories?post=85036"},{"taxonomy":"post_tag","embeddable":true,"href":"https:\/\/economiasa.com.br\/blog\/wp-json\/wp\/v2\/tags?post=85036"},{"taxonomy":"author","embeddable":true,"href":"https:\/\/economiasa.com.br\/blog\/wp-json\/wp\/v2\/ppma_author?post=85036"}],"curies":[{"name":"wp","href":"https:\/\/api.w.org\/{rel}","templated":true}]}}