{"id":85042,"date":"2026-09-02T20:47:54","date_gmt":"2026-09-02T23:47:54","guid":{"rendered":"https:\/\/economiasa.com.br\/blog\/?p=85042"},"modified":"2026-09-02T20:47:55","modified_gmt":"2026-09-02T23:47:55","slug":"festival-de-violas-repentes-e-cordeis-promove-encontro-entre-moreira-do-acopiara-com-o-repentista-antonio-costa-dia-07-09-em-sao-paulo","status":"publish","type":"post","link":"https:\/\/economiasa.com.br\/blog\/festival-de-violas-repentes-e-cordeis-promove-encontro-entre-moreira-do-acopiara-com-o-repentista-antonio-costa-dia-07-09-em-sao-paulo\/","title":{"rendered":"Festival de Violas, Repentes e Cord\u00e9is promove encontro entre Moreira do Acopiara com o repentista Ant\u00f4nio Costa dia 07\/09\u00a0 em S\u00e3o Paulo"},"content":{"rendered":"\n<p class=\"wp-block-paragraph\"><em>Bate-papo seguido de recital ser\u00e1 na sede da Ucran\u00a0 e tamb\u00e9m ter\u00e1 participa\u00e7\u00e3o de Titico Caetano e convidados\u00a0<\/em><\/p>\n\n\n\n<p class=\"wp-block-paragraph\">O\u00a0<strong>Festival de Violas, Repentes e Cord\u00e9is<\/strong>\u00a0e a\u00a0<strong>Uni\u00e3o dos Cordelistas, Repentistas e Apologistas do Nordeste (UCRAN)<\/strong>\u00a0promovem na pr\u00f3xima segunda-feira (07\/09), \u00e0s 14h, um encontro especial com bate-papo e recital com participa\u00e7\u00e3o do\u00a0<strong>poeta Moreira do Acopiara e dos repentistas Ant\u00f4nio Costa e Titico Caetano.\u00a0<\/strong>O evento gratuito ser\u00e1 na sede de Ucran\u00a0<em>(Rua Teixeira Leite, 263, na regi\u00e3o da Baixada do Glic\u00e9rio \/ Liberdade), em S\u00e3o Paulo<\/em>.<\/p>\n\n\n\n<p class=\"wp-block-paragraph\">O escritor, poeta e cordelista Moreira de Acopiara,\u00a0coordenador geral do projeto\u00a0<strong>Festival de Violas, Repentes e Cord\u00e9is,\u00a0<\/strong>explica que\u00a0Ant\u00f4nio\u00a0Costa foi um dos melhores amigos do ilustre escritor, poeta, cordelista, violeiro e repentista Sebasti\u00e3o Marinho (1948-2024), paraibano que radicou-se em S\u00e3o Paulo e foi um importante artista com ampla atua\u00e7\u00e3o na cultura popular. Na literatura de cordel criou t\u00edtulos fundamentais, adaptando obras cl\u00e1ssicas, entre elas Romeu e Julieta, de Willian Shakespeare. Foi presidente-fundador da UCRAN \u2013 Uni\u00e3o dos Cantadores, Repentistas e Apologistas do Nordeste.<\/p>\n\n\n\n<p class=\"wp-block-paragraph\">\u201cAnt\u00f4nio Costa vir\u00e1 da Para\u00edba para S\u00e3o Paulo onde participar\u00e1 da inaugura\u00e7\u00e3o da Cordelteca Sebasti\u00e3o Marinho, em 05 de setembro. Aproveitando a vinda dele na cidade, convidamos ele para estar na Ucran na segunda-feira (07\/09) quando faremos uma cantoria tradicional com recital, intercalando cantoria com declama\u00e7\u00e3o. Convidaremos o repentista Titico Caetano, frequentadores da Ucran e todos que nos acompanham. Ser\u00e1 uma festa bem bonita\u201d, afirma Moreira.\u00a0<\/p>\n\n\n\n<p class=\"wp-block-paragraph\"><strong>\u00a0O Festival<\/strong><\/p>\n\n\n\n<p class=\"wp-block-paragraph\">Com produ\u00e7\u00e3o do\u00a0<strong>Projeto Violas Brasileiras<\/strong>\u00a0e apresenta\u00e7\u00e3o de\u00a0<strong>Moreira de Acopiara,<\/strong>\u00a0este ser\u00e1 o d\u00e9cimo primeiro encontro promovido pelo projeto\u00a0<strong>Festival de Violas, Repentes e Cord\u00e9is<\/strong>, iniciado em fevereiro deste ano, em S\u00e3o Paulo, em parceria com a\u00a0<strong>UCRAN<\/strong>.\u00a0<\/p>\n\n\n\n<p class=\"wp-block-paragraph\">\u201c\u00c9 uma honra para n\u00f3s participarmos de um projeto que leva cultura nordestina para espa\u00e7os variados e para todas as idades com uma programa\u00e7\u00e3o diversificada promovendo o encontro de grandes mestres com as novas gera\u00e7\u00f5es e v\u00e1rias localidades\u201d, declara J\u00falio Jos\u00e9, coordenador do Projeto Violas Brasileiras e diretor de produ\u00e7\u00e3o art\u00edstica do\u00a0<strong>Festival de Violas, Repentes e Cord\u00e9is<\/strong>.\u00a0<\/p>\n\n\n\n<p class=\"wp-block-paragraph\"><strong>A UCRAN<\/strong><\/p>\n\n\n\n<p class=\"wp-block-paragraph\">A UCRAN \u00e9 uma entidade cultural fundada no dia 30 de maio de 1998, na Baixada do Glic\u00e9rio, em S\u00e3o Paulo, que agrega os cantadores, repentistas, violeiros, emboladores, os cordelistas e apoiadores. \u201cS\u00e3o os poetas que trabalham com a palavra atrav\u00e9s do apoio\u201d, explica Acopiara.<\/p>\n\n\n\n<p class=\"wp-block-paragraph\"><strong>Moreira de Acopiara<\/strong><\/p>\n\n\n\n<p class=\"wp-block-paragraph\">Moreira de Acopiara \u00e9 escritor, poeta e cordelista, tem 38 livros publicados voltado para a cultura popular e mais de 400 cord\u00e9is. \u201cTenho trabalhado especialmente\u00a0 na educa\u00e7\u00e3o e o canga\u00e7o que s\u00e3o minhas paix\u00f5es\u201d, declara.\u00a0<\/p>\n\n\n\n<p class=\"wp-block-paragraph\"><strong>O Festival<\/strong><\/p>\n\n\n\n<p class=\"wp-block-paragraph\">O Festival de Violas, Repentes e Cord\u00e9is, coordenado por Moreira de Acopiara e produzido pela Projeto Violas Brasileiras, \u00e9 um projeto cultural inovador que prop\u00f5e uma celebra\u00e7\u00e3o de seis meses da cultura popular brasileira, conectando tradi\u00e7\u00e3o ancestral e modernidade tecnol\u00f3gica.\u00a0 O Festival representa um marco na preserva\u00e7\u00e3o e difus\u00e3o das manifesta\u00e7\u00f5es culturais nordestinas, criando pontes entre gera\u00e7\u00f5es atrav\u00e9s de apresenta\u00e7\u00f5es presenciais e plataformas digitais. O projeto combina a experi\u00eancia secular da UCRAN com metodologias contempor\u00e2neas de produ\u00e7\u00e3o cultural, garantindo autenticidade art\u00edstica e alcance ampliado. Saiba mais em\u00a0<a href=\"https:\/\/www.instagram.com\/fest_violas_repentes_cordeis\/\" target=\"_blank\" rel=\"noreferrer noopener\">https:\/\/www.instagram.com\/fest_violas_repentes_cordeis\/\u00a0<\/a><\/p>\n\n\n\n<p class=\"wp-block-paragraph\"><strong>Servi\u00e7o:<\/strong><br><strong>Festival de Violas, Repentes e Cord\u00e9is<\/strong><br><strong>Data:<\/strong>\u00a0Segunda-feira (07\/09)<br><strong>Hor\u00e1rio:<\/strong>\u00a014h<br><strong>Local:<\/strong>\u00a0Ucran<strong>\u00a0\u2013\u00a0<\/strong><em>(Rua Teixeira Leite, 263, na regi\u00e3o da Baixada do Glic\u00e9rio \/ Liberdade, S\u00e3o Paulo \u2013 SP<\/em>).<br><strong>Realiza\u00e7\u00e3o:<\/strong>\u00a0Ucran, Festival de Violas, Repentes e Cord\u00e9is e\u00a0Projeto Violas Brasileiras<\/p>\n","protected":false},"excerpt":{"rendered":"<p>Bate-papo seguido de recital ser\u00e1 na sede da Ucran\u00a0 e tamb\u00e9m ter\u00e1 participa\u00e7\u00e3o de Titico Caetano e convidados\u00a0 O\u00a0Festival de Violas, Repentes&#8230;<\/p>\n","protected":false},"author":47,"featured_media":85043,"comment_status":"closed","ping_status":"open","sticky":false,"template":"","format":"standard","meta":{"footnotes":""},"categories":[1973],"tags":[],"ppma_author":[13248],"class_list":["post-85042","post","type-post","status-publish","format-standard","has-post-thumbnail","category-eventos"],"yoast_head":"<!-- This site is optimized with the Yoast SEO plugin v27.2 - https:\/\/yoast.com\/product\/yoast-seo-wordpress\/ -->\n<title>Festival de Violas, Repentes e Cord\u00e9is promove encontro entre Moreira do Acopiara com o repentista Ant\u00f4nio Costa dia 07\/09\u00a0 em S\u00e3o Paulo - Economia S\/A<\/title>\n<meta name=\"robots\" content=\"index, follow, max-snippet:-1, max-image-preview:large, max-video-preview:-1\" \/>\n<link rel=\"canonical\" href=\"https:\/\/economiasa.com.br\/blog\/festival-de-violas-repentes-e-cordeis-promove-encontro-entre-moreira-do-acopiara-com-o-repentista-antonio-costa-dia-07-09-em-sao-paulo\/\" \/>\n<meta property=\"og:locale\" content=\"pt_BR\" \/>\n<meta property=\"og:type\" content=\"article\" \/>\n<meta property=\"og:title\" content=\"Festival de Violas, Repentes e Cord\u00e9is promove encontro entre Moreira do Acopiara com o repentista Ant\u00f4nio Costa dia 07\/09\u00a0 em S\u00e3o Paulo - Economia S\/A\" \/>\n<meta property=\"og:description\" content=\"Bate-papo seguido de recital ser\u00e1 na sede da Ucran\u00a0 e tamb\u00e9m ter\u00e1 participa\u00e7\u00e3o de Titico Caetano e convidados\u00a0 O\u00a0Festival de Violas, Repentes...\" \/>\n<meta property=\"og:url\" content=\"https:\/\/economiasa.com.br\/blog\/festival-de-violas-repentes-e-cordeis-promove-encontro-entre-moreira-do-acopiara-com-o-repentista-antonio-costa-dia-07-09-em-sao-paulo\/\" \/>\n<meta property=\"og:site_name\" content=\"Economia S\/A\" \/>\n<meta property=\"article:published_time\" content=\"2026-09-02T23:47:54+00:00\" \/>\n<meta property=\"article:modified_time\" content=\"2026-09-02T23:47:55+00:00\" \/>\n<meta property=\"og:image\" content=\"https:\/\/economiasa.com.br\/blog\/wp-content\/uploads\/2026\/09\/Festival-de-Cantadores-e-Repentistas-do-Nordeste-teve-primeira-edicao-dia-11-de-abril-na-sede-Ucran.docx.jpg\" \/>\n\t<meta property=\"og:image:width\" content=\"1600\" \/>\n\t<meta property=\"og:image:height\" content=\"1200\" \/>\n\t<meta property=\"og:image:type\" content=\"image\/jpeg\" \/>\n<meta name=\"author\" content=\"Reda\u00e7\u00e3o\" \/>\n<meta name=\"twitter:card\" content=\"summary_large_image\" \/>\n<meta name=\"twitter:label1\" content=\"Escrito por\" \/>\n\t<meta name=\"twitter:data1\" content=\"Reda\u00e7\u00e3o\" \/>\n\t<meta name=\"twitter:label2\" content=\"Est. tempo de leitura\" \/>\n\t<meta name=\"twitter:data2\" content=\"4 minutos\" \/>\n<script type=\"application\/ld+json\" class=\"yoast-schema-graph\">{\"@context\":\"https:\/\/schema.org\",\"@graph\":[{\"@type\":\"Article\",\"@id\":\"https:\/\/economiasa.com.br\/blog\/festival-de-violas-repentes-e-cordeis-promove-encontro-entre-moreira-do-acopiara-com-o-repentista-antonio-costa-dia-07-09-em-sao-paulo\/#article\",\"isPartOf\":{\"@id\":\"https:\/\/economiasa.com.br\/blog\/festival-de-violas-repentes-e-cordeis-promove-encontro-entre-moreira-do-acopiara-com-o-repentista-antonio-costa-dia-07-09-em-sao-paulo\/\"},\"author\":{\"name\":\"Reda\u00e7\u00e3o\",\"@id\":\"https:\/\/economiasa.com.br\/blog\/#\/schema\/person\/14b8ac2dc25bd63b52bc54e845fa3923\"},\"headline\":\"Festival de Violas, Repentes e Cord\u00e9is promove encontro entre Moreira do Acopiara com o repentista Ant\u00f4nio Costa dia 07\/09\u00a0 em S\u00e3o Paulo\",\"datePublished\":\"2026-09-02T23:47:54+00:00\",\"dateModified\":\"2026-09-02T23:47:55+00:00\",\"mainEntityOfPage\":{\"@id\":\"https:\/\/economiasa.com.br\/blog\/festival-de-violas-repentes-e-cordeis-promove-encontro-entre-moreira-do-acopiara-com-o-repentista-antonio-costa-dia-07-09-em-sao-paulo\/\"},\"wordCount\":679,\"image\":{\"@id\":\"https:\/\/economiasa.com.br\/blog\/festival-de-violas-repentes-e-cordeis-promove-encontro-entre-moreira-do-acopiara-com-o-repentista-antonio-costa-dia-07-09-em-sao-paulo\/#primaryimage\"},\"thumbnailUrl\":\"https:\/\/economiasa.com.br\/blog\/wp-content\/uploads\/2026\/09\/Festival-de-Cantadores-e-Repentistas-do-Nordeste-teve-primeira-edicao-dia-11-de-abril-na-sede-Ucran.docx.jpg\",\"articleSection\":[\"Eventos\"],\"inLanguage\":\"pt-BR\"},{\"@type\":\"WebPage\",\"@id\":\"https:\/\/economiasa.com.br\/blog\/festival-de-violas-repentes-e-cordeis-promove-encontro-entre-moreira-do-acopiara-com-o-repentista-antonio-costa-dia-07-09-em-sao-paulo\/\",\"url\":\"https:\/\/economiasa.com.br\/blog\/festival-de-violas-repentes-e-cordeis-promove-encontro-entre-moreira-do-acopiara-com-o-repentista-antonio-costa-dia-07-09-em-sao-paulo\/\",\"name\":\"Festival de Violas, Repentes e Cord\u00e9is promove encontro entre Moreira do Acopiara com o repentista Ant\u00f4nio Costa dia 07\/09\u00a0 em S\u00e3o Paulo - Economia S\/A\",\"isPartOf\":{\"@id\":\"https:\/\/economiasa.com.br\/blog\/#website\"},\"primaryImageOfPage\":{\"@id\":\"https:\/\/economiasa.com.br\/blog\/festival-de-violas-repentes-e-cordeis-promove-encontro-entre-moreira-do-acopiara-com-o-repentista-antonio-costa-dia-07-09-em-sao-paulo\/#primaryimage\"},\"image\":{\"@id\":\"https:\/\/economiasa.com.br\/blog\/festival-de-violas-repentes-e-cordeis-promove-encontro-entre-moreira-do-acopiara-com-o-repentista-antonio-costa-dia-07-09-em-sao-paulo\/#primaryimage\"},\"thumbnailUrl\":\"https:\/\/economiasa.com.br\/blog\/wp-content\/uploads\/2026\/09\/Festival-de-Cantadores-e-Repentistas-do-Nordeste-teve-primeira-edicao-dia-11-de-abril-na-sede-Ucran.docx.jpg\",\"datePublished\":\"2026-09-02T23:47:54+00:00\",\"dateModified\":\"2026-09-02T23:47:55+00:00\",\"author\":{\"@id\":\"https:\/\/economiasa.com.br\/blog\/#\/schema\/person\/14b8ac2dc25bd63b52bc54e845fa3923\"},\"breadcrumb\":{\"@id\":\"https:\/\/economiasa.com.br\/blog\/festival-de-violas-repentes-e-cordeis-promove-encontro-entre-moreira-do-acopiara-com-o-repentista-antonio-costa-dia-07-09-em-sao-paulo\/#breadcrumb\"},\"inLanguage\":\"pt-BR\",\"potentialAction\":[{\"@type\":\"ReadAction\",\"target\":[\"https:\/\/economiasa.com.br\/blog\/festival-de-violas-repentes-e-cordeis-promove-encontro-entre-moreira-do-acopiara-com-o-repentista-antonio-costa-dia-07-09-em-sao-paulo\/\"]}]},{\"@type\":\"ImageObject\",\"inLanguage\":\"pt-BR\",\"@id\":\"https:\/\/economiasa.com.br\/blog\/festival-de-violas-repentes-e-cordeis-promove-encontro-entre-moreira-do-acopiara-com-o-repentista-antonio-costa-dia-07-09-em-sao-paulo\/#primaryimage\",\"url\":\"https:\/\/economiasa.com.br\/blog\/wp-content\/uploads\/2026\/09\/Festival-de-Cantadores-e-Repentistas-do-Nordeste-teve-primeira-edicao-dia-11-de-abril-na-sede-Ucran.docx.jpg\",\"contentUrl\":\"https:\/\/economiasa.com.br\/blog\/wp-content\/uploads\/2026\/09\/Festival-de-Cantadores-e-Repentistas-do-Nordeste-teve-primeira-edicao-dia-11-de-abril-na-sede-Ucran.docx.jpg\",\"width\":1600,\"height\":1200,\"caption\":\"Cr\u00e9ditos da foto: Divulga\u00e7\u00e3o\"},{\"@type\":\"BreadcrumbList\",\"@id\":\"https:\/\/economiasa.com.br\/blog\/festival-de-violas-repentes-e-cordeis-promove-encontro-entre-moreira-do-acopiara-com-o-repentista-antonio-costa-dia-07-09-em-sao-paulo\/#breadcrumb\",\"itemListElement\":[{\"@type\":\"ListItem\",\"position\":1,\"name\":\"In\u00edcio\",\"item\":\"https:\/\/economiasa.com.br\/blog\/\"},{\"@type\":\"ListItem\",\"position\":2,\"name\":\"Festival de Violas, Repentes e Cord\u00e9is promove encontro entre Moreira do Acopiara com o repentista Ant\u00f4nio Costa dia 07\/09\u00a0 em S\u00e3o Paulo\"}]},{\"@type\":\"WebSite\",\"@id\":\"https:\/\/economiasa.com.br\/blog\/#website\",\"url\":\"https:\/\/economiasa.com.br\/blog\/\",\"name\":\"Economia S\/A\",\"description\":\"Ler faz bem para os neg\u00f3cios\",\"potentialAction\":[{\"@type\":\"SearchAction\",\"target\":{\"@type\":\"EntryPoint\",\"urlTemplate\":\"https:\/\/economiasa.com.br\/blog\/?s={search_term_string}\"},\"query-input\":{\"@type\":\"PropertyValueSpecification\",\"valueRequired\":true,\"valueName\":\"search_term_string\"}}],\"inLanguage\":\"pt-BR\"},{\"@type\":\"Person\",\"@id\":\"https:\/\/economiasa.com.br\/blog\/#\/schema\/person\/14b8ac2dc25bd63b52bc54e845fa3923\",\"name\":\"Reda\u00e7\u00e3o\",\"image\":{\"@type\":\"ImageObject\",\"inLanguage\":\"pt-BR\",\"@id\":\"https:\/\/secure.gravatar.com\/avatar\/c8c795261f7f8547b22616a549577db9e450bd5622da3f6eb62b0e2c3e364c4e?s=96&d=mm&r=g0fb5212bc57e2287787936667fbbe0ff\",\"url\":\"https:\/\/secure.gravatar.com\/avatar\/c8c795261f7f8547b22616a549577db9e450bd5622da3f6eb62b0e2c3e364c4e?s=96&d=mm&r=g\",\"contentUrl\":\"https:\/\/secure.gravatar.com\/avatar\/c8c795261f7f8547b22616a549577db9e450bd5622da3f6eb62b0e2c3e364c4e?s=96&d=mm&r=g\",\"caption\":\"Reda\u00e7\u00e3o\"},\"sameAs\":[\"http:\/\/www.economiasa.com.br\"],\"url\":\"https:\/\/economiasa.com.br\/blog\/author\/redacao\/\"}]}<\/script>\n<!-- \/ Yoast SEO plugin. -->","yoast_head_json":{"title":"Festival de Violas, Repentes e Cord\u00e9is promove encontro entre Moreira do Acopiara com o repentista Ant\u00f4nio Costa dia 07\/09\u00a0 em S\u00e3o Paulo - Economia S\/A","robots":{"index":"index","follow":"follow","max-snippet":"max-snippet:-1","max-image-preview":"max-image-preview:large","max-video-preview":"max-video-preview:-1"},"canonical":"https:\/\/economiasa.com.br\/blog\/festival-de-violas-repentes-e-cordeis-promove-encontro-entre-moreira-do-acopiara-com-o-repentista-antonio-costa-dia-07-09-em-sao-paulo\/","og_locale":"pt_BR","og_type":"article","og_title":"Festival de Violas, Repentes e Cord\u00e9is promove encontro entre Moreira do Acopiara com o repentista Ant\u00f4nio Costa dia 07\/09\u00a0 em S\u00e3o Paulo - Economia S\/A","og_description":"Bate-papo seguido de recital ser\u00e1 na sede da Ucran\u00a0 e tamb\u00e9m ter\u00e1 participa\u00e7\u00e3o de Titico Caetano e convidados\u00a0 O\u00a0Festival de Violas, Repentes...","og_url":"https:\/\/economiasa.com.br\/blog\/festival-de-violas-repentes-e-cordeis-promove-encontro-entre-moreira-do-acopiara-com-o-repentista-antonio-costa-dia-07-09-em-sao-paulo\/","og_site_name":"Economia S\/A","article_published_time":"2026-09-02T23:47:54+00:00","article_modified_time":"2026-09-02T23:47:55+00:00","og_image":[{"width":1600,"height":1200,"url":"https:\/\/economiasa.com.br\/blog\/wp-content\/uploads\/2026\/09\/Festival-de-Cantadores-e-Repentistas-do-Nordeste-teve-primeira-edicao-dia-11-de-abril-na-sede-Ucran.docx.jpg","type":"image\/jpeg"}],"author":"Reda\u00e7\u00e3o","twitter_card":"summary_large_image","twitter_misc":{"Escrito por":"Reda\u00e7\u00e3o","Est. tempo de leitura":"4 minutos"},"schema":{"@context":"https:\/\/schema.org","@graph":[{"@type":"Article","@id":"https:\/\/economiasa.com.br\/blog\/festival-de-violas-repentes-e-cordeis-promove-encontro-entre-moreira-do-acopiara-com-o-repentista-antonio-costa-dia-07-09-em-sao-paulo\/#article","isPartOf":{"@id":"https:\/\/economiasa.com.br\/blog\/festival-de-violas-repentes-e-cordeis-promove-encontro-entre-moreira-do-acopiara-com-o-repentista-antonio-costa-dia-07-09-em-sao-paulo\/"},"author":{"name":"Reda\u00e7\u00e3o","@id":"https:\/\/economiasa.com.br\/blog\/#\/schema\/person\/14b8ac2dc25bd63b52bc54e845fa3923"},"headline":"Festival de Violas, Repentes e Cord\u00e9is promove encontro entre Moreira do Acopiara com o repentista Ant\u00f4nio Costa dia 07\/09\u00a0 em S\u00e3o Paulo","datePublished":"2026-09-02T23:47:54+00:00","dateModified":"2026-09-02T23:47:55+00:00","mainEntityOfPage":{"@id":"https:\/\/economiasa.com.br\/blog\/festival-de-violas-repentes-e-cordeis-promove-encontro-entre-moreira-do-acopiara-com-o-repentista-antonio-costa-dia-07-09-em-sao-paulo\/"},"wordCount":679,"image":{"@id":"https:\/\/economiasa.com.br\/blog\/festival-de-violas-repentes-e-cordeis-promove-encontro-entre-moreira-do-acopiara-com-o-repentista-antonio-costa-dia-07-09-em-sao-paulo\/#primaryimage"},"thumbnailUrl":"https:\/\/economiasa.com.br\/blog\/wp-content\/uploads\/2026\/09\/Festival-de-Cantadores-e-Repentistas-do-Nordeste-teve-primeira-edicao-dia-11-de-abril-na-sede-Ucran.docx.jpg","articleSection":["Eventos"],"inLanguage":"pt-BR"},{"@type":"WebPage","@id":"https:\/\/economiasa.com.br\/blog\/festival-de-violas-repentes-e-cordeis-promove-encontro-entre-moreira-do-acopiara-com-o-repentista-antonio-costa-dia-07-09-em-sao-paulo\/","url":"https:\/\/economiasa.com.br\/blog\/festival-de-violas-repentes-e-cordeis-promove-encontro-entre-moreira-do-acopiara-com-o-repentista-antonio-costa-dia-07-09-em-sao-paulo\/","name":"Festival de Violas, Repentes e Cord\u00e9is promove encontro entre Moreira do Acopiara com o repentista Ant\u00f4nio Costa dia 07\/09\u00a0 em S\u00e3o Paulo - Economia S\/A","isPartOf":{"@id":"https:\/\/economiasa.com.br\/blog\/#website"},"primaryImageOfPage":{"@id":"https:\/\/economiasa.com.br\/blog\/festival-de-violas-repentes-e-cordeis-promove-encontro-entre-moreira-do-acopiara-com-o-repentista-antonio-costa-dia-07-09-em-sao-paulo\/#primaryimage"},"image":{"@id":"https:\/\/economiasa.com.br\/blog\/festival-de-violas-repentes-e-cordeis-promove-encontro-entre-moreira-do-acopiara-com-o-repentista-antonio-costa-dia-07-09-em-sao-paulo\/#primaryimage"},"thumbnailUrl":"https:\/\/economiasa.com.br\/blog\/wp-content\/uploads\/2026\/09\/Festival-de-Cantadores-e-Repentistas-do-Nordeste-teve-primeira-edicao-dia-11-de-abril-na-sede-Ucran.docx.jpg","datePublished":"2026-09-02T23:47:54+00:00","dateModified":"2026-09-02T23:47:55+00:00","author":{"@id":"https:\/\/economiasa.com.br\/blog\/#\/schema\/person\/14b8ac2dc25bd63b52bc54e845fa3923"},"breadcrumb":{"@id":"https:\/\/economiasa.com.br\/blog\/festival-de-violas-repentes-e-cordeis-promove-encontro-entre-moreira-do-acopiara-com-o-repentista-antonio-costa-dia-07-09-em-sao-paulo\/#breadcrumb"},"inLanguage":"pt-BR","potentialAction":[{"@type":"ReadAction","target":["https:\/\/economiasa.com.br\/blog\/festival-de-violas-repentes-e-cordeis-promove-encontro-entre-moreira-do-acopiara-com-o-repentista-antonio-costa-dia-07-09-em-sao-paulo\/"]}]},{"@type":"ImageObject","inLanguage":"pt-BR","@id":"https:\/\/economiasa.com.br\/blog\/festival-de-violas-repentes-e-cordeis-promove-encontro-entre-moreira-do-acopiara-com-o-repentista-antonio-costa-dia-07-09-em-sao-paulo\/#primaryimage","url":"https:\/\/economiasa.com.br\/blog\/wp-content\/uploads\/2026\/09\/Festival-de-Cantadores-e-Repentistas-do-Nordeste-teve-primeira-edicao-dia-11-de-abril-na-sede-Ucran.docx.jpg","contentUrl":"https:\/\/economiasa.com.br\/blog\/wp-content\/uploads\/2026\/09\/Festival-de-Cantadores-e-Repentistas-do-Nordeste-teve-primeira-edicao-dia-11-de-abril-na-sede-Ucran.docx.jpg","width":1600,"height":1200,"caption":"Cr\u00e9ditos da foto: Divulga\u00e7\u00e3o"},{"@type":"BreadcrumbList","@id":"https:\/\/economiasa.com.br\/blog\/festival-de-violas-repentes-e-cordeis-promove-encontro-entre-moreira-do-acopiara-com-o-repentista-antonio-costa-dia-07-09-em-sao-paulo\/#breadcrumb","itemListElement":[{"@type":"ListItem","position":1,"name":"In\u00edcio","item":"https:\/\/economiasa.com.br\/blog\/"},{"@type":"ListItem","position":2,"name":"Festival de Violas, Repentes e Cord\u00e9is promove encontro entre Moreira do Acopiara com o repentista Ant\u00f4nio Costa dia 07\/09\u00a0 em S\u00e3o Paulo"}]},{"@type":"WebSite","@id":"https:\/\/economiasa.com.br\/blog\/#website","url":"https:\/\/economiasa.com.br\/blog\/","name":"Economia S\/A","description":"Ler faz bem para os neg\u00f3cios","potentialAction":[{"@type":"SearchAction","target":{"@type":"EntryPoint","urlTemplate":"https:\/\/economiasa.com.br\/blog\/?s={search_term_string}"},"query-input":{"@type":"PropertyValueSpecification","valueRequired":true,"valueName":"search_term_string"}}],"inLanguage":"pt-BR"},{"@type":"Person","@id":"https:\/\/economiasa.com.br\/blog\/#\/schema\/person\/14b8ac2dc25bd63b52bc54e845fa3923","name":"Reda\u00e7\u00e3o","image":{"@type":"ImageObject","inLanguage":"pt-BR","@id":"https:\/\/secure.gravatar.com\/avatar\/c8c795261f7f8547b22616a549577db9e450bd5622da3f6eb62b0e2c3e364c4e?s=96&d=mm&r=g0fb5212bc57e2287787936667fbbe0ff","url":"https:\/\/secure.gravatar.com\/avatar\/c8c795261f7f8547b22616a549577db9e450bd5622da3f6eb62b0e2c3e364c4e?s=96&d=mm&r=g","contentUrl":"https:\/\/secure.gravatar.com\/avatar\/c8c795261f7f8547b22616a549577db9e450bd5622da3f6eb62b0e2c3e364c4e?s=96&d=mm&r=g","caption":"Reda\u00e7\u00e3o"},"sameAs":["http:\/\/www.economiasa.com.br"],"url":"https:\/\/economiasa.com.br\/blog\/author\/redacao\/"}]}},"authors":[{"term_id":13248,"user_id":47,"is_guest":0,"slug":"redacao","display_name":"Reda\u00e7\u00e3o","avatar_url":"https:\/\/secure.gravatar.com\/avatar\/c8c795261f7f8547b22616a549577db9e450bd5622da3f6eb62b0e2c3e364c4e?s=96&d=mm&r=g","author_category":"","first_name":"Reda\u00e7\u00e3o","last_name":"","user_url":"http:\/\/www.economiasa.com.br","job_title":"","description":""}],"amp_enabled":true,"_links":{"self":[{"href":"https:\/\/economiasa.com.br\/blog\/wp-json\/wp\/v2\/posts\/85042","targetHints":{"allow":["GET"]}}],"collection":[{"href":"https:\/\/economiasa.com.br\/blog\/wp-json\/wp\/v2\/posts"}],"about":[{"href":"https:\/\/economiasa.com.br\/blog\/wp-json\/wp\/v2\/types\/post"}],"author":[{"embeddable":true,"href":"https:\/\/economiasa.com.br\/blog\/wp-json\/wp\/v2\/users\/47"}],"replies":[{"embeddable":true,"href":"https:\/\/economiasa.com.br\/blog\/wp-json\/wp\/v2\/comments?post=85042"}],"version-history":[{"count":0,"href":"https:\/\/economiasa.com.br\/blog\/wp-json\/wp\/v2\/posts\/85042\/revisions"}],"wp:featuredmedia":[{"embeddable":true,"href":"https:\/\/economiasa.com.br\/blog\/wp-json\/wp\/v2\/media\/85043"}],"wp:attachment":[{"href":"https:\/\/economiasa.com.br\/blog\/wp-json\/wp\/v2\/media?parent=85042"}],"wp:term":[{"taxonomy":"category","embeddable":true,"href":"https:\/\/economiasa.com.br\/blog\/wp-json\/wp\/v2\/categories?post=85042"},{"taxonomy":"post_tag","embeddable":true,"href":"https:\/\/economiasa.com.br\/blog\/wp-json\/wp\/v2\/tags?post=85042"},{"taxonomy":"author","embeddable":true,"href":"https:\/\/economiasa.com.br\/blog\/wp-json\/wp\/v2\/ppma_author?post=85042"}],"curies":[{"name":"wp","href":"https:\/\/api.w.org\/{rel}","templated":true}]}}