{"id":85044,"date":"2026-09-02T20:49:33","date_gmt":"2026-09-02T23:49:33","guid":{"rendered":"https:\/\/economiasa.com.br\/blog\/?p=85044"},"modified":"2026-09-02T20:49:34","modified_gmt":"2026-09-02T23:49:34","slug":"tendencias-globais-se-traduzem-em-novas-estrategias-para-o-agronegocio-brasileiro","status":"publish","type":"post","link":"https:\/\/economiasa.com.br\/blog\/tendencias-globais-se-traduzem-em-novas-estrategias-para-o-agronegocio-brasileiro\/","title":{"rendered":"Tend\u00eancias globais se traduzem em novas estrat\u00e9gias para o agroneg\u00f3cio brasileiro"},"content":{"rendered":"\n<p class=\"wp-block-paragraph\"><em>Debate marcou a edi\u00e7\u00e3o 2026 do Make Wave, evento promovido pela Make ID que reuniu executivos de grandes empresas para discutir inova\u00e7\u00e3o, criatividade, comportamento e intelig\u00eancia de mercado aplicados aos neg\u00f3cios do setor<\/em><\/p>\n\n\n\n<p class=\"wp-block-paragraph\">Em um cen\u00e1rio marcado pelo avan\u00e7o da intelig\u00eancia artificial, pela fragmenta\u00e7\u00e3o da aten\u00e7\u00e3o, pelo crescimento da influ\u00eancia dos creators e por consumidores cada vez mais exigentes, acompanhar tend\u00eancias j\u00e1 n\u00e3o \u00e9 suficiente. O desafio das empresas est\u00e1 em interpretar esses movimentos e transform\u00e1-los em decis\u00f5es capazes de gerar diferencia\u00e7\u00e3o, relev\u00e2ncia e resultado.<\/p>\n\n\n\n<p class=\"wp-block-paragraph\">Essa foi uma das principais discuss\u00f5es do Make Wave 2026, encontro promovido pela Make ID, na \u00faltima quinta-feira (27), em S\u00e3o Paulo. O evento reuniu executivos de grandes empresas do agroneg\u00f3cio e de outros setores, al\u00e9m de profissionais de marketing, comunica\u00e7\u00e3o, inova\u00e7\u00e3o e imprensa especializada, para discutir como movimentos globais de comportamento, tecnologia e criatividade est\u00e3o chegando \u00e0 realidade dos neg\u00f3cios.<\/p>\n\n\n\n<p class=\"wp-block-paragraph\">Com mais de tr\u00eas d\u00e9cadas de atua\u00e7\u00e3o e uma trajet\u00f3ria constru\u00edda ao lado de algumas das principais marcas do agroneg\u00f3cio, a Make ID consolidou-se como uma das ag\u00eancias de refer\u00eancia em comunica\u00e7\u00e3o e estrat\u00e9gia para o setor no Brasil. Mais do que conhecer a din\u00e2mica do agro, a ag\u00eancia acompanha suas transforma\u00e7\u00f5es e conecta esse repert\u00f3rio a movimentos de comportamento, tecnologia, criatividade e neg\u00f3cios que est\u00e3o redesenhando mercados no mundo.<\/p>\n\n\n\n<p class=\"wp-block-paragraph\">A partir de uma curadoria constru\u00edda pela Make ID ao longo de alguns dos principais f\u00f3runs de inova\u00e7\u00e3o e criatividade do mundo \u2014 entre eles SXSW Austin, SXSW London, Web Summit Rio e S\u00e3o Paulo Innovation Week (SPIW) \u2014, o encontro trouxe para o contexto brasileiro discuss\u00f5es sobre intelig\u00eancia artificial, comportamento, criatividade, estrat\u00e9gia, dados, performance, m\u00eddia, influ\u00eancia, confian\u00e7a, creators e experi\u00eancia do cliente.<\/p>\n\n\n\n<p class=\"wp-block-paragraph\">Mais do que tend\u00eancias isoladas, esses movimentos mostram uma transforma\u00e7\u00e3o na maneira como empresas constroem marcas, se relacionam com seus p\u00fablicos e tomam decis\u00f5es de neg\u00f3cio.<\/p>\n\n\n\n<p class=\"wp-block-paragraph\">Para a CEO da Make ID, Simone Rodrigues, o diferencial das organiza\u00e7\u00f5es estar\u00e1 cada vez mais na capacidade de interpretar essas mudan\u00e7as e transform\u00e1-las em estrat\u00e9gia, combinando tecnologia, dados e, sobretudo, capital humano.<\/p>\n\n\n\n<p class=\"wp-block-paragraph\">\u201cTemos uma hist\u00f3ria profundamente conectada ao agroneg\u00f3cio e crescemos acompanhando a transforma\u00e7\u00e3o desse mercado. Isso nos deu repert\u00f3rio e conhecimento para entender suas particularidades, mas tamb\u00e9m a responsabilidade de provocar novas discuss\u00f5es e trazer novas perspectivas para nossos clientes. Nosso papel hoje \u00e9 conectar o agro ao que h\u00e1 de mais relevante em criatividade, tecnologia, comportamento e neg\u00f3cios no mundo e transformar essa leitura em estrat\u00e9gia e valor\u201d, afirma Simone Rodrigues, CEO da Make ID.<\/p>\n\n\n\n<p class=\"wp-block-paragraph\"><strong>Da tecnologia \u00e0 aplica\u00e7\u00e3o nos neg\u00f3cios<\/strong><\/p>\n\n\n\n<p class=\"wp-block-paragraph\">Ao longo da programa\u00e7\u00e3o, representantes de empresas como Bayer, Scania, John Deere, Mosaic, MSD Sa\u00fade Animal, Kyra Pesquisa e Trends on Influence discutiram como criatividade, tecnologia, dados e vis\u00e3o estrat\u00e9gica podem ampliar a diferencia\u00e7\u00e3o e a gera\u00e7\u00e3o de valor dentro e fora do agroneg\u00f3cio.<\/p>\n\n\n\n<p class=\"wp-block-paragraph\">Para o diretor de Intelig\u00eancia de Mercado e Comunica\u00e7\u00e3o da Bayer, Celso Batistella, iniciativas como o Make Wave ajudam a aproximar o setor das discuss\u00f5es que est\u00e3o acontecendo nos principais centros de inova\u00e7\u00e3o do mundo.<\/p>\n\n\n\n<p class=\"wp-block-paragraph\">\u201cA Make tem essa capacidade de provocar discuss\u00f5es relevantes e conectar clientes ao que est\u00e1 acontecendo de mais inovador no mundo. Poder acessar os principais debates do SXSW e trocar experi\u00eancias com outras empresas ajuda a entender como usar tecnologia e inova\u00e7\u00e3o a favor dos neg\u00f3cios\u201d, explica Batistella.<\/p>\n\n\n\n<p class=\"wp-block-paragraph\">Na avalia\u00e7\u00e3o do executivo, a troca entre empresas e diferentes setores amplia a capacidade das organiza\u00e7\u00f5es de interpretar mudan\u00e7as e acelerar a ado\u00e7\u00e3o de solu\u00e7\u00f5es capazes de fortalecer sua competitividade.<\/p>\n\n\n\n<p class=\"wp-block-paragraph\">Essa capacidade de selecionar o que realmente importa em meio ao grande volume de informa\u00e7\u00f5es dispon\u00edvel tamb\u00e9m foi destacada pelo diretor de Marketing, Comunica\u00e7\u00e3o e Experi\u00eancia do Cliente da Scania no Brasil, M\u00e1rcio Furlan.<\/p>\n\n\n\n<p class=\"wp-block-paragraph\">\u201cNem todo mundo consegue participar dos principais f\u00f3runs de inova\u00e7\u00e3o. O diferencial da Make \u00e9 fazer essa curadoria, filtrar os temas mais relevantes e direcionar a discuss\u00e3o para aquilo que realmente faz sentido para as empresas. Isso provoca novas formas de pensar e leva insights que podem ser aplicados no dia a dia dos neg\u00f3cios\u201d, afirma Furlan.<\/p>\n\n\n\n<p class=\"wp-block-paragraph\"><strong>Estrat\u00e9gia e criatividade como ferramenta de neg\u00f3cio<\/strong><\/p>\n\n\n\n<p class=\"wp-block-paragraph\">Outro ponto presente nas discuss\u00f5es foi o papel da estrat\u00e9gia e da criatividade em um ambiente no qual tecnologias e ferramentas se tornam cada vez mais acess\u00edveis. Nesse cen\u00e1rio, a diferencia\u00e7\u00e3o tende a depender menos do acesso \u00e0 tecnologia em si e mais da capacidade humana de fazer perguntas, interpretar contextos e construir respostas relevantes.<\/p>\n\n\n\n<p class=\"wp-block-paragraph\">Para o diretor de Estrat\u00e9gia da Make ID, Jos\u00e9 Francisco Barbosa, criar espa\u00e7os de troca entre diferentes empresas e perspectivas tamb\u00e9m \u00e9 uma maneira de ampliar esse repert\u00f3rio.<\/p>\n\n\n\n<p class=\"wp-block-paragraph\">\u201cReunimos grandes marcas, clientes e especialistas para oxigenar estrat\u00e9gias de marketing e comunica\u00e7\u00e3o e olhar para o futuro dos neg\u00f3cios. Mais do que discutir tend\u00eancias, queremos ampliar perspectivas e estimular novas formas de pensar os desafios que j\u00e1 est\u00e3o na mesa das empresas\u201d, afirma.<\/p>\n\n\n\n<p class=\"wp-block-paragraph\">Segundo o executivo, em um setor que passa por transforma\u00e7\u00f5es cada vez mais r\u00e1pidas, construir diferencia\u00e7\u00e3o exige criatividade, repert\u00f3rio e disposi\u00e7\u00e3o para rever modelos tradicionais de relacionamento entre marcas, produtores e demais p\u00fablicos da cadeia.<\/p>\n\n\n\n<p class=\"wp-block-paragraph\">Ao conectar aprendizados dos principais f\u00f3runs globais \u00e0s particularidades do agroneg\u00f3cio brasileiro, o Make Wave 2026 refor\u00e7a uma discuss\u00e3o que tende a ganhar espa\u00e7o nas agendas das empresas: tecnologia, dados e intelig\u00eancia artificial continuar\u00e3o ampliando as possibilidades dos neg\u00f3cios, mas a capacidade de interpretar esses recursos, conect\u00e1-los ao contexto e transform\u00e1-los em estrat\u00e9gia seguir\u00e1 essencialmente humana.<\/p>\n\n\n\n<p class=\"wp-block-paragraph\">Para a Make ID, \u00e9 justamente nesse encontro entre intelig\u00eancia, criatividade, tecnologia e capital humano que est\u00e3o algumas das principais oportunidades para construir marcas mais relevantes e neg\u00f3cios mais competitivos.<\/p>\n","protected":false},"excerpt":{"rendered":"<p>Debate marcou a edi\u00e7\u00e3o 2026 do Make Wave, evento promovido pela Make ID que reuniu executivos de grandes empresas para discutir inova\u00e7\u00e3o,&#8230;<\/p>\n","protected":false},"author":47,"featured_media":85045,"comment_status":"closed","ping_status":"open","sticky":false,"template":"","format":"standard","meta":{"footnotes":""},"categories":[10190,101],"tags":[],"ppma_author":[13248],"class_list":["post-85044","post","type-post","status-publish","format-standard","has-post-thumbnail","category-agricultura","category-negocios"],"yoast_head":"<!-- This site is optimized with the Yoast SEO plugin v27.2 - https:\/\/yoast.com\/product\/yoast-seo-wordpress\/ -->\n<title>Tend\u00eancias globais se traduzem em novas estrat\u00e9gias para o agroneg\u00f3cio brasileiro - Economia S\/A<\/title>\n<meta name=\"robots\" content=\"index, follow, max-snippet:-1, max-image-preview:large, max-video-preview:-1\" \/>\n<link rel=\"canonical\" href=\"https:\/\/economiasa.com.br\/blog\/tendencias-globais-se-traduzem-em-novas-estrategias-para-o-agronegocio-brasileiro\/\" \/>\n<meta property=\"og:locale\" content=\"pt_BR\" \/>\n<meta property=\"og:type\" content=\"article\" \/>\n<meta property=\"og:title\" content=\"Tend\u00eancias globais se traduzem em novas estrat\u00e9gias para o agroneg\u00f3cio brasileiro - Economia S\/A\" \/>\n<meta property=\"og:description\" content=\"Debate marcou a edi\u00e7\u00e3o 2026 do Make Wave, evento promovido pela Make ID que reuniu executivos de grandes empresas para discutir inova\u00e7\u00e3o,...\" \/>\n<meta property=\"og:url\" content=\"https:\/\/economiasa.com.br\/blog\/tendencias-globais-se-traduzem-em-novas-estrategias-para-o-agronegocio-brasileiro\/\" \/>\n<meta property=\"og:site_name\" content=\"Economia S\/A\" \/>\n<meta property=\"article:published_time\" content=\"2026-09-02T23:49:33+00:00\" \/>\n<meta property=\"article:modified_time\" content=\"2026-09-02T23:49:34+00:00\" \/>\n<meta property=\"og:image\" content=\"https:\/\/economiasa.com.br\/blog\/wp-content\/uploads\/2026\/09\/DSC03187-1024x576.jpg\" \/>\n\t<meta property=\"og:image:width\" content=\"1024\" \/>\n\t<meta property=\"og:image:height\" content=\"576\" \/>\n\t<meta property=\"og:image:type\" content=\"image\/jpeg\" \/>\n<meta name=\"author\" content=\"Reda\u00e7\u00e3o\" \/>\n<meta name=\"twitter:card\" content=\"summary_large_image\" \/>\n<meta name=\"twitter:label1\" content=\"Escrito por\" \/>\n\t<meta name=\"twitter:data1\" content=\"Reda\u00e7\u00e3o\" \/>\n\t<meta name=\"twitter:label2\" content=\"Est. tempo de leitura\" \/>\n\t<meta name=\"twitter:data2\" content=\"6 minutos\" \/>\n<script type=\"application\/ld+json\" class=\"yoast-schema-graph\">{\"@context\":\"https:\/\/schema.org\",\"@graph\":[{\"@type\":\"Article\",\"@id\":\"https:\/\/economiasa.com.br\/blog\/tendencias-globais-se-traduzem-em-novas-estrategias-para-o-agronegocio-brasileiro\/#article\",\"isPartOf\":{\"@id\":\"https:\/\/economiasa.com.br\/blog\/tendencias-globais-se-traduzem-em-novas-estrategias-para-o-agronegocio-brasileiro\/\"},\"author\":{\"name\":\"Reda\u00e7\u00e3o\",\"@id\":\"https:\/\/economiasa.com.br\/blog\/#\/schema\/person\/14b8ac2dc25bd63b52bc54e845fa3923\"},\"headline\":\"Tend\u00eancias globais se traduzem em novas estrat\u00e9gias para o agroneg\u00f3cio brasileiro\",\"datePublished\":\"2026-09-02T23:49:33+00:00\",\"dateModified\":\"2026-09-02T23:49:34+00:00\",\"mainEntityOfPage\":{\"@id\":\"https:\/\/economiasa.com.br\/blog\/tendencias-globais-se-traduzem-em-novas-estrategias-para-o-agronegocio-brasileiro\/\"},\"wordCount\":1059,\"image\":{\"@id\":\"https:\/\/economiasa.com.br\/blog\/tendencias-globais-se-traduzem-em-novas-estrategias-para-o-agronegocio-brasileiro\/#primaryimage\"},\"thumbnailUrl\":\"https:\/\/economiasa.com.br\/blog\/wp-content\/uploads\/2026\/09\/DSC03187.jpg\",\"articleSection\":[\"Agricultura\",\"Neg\u00f3cios\"],\"inLanguage\":\"pt-BR\"},{\"@type\":\"WebPage\",\"@id\":\"https:\/\/economiasa.com.br\/blog\/tendencias-globais-se-traduzem-em-novas-estrategias-para-o-agronegocio-brasileiro\/\",\"url\":\"https:\/\/economiasa.com.br\/blog\/tendencias-globais-se-traduzem-em-novas-estrategias-para-o-agronegocio-brasileiro\/\",\"name\":\"Tend\u00eancias globais se traduzem em novas estrat\u00e9gias para o agroneg\u00f3cio brasileiro - Economia S\/A\",\"isPartOf\":{\"@id\":\"https:\/\/economiasa.com.br\/blog\/#website\"},\"primaryImageOfPage\":{\"@id\":\"https:\/\/economiasa.com.br\/blog\/tendencias-globais-se-traduzem-em-novas-estrategias-para-o-agronegocio-brasileiro\/#primaryimage\"},\"image\":{\"@id\":\"https:\/\/economiasa.com.br\/blog\/tendencias-globais-se-traduzem-em-novas-estrategias-para-o-agronegocio-brasileiro\/#primaryimage\"},\"thumbnailUrl\":\"https:\/\/economiasa.com.br\/blog\/wp-content\/uploads\/2026\/09\/DSC03187.jpg\",\"datePublished\":\"2026-09-02T23:49:33+00:00\",\"dateModified\":\"2026-09-02T23:49:34+00:00\",\"author\":{\"@id\":\"https:\/\/economiasa.com.br\/blog\/#\/schema\/person\/14b8ac2dc25bd63b52bc54e845fa3923\"},\"breadcrumb\":{\"@id\":\"https:\/\/economiasa.com.br\/blog\/tendencias-globais-se-traduzem-em-novas-estrategias-para-o-agronegocio-brasileiro\/#breadcrumb\"},\"inLanguage\":\"pt-BR\",\"potentialAction\":[{\"@type\":\"ReadAction\",\"target\":[\"https:\/\/economiasa.com.br\/blog\/tendencias-globais-se-traduzem-em-novas-estrategias-para-o-agronegocio-brasileiro\/\"]}]},{\"@type\":\"ImageObject\",\"inLanguage\":\"pt-BR\",\"@id\":\"https:\/\/economiasa.com.br\/blog\/tendencias-globais-se-traduzem-em-novas-estrategias-para-o-agronegocio-brasileiro\/#primaryimage\",\"url\":\"https:\/\/economiasa.com.br\/blog\/wp-content\/uploads\/2026\/09\/DSC03187.jpg\",\"contentUrl\":\"https:\/\/economiasa.com.br\/blog\/wp-content\/uploads\/2026\/09\/DSC03187.jpg\",\"width\":6192,\"height\":3480,\"caption\":\"A CEO da Make Id., Simone Rodrigues - Cr\u00e9ditos da foto: Divulga\u00e7\u00e3o\"},{\"@type\":\"BreadcrumbList\",\"@id\":\"https:\/\/economiasa.com.br\/blog\/tendencias-globais-se-traduzem-em-novas-estrategias-para-o-agronegocio-brasileiro\/#breadcrumb\",\"itemListElement\":[{\"@type\":\"ListItem\",\"position\":1,\"name\":\"In\u00edcio\",\"item\":\"https:\/\/economiasa.com.br\/blog\/\"},{\"@type\":\"ListItem\",\"position\":2,\"name\":\"Tend\u00eancias globais se traduzem em novas estrat\u00e9gias para o agroneg\u00f3cio brasileiro\"}]},{\"@type\":\"WebSite\",\"@id\":\"https:\/\/economiasa.com.br\/blog\/#website\",\"url\":\"https:\/\/economiasa.com.br\/blog\/\",\"name\":\"Economia S\/A\",\"description\":\"Ler faz bem para os neg\u00f3cios\",\"potentialAction\":[{\"@type\":\"SearchAction\",\"target\":{\"@type\":\"EntryPoint\",\"urlTemplate\":\"https:\/\/economiasa.com.br\/blog\/?s={search_term_string}\"},\"query-input\":{\"@type\":\"PropertyValueSpecification\",\"valueRequired\":true,\"valueName\":\"search_term_string\"}}],\"inLanguage\":\"pt-BR\"},{\"@type\":\"Person\",\"@id\":\"https:\/\/economiasa.com.br\/blog\/#\/schema\/person\/14b8ac2dc25bd63b52bc54e845fa3923\",\"name\":\"Reda\u00e7\u00e3o\",\"image\":{\"@type\":\"ImageObject\",\"inLanguage\":\"pt-BR\",\"@id\":\"https:\/\/secure.gravatar.com\/avatar\/c8c795261f7f8547b22616a549577db9e450bd5622da3f6eb62b0e2c3e364c4e?s=96&d=mm&r=g0fb5212bc57e2287787936667fbbe0ff\",\"url\":\"https:\/\/secure.gravatar.com\/avatar\/c8c795261f7f8547b22616a549577db9e450bd5622da3f6eb62b0e2c3e364c4e?s=96&d=mm&r=g\",\"contentUrl\":\"https:\/\/secure.gravatar.com\/avatar\/c8c795261f7f8547b22616a549577db9e450bd5622da3f6eb62b0e2c3e364c4e?s=96&d=mm&r=g\",\"caption\":\"Reda\u00e7\u00e3o\"},\"sameAs\":[\"http:\/\/www.economiasa.com.br\"],\"url\":\"https:\/\/economiasa.com.br\/blog\/author\/redacao\/\"}]}<\/script>\n<!-- \/ Yoast SEO plugin. -->","yoast_head_json":{"title":"Tend\u00eancias globais se traduzem em novas estrat\u00e9gias para o agroneg\u00f3cio brasileiro - Economia S\/A","robots":{"index":"index","follow":"follow","max-snippet":"max-snippet:-1","max-image-preview":"max-image-preview:large","max-video-preview":"max-video-preview:-1"},"canonical":"https:\/\/economiasa.com.br\/blog\/tendencias-globais-se-traduzem-em-novas-estrategias-para-o-agronegocio-brasileiro\/","og_locale":"pt_BR","og_type":"article","og_title":"Tend\u00eancias globais se traduzem em novas estrat\u00e9gias para o agroneg\u00f3cio brasileiro - Economia S\/A","og_description":"Debate marcou a edi\u00e7\u00e3o 2026 do Make Wave, evento promovido pela Make ID que reuniu executivos de grandes empresas para discutir inova\u00e7\u00e3o,...","og_url":"https:\/\/economiasa.com.br\/blog\/tendencias-globais-se-traduzem-em-novas-estrategias-para-o-agronegocio-brasileiro\/","og_site_name":"Economia S\/A","article_published_time":"2026-09-02T23:49:33+00:00","article_modified_time":"2026-09-02T23:49:34+00:00","og_image":[{"width":1024,"height":576,"url":"https:\/\/economiasa.com.br\/blog\/wp-content\/uploads\/2026\/09\/DSC03187-1024x576.jpg","type":"image\/jpeg"}],"author":"Reda\u00e7\u00e3o","twitter_card":"summary_large_image","twitter_misc":{"Escrito por":"Reda\u00e7\u00e3o","Est. tempo de leitura":"6 minutos"},"schema":{"@context":"https:\/\/schema.org","@graph":[{"@type":"Article","@id":"https:\/\/economiasa.com.br\/blog\/tendencias-globais-se-traduzem-em-novas-estrategias-para-o-agronegocio-brasileiro\/#article","isPartOf":{"@id":"https:\/\/economiasa.com.br\/blog\/tendencias-globais-se-traduzem-em-novas-estrategias-para-o-agronegocio-brasileiro\/"},"author":{"name":"Reda\u00e7\u00e3o","@id":"https:\/\/economiasa.com.br\/blog\/#\/schema\/person\/14b8ac2dc25bd63b52bc54e845fa3923"},"headline":"Tend\u00eancias globais se traduzem em novas estrat\u00e9gias para o agroneg\u00f3cio brasileiro","datePublished":"2026-09-02T23:49:33+00:00","dateModified":"2026-09-02T23:49:34+00:00","mainEntityOfPage":{"@id":"https:\/\/economiasa.com.br\/blog\/tendencias-globais-se-traduzem-em-novas-estrategias-para-o-agronegocio-brasileiro\/"},"wordCount":1059,"image":{"@id":"https:\/\/economiasa.com.br\/blog\/tendencias-globais-se-traduzem-em-novas-estrategias-para-o-agronegocio-brasileiro\/#primaryimage"},"thumbnailUrl":"https:\/\/economiasa.com.br\/blog\/wp-content\/uploads\/2026\/09\/DSC03187.jpg","articleSection":["Agricultura","Neg\u00f3cios"],"inLanguage":"pt-BR"},{"@type":"WebPage","@id":"https:\/\/economiasa.com.br\/blog\/tendencias-globais-se-traduzem-em-novas-estrategias-para-o-agronegocio-brasileiro\/","url":"https:\/\/economiasa.com.br\/blog\/tendencias-globais-se-traduzem-em-novas-estrategias-para-o-agronegocio-brasileiro\/","name":"Tend\u00eancias globais se traduzem em novas estrat\u00e9gias para o agroneg\u00f3cio brasileiro - Economia S\/A","isPartOf":{"@id":"https:\/\/economiasa.com.br\/blog\/#website"},"primaryImageOfPage":{"@id":"https:\/\/economiasa.com.br\/blog\/tendencias-globais-se-traduzem-em-novas-estrategias-para-o-agronegocio-brasileiro\/#primaryimage"},"image":{"@id":"https:\/\/economiasa.com.br\/blog\/tendencias-globais-se-traduzem-em-novas-estrategias-para-o-agronegocio-brasileiro\/#primaryimage"},"thumbnailUrl":"https:\/\/economiasa.com.br\/blog\/wp-content\/uploads\/2026\/09\/DSC03187.jpg","datePublished":"2026-09-02T23:49:33+00:00","dateModified":"2026-09-02T23:49:34+00:00","author":{"@id":"https:\/\/economiasa.com.br\/blog\/#\/schema\/person\/14b8ac2dc25bd63b52bc54e845fa3923"},"breadcrumb":{"@id":"https:\/\/economiasa.com.br\/blog\/tendencias-globais-se-traduzem-em-novas-estrategias-para-o-agronegocio-brasileiro\/#breadcrumb"},"inLanguage":"pt-BR","potentialAction":[{"@type":"ReadAction","target":["https:\/\/economiasa.com.br\/blog\/tendencias-globais-se-traduzem-em-novas-estrategias-para-o-agronegocio-brasileiro\/"]}]},{"@type":"ImageObject","inLanguage":"pt-BR","@id":"https:\/\/economiasa.com.br\/blog\/tendencias-globais-se-traduzem-em-novas-estrategias-para-o-agronegocio-brasileiro\/#primaryimage","url":"https:\/\/economiasa.com.br\/blog\/wp-content\/uploads\/2026\/09\/DSC03187.jpg","contentUrl":"https:\/\/economiasa.com.br\/blog\/wp-content\/uploads\/2026\/09\/DSC03187.jpg","width":6192,"height":3480,"caption":"A CEO da Make Id., Simone Rodrigues - Cr\u00e9ditos da foto: Divulga\u00e7\u00e3o"},{"@type":"BreadcrumbList","@id":"https:\/\/economiasa.com.br\/blog\/tendencias-globais-se-traduzem-em-novas-estrategias-para-o-agronegocio-brasileiro\/#breadcrumb","itemListElement":[{"@type":"ListItem","position":1,"name":"In\u00edcio","item":"https:\/\/economiasa.com.br\/blog\/"},{"@type":"ListItem","position":2,"name":"Tend\u00eancias globais se traduzem em novas estrat\u00e9gias para o agroneg\u00f3cio brasileiro"}]},{"@type":"WebSite","@id":"https:\/\/economiasa.com.br\/blog\/#website","url":"https:\/\/economiasa.com.br\/blog\/","name":"Economia S\/A","description":"Ler faz bem para os neg\u00f3cios","potentialAction":[{"@type":"SearchAction","target":{"@type":"EntryPoint","urlTemplate":"https:\/\/economiasa.com.br\/blog\/?s={search_term_string}"},"query-input":{"@type":"PropertyValueSpecification","valueRequired":true,"valueName":"search_term_string"}}],"inLanguage":"pt-BR"},{"@type":"Person","@id":"https:\/\/economiasa.com.br\/blog\/#\/schema\/person\/14b8ac2dc25bd63b52bc54e845fa3923","name":"Reda\u00e7\u00e3o","image":{"@type":"ImageObject","inLanguage":"pt-BR","@id":"https:\/\/secure.gravatar.com\/avatar\/c8c795261f7f8547b22616a549577db9e450bd5622da3f6eb62b0e2c3e364c4e?s=96&d=mm&r=g0fb5212bc57e2287787936667fbbe0ff","url":"https:\/\/secure.gravatar.com\/avatar\/c8c795261f7f8547b22616a549577db9e450bd5622da3f6eb62b0e2c3e364c4e?s=96&d=mm&r=g","contentUrl":"https:\/\/secure.gravatar.com\/avatar\/c8c795261f7f8547b22616a549577db9e450bd5622da3f6eb62b0e2c3e364c4e?s=96&d=mm&r=g","caption":"Reda\u00e7\u00e3o"},"sameAs":["http:\/\/www.economiasa.com.br"],"url":"https:\/\/economiasa.com.br\/blog\/author\/redacao\/"}]}},"authors":[{"term_id":13248,"user_id":47,"is_guest":0,"slug":"redacao","display_name":"Reda\u00e7\u00e3o","avatar_url":"https:\/\/secure.gravatar.com\/avatar\/c8c795261f7f8547b22616a549577db9e450bd5622da3f6eb62b0e2c3e364c4e?s=96&d=mm&r=g","author_category":"","first_name":"Reda\u00e7\u00e3o","last_name":"","user_url":"http:\/\/www.economiasa.com.br","job_title":"","description":""}],"amp_enabled":true,"_links":{"self":[{"href":"https:\/\/economiasa.com.br\/blog\/wp-json\/wp\/v2\/posts\/85044","targetHints":{"allow":["GET"]}}],"collection":[{"href":"https:\/\/economiasa.com.br\/blog\/wp-json\/wp\/v2\/posts"}],"about":[{"href":"https:\/\/economiasa.com.br\/blog\/wp-json\/wp\/v2\/types\/post"}],"author":[{"embeddable":true,"href":"https:\/\/economiasa.com.br\/blog\/wp-json\/wp\/v2\/users\/47"}],"replies":[{"embeddable":true,"href":"https:\/\/economiasa.com.br\/blog\/wp-json\/wp\/v2\/comments?post=85044"}],"version-history":[{"count":0,"href":"https:\/\/economiasa.com.br\/blog\/wp-json\/wp\/v2\/posts\/85044\/revisions"}],"wp:featuredmedia":[{"embeddable":true,"href":"https:\/\/economiasa.com.br\/blog\/wp-json\/wp\/v2\/media\/85045"}],"wp:attachment":[{"href":"https:\/\/economiasa.com.br\/blog\/wp-json\/wp\/v2\/media?parent=85044"}],"wp:term":[{"taxonomy":"category","embeddable":true,"href":"https:\/\/economiasa.com.br\/blog\/wp-json\/wp\/v2\/categories?post=85044"},{"taxonomy":"post_tag","embeddable":true,"href":"https:\/\/economiasa.com.br\/blog\/wp-json\/wp\/v2\/tags?post=85044"},{"taxonomy":"author","embeddable":true,"href":"https:\/\/economiasa.com.br\/blog\/wp-json\/wp\/v2\/ppma_author?post=85044"}],"curies":[{"name":"wp","href":"https:\/\/api.w.org\/{rel}","templated":true}]}}