{"id":85046,"date":"2026-09-02T20:53:18","date_gmt":"2026-09-02T23:53:18","guid":{"rendered":"https:\/\/economiasa.com.br\/blog\/?p=85046"},"modified":"2026-09-02T20:53:19","modified_gmt":"2026-09-02T23:53:19","slug":"16o-forum-de-gestao-de-pessoas-debate-protagonismo-humano-diante-da-tecnologia","status":"publish","type":"post","link":"https:\/\/economiasa.com.br\/blog\/16o-forum-de-gestao-de-pessoas-debate-protagonismo-humano-diante-da-tecnologia\/","title":{"rendered":"16\u00ba F\u00f3rum de Gest\u00e3o de Pessoas debate protagonismo humano diante da tecnologia"},"content":{"rendered":"\n<p class=\"wp-block-paragraph\"><em>Evento, realizado pela Associa\u00e7\u00e3o Serrana de Recursos Humanos (ARH Serrana), traz para a Serra Ga\u00facha profissionais do iFood, do GPTW Brasil e da John Deere<\/em><\/p>\n\n\n\n<p class=\"wp-block-paragraph\">A Associa\u00e7\u00e3o Serrana de Recursos Humanos (ARH Serrana) promove, no dia 10 de setembro, o 16\u00ba F\u00f3rum de Gest\u00e3o de Pessoas, no UCS Teatro, em Caxias do Sul (RS). Com o tema \u201cGerir Pessoas \u00e9 Construir o Futuro\u201d, o encontro reunir\u00e1 profissionais de Recursos Humanos, empres\u00e1rios, gestores e lideran\u00e7as em mais de oito horas de palestras e pain\u00e9is executivos.<\/p>\n\n\n\n<p class=\"wp-block-paragraph\">A presidente da ARH Serrana, Silvana Siqueira, explica que a tem\u00e1tica foi escolhida levando em conta o contexto atual, em que a intelig\u00eancia artificial ocupa um espa\u00e7o crescente nas rotinas e nos processos de decis\u00e3o das empresas. \u201cHoje o que diferencia as organiza\u00e7\u00f5es \u00e9 a capacidade humana de interpretar cen\u00e1rios, liderar, mobilizar equipes e transformar conhecimento em a\u00e7\u00e3o. Por isso, uma Gest\u00e3o de Pessoas cada vez mais qualificada \u00e9 determinante para o desenvolvimento dos neg\u00f3cios\u201d, ressalta Silvana.<\/p>\n\n\n\n<p class=\"wp-block-paragraph\">A programa\u00e7\u00e3o vai abordar tem\u00e1ticas que fazem parte da rotina dos executivos que vivenciam, na pr\u00e1tica, os desafios de conduzir pessoas e organiza\u00e7\u00f5es como lideran\u00e7a, cultura organizacional, mudan\u00e7as no mundo do trabalho, desenvolvimento de equipes e decis\u00f5es capazes de impactar os resultados das empresas.<\/p>\n\n\n\n<p class=\"wp-block-paragraph\">A abertura, \u00e0s 8h, ficar\u00e1 a cargo de Daniela Klaiman, com a palestra \u201cAs grandes tend\u00eancias que est\u00e3o colocando pessoas no centro de tudo\u201d. Fundadora e CEO da FutureFuture, Daniela Klaiman est\u00e1 entre os principais nomes do futurismo no Brasil e na Am\u00e9rica Latina, integra o Conselho de Intelig\u00eancia Artificial da Samsung e \u00e9 colunista da Fast Company Brasil. Sua trajet\u00f3ria profissional \u00e9 dedicada ao estudo de comportamento, novas tecnologias, tend\u00eancias e prepara\u00e7\u00e3o de empresas e lideran\u00e7as para cen\u00e1rios futuros.<\/p>\n\n\n\n<p class=\"wp-block-paragraph\">Na sequ\u00eancia, \u00e0s 9h15, Daniela Diniz apresenta \u201cComo potencializar pessoas em tempos de mudan\u00e7a\u201d. Chief Communications Officer do Great Place to Work Brasil GPTW, \u00e9 jornalista, palestrante e escritora, com trajet\u00f3ria dedicada \u00e0 cobertura e \u00e0 an\u00e1lise da gest\u00e3o de pessoas e do mundo do trabalho. \u00c9 autora dos livros \u201cGrandes L\u00edderes de Pessoas\u201d e \u201c25 Anos de Hist\u00f3ria da Gest\u00e3o de Pessoas e Neg\u00f3cios nas Melhores Empresas para Trabalhar\u201d. Antes de ingressar no GPTW, passou por publica\u00e7\u00f5es como Exame, Voc\u00ea S\/A e Voc\u00ea RH.<\/p>\n\n\n\n<p class=\"wp-block-paragraph\">Ainda pela manh\u00e3, o painel executivo \u201cComo construir organiza\u00e7\u00f5es antifr\u00e1geis\u201d ter\u00e1 a condu\u00e7\u00e3o de Fernanda Futada e Emerson Costa, da Carreira Muller, parceira institucional do evento, e contar\u00e1 com a participa\u00e7\u00e3o de Regina Durante, vice-presidente de Gente, Sustentabilidade e Rela\u00e7\u00f5es Institucionais na Lojas Renner S.A., e Odair Dalagasperina, diretor de Neg\u00f3cios da Sicredi Serrana.<\/p>\n\n\n\n<p class=\"wp-block-paragraph\">Desde 2018 na Lojas Renner, Regina lidera o departamento respons\u00e1vel pela gest\u00e3o de mais de 26 mil colaboradores, pela estrat\u00e9gia ESG e pelas rela\u00e7\u00f5es institucionais. Com mais de 20 anos de carreira, tem atua\u00e7\u00e3o em temas como transforma\u00e7\u00e3o digital, planejamento sucess\u00f3rio, employer branding e people analytics e j\u00e1 passou por empresas como HP, Banco Santander, BrasilPrev e Serasa.<\/p>\n\n\n\n<p class=\"wp-block-paragraph\">Odair Dalagasperina soma 34 anos no Sistema Sicredi. Tornou-se gestor aos 18 anos e acumula mais de 14 anos em cargos de Diretoria. Formado em Administra\u00e7\u00e3o, com MBA pela FGV e forma\u00e7\u00e3o executiva, defende a gest\u00e3o por prop\u00f3sito e acredita na aprendizagem e no desenvolvimento cont\u00ednuo das pessoas como base para uma cultura forte e de alta performance.<\/p>\n\n\n\n<p class=\"wp-block-paragraph\">\u00c0 tarde, Marianita Orta\u00e7a ser\u00e1 uma das atra\u00e7\u00f5es da programa\u00e7\u00e3o. Psic\u00f3loga, palestrante, artista, educadora e empreendedora ga\u00facha, sua trajet\u00f3ria re\u00fane desenvolvimento humano, cultura e arte. Tamb\u00e9m atua como cantora, compositora, gaiteira e percussionista. Em 2026, foi reconhecida como Patrona dos Festejos Farroupilhas e \u00e9 embaixadora dos 400 anos das Miss\u00f5es.<\/p>\n\n\n\n<p class=\"wp-block-paragraph\">Outro momento da programa\u00e7\u00e3o ser\u00e1 o painel \u201cAs decis\u00f5es sobre pessoas que mudaram o destino das empresas\u201d, mediado por Lidiane Drum, fundadora da Natus Desenvolvimento Humano e Organizacional. Participam do painel Paulo Ely, CEO da Fundimisa, e Wellington Silv\u00e9rio, diretor de Recursos Humanos para a Am\u00e9rica Latina da John Deere. Engenheiro mec\u00e2nico graduado pela PUCRS, Ely tamb\u00e9m \u00e9 s\u00f3cio-propriet\u00e1rio da Elyte Tecnologia. A experi\u00eancia \u00e0 frente das empresas acrescenta ao debate a perspectiva de quem toma decis\u00f5es diretamente ligadas \u00e0 gest\u00e3o e \u00e0 cultura empresarial. No ranking das Melhores Empresas Para Trabalhar no Rio Grande do Sul de 2024, do Great Place to Work, a Fundimisa ocupou a primeira posi\u00e7\u00e3o e a Elyte Tecnologia a terceira entre as m\u00e9dias empresas. Silv\u00e9rio, que atua na gest\u00e3o de Recursos Humanos da John Deere na Am\u00e9rica Latina, tamb\u00e9m teve sua atua\u00e7\u00e3o reconhecida pela Forbes.<\/p>\n\n\n\n<p class=\"wp-block-paragraph\">\u00a0Lilian Kazama, Diretora de Total Rewards e People Operations no iFood, com a palestra \u201cO Protagonismo que move organiza\u00e7\u00f5es: uma decis\u00e3o corajosa para os pr\u00f3ximos 90 dias\u201d. Com experi\u00eancia em gest\u00e3o estrat\u00e9gica de pessoas, sua atua\u00e7\u00e3o envolve temas como remunera\u00e7\u00e3o e benef\u00edcios, experi\u00eancia do colaborador e transforma\u00e7\u00e3o da \u00e1rea de Recursos Humanos.<br><br>Ao reunir profissionais com diferentes experi\u00eancias e perspectivas, o F\u00f3rum quer mostrar diferentes vis\u00f5es e experi\u00eancias em ambientes de trabalho cada vez mais tecnol\u00f3gicos.<\/p>\n\n\n\n<p class=\"wp-block-paragraph\">Al\u00e9m da programa\u00e7\u00e3o no UCS Teatro, o 16\u00ba F\u00f3rum de Gest\u00e3o de Pessoas contar\u00e1 com uma Feira de Neg\u00f3cios no Centro de Conviv\u00eancias da UCS, durante todo o dia, ampliando o espa\u00e7o para relacionamento e aproxima\u00e7\u00e3o entre participantes e empresas.<\/p>\n\n\n\n<p class=\"wp-block-paragraph\">As inscri\u00e7\u00f5es est\u00e3o abertas e podem ser realizadas pelo<a href=\"http:\/\/materiais.arhserrana.com.br\/lp-16-forum-de-gestao-de-pessoas\" target=\"_blank\" rel=\"noreferrer noopener\">\u00a0site da ARH Serrana<\/a>.<\/p>\n\n\n\n<p class=\"wp-block-paragraph\">O evento conta com Patroc\u00ednio Diamante da Unimed Serra Ga\u00facha; Patroc\u00ednio Ouro de iFood Benef\u00edcios, Rai\u00f4, Sicredi e Swile; e Patroc\u00ednio Prata de Encanto Laser, OPUS e Supermercados Andreazza. A Carreira Muller e a UCS s\u00e3o parceiros institucionais. O F\u00f3rum tamb\u00e9m conta com apoio de \u00c1gua Mineral Lucena, Bellomo Camisaria, Detella Restaurantes Empresariais, Emercor, Saccaro M\u00f3veis e Verenna Limpeza. O Blue Tree Towers \u00e9 o hotel oficial e a Flytour, a ag\u00eancia oficial do evento.<\/p>\n\n\n\n<p class=\"wp-block-paragraph\"><strong>SERVI\u00c7O<\/strong><\/p>\n\n\n\n<p class=\"wp-block-paragraph\"><strong>Evento:<\/strong>\u00a016\u00ba F\u00f3rum de Gest\u00e3o de Pessoas<br><strong>Tema:<\/strong>\u00a0Gerir Pessoas \u00e9 Construir o Futuro<br><strong>Data:<\/strong>\u00a010 de setembro de 2026<br><strong>Hor\u00e1rio:<\/strong>\u00a0das 8h \u00e0s 17h<br><strong>Local:<\/strong>\u00a0UCS Teatro \u2013 Caxias do Sul\/RS<br><strong>Feira de Neg\u00f3cios:<\/strong>\u00a0durante todo o dia, no Centro de Conviv\u00eancias da UCS<br><strong>Realiza\u00e7\u00e3o:<\/strong>\u00a0ARH Serrana<br><strong>Inscri\u00e7\u00f5es:<\/strong>\u00a0<a href=\"http:\/\/arhserrana.com.br\/\" target=\"_blank\" rel=\"noreferrer noopener\">arhserrana.com.br<\/a><\/p>\n","protected":false},"excerpt":{"rendered":"<p>Evento, realizado pela Associa\u00e7\u00e3o Serrana de Recursos Humanos (ARH Serrana), traz para a Serra Ga\u00facha profissionais do iFood, do GPTW Brasil e&#8230;<\/p>\n","protected":false},"author":47,"featured_media":85047,"comment_status":"closed","ping_status":"open","sticky":false,"template":"","format":"standard","meta":{"footnotes":""},"categories":[1973],"tags":[],"ppma_author":[13248],"class_list":["post-85046","post","type-post","status-publish","format-standard","has-post-thumbnail","category-eventos"],"yoast_head":"<!-- This site is optimized with the Yoast SEO plugin v27.2 - https:\/\/yoast.com\/product\/yoast-seo-wordpress\/ -->\n<title>16\u00ba F\u00f3rum de Gest\u00e3o de Pessoas debate protagonismo humano diante da tecnologia - Economia S\/A<\/title>\n<meta name=\"robots\" content=\"index, follow, max-snippet:-1, max-image-preview:large, max-video-preview:-1\" \/>\n<link rel=\"canonical\" href=\"https:\/\/economiasa.com.br\/blog\/16o-forum-de-gestao-de-pessoas-debate-protagonismo-humano-diante-da-tecnologia\/\" \/>\n<meta property=\"og:locale\" content=\"pt_BR\" \/>\n<meta property=\"og:type\" content=\"article\" \/>\n<meta property=\"og:title\" content=\"16\u00ba F\u00f3rum de Gest\u00e3o de Pessoas debate protagonismo humano diante da tecnologia - Economia S\/A\" \/>\n<meta property=\"og:description\" content=\"Evento, realizado pela Associa\u00e7\u00e3o Serrana de Recursos Humanos (ARH Serrana), traz para a Serra Ga\u00facha profissionais do iFood, do GPTW Brasil e...\" \/>\n<meta property=\"og:url\" content=\"https:\/\/economiasa.com.br\/blog\/16o-forum-de-gestao-de-pessoas-debate-protagonismo-humano-diante-da-tecnologia\/\" \/>\n<meta property=\"og:site_name\" content=\"Economia S\/A\" \/>\n<meta property=\"article:published_time\" content=\"2026-09-02T23:53:18+00:00\" \/>\n<meta property=\"article:modified_time\" content=\"2026-09-02T23:53:19+00:00\" \/>\n<meta property=\"og:image\" content=\"https:\/\/economiasa.com.br\/blog\/wp-content\/uploads\/2026\/09\/forum-gestao-de-pessoas-2025-credito-divulgacao.jpg.jpeg\" \/>\n\t<meta property=\"og:image:width\" content=\"2048\" \/>\n\t<meta property=\"og:image:height\" content=\"1360\" \/>\n\t<meta property=\"og:image:type\" content=\"image\/jpeg\" \/>\n<meta name=\"author\" content=\"Reda\u00e7\u00e3o\" \/>\n<meta name=\"twitter:card\" content=\"summary_large_image\" \/>\n<meta name=\"twitter:label1\" content=\"Escrito por\" \/>\n\t<meta name=\"twitter:data1\" content=\"Reda\u00e7\u00e3o\" \/>\n\t<meta name=\"twitter:label2\" content=\"Est. tempo de leitura\" \/>\n\t<meta name=\"twitter:data2\" content=\"6 minutos\" \/>\n<script type=\"application\/ld+json\" class=\"yoast-schema-graph\">{\"@context\":\"https:\/\/schema.org\",\"@graph\":[{\"@type\":\"Article\",\"@id\":\"https:\/\/economiasa.com.br\/blog\/16o-forum-de-gestao-de-pessoas-debate-protagonismo-humano-diante-da-tecnologia\/#article\",\"isPartOf\":{\"@id\":\"https:\/\/economiasa.com.br\/blog\/16o-forum-de-gestao-de-pessoas-debate-protagonismo-humano-diante-da-tecnologia\/\"},\"author\":{\"name\":\"Reda\u00e7\u00e3o\",\"@id\":\"https:\/\/economiasa.com.br\/blog\/#\/schema\/person\/14b8ac2dc25bd63b52bc54e845fa3923\"},\"headline\":\"16\u00ba F\u00f3rum de Gest\u00e3o de Pessoas debate protagonismo humano diante da tecnologia\",\"datePublished\":\"2026-09-02T23:53:18+00:00\",\"dateModified\":\"2026-09-02T23:53:19+00:00\",\"mainEntityOfPage\":{\"@id\":\"https:\/\/economiasa.com.br\/blog\/16o-forum-de-gestao-de-pessoas-debate-protagonismo-humano-diante-da-tecnologia\/\"},\"wordCount\":1111,\"image\":{\"@id\":\"https:\/\/economiasa.com.br\/blog\/16o-forum-de-gestao-de-pessoas-debate-protagonismo-humano-diante-da-tecnologia\/#primaryimage\"},\"thumbnailUrl\":\"https:\/\/economiasa.com.br\/blog\/wp-content\/uploads\/2026\/09\/forum-gestao-de-pessoas-2025-credito-divulgacao.jpg.jpeg\",\"articleSection\":[\"Eventos\"],\"inLanguage\":\"pt-BR\"},{\"@type\":\"WebPage\",\"@id\":\"https:\/\/economiasa.com.br\/blog\/16o-forum-de-gestao-de-pessoas-debate-protagonismo-humano-diante-da-tecnologia\/\",\"url\":\"https:\/\/economiasa.com.br\/blog\/16o-forum-de-gestao-de-pessoas-debate-protagonismo-humano-diante-da-tecnologia\/\",\"name\":\"16\u00ba F\u00f3rum de Gest\u00e3o de Pessoas debate protagonismo humano diante da tecnologia - Economia S\/A\",\"isPartOf\":{\"@id\":\"https:\/\/economiasa.com.br\/blog\/#website\"},\"primaryImageOfPage\":{\"@id\":\"https:\/\/economiasa.com.br\/blog\/16o-forum-de-gestao-de-pessoas-debate-protagonismo-humano-diante-da-tecnologia\/#primaryimage\"},\"image\":{\"@id\":\"https:\/\/economiasa.com.br\/blog\/16o-forum-de-gestao-de-pessoas-debate-protagonismo-humano-diante-da-tecnologia\/#primaryimage\"},\"thumbnailUrl\":\"https:\/\/economiasa.com.br\/blog\/wp-content\/uploads\/2026\/09\/forum-gestao-de-pessoas-2025-credito-divulgacao.jpg.jpeg\",\"datePublished\":\"2026-09-02T23:53:18+00:00\",\"dateModified\":\"2026-09-02T23:53:19+00:00\",\"author\":{\"@id\":\"https:\/\/economiasa.com.br\/blog\/#\/schema\/person\/14b8ac2dc25bd63b52bc54e845fa3923\"},\"breadcrumb\":{\"@id\":\"https:\/\/economiasa.com.br\/blog\/16o-forum-de-gestao-de-pessoas-debate-protagonismo-humano-diante-da-tecnologia\/#breadcrumb\"},\"inLanguage\":\"pt-BR\",\"potentialAction\":[{\"@type\":\"ReadAction\",\"target\":[\"https:\/\/economiasa.com.br\/blog\/16o-forum-de-gestao-de-pessoas-debate-protagonismo-humano-diante-da-tecnologia\/\"]}]},{\"@type\":\"ImageObject\",\"inLanguage\":\"pt-BR\",\"@id\":\"https:\/\/economiasa.com.br\/blog\/16o-forum-de-gestao-de-pessoas-debate-protagonismo-humano-diante-da-tecnologia\/#primaryimage\",\"url\":\"https:\/\/economiasa.com.br\/blog\/wp-content\/uploads\/2026\/09\/forum-gestao-de-pessoas-2025-credito-divulgacao.jpg.jpeg\",\"contentUrl\":\"https:\/\/economiasa.com.br\/blog\/wp-content\/uploads\/2026\/09\/forum-gestao-de-pessoas-2025-credito-divulgacao.jpg.jpeg\",\"width\":2048,\"height\":1360,\"caption\":\"forum gest\u00e3o de pessoas 2025 - credito divulga\u00e7\u00e3o.jpg\"},{\"@type\":\"BreadcrumbList\",\"@id\":\"https:\/\/economiasa.com.br\/blog\/16o-forum-de-gestao-de-pessoas-debate-protagonismo-humano-diante-da-tecnologia\/#breadcrumb\",\"itemListElement\":[{\"@type\":\"ListItem\",\"position\":1,\"name\":\"In\u00edcio\",\"item\":\"https:\/\/economiasa.com.br\/blog\/\"},{\"@type\":\"ListItem\",\"position\":2,\"name\":\"16\u00ba F\u00f3rum de Gest\u00e3o de Pessoas debate protagonismo humano diante da tecnologia\"}]},{\"@type\":\"WebSite\",\"@id\":\"https:\/\/economiasa.com.br\/blog\/#website\",\"url\":\"https:\/\/economiasa.com.br\/blog\/\",\"name\":\"Economia S\/A\",\"description\":\"Ler faz bem para os neg\u00f3cios\",\"potentialAction\":[{\"@type\":\"SearchAction\",\"target\":{\"@type\":\"EntryPoint\",\"urlTemplate\":\"https:\/\/economiasa.com.br\/blog\/?s={search_term_string}\"},\"query-input\":{\"@type\":\"PropertyValueSpecification\",\"valueRequired\":true,\"valueName\":\"search_term_string\"}}],\"inLanguage\":\"pt-BR\"},{\"@type\":\"Person\",\"@id\":\"https:\/\/economiasa.com.br\/blog\/#\/schema\/person\/14b8ac2dc25bd63b52bc54e845fa3923\",\"name\":\"Reda\u00e7\u00e3o\",\"image\":{\"@type\":\"ImageObject\",\"inLanguage\":\"pt-BR\",\"@id\":\"https:\/\/secure.gravatar.com\/avatar\/c8c795261f7f8547b22616a549577db9e450bd5622da3f6eb62b0e2c3e364c4e?s=96&d=mm&r=g0fb5212bc57e2287787936667fbbe0ff\",\"url\":\"https:\/\/secure.gravatar.com\/avatar\/c8c795261f7f8547b22616a549577db9e450bd5622da3f6eb62b0e2c3e364c4e?s=96&d=mm&r=g\",\"contentUrl\":\"https:\/\/secure.gravatar.com\/avatar\/c8c795261f7f8547b22616a549577db9e450bd5622da3f6eb62b0e2c3e364c4e?s=96&d=mm&r=g\",\"caption\":\"Reda\u00e7\u00e3o\"},\"sameAs\":[\"http:\/\/www.economiasa.com.br\"],\"url\":\"https:\/\/economiasa.com.br\/blog\/author\/redacao\/\"}]}<\/script>\n<!-- \/ Yoast SEO plugin. -->","yoast_head_json":{"title":"16\u00ba F\u00f3rum de Gest\u00e3o de Pessoas debate protagonismo humano diante da tecnologia - Economia S\/A","robots":{"index":"index","follow":"follow","max-snippet":"max-snippet:-1","max-image-preview":"max-image-preview:large","max-video-preview":"max-video-preview:-1"},"canonical":"https:\/\/economiasa.com.br\/blog\/16o-forum-de-gestao-de-pessoas-debate-protagonismo-humano-diante-da-tecnologia\/","og_locale":"pt_BR","og_type":"article","og_title":"16\u00ba F\u00f3rum de Gest\u00e3o de Pessoas debate protagonismo humano diante da tecnologia - Economia S\/A","og_description":"Evento, realizado pela Associa\u00e7\u00e3o Serrana de Recursos Humanos (ARH Serrana), traz para a Serra Ga\u00facha profissionais do iFood, do GPTW Brasil e...","og_url":"https:\/\/economiasa.com.br\/blog\/16o-forum-de-gestao-de-pessoas-debate-protagonismo-humano-diante-da-tecnologia\/","og_site_name":"Economia S\/A","article_published_time":"2026-09-02T23:53:18+00:00","article_modified_time":"2026-09-02T23:53:19+00:00","og_image":[{"width":2048,"height":1360,"url":"https:\/\/economiasa.com.br\/blog\/wp-content\/uploads\/2026\/09\/forum-gestao-de-pessoas-2025-credito-divulgacao.jpg.jpeg","type":"image\/jpeg"}],"author":"Reda\u00e7\u00e3o","twitter_card":"summary_large_image","twitter_misc":{"Escrito por":"Reda\u00e7\u00e3o","Est. tempo de leitura":"6 minutos"},"schema":{"@context":"https:\/\/schema.org","@graph":[{"@type":"Article","@id":"https:\/\/economiasa.com.br\/blog\/16o-forum-de-gestao-de-pessoas-debate-protagonismo-humano-diante-da-tecnologia\/#article","isPartOf":{"@id":"https:\/\/economiasa.com.br\/blog\/16o-forum-de-gestao-de-pessoas-debate-protagonismo-humano-diante-da-tecnologia\/"},"author":{"name":"Reda\u00e7\u00e3o","@id":"https:\/\/economiasa.com.br\/blog\/#\/schema\/person\/14b8ac2dc25bd63b52bc54e845fa3923"},"headline":"16\u00ba F\u00f3rum de Gest\u00e3o de Pessoas debate protagonismo humano diante da tecnologia","datePublished":"2026-09-02T23:53:18+00:00","dateModified":"2026-09-02T23:53:19+00:00","mainEntityOfPage":{"@id":"https:\/\/economiasa.com.br\/blog\/16o-forum-de-gestao-de-pessoas-debate-protagonismo-humano-diante-da-tecnologia\/"},"wordCount":1111,"image":{"@id":"https:\/\/economiasa.com.br\/blog\/16o-forum-de-gestao-de-pessoas-debate-protagonismo-humano-diante-da-tecnologia\/#primaryimage"},"thumbnailUrl":"https:\/\/economiasa.com.br\/blog\/wp-content\/uploads\/2026\/09\/forum-gestao-de-pessoas-2025-credito-divulgacao.jpg.jpeg","articleSection":["Eventos"],"inLanguage":"pt-BR"},{"@type":"WebPage","@id":"https:\/\/economiasa.com.br\/blog\/16o-forum-de-gestao-de-pessoas-debate-protagonismo-humano-diante-da-tecnologia\/","url":"https:\/\/economiasa.com.br\/blog\/16o-forum-de-gestao-de-pessoas-debate-protagonismo-humano-diante-da-tecnologia\/","name":"16\u00ba F\u00f3rum de Gest\u00e3o de Pessoas debate protagonismo humano diante da tecnologia - Economia S\/A","isPartOf":{"@id":"https:\/\/economiasa.com.br\/blog\/#website"},"primaryImageOfPage":{"@id":"https:\/\/economiasa.com.br\/blog\/16o-forum-de-gestao-de-pessoas-debate-protagonismo-humano-diante-da-tecnologia\/#primaryimage"},"image":{"@id":"https:\/\/economiasa.com.br\/blog\/16o-forum-de-gestao-de-pessoas-debate-protagonismo-humano-diante-da-tecnologia\/#primaryimage"},"thumbnailUrl":"https:\/\/economiasa.com.br\/blog\/wp-content\/uploads\/2026\/09\/forum-gestao-de-pessoas-2025-credito-divulgacao.jpg.jpeg","datePublished":"2026-09-02T23:53:18+00:00","dateModified":"2026-09-02T23:53:19+00:00","author":{"@id":"https:\/\/economiasa.com.br\/blog\/#\/schema\/person\/14b8ac2dc25bd63b52bc54e845fa3923"},"breadcrumb":{"@id":"https:\/\/economiasa.com.br\/blog\/16o-forum-de-gestao-de-pessoas-debate-protagonismo-humano-diante-da-tecnologia\/#breadcrumb"},"inLanguage":"pt-BR","potentialAction":[{"@type":"ReadAction","target":["https:\/\/economiasa.com.br\/blog\/16o-forum-de-gestao-de-pessoas-debate-protagonismo-humano-diante-da-tecnologia\/"]}]},{"@type":"ImageObject","inLanguage":"pt-BR","@id":"https:\/\/economiasa.com.br\/blog\/16o-forum-de-gestao-de-pessoas-debate-protagonismo-humano-diante-da-tecnologia\/#primaryimage","url":"https:\/\/economiasa.com.br\/blog\/wp-content\/uploads\/2026\/09\/forum-gestao-de-pessoas-2025-credito-divulgacao.jpg.jpeg","contentUrl":"https:\/\/economiasa.com.br\/blog\/wp-content\/uploads\/2026\/09\/forum-gestao-de-pessoas-2025-credito-divulgacao.jpg.jpeg","width":2048,"height":1360,"caption":"forum gest\u00e3o de pessoas 2025 - credito divulga\u00e7\u00e3o.jpg"},{"@type":"BreadcrumbList","@id":"https:\/\/economiasa.com.br\/blog\/16o-forum-de-gestao-de-pessoas-debate-protagonismo-humano-diante-da-tecnologia\/#breadcrumb","itemListElement":[{"@type":"ListItem","position":1,"name":"In\u00edcio","item":"https:\/\/economiasa.com.br\/blog\/"},{"@type":"ListItem","position":2,"name":"16\u00ba F\u00f3rum de Gest\u00e3o de Pessoas debate protagonismo humano diante da tecnologia"}]},{"@type":"WebSite","@id":"https:\/\/economiasa.com.br\/blog\/#website","url":"https:\/\/economiasa.com.br\/blog\/","name":"Economia S\/A","description":"Ler faz bem para os neg\u00f3cios","potentialAction":[{"@type":"SearchAction","target":{"@type":"EntryPoint","urlTemplate":"https:\/\/economiasa.com.br\/blog\/?s={search_term_string}"},"query-input":{"@type":"PropertyValueSpecification","valueRequired":true,"valueName":"search_term_string"}}],"inLanguage":"pt-BR"},{"@type":"Person","@id":"https:\/\/economiasa.com.br\/blog\/#\/schema\/person\/14b8ac2dc25bd63b52bc54e845fa3923","name":"Reda\u00e7\u00e3o","image":{"@type":"ImageObject","inLanguage":"pt-BR","@id":"https:\/\/secure.gravatar.com\/avatar\/c8c795261f7f8547b22616a549577db9e450bd5622da3f6eb62b0e2c3e364c4e?s=96&d=mm&r=g0fb5212bc57e2287787936667fbbe0ff","url":"https:\/\/secure.gravatar.com\/avatar\/c8c795261f7f8547b22616a549577db9e450bd5622da3f6eb62b0e2c3e364c4e?s=96&d=mm&r=g","contentUrl":"https:\/\/secure.gravatar.com\/avatar\/c8c795261f7f8547b22616a549577db9e450bd5622da3f6eb62b0e2c3e364c4e?s=96&d=mm&r=g","caption":"Reda\u00e7\u00e3o"},"sameAs":["http:\/\/www.economiasa.com.br"],"url":"https:\/\/economiasa.com.br\/blog\/author\/redacao\/"}]}},"authors":[{"term_id":13248,"user_id":47,"is_guest":0,"slug":"redacao","display_name":"Reda\u00e7\u00e3o","avatar_url":"https:\/\/secure.gravatar.com\/avatar\/c8c795261f7f8547b22616a549577db9e450bd5622da3f6eb62b0e2c3e364c4e?s=96&d=mm&r=g","author_category":"","first_name":"Reda\u00e7\u00e3o","last_name":"","user_url":"http:\/\/www.economiasa.com.br","job_title":"","description":""}],"amp_enabled":true,"_links":{"self":[{"href":"https:\/\/economiasa.com.br\/blog\/wp-json\/wp\/v2\/posts\/85046","targetHints":{"allow":["GET"]}}],"collection":[{"href":"https:\/\/economiasa.com.br\/blog\/wp-json\/wp\/v2\/posts"}],"about":[{"href":"https:\/\/economiasa.com.br\/blog\/wp-json\/wp\/v2\/types\/post"}],"author":[{"embeddable":true,"href":"https:\/\/economiasa.com.br\/blog\/wp-json\/wp\/v2\/users\/47"}],"replies":[{"embeddable":true,"href":"https:\/\/economiasa.com.br\/blog\/wp-json\/wp\/v2\/comments?post=85046"}],"version-history":[{"count":0,"href":"https:\/\/economiasa.com.br\/blog\/wp-json\/wp\/v2\/posts\/85046\/revisions"}],"wp:featuredmedia":[{"embeddable":true,"href":"https:\/\/economiasa.com.br\/blog\/wp-json\/wp\/v2\/media\/85047"}],"wp:attachment":[{"href":"https:\/\/economiasa.com.br\/blog\/wp-json\/wp\/v2\/media?parent=85046"}],"wp:term":[{"taxonomy":"category","embeddable":true,"href":"https:\/\/economiasa.com.br\/blog\/wp-json\/wp\/v2\/categories?post=85046"},{"taxonomy":"post_tag","embeddable":true,"href":"https:\/\/economiasa.com.br\/blog\/wp-json\/wp\/v2\/tags?post=85046"},{"taxonomy":"author","embeddable":true,"href":"https:\/\/economiasa.com.br\/blog\/wp-json\/wp\/v2\/ppma_author?post=85046"}],"curies":[{"name":"wp","href":"https:\/\/api.w.org\/{rel}","templated":true}]}}