{"id":85048,"date":"2026-09-02T21:00:30","date_gmt":"2026-09-03T00:00:30","guid":{"rendered":"https:\/\/economiasa.com.br\/blog\/?p=85048"},"modified":"2026-09-02T21:00:31","modified_gmt":"2026-09-03T00:00:31","slug":"sodie-doces-inaugura-loja-em-itupeva-com-degustacao-gratuita","status":"publish","type":"post","link":"https:\/\/economiasa.com.br\/blog\/sodie-doces-inaugura-loja-em-itupeva-com-degustacao-gratuita\/","title":{"rendered":"Sodi\u00ea Doces inaugura loja em Itupeva com degusta\u00e7\u00e3o gratuita"},"content":{"rendered":"\n<p class=\"wp-block-paragraph\"><em>Unidade no Centro da cidade abre no dia 3 de setembro e marca o m\u00eas de anivers\u00e1rio de 29 anos da rede<\/em><\/p>\n\n\n\n<p class=\"wp-block-paragraph\">A Sodi\u00ea Doces inaugura, no dia 3 de setembro, uma nova opera\u00e7\u00e3o em Itupeva, no interior de S\u00e3o Paulo. Comandada pelos franqueados Roseli Leite dos Santos e Celso Jos\u00e9 dos Santos, que tamb\u00e9m possuem unidades da marca na capital paulista e em Cabre\u00fava, a loja abre na Avenida Brasil, 816, no Centro, com uma estrutura ampliada para atender a demanda local. Para marcar a abertura, acontece uma degusta\u00e7\u00e3o gratuita de produtos em dois hor\u00e1rios: das 13h \u00e0s 14h e das 17h \u00e0s 18h.<\/p>\n\n\n\n<p class=\"wp-block-paragraph\">A inaugura\u00e7\u00e3o em Itupeva coincide com o in\u00edcio das comemora\u00e7\u00f5es dos 29 anos da Sodi\u00ea. Em setembro, a rede lan\u00e7a em todas as lojas o bolo Doce Celebra\u00e7\u00e3o #195, com massa branca, recheio de doce de leite, creme gelado e morangos, coberto com raspas de chocolate branco, receita inspirada no visual cl\u00e1ssico dos bolos da marca de uma d\u00e9cada atr\u00e1s. Na compra de 1 kg do bolo comemorativo, o cliente pode adquirir um prato colecion\u00e1vel exclusivo por mais R$ 12,90 (oferta v\u00e1lida enquanto durarem os estoques).<\/p>\n\n\n\n<p class=\"wp-block-paragraph\">\u201cDurante uma d\u00e9cada, os nossos bolos eram finalizados com essa cobertura de raspas e quis resgatar essa mem\u00f3ria afetiva para o anivers\u00e1rio de 29 anos\u201d, explica Cleusa Maria da Silva, fundadora da Sodi\u00ea Doces.<\/p>\n\n\n\n<p class=\"wp-block-paragraph\">Para o diretor-geral da Sodi\u00ea, F\u00e1bio Ara\u00fajo, o movimento refor\u00e7a a for\u00e7a do modelo de franquias: \u201cQuando franqueados experientes decidem expandir a estrutura na mesma cidade, demonstra uma confian\u00e7a constru\u00edda na pr\u00e1tica. A opera\u00e7\u00e3o nasce mais preparada para fortalecer a marca no munic\u00edpio.\u201d<\/p>\n\n\n\n<p class=\"wp-block-paragraph\">\u201cConhecemos o comportamento do p\u00fablico local. A experi\u00eancia nas outras unidades nos d\u00e1 a seguran\u00e7a necess\u00e1ria para entregar uma loja mais completa a Itupeva\u201d, completam os franqueados Roseli e Celso.<\/p>\n","protected":false},"excerpt":{"rendered":"<p>Unidade no Centro da cidade abre no dia 3 de setembro e marca o m\u00eas de anivers\u00e1rio de 29 anos da rede&#8230;<\/p>\n","protected":false},"author":47,"featured_media":85049,"comment_status":"closed","ping_status":"open","sticky":false,"template":"","format":"standard","meta":{"footnotes":""},"categories":[1973],"tags":[],"ppma_author":[13248],"class_list":["post-85048","post","type-post","status-publish","format-standard","has-post-thumbnail","category-eventos"],"yoast_head":"<!-- This site is optimized with the Yoast SEO plugin v27.2 - https:\/\/yoast.com\/product\/yoast-seo-wordpress\/ -->\n<title>Sodi\u00ea Doces inaugura loja em Itupeva com degusta\u00e7\u00e3o gratuita - Economia S\/A<\/title>\n<meta name=\"robots\" content=\"index, follow, max-snippet:-1, max-image-preview:large, max-video-preview:-1\" \/>\n<link rel=\"canonical\" href=\"https:\/\/economiasa.com.br\/blog\/sodie-doces-inaugura-loja-em-itupeva-com-degustacao-gratuita\/\" \/>\n<meta property=\"og:locale\" content=\"pt_BR\" \/>\n<meta property=\"og:type\" content=\"article\" \/>\n<meta property=\"og:title\" content=\"Sodi\u00ea Doces inaugura loja em Itupeva com degusta\u00e7\u00e3o gratuita - Economia S\/A\" \/>\n<meta property=\"og:description\" content=\"Unidade no Centro da cidade abre no dia 3 de setembro e marca o m\u00eas de anivers\u00e1rio de 29 anos da rede...\" \/>\n<meta property=\"og:url\" content=\"https:\/\/economiasa.com.br\/blog\/sodie-doces-inaugura-loja-em-itupeva-com-degustacao-gratuita\/\" \/>\n<meta property=\"og:site_name\" content=\"Economia S\/A\" \/>\n<meta property=\"article:published_time\" content=\"2026-09-03T00:00:30+00:00\" \/>\n<meta property=\"article:modified_time\" content=\"2026-09-03T00:00:31+00:00\" \/>\n<meta property=\"og:image\" content=\"https:\/\/economiasa.com.br\/blog\/wp-content\/uploads\/2026\/09\/kit-festa-1-.jpg\" \/>\n\t<meta property=\"og:image:width\" content=\"2203\" \/>\n\t<meta property=\"og:image:height\" content=\"1379\" \/>\n\t<meta property=\"og:image:type\" content=\"image\/jpeg\" \/>\n<meta name=\"author\" content=\"Reda\u00e7\u00e3o\" \/>\n<meta name=\"twitter:card\" content=\"summary_large_image\" \/>\n<meta name=\"twitter:label1\" content=\"Escrito por\" \/>\n\t<meta name=\"twitter:data1\" content=\"Reda\u00e7\u00e3o\" \/>\n\t<meta name=\"twitter:label2\" content=\"Est. tempo de leitura\" \/>\n\t<meta name=\"twitter:data2\" content=\"2 minutos\" \/>\n<script type=\"application\/ld+json\" class=\"yoast-schema-graph\">{\"@context\":\"https:\/\/schema.org\",\"@graph\":[{\"@type\":\"Article\",\"@id\":\"https:\/\/economiasa.com.br\/blog\/sodie-doces-inaugura-loja-em-itupeva-com-degustacao-gratuita\/#article\",\"isPartOf\":{\"@id\":\"https:\/\/economiasa.com.br\/blog\/sodie-doces-inaugura-loja-em-itupeva-com-degustacao-gratuita\/\"},\"author\":{\"name\":\"Reda\u00e7\u00e3o\",\"@id\":\"https:\/\/economiasa.com.br\/blog\/#\/schema\/person\/14b8ac2dc25bd63b52bc54e845fa3923\"},\"headline\":\"Sodi\u00ea Doces inaugura loja em Itupeva com degusta\u00e7\u00e3o gratuita\",\"datePublished\":\"2026-09-03T00:00:30+00:00\",\"dateModified\":\"2026-09-03T00:00:31+00:00\",\"mainEntityOfPage\":{\"@id\":\"https:\/\/economiasa.com.br\/blog\/sodie-doces-inaugura-loja-em-itupeva-com-degustacao-gratuita\/\"},\"wordCount\":333,\"image\":{\"@id\":\"https:\/\/economiasa.com.br\/blog\/sodie-doces-inaugura-loja-em-itupeva-com-degustacao-gratuita\/#primaryimage\"},\"thumbnailUrl\":\"https:\/\/economiasa.com.br\/blog\/wp-content\/uploads\/2026\/09\/kit-festa-1-.jpg\",\"articleSection\":[\"Eventos\"],\"inLanguage\":\"pt-BR\"},{\"@type\":\"WebPage\",\"@id\":\"https:\/\/economiasa.com.br\/blog\/sodie-doces-inaugura-loja-em-itupeva-com-degustacao-gratuita\/\",\"url\":\"https:\/\/economiasa.com.br\/blog\/sodie-doces-inaugura-loja-em-itupeva-com-degustacao-gratuita\/\",\"name\":\"Sodi\u00ea Doces inaugura loja em Itupeva com degusta\u00e7\u00e3o gratuita - Economia S\/A\",\"isPartOf\":{\"@id\":\"https:\/\/economiasa.com.br\/blog\/#website\"},\"primaryImageOfPage\":{\"@id\":\"https:\/\/economiasa.com.br\/blog\/sodie-doces-inaugura-loja-em-itupeva-com-degustacao-gratuita\/#primaryimage\"},\"image\":{\"@id\":\"https:\/\/economiasa.com.br\/blog\/sodie-doces-inaugura-loja-em-itupeva-com-degustacao-gratuita\/#primaryimage\"},\"thumbnailUrl\":\"https:\/\/economiasa.com.br\/blog\/wp-content\/uploads\/2026\/09\/kit-festa-1-.jpg\",\"datePublished\":\"2026-09-03T00:00:30+00:00\",\"dateModified\":\"2026-09-03T00:00:31+00:00\",\"author\":{\"@id\":\"https:\/\/economiasa.com.br\/blog\/#\/schema\/person\/14b8ac2dc25bd63b52bc54e845fa3923\"},\"breadcrumb\":{\"@id\":\"https:\/\/economiasa.com.br\/blog\/sodie-doces-inaugura-loja-em-itupeva-com-degustacao-gratuita\/#breadcrumb\"},\"inLanguage\":\"pt-BR\",\"potentialAction\":[{\"@type\":\"ReadAction\",\"target\":[\"https:\/\/economiasa.com.br\/blog\/sodie-doces-inaugura-loja-em-itupeva-com-degustacao-gratuita\/\"]}]},{\"@type\":\"ImageObject\",\"inLanguage\":\"pt-BR\",\"@id\":\"https:\/\/economiasa.com.br\/blog\/sodie-doces-inaugura-loja-em-itupeva-com-degustacao-gratuita\/#primaryimage\",\"url\":\"https:\/\/economiasa.com.br\/blog\/wp-content\/uploads\/2026\/09\/kit-festa-1-.jpg\",\"contentUrl\":\"https:\/\/economiasa.com.br\/blog\/wp-content\/uploads\/2026\/09\/kit-festa-1-.jpg\",\"width\":2203,\"height\":1379,\"caption\":\"kit-festa - Cr\u00e9ditos da foto: Divulga\u00e7\u00e3o\"},{\"@type\":\"BreadcrumbList\",\"@id\":\"https:\/\/economiasa.com.br\/blog\/sodie-doces-inaugura-loja-em-itupeva-com-degustacao-gratuita\/#breadcrumb\",\"itemListElement\":[{\"@type\":\"ListItem\",\"position\":1,\"name\":\"In\u00edcio\",\"item\":\"https:\/\/economiasa.com.br\/blog\/\"},{\"@type\":\"ListItem\",\"position\":2,\"name\":\"Sodi\u00ea Doces inaugura loja em Itupeva com degusta\u00e7\u00e3o gratuita\"}]},{\"@type\":\"WebSite\",\"@id\":\"https:\/\/economiasa.com.br\/blog\/#website\",\"url\":\"https:\/\/economiasa.com.br\/blog\/\",\"name\":\"Economia S\/A\",\"description\":\"Ler faz bem para os neg\u00f3cios\",\"potentialAction\":[{\"@type\":\"SearchAction\",\"target\":{\"@type\":\"EntryPoint\",\"urlTemplate\":\"https:\/\/economiasa.com.br\/blog\/?s={search_term_string}\"},\"query-input\":{\"@type\":\"PropertyValueSpecification\",\"valueRequired\":true,\"valueName\":\"search_term_string\"}}],\"inLanguage\":\"pt-BR\"},{\"@type\":\"Person\",\"@id\":\"https:\/\/economiasa.com.br\/blog\/#\/schema\/person\/14b8ac2dc25bd63b52bc54e845fa3923\",\"name\":\"Reda\u00e7\u00e3o\",\"image\":{\"@type\":\"ImageObject\",\"inLanguage\":\"pt-BR\",\"@id\":\"https:\/\/secure.gravatar.com\/avatar\/c8c795261f7f8547b22616a549577db9e450bd5622da3f6eb62b0e2c3e364c4e?s=96&d=mm&r=g0fb5212bc57e2287787936667fbbe0ff\",\"url\":\"https:\/\/secure.gravatar.com\/avatar\/c8c795261f7f8547b22616a549577db9e450bd5622da3f6eb62b0e2c3e364c4e?s=96&d=mm&r=g\",\"contentUrl\":\"https:\/\/secure.gravatar.com\/avatar\/c8c795261f7f8547b22616a549577db9e450bd5622da3f6eb62b0e2c3e364c4e?s=96&d=mm&r=g\",\"caption\":\"Reda\u00e7\u00e3o\"},\"sameAs\":[\"http:\/\/www.economiasa.com.br\"],\"url\":\"https:\/\/economiasa.com.br\/blog\/author\/redacao\/\"}]}<\/script>\n<!-- \/ Yoast SEO plugin. -->","yoast_head_json":{"title":"Sodi\u00ea Doces inaugura loja em Itupeva com degusta\u00e7\u00e3o gratuita - Economia S\/A","robots":{"index":"index","follow":"follow","max-snippet":"max-snippet:-1","max-image-preview":"max-image-preview:large","max-video-preview":"max-video-preview:-1"},"canonical":"https:\/\/economiasa.com.br\/blog\/sodie-doces-inaugura-loja-em-itupeva-com-degustacao-gratuita\/","og_locale":"pt_BR","og_type":"article","og_title":"Sodi\u00ea Doces inaugura loja em Itupeva com degusta\u00e7\u00e3o gratuita - Economia S\/A","og_description":"Unidade no Centro da cidade abre no dia 3 de setembro e marca o m\u00eas de anivers\u00e1rio de 29 anos da rede...","og_url":"https:\/\/economiasa.com.br\/blog\/sodie-doces-inaugura-loja-em-itupeva-com-degustacao-gratuita\/","og_site_name":"Economia S\/A","article_published_time":"2026-09-03T00:00:30+00:00","article_modified_time":"2026-09-03T00:00:31+00:00","og_image":[{"width":2203,"height":1379,"url":"https:\/\/economiasa.com.br\/blog\/wp-content\/uploads\/2026\/09\/kit-festa-1-.jpg","type":"image\/jpeg"}],"author":"Reda\u00e7\u00e3o","twitter_card":"summary_large_image","twitter_misc":{"Escrito por":"Reda\u00e7\u00e3o","Est. tempo de leitura":"2 minutos"},"schema":{"@context":"https:\/\/schema.org","@graph":[{"@type":"Article","@id":"https:\/\/economiasa.com.br\/blog\/sodie-doces-inaugura-loja-em-itupeva-com-degustacao-gratuita\/#article","isPartOf":{"@id":"https:\/\/economiasa.com.br\/blog\/sodie-doces-inaugura-loja-em-itupeva-com-degustacao-gratuita\/"},"author":{"name":"Reda\u00e7\u00e3o","@id":"https:\/\/economiasa.com.br\/blog\/#\/schema\/person\/14b8ac2dc25bd63b52bc54e845fa3923"},"headline":"Sodi\u00ea Doces inaugura loja em Itupeva com degusta\u00e7\u00e3o gratuita","datePublished":"2026-09-03T00:00:30+00:00","dateModified":"2026-09-03T00:00:31+00:00","mainEntityOfPage":{"@id":"https:\/\/economiasa.com.br\/blog\/sodie-doces-inaugura-loja-em-itupeva-com-degustacao-gratuita\/"},"wordCount":333,"image":{"@id":"https:\/\/economiasa.com.br\/blog\/sodie-doces-inaugura-loja-em-itupeva-com-degustacao-gratuita\/#primaryimage"},"thumbnailUrl":"https:\/\/economiasa.com.br\/blog\/wp-content\/uploads\/2026\/09\/kit-festa-1-.jpg","articleSection":["Eventos"],"inLanguage":"pt-BR"},{"@type":"WebPage","@id":"https:\/\/economiasa.com.br\/blog\/sodie-doces-inaugura-loja-em-itupeva-com-degustacao-gratuita\/","url":"https:\/\/economiasa.com.br\/blog\/sodie-doces-inaugura-loja-em-itupeva-com-degustacao-gratuita\/","name":"Sodi\u00ea Doces inaugura loja em Itupeva com degusta\u00e7\u00e3o gratuita - Economia S\/A","isPartOf":{"@id":"https:\/\/economiasa.com.br\/blog\/#website"},"primaryImageOfPage":{"@id":"https:\/\/economiasa.com.br\/blog\/sodie-doces-inaugura-loja-em-itupeva-com-degustacao-gratuita\/#primaryimage"},"image":{"@id":"https:\/\/economiasa.com.br\/blog\/sodie-doces-inaugura-loja-em-itupeva-com-degustacao-gratuita\/#primaryimage"},"thumbnailUrl":"https:\/\/economiasa.com.br\/blog\/wp-content\/uploads\/2026\/09\/kit-festa-1-.jpg","datePublished":"2026-09-03T00:00:30+00:00","dateModified":"2026-09-03T00:00:31+00:00","author":{"@id":"https:\/\/economiasa.com.br\/blog\/#\/schema\/person\/14b8ac2dc25bd63b52bc54e845fa3923"},"breadcrumb":{"@id":"https:\/\/economiasa.com.br\/blog\/sodie-doces-inaugura-loja-em-itupeva-com-degustacao-gratuita\/#breadcrumb"},"inLanguage":"pt-BR","potentialAction":[{"@type":"ReadAction","target":["https:\/\/economiasa.com.br\/blog\/sodie-doces-inaugura-loja-em-itupeva-com-degustacao-gratuita\/"]}]},{"@type":"ImageObject","inLanguage":"pt-BR","@id":"https:\/\/economiasa.com.br\/blog\/sodie-doces-inaugura-loja-em-itupeva-com-degustacao-gratuita\/#primaryimage","url":"https:\/\/economiasa.com.br\/blog\/wp-content\/uploads\/2026\/09\/kit-festa-1-.jpg","contentUrl":"https:\/\/economiasa.com.br\/blog\/wp-content\/uploads\/2026\/09\/kit-festa-1-.jpg","width":2203,"height":1379,"caption":"kit-festa - Cr\u00e9ditos da foto: Divulga\u00e7\u00e3o"},{"@type":"BreadcrumbList","@id":"https:\/\/economiasa.com.br\/blog\/sodie-doces-inaugura-loja-em-itupeva-com-degustacao-gratuita\/#breadcrumb","itemListElement":[{"@type":"ListItem","position":1,"name":"In\u00edcio","item":"https:\/\/economiasa.com.br\/blog\/"},{"@type":"ListItem","position":2,"name":"Sodi\u00ea Doces inaugura loja em Itupeva com degusta\u00e7\u00e3o gratuita"}]},{"@type":"WebSite","@id":"https:\/\/economiasa.com.br\/blog\/#website","url":"https:\/\/economiasa.com.br\/blog\/","name":"Economia S\/A","description":"Ler faz bem para os neg\u00f3cios","potentialAction":[{"@type":"SearchAction","target":{"@type":"EntryPoint","urlTemplate":"https:\/\/economiasa.com.br\/blog\/?s={search_term_string}"},"query-input":{"@type":"PropertyValueSpecification","valueRequired":true,"valueName":"search_term_string"}}],"inLanguage":"pt-BR"},{"@type":"Person","@id":"https:\/\/economiasa.com.br\/blog\/#\/schema\/person\/14b8ac2dc25bd63b52bc54e845fa3923","name":"Reda\u00e7\u00e3o","image":{"@type":"ImageObject","inLanguage":"pt-BR","@id":"https:\/\/secure.gravatar.com\/avatar\/c8c795261f7f8547b22616a549577db9e450bd5622da3f6eb62b0e2c3e364c4e?s=96&d=mm&r=g0fb5212bc57e2287787936667fbbe0ff","url":"https:\/\/secure.gravatar.com\/avatar\/c8c795261f7f8547b22616a549577db9e450bd5622da3f6eb62b0e2c3e364c4e?s=96&d=mm&r=g","contentUrl":"https:\/\/secure.gravatar.com\/avatar\/c8c795261f7f8547b22616a549577db9e450bd5622da3f6eb62b0e2c3e364c4e?s=96&d=mm&r=g","caption":"Reda\u00e7\u00e3o"},"sameAs":["http:\/\/www.economiasa.com.br"],"url":"https:\/\/economiasa.com.br\/blog\/author\/redacao\/"}]}},"authors":[{"term_id":13248,"user_id":47,"is_guest":0,"slug":"redacao","display_name":"Reda\u00e7\u00e3o","avatar_url":"https:\/\/secure.gravatar.com\/avatar\/c8c795261f7f8547b22616a549577db9e450bd5622da3f6eb62b0e2c3e364c4e?s=96&d=mm&r=g","author_category":"","first_name":"Reda\u00e7\u00e3o","last_name":"","user_url":"http:\/\/www.economiasa.com.br","job_title":"","description":""}],"amp_enabled":true,"_links":{"self":[{"href":"https:\/\/economiasa.com.br\/blog\/wp-json\/wp\/v2\/posts\/85048","targetHints":{"allow":["GET"]}}],"collection":[{"href":"https:\/\/economiasa.com.br\/blog\/wp-json\/wp\/v2\/posts"}],"about":[{"href":"https:\/\/economiasa.com.br\/blog\/wp-json\/wp\/v2\/types\/post"}],"author":[{"embeddable":true,"href":"https:\/\/economiasa.com.br\/blog\/wp-json\/wp\/v2\/users\/47"}],"replies":[{"embeddable":true,"href":"https:\/\/economiasa.com.br\/blog\/wp-json\/wp\/v2\/comments?post=85048"}],"version-history":[{"count":0,"href":"https:\/\/economiasa.com.br\/blog\/wp-json\/wp\/v2\/posts\/85048\/revisions"}],"wp:featuredmedia":[{"embeddable":true,"href":"https:\/\/economiasa.com.br\/blog\/wp-json\/wp\/v2\/media\/85049"}],"wp:attachment":[{"href":"https:\/\/economiasa.com.br\/blog\/wp-json\/wp\/v2\/media?parent=85048"}],"wp:term":[{"taxonomy":"category","embeddable":true,"href":"https:\/\/economiasa.com.br\/blog\/wp-json\/wp\/v2\/categories?post=85048"},{"taxonomy":"post_tag","embeddable":true,"href":"https:\/\/economiasa.com.br\/blog\/wp-json\/wp\/v2\/tags?post=85048"},{"taxonomy":"author","embeddable":true,"href":"https:\/\/economiasa.com.br\/blog\/wp-json\/wp\/v2\/ppma_author?post=85048"}],"curies":[{"name":"wp","href":"https:\/\/api.w.org\/{rel}","templated":true}]}}