{"id":85050,"date":"2026-09-03T12:54:23","date_gmt":"2026-09-03T15:54:23","guid":{"rendered":"https:\/\/economiasa.com.br\/blog\/?p=85050"},"modified":"2026-09-03T12:54:23","modified_gmt":"2026-09-03T15:54:23","slug":"ceo-diana-santana-reforca-protagonismo-feminino-no-comex-tech-forum-2026","status":"publish","type":"post","link":"https:\/\/economiasa.com.br\/blog\/ceo-diana-santana-reforca-protagonismo-feminino-no-comex-tech-forum-2026\/","title":{"rendered":"CEO Diana Santana refor\u00e7a protagonismo feminino no Comex Tech f\u00f3rum 2026"},"content":{"rendered":"\n<p class=\"wp-block-paragraph\"><strong>\u00c0 frente da SEA-AIR Cargo, empres\u00e1ria participou de um dos principais encontros de com\u00e9rcio exterior, tecnologia e log\u00edstica do pa\u00eds<\/strong><\/p>\n\n\n\n<p class=\"wp-block-paragraph\">A empres\u00e1ria <strong>Diana Santana<\/strong>, CEO da SEA-AIR Cargo, participou, na \u00faltima quarta-feira (2), do Comex Tech f\u00f3rum 2026, realizado no Transamerica Expo Center, em S\u00e3o Paulo. A SEA-AIR Cargo foi uma das patrocinadoras do evento, que reuniu executivos, especialistas e lideran\u00e7as para discutir os novos caminhos do com\u00e9rcio exterior.<\/p>\n\n\n\n<p class=\"wp-block-paragraph\">Promovido pela Logcomex, o f\u00f3rum abordou temas como intelig\u00eancia artificial, log\u00edstica, geopol\u00edtica, gest\u00e3o de riscos, exporta\u00e7\u00e3o, finan\u00e7as e lideran\u00e7a, reunindo profissionais de diferentes segmentos ligados ao com\u00e9rcio global.<\/p>\n\n\n\n<p class=\"wp-block-paragraph\">Com uma trajet\u00f3ria iniciada em 1999 no com\u00e9rcio exterior, Diana Santana vem consolidando sua atua\u00e7\u00e3o em um setor estrat\u00e9gico e historicamente marcado pela predomin\u00e2ncia masculina. Sua participa\u00e7\u00e3o em um encontro desse porte evidencia tamb\u00e9m a import\u00e2ncia da presen\u00e7a feminina nos espa\u00e7os onde s\u00e3o discutidas estrat\u00e9gias e decis\u00f5es que impactam o futuro do mercado.<\/p>\n\n\n\n<p class=\"wp-block-paragraph\">Como CEO da SEA-AIR Cargo, Diana vivencia diretamente os desafios da importa\u00e7\u00e3o, exporta\u00e7\u00e3o e log\u00edstica internacional. O Comex Tech f\u00f3rumproporcionou \u00e0 empres\u00e1ria a oportunidade de acompanhar novas tend\u00eancias, ampliar conex\u00f5es e trocar experi\u00eancias com importantes nomes do setor.<\/p>\n\n\n\n<p class=\"wp-block-paragraph\">Com experi\u00eancia e vis\u00e3o estrat\u00e9gica, Diana Santana se destaca entre as mulheres que v\u00eam conquistando espa\u00e7o no ambiente empresarial e contribuindo para os avan\u00e7os do com\u00e9rcio internacional, aliando lideran\u00e7a, conhecimento e aten\u00e7\u00e3o \u00e0s transforma\u00e7\u00f5es de um mercado cada vez mais tecnol\u00f3gico e globalizado.<\/p>\n\n\n<div class=\"wp-block-image size-large wp-image-69742\">\n<figure class=\"aligncenter\"><img decoding=\"async\" src=\"https:\/\/entrete1.com.br\/wp-content\/uploads\/2026\/09\/Diana-Santana-Foto-Divulgacao-664x1024.jpeg\" alt=\"Diana Santana - Cr\u00e9dito da Foto: Acervo Pessoal\" class=\"wp-image-69742\" \/><figcaption class=\"wp-element-caption\">Diana Santana \u2013 Cr\u00e9dito da Foto: Acervo Pessoal<\/figcaption><\/figure>\n<\/div>","protected":false},"excerpt":{"rendered":"<p>\u00c0 frente da SEA-AIR Cargo, empres\u00e1ria participou de um dos principais encontros de com\u00e9rcio exterior, tecnologia e log\u00edstica do pa\u00eds A empres\u00e1ria&#8230;<\/p>\n","protected":false},"author":9,"featured_media":85051,"comment_status":"closed","ping_status":"open","sticky":false,"template":"","format":"standard","meta":{"footnotes":""},"categories":[3997],"tags":[76,13438,13215,12946,13282,13439],"ppma_author":[13236],"class_list":["post-85050","post","type-post","status-publish","format-standard","has-post-thumbnail","category-empreender","tag-ceo","tag-comex-tech-forum-2026","tag-diana-santana","tag-empresaria-2","tag-protagonismo-feminino","tag-sea-air-cargo"],"yoast_head":"<!-- This site is optimized with the Yoast SEO plugin v27.2 - https:\/\/yoast.com\/product\/yoast-seo-wordpress\/ -->\n<title>CEO Diana Santana refor\u00e7a protagonismo feminino no Comex Tech f\u00f3rum 2026 - Economia S\/A<\/title>\n<meta name=\"robots\" content=\"index, follow, max-snippet:-1, max-image-preview:large, max-video-preview:-1\" \/>\n<link rel=\"canonical\" href=\"https:\/\/economiasa.com.br\/blog\/ceo-diana-santana-reforca-protagonismo-feminino-no-comex-tech-forum-2026\/\" \/>\n<meta property=\"og:locale\" content=\"pt_BR\" \/>\n<meta property=\"og:type\" content=\"article\" \/>\n<meta property=\"og:title\" content=\"CEO Diana Santana refor\u00e7a protagonismo feminino no Comex Tech f\u00f3rum 2026 - Economia S\/A\" \/>\n<meta property=\"og:description\" content=\"\u00c0 frente da SEA-AIR Cargo, empres\u00e1ria participou de um dos principais encontros de com\u00e9rcio exterior, tecnologia e log\u00edstica do pa\u00eds A empres\u00e1ria...\" \/>\n<meta property=\"og:url\" content=\"https:\/\/economiasa.com.br\/blog\/ceo-diana-santana-reforca-protagonismo-feminino-no-comex-tech-forum-2026\/\" \/>\n<meta property=\"og:site_name\" content=\"Economia S\/A\" \/>\n<meta property=\"article:published_time\" content=\"2026-09-03T15:54:23+00:00\" \/>\n<meta property=\"og:image\" content=\"https:\/\/economiasa.com.br\/blog\/wp-content\/uploads\/2026\/09\/Diana.jpeg\" \/>\n\t<meta property=\"og:image:width\" content=\"1100\" \/>\n\t<meta property=\"og:image:height\" content=\"728\" \/>\n\t<meta property=\"og:image:type\" content=\"image\/jpeg\" \/>\n<meta name=\"author\" content=\"Renato Cipriano\" \/>\n<meta name=\"twitter:card\" content=\"summary_large_image\" \/>\n<meta name=\"twitter:label1\" content=\"Escrito por\" \/>\n\t<meta name=\"twitter:data1\" content=\"Renato Cipriano\" \/>\n\t<meta name=\"twitter:label2\" content=\"Est. tempo de leitura\" \/>\n\t<meta name=\"twitter:data2\" content=\"2 minutos\" \/>\n<script type=\"application\/ld+json\" class=\"yoast-schema-graph\">{\"@context\":\"https:\/\/schema.org\",\"@graph\":[{\"@type\":\"Article\",\"@id\":\"https:\/\/economiasa.com.br\/blog\/ceo-diana-santana-reforca-protagonismo-feminino-no-comex-tech-forum-2026\/#article\",\"isPartOf\":{\"@id\":\"https:\/\/economiasa.com.br\/blog\/ceo-diana-santana-reforca-protagonismo-feminino-no-comex-tech-forum-2026\/\"},\"author\":{\"name\":\"Renato Cipriano\",\"@id\":\"https:\/\/economiasa.com.br\/blog\/#\/schema\/person\/3c8ccf8298b0ce3da81ad63275c59738\"},\"headline\":\"CEO Diana Santana refor\u00e7a protagonismo feminino no Comex Tech f\u00f3rum 2026\",\"datePublished\":\"2026-09-03T15:54:23+00:00\",\"mainEntityOfPage\":{\"@id\":\"https:\/\/economiasa.com.br\/blog\/ceo-diana-santana-reforca-protagonismo-feminino-no-comex-tech-forum-2026\/\"},\"wordCount\":297,\"image\":{\"@id\":\"https:\/\/economiasa.com.br\/blog\/ceo-diana-santana-reforca-protagonismo-feminino-no-comex-tech-forum-2026\/#primaryimage\"},\"thumbnailUrl\":\"https:\/\/economiasa.com.br\/blog\/wp-content\/uploads\/2026\/09\/Diana.jpeg\",\"keywords\":[\"CEO\",\"Comex Tech f\u00f3rum 2026\",\"Diana Santana\",\"empres\u00e1ria\",\"protagonismo feminino\",\"SEA-AIR Cargo\"],\"articleSection\":[\"Empreender\"],\"inLanguage\":\"pt-BR\"},{\"@type\":\"WebPage\",\"@id\":\"https:\/\/economiasa.com.br\/blog\/ceo-diana-santana-reforca-protagonismo-feminino-no-comex-tech-forum-2026\/\",\"url\":\"https:\/\/economiasa.com.br\/blog\/ceo-diana-santana-reforca-protagonismo-feminino-no-comex-tech-forum-2026\/\",\"name\":\"CEO Diana Santana refor\u00e7a protagonismo feminino no Comex Tech f\u00f3rum 2026 - Economia S\/A\",\"isPartOf\":{\"@id\":\"https:\/\/economiasa.com.br\/blog\/#website\"},\"primaryImageOfPage\":{\"@id\":\"https:\/\/economiasa.com.br\/blog\/ceo-diana-santana-reforca-protagonismo-feminino-no-comex-tech-forum-2026\/#primaryimage\"},\"image\":{\"@id\":\"https:\/\/economiasa.com.br\/blog\/ceo-diana-santana-reforca-protagonismo-feminino-no-comex-tech-forum-2026\/#primaryimage\"},\"thumbnailUrl\":\"https:\/\/economiasa.com.br\/blog\/wp-content\/uploads\/2026\/09\/Diana.jpeg\",\"datePublished\":\"2026-09-03T15:54:23+00:00\",\"author\":{\"@id\":\"https:\/\/economiasa.com.br\/blog\/#\/schema\/person\/3c8ccf8298b0ce3da81ad63275c59738\"},\"breadcrumb\":{\"@id\":\"https:\/\/economiasa.com.br\/blog\/ceo-diana-santana-reforca-protagonismo-feminino-no-comex-tech-forum-2026\/#breadcrumb\"},\"inLanguage\":\"pt-BR\",\"potentialAction\":[{\"@type\":\"ReadAction\",\"target\":[\"https:\/\/economiasa.com.br\/blog\/ceo-diana-santana-reforca-protagonismo-feminino-no-comex-tech-forum-2026\/\"]}]},{\"@type\":\"ImageObject\",\"inLanguage\":\"pt-BR\",\"@id\":\"https:\/\/economiasa.com.br\/blog\/ceo-diana-santana-reforca-protagonismo-feminino-no-comex-tech-forum-2026\/#primaryimage\",\"url\":\"https:\/\/economiasa.com.br\/blog\/wp-content\/uploads\/2026\/09\/Diana.jpeg\",\"contentUrl\":\"https:\/\/economiasa.com.br\/blog\/wp-content\/uploads\/2026\/09\/Diana.jpeg\",\"width\":1100,\"height\":728,\"caption\":\"Diana Santana - Cr\u00e9dito da Foto: Acervo Pessoal\"},{\"@type\":\"BreadcrumbList\",\"@id\":\"https:\/\/economiasa.com.br\/blog\/ceo-diana-santana-reforca-protagonismo-feminino-no-comex-tech-forum-2026\/#breadcrumb\",\"itemListElement\":[{\"@type\":\"ListItem\",\"position\":1,\"name\":\"In\u00edcio\",\"item\":\"https:\/\/economiasa.com.br\/blog\/\"},{\"@type\":\"ListItem\",\"position\":2,\"name\":\"CEO Diana Santana refor\u00e7a protagonismo feminino no Comex Tech f\u00f3rum 2026\"}]},{\"@type\":\"WebSite\",\"@id\":\"https:\/\/economiasa.com.br\/blog\/#website\",\"url\":\"https:\/\/economiasa.com.br\/blog\/\",\"name\":\"Economia S\/A\",\"description\":\"Ler faz bem para os neg\u00f3cios\",\"potentialAction\":[{\"@type\":\"SearchAction\",\"target\":{\"@type\":\"EntryPoint\",\"urlTemplate\":\"https:\/\/economiasa.com.br\/blog\/?s={search_term_string}\"},\"query-input\":{\"@type\":\"PropertyValueSpecification\",\"valueRequired\":true,\"valueName\":\"search_term_string\"}}],\"inLanguage\":\"pt-BR\"},{\"@type\":\"Person\",\"@id\":\"https:\/\/economiasa.com.br\/blog\/#\/schema\/person\/3c8ccf8298b0ce3da81ad63275c59738\",\"name\":\"Renato Cipriano\",\"image\":{\"@type\":\"ImageObject\",\"inLanguage\":\"pt-BR\",\"@id\":\"https:\/\/secure.gravatar.com\/avatar\/47a865523e7c8fae973d2f887b82de79e20cb3a57ac1fefb34e26d2630a64095?s=96&d=mm&r=ga81ae9197714b686a9c1d182ac7bc1f8\",\"url\":\"https:\/\/secure.gravatar.com\/avatar\/47a865523e7c8fae973d2f887b82de79e20cb3a57ac1fefb34e26d2630a64095?s=96&d=mm&r=g\",\"contentUrl\":\"https:\/\/secure.gravatar.com\/avatar\/47a865523e7c8fae973d2f887b82de79e20cb3a57ac1fefb34e26d2630a64095?s=96&d=mm&r=g\",\"caption\":\"Renato Cipriano\"},\"sameAs\":[\"http:\/\/economiasa.com.br\"],\"url\":\"https:\/\/economiasa.com.br\/blog\/author\/renato\/\"}]}<\/script>\n<!-- \/ Yoast SEO plugin. -->","yoast_head_json":{"title":"CEO Diana Santana refor\u00e7a protagonismo feminino no Comex Tech f\u00f3rum 2026 - Economia S\/A","robots":{"index":"index","follow":"follow","max-snippet":"max-snippet:-1","max-image-preview":"max-image-preview:large","max-video-preview":"max-video-preview:-1"},"canonical":"https:\/\/economiasa.com.br\/blog\/ceo-diana-santana-reforca-protagonismo-feminino-no-comex-tech-forum-2026\/","og_locale":"pt_BR","og_type":"article","og_title":"CEO Diana Santana refor\u00e7a protagonismo feminino no Comex Tech f\u00f3rum 2026 - Economia S\/A","og_description":"\u00c0 frente da SEA-AIR Cargo, empres\u00e1ria participou de um dos principais encontros de com\u00e9rcio exterior, tecnologia e log\u00edstica do pa\u00eds A empres\u00e1ria...","og_url":"https:\/\/economiasa.com.br\/blog\/ceo-diana-santana-reforca-protagonismo-feminino-no-comex-tech-forum-2026\/","og_site_name":"Economia S\/A","article_published_time":"2026-09-03T15:54:23+00:00","og_image":[{"width":1100,"height":728,"url":"https:\/\/economiasa.com.br\/blog\/wp-content\/uploads\/2026\/09\/Diana.jpeg","type":"image\/jpeg"}],"author":"Renato Cipriano","twitter_card":"summary_large_image","twitter_misc":{"Escrito por":"Renato Cipriano","Est. tempo de leitura":"2 minutos"},"schema":{"@context":"https:\/\/schema.org","@graph":[{"@type":"Article","@id":"https:\/\/economiasa.com.br\/blog\/ceo-diana-santana-reforca-protagonismo-feminino-no-comex-tech-forum-2026\/#article","isPartOf":{"@id":"https:\/\/economiasa.com.br\/blog\/ceo-diana-santana-reforca-protagonismo-feminino-no-comex-tech-forum-2026\/"},"author":{"name":"Renato Cipriano","@id":"https:\/\/economiasa.com.br\/blog\/#\/schema\/person\/3c8ccf8298b0ce3da81ad63275c59738"},"headline":"CEO Diana Santana refor\u00e7a protagonismo feminino no Comex Tech f\u00f3rum 2026","datePublished":"2026-09-03T15:54:23+00:00","mainEntityOfPage":{"@id":"https:\/\/economiasa.com.br\/blog\/ceo-diana-santana-reforca-protagonismo-feminino-no-comex-tech-forum-2026\/"},"wordCount":297,"image":{"@id":"https:\/\/economiasa.com.br\/blog\/ceo-diana-santana-reforca-protagonismo-feminino-no-comex-tech-forum-2026\/#primaryimage"},"thumbnailUrl":"https:\/\/economiasa.com.br\/blog\/wp-content\/uploads\/2026\/09\/Diana.jpeg","keywords":["CEO","Comex Tech f\u00f3rum 2026","Diana Santana","empres\u00e1ria","protagonismo feminino","SEA-AIR Cargo"],"articleSection":["Empreender"],"inLanguage":"pt-BR"},{"@type":"WebPage","@id":"https:\/\/economiasa.com.br\/blog\/ceo-diana-santana-reforca-protagonismo-feminino-no-comex-tech-forum-2026\/","url":"https:\/\/economiasa.com.br\/blog\/ceo-diana-santana-reforca-protagonismo-feminino-no-comex-tech-forum-2026\/","name":"CEO Diana Santana refor\u00e7a protagonismo feminino no Comex Tech f\u00f3rum 2026 - Economia S\/A","isPartOf":{"@id":"https:\/\/economiasa.com.br\/blog\/#website"},"primaryImageOfPage":{"@id":"https:\/\/economiasa.com.br\/blog\/ceo-diana-santana-reforca-protagonismo-feminino-no-comex-tech-forum-2026\/#primaryimage"},"image":{"@id":"https:\/\/economiasa.com.br\/blog\/ceo-diana-santana-reforca-protagonismo-feminino-no-comex-tech-forum-2026\/#primaryimage"},"thumbnailUrl":"https:\/\/economiasa.com.br\/blog\/wp-content\/uploads\/2026\/09\/Diana.jpeg","datePublished":"2026-09-03T15:54:23+00:00","author":{"@id":"https:\/\/economiasa.com.br\/blog\/#\/schema\/person\/3c8ccf8298b0ce3da81ad63275c59738"},"breadcrumb":{"@id":"https:\/\/economiasa.com.br\/blog\/ceo-diana-santana-reforca-protagonismo-feminino-no-comex-tech-forum-2026\/#breadcrumb"},"inLanguage":"pt-BR","potentialAction":[{"@type":"ReadAction","target":["https:\/\/economiasa.com.br\/blog\/ceo-diana-santana-reforca-protagonismo-feminino-no-comex-tech-forum-2026\/"]}]},{"@type":"ImageObject","inLanguage":"pt-BR","@id":"https:\/\/economiasa.com.br\/blog\/ceo-diana-santana-reforca-protagonismo-feminino-no-comex-tech-forum-2026\/#primaryimage","url":"https:\/\/economiasa.com.br\/blog\/wp-content\/uploads\/2026\/09\/Diana.jpeg","contentUrl":"https:\/\/economiasa.com.br\/blog\/wp-content\/uploads\/2026\/09\/Diana.jpeg","width":1100,"height":728,"caption":"Diana Santana - Cr\u00e9dito da Foto: Acervo Pessoal"},{"@type":"BreadcrumbList","@id":"https:\/\/economiasa.com.br\/blog\/ceo-diana-santana-reforca-protagonismo-feminino-no-comex-tech-forum-2026\/#breadcrumb","itemListElement":[{"@type":"ListItem","position":1,"name":"In\u00edcio","item":"https:\/\/economiasa.com.br\/blog\/"},{"@type":"ListItem","position":2,"name":"CEO Diana Santana refor\u00e7a protagonismo feminino no Comex Tech f\u00f3rum 2026"}]},{"@type":"WebSite","@id":"https:\/\/economiasa.com.br\/blog\/#website","url":"https:\/\/economiasa.com.br\/blog\/","name":"Economia S\/A","description":"Ler faz bem para os neg\u00f3cios","potentialAction":[{"@type":"SearchAction","target":{"@type":"EntryPoint","urlTemplate":"https:\/\/economiasa.com.br\/blog\/?s={search_term_string}"},"query-input":{"@type":"PropertyValueSpecification","valueRequired":true,"valueName":"search_term_string"}}],"inLanguage":"pt-BR"},{"@type":"Person","@id":"https:\/\/economiasa.com.br\/blog\/#\/schema\/person\/3c8ccf8298b0ce3da81ad63275c59738","name":"Renato Cipriano","image":{"@type":"ImageObject","inLanguage":"pt-BR","@id":"https:\/\/secure.gravatar.com\/avatar\/47a865523e7c8fae973d2f887b82de79e20cb3a57ac1fefb34e26d2630a64095?s=96&d=mm&r=ga81ae9197714b686a9c1d182ac7bc1f8","url":"https:\/\/secure.gravatar.com\/avatar\/47a865523e7c8fae973d2f887b82de79e20cb3a57ac1fefb34e26d2630a64095?s=96&d=mm&r=g","contentUrl":"https:\/\/secure.gravatar.com\/avatar\/47a865523e7c8fae973d2f887b82de79e20cb3a57ac1fefb34e26d2630a64095?s=96&d=mm&r=g","caption":"Renato Cipriano"},"sameAs":["http:\/\/economiasa.com.br"],"url":"https:\/\/economiasa.com.br\/blog\/author\/renato\/"}]}},"authors":[{"term_id":13236,"user_id":9,"is_guest":0,"slug":"renato","display_name":"Renato Cipriano","avatar_url":"https:\/\/secure.gravatar.com\/avatar\/47a865523e7c8fae973d2f887b82de79e20cb3a57ac1fefb34e26d2630a64095?s=96&d=mm&r=g","author_category":"","first_name":"Renato","last_name":"Cipriano","user_url":"http:\/\/economiasa.com.br","job_title":"","description":""}],"amp_enabled":true,"_links":{"self":[{"href":"https:\/\/economiasa.com.br\/blog\/wp-json\/wp\/v2\/posts\/85050","targetHints":{"allow":["GET"]}}],"collection":[{"href":"https:\/\/economiasa.com.br\/blog\/wp-json\/wp\/v2\/posts"}],"about":[{"href":"https:\/\/economiasa.com.br\/blog\/wp-json\/wp\/v2\/types\/post"}],"author":[{"embeddable":true,"href":"https:\/\/economiasa.com.br\/blog\/wp-json\/wp\/v2\/users\/9"}],"replies":[{"embeddable":true,"href":"https:\/\/economiasa.com.br\/blog\/wp-json\/wp\/v2\/comments?post=85050"}],"version-history":[{"count":0,"href":"https:\/\/economiasa.com.br\/blog\/wp-json\/wp\/v2\/posts\/85050\/revisions"}],"wp:featuredmedia":[{"embeddable":true,"href":"https:\/\/economiasa.com.br\/blog\/wp-json\/wp\/v2\/media\/85051"}],"wp:attachment":[{"href":"https:\/\/economiasa.com.br\/blog\/wp-json\/wp\/v2\/media?parent=85050"}],"wp:term":[{"taxonomy":"category","embeddable":true,"href":"https:\/\/economiasa.com.br\/blog\/wp-json\/wp\/v2\/categories?post=85050"},{"taxonomy":"post_tag","embeddable":true,"href":"https:\/\/economiasa.com.br\/blog\/wp-json\/wp\/v2\/tags?post=85050"},{"taxonomy":"author","embeddable":true,"href":"https:\/\/economiasa.com.br\/blog\/wp-json\/wp\/v2\/ppma_author?post=85050"}],"curies":[{"name":"wp","href":"https:\/\/api.w.org\/{rel}","templated":true}]}}