{"id":85052,"date":"2026-09-03T16:43:41","date_gmt":"2026-09-03T19:43:41","guid":{"rendered":"https:\/\/economiasa.com.br\/blog\/?p=85052"},"modified":"2026-09-03T17:15:35","modified_gmt":"2026-09-03T20:15:35","slug":"do-cerrado-mineiro-para-o-mundo-gabriel-davi-revela-por-meio-do-mula-coffee-a-historia-do-cafe-que-poucos-conhecem","status":"publish","type":"post","link":"https:\/\/economiasa.com.br\/blog\/do-cerrado-mineiro-para-o-mundo-gabriel-davi-revela-por-meio-do-mula-coffee-a-historia-do-cafe-que-poucos-conhecem\/","title":{"rendered":"Do Cerrado Mineiro para o mundo: Gabriel Davi revela, por meio do Mula Coffee, a hist\u00f3ria do caf\u00e9 que poucos conhecem."},"content":{"rendered":"\n<p class=\"wp-block-paragraph\">Nascido em uma das principais regi\u00f5es produtoras de caf\u00e9 do Brasil, empres\u00e1rio transforma suas ra\u00edzes mineiras em prop\u00f3sito, valoriza a origem do gr\u00e3o e recebe reconhecimento por sua trajet\u00f3ria profissional<\/p>\n\n\n\n<p class=\"wp-block-paragraph\">Antes de chegar \u00e0 x\u00edcara, o caf\u00e9 percorre uma jornada marcado por tecnologia, tradi\u00e7\u00e3o e in\u00fameras hist\u00f3rias que raramente chegam ao consumidor. \u00c9 justamente essa jornada que Gabriel Davi, fundador da <a href=\"https:\/\/www.instagram.com\/mulacoffeeshop\/\">Mula Coffee<\/a>, decidiu revelar ao mundo.<\/p>\n\n\n\n<p class=\"wp-block-paragraph\">Natural de Patroc\u00ednio, em Minas Gerais, munic\u00edpio reconhecido nacional e internacionalmente pela for\u00e7a de sua produ\u00e7\u00e3o cafeeira, Gabriel cresceu pr\u00f3ximo a uma cultura que movimenta a economia, atravessa gera\u00e7\u00f5es e ajuda a projetar o Brasil no mercado internacional.<\/p>\n\n\n\n<p class=\"wp-block-paragraph\">Foi a partir dessa conex\u00e3o com suas origens que o empres\u00e1rio criou a Mula Coffee, marca que nasce em S\u00e3o Paulo, mas mant\u00e9m o cora\u00e7\u00e3o no Cerrado Mineiro. Mais do que comercializar gr\u00e3os de excel\u00eancia, Gabriel trabalha para apresentar tudo aquilo que existe por tr\u00e1s do caf\u00e9: a proced\u00eancia, os fam\u00edlias, o terroir, a sustentabilidade e o cuidado presente em cada etapa do processo. Todos os caf\u00e9s do Mula s\u00e3o rastre\u00e1veis por tecnologia fingerprint com Denomina\u00e7\u00e3o de Origem Controlada, a 1\u00aa do Brasil.<\/p>\n\n\n\n<figure class=\"wp-block-image size-large\"><img loading=\"lazy\" decoding=\"async\" width=\"1024\" height=\"682\" src=\"https:\/\/economiasa.com.br\/blog\/wp-content\/uploads\/2026\/09\/WhatsApp-Image-2026-09-03-at-4.31.04-PM-1024x682.jpeg\" alt=\"Cr\u00e9ditos da Foto: Divulga\u00e7\u00e3o\" class=\"wp-image-85053\" srcset=\"https:\/\/economiasa.com.br\/blog\/wp-content\/uploads\/2026\/09\/WhatsApp-Image-2026-09-03-at-4.31.04-PM-1024x682.jpeg 1024w, https:\/\/economiasa.com.br\/blog\/wp-content\/uploads\/2026\/09\/WhatsApp-Image-2026-09-03-at-4.31.04-PM-300x200.jpeg 300w, https:\/\/economiasa.com.br\/blog\/wp-content\/uploads\/2026\/09\/WhatsApp-Image-2026-09-03-at-4.31.04-PM-768x512.jpeg 768w, https:\/\/economiasa.com.br\/blog\/wp-content\/uploads\/2026\/09\/WhatsApp-Image-2026-09-03-at-4.31.04-PM-1536x1023.jpeg 1536w, https:\/\/economiasa.com.br\/blog\/wp-content\/uploads\/2026\/09\/WhatsApp-Image-2026-09-03-at-4.31.04-PM-360x240.jpeg 360w, https:\/\/economiasa.com.br\/blog\/wp-content\/uploads\/2026\/09\/WhatsApp-Image-2026-09-03-at-4.31.04-PM.jpeg 1600w\" sizes=\"auto, (max-width: 1024px) 100vw, 1024px\" \/><figcaption class=\"wp-element-caption\">Cr\u00e9ditos da Foto: Divulga\u00e7\u00e3o<\/figcaption><\/figure>\n\n\n\n<p class=\"wp-block-paragraph\"><strong>Sua proposta \u00e9 contar a hist\u00f3ria do caf\u00e9 que ningu\u00e9m conta.<\/strong><\/p>\n\n\n\n<p class=\"wp-block-paragraph\">Em um mercado no qual o produto foi tratado durante muito tempo apenas como uma commodity, Gabriel procura ampliar essa percep\u00e7\u00e3o. Para ele, o caf\u00e9 brasileiro carrega identidade, mem\u00f3ria, t\u00e9cnica e valor cultural. Cada x\u00edcara representa uma cadeia formada por pessoas, cooperativas e comunidades que participam da constru\u00e7\u00e3o de uma das maiores riquezas do pa\u00eds.<\/p>\n\n\n\n<p class=\"wp-block-paragraph\">O Mula Coffee surge, portanto, com o prop\u00f3sito de aproximar o consumidor da verdadeira origem do caf\u00e9. A marca transforma o momento cotidiano do \u201ccaf\u00e9 na firma\u201d em uma experi\u00eancia de conex\u00e3o, pertencimento e descoberta, sem perder a simplicidade e a autenticidade que fazem parte da cultura brasileira.<\/p>\n\n\n\n<p class=\"wp-block-paragraph\">\u201cEu venho de Patroc\u00ednio\/ MG e conhe\u00e7o a for\u00e7a que o caf\u00e9 possui para uma regi\u00e3o. Onde o caf\u00e9 passa no Brasil, ele deixa um lastro de desenvolvimento humano e tecnol\u00f3gico. Quero mostrar que, antes de chegar \u00e0 mesa, cada gr\u00e3o atravessa uma hist\u00f3ria. A Mula Coffee nasceu para valorizar essa origem e apresentar ao consumidor que al\u00e9m do gr\u00e3o existe uma cultura\u201d, afirma Gabriel Davi.<\/p>\n\n\n\n<p class=\"wp-block-paragraph\"><strong>Reconhecimento profissional<\/strong><\/p>\n\n\n\n<p class=\"wp-block-paragraph\">A trajet\u00f3ria de Gabriel ganhou um novo cap\u00edtulo com sua indica\u00e7\u00e3o para receber o Diploma e a Comenda M\u00e9rito Profissional, concedidos pela Academia Brasileira de Ci\u00eancias, Artes, Hist\u00f3ria e Literatura \u2014 ABRASCI.<\/p>\n\n\n\n<p class=\"wp-block-paragraph\">A distin\u00e7\u00e3o reconhece profissionais que se destacam por sua atua\u00e7\u00e3o, dedica\u00e7\u00e3o e contribui\u00e7\u00f5es relevantes em suas \u00e1reas. O nome de Gabriel foi indicado pela acad\u00eamica Zaine Assaf e aprovado pelos Conselhos Diretor e de Honrarias e M\u00e9ritos da institui\u00e7\u00e3o.<\/p>\n\n\n\n<figure class=\"wp-block-image size-large\"><img loading=\"lazy\" decoding=\"async\" width=\"576\" height=\"1024\" src=\"https:\/\/economiasa.com.br\/blog\/wp-content\/uploads\/2026\/09\/WhatsApp-Image-2026-09-03-at-4.31.03-PM-576x1024.jpeg\" alt=\"Cr\u00e9ditos da Foto: Divulga\u00e7\u00e3o\" class=\"wp-image-85054\" srcset=\"https:\/\/economiasa.com.br\/blog\/wp-content\/uploads\/2026\/09\/WhatsApp-Image-2026-09-03-at-4.31.03-PM-576x1024.jpeg 576w, https:\/\/economiasa.com.br\/blog\/wp-content\/uploads\/2026\/09\/WhatsApp-Image-2026-09-03-at-4.31.03-PM-169x300.jpeg 169w, https:\/\/economiasa.com.br\/blog\/wp-content\/uploads\/2026\/09\/WhatsApp-Image-2026-09-03-at-4.31.03-PM-768x1365.jpeg 768w, https:\/\/economiasa.com.br\/blog\/wp-content\/uploads\/2026\/09\/WhatsApp-Image-2026-09-03-at-4.31.03-PM-864x1536.jpeg 864w, https:\/\/economiasa.com.br\/blog\/wp-content\/uploads\/2026\/09\/WhatsApp-Image-2026-09-03-at-4.31.03-PM-360x640.jpeg 360w, https:\/\/economiasa.com.br\/blog\/wp-content\/uploads\/2026\/09\/WhatsApp-Image-2026-09-03-at-4.31.03-PM.jpeg 900w\" sizes=\"auto, (max-width: 576px) 100vw, 576px\" \/><figcaption class=\"wp-element-caption\">Cr\u00e9ditos da Foto: Divulga\u00e7\u00e3o<\/figcaption><\/figure>\n\n\n\n<p class=\"wp-block-paragraph\">A homenagem refor\u00e7a um movimento que Gabriel vem construindo de maneira consistente: transformar suas ra\u00edzes em posicionamento, neg\u00f3cios e impacto. De Patroc\u00ednio para S\u00e3o Paulo \u2014 e de Minas Gerais para o mundo \u2014, o empres\u00e1rio come\u00e7a a escrever seu nome no setor ao defender uma nova forma de enxergar o caf\u00e9 brasileiro.<\/p>\n\n\n\n<p class=\"wp-block-paragraph\">N\u00e3o apenas como produto, mas como origem, experi\u00eancia e patrim\u00f4nio.<\/p>\n","protected":false},"excerpt":{"rendered":"<p>Nascido em uma das principais regi\u00f5es produtoras de caf\u00e9 do Brasil, empres\u00e1rio transforma suas ra\u00edzes mineiras em prop\u00f3sito, valoriza a origem do&#8230;<\/p>\n","protected":false},"author":13,"featured_media":85056,"comment_status":"closed","ping_status":"open","sticky":false,"template":"","format":"standard","meta":{"footnotes":""},"categories":[12494],"tags":[],"ppma_author":[13237],"class_list":["post-85052","post","type-post","status-publish","format-standard","has-post-thumbnail","category-cultura"],"yoast_head":"<!-- This site is optimized with the Yoast SEO plugin v27.2 - https:\/\/yoast.com\/product\/yoast-seo-wordpress\/ -->\n<title>Do Cerrado Mineiro para o mundo: Gabriel Davi revela, por meio do Mula Coffee, a hist\u00f3ria do caf\u00e9 que poucos conhecem. - Economia S\/A<\/title>\n<meta name=\"robots\" content=\"index, follow, max-snippet:-1, max-image-preview:large, max-video-preview:-1\" \/>\n<link rel=\"canonical\" href=\"https:\/\/economiasa.com.br\/blog\/do-cerrado-mineiro-para-o-mundo-gabriel-davi-revela-por-meio-do-mula-coffee-a-historia-do-cafe-que-poucos-conhecem\/\" \/>\n<meta property=\"og:locale\" content=\"pt_BR\" \/>\n<meta property=\"og:type\" content=\"article\" \/>\n<meta property=\"og:title\" content=\"Do Cerrado Mineiro para o mundo: Gabriel Davi revela, por meio do Mula Coffee, a hist\u00f3ria do caf\u00e9 que poucos conhecem. - Economia S\/A\" \/>\n<meta property=\"og:description\" content=\"Nascido em uma das principais regi\u00f5es produtoras de caf\u00e9 do Brasil, empres\u00e1rio transforma suas ra\u00edzes mineiras em prop\u00f3sito, valoriza a origem do...\" \/>\n<meta property=\"og:url\" content=\"https:\/\/economiasa.com.br\/blog\/do-cerrado-mineiro-para-o-mundo-gabriel-davi-revela-por-meio-do-mula-coffee-a-historia-do-cafe-que-poucos-conhecem\/\" \/>\n<meta property=\"og:site_name\" content=\"Economia S\/A\" \/>\n<meta property=\"article:published_time\" content=\"2026-09-03T19:43:41+00:00\" \/>\n<meta property=\"article:modified_time\" content=\"2026-09-03T20:15:35+00:00\" \/>\n<meta property=\"og:image\" content=\"https:\/\/economiasa.com.br\/blog\/wp-content\/uploads\/2026\/09\/ccpx1-2.jpg\" \/>\n\t<meta property=\"og:image:width\" content=\"900\" \/>\n\t<meta property=\"og:image:height\" content=\"699\" \/>\n\t<meta property=\"og:image:type\" content=\"image\/jpeg\" \/>\n<meta name=\"author\" content=\"Reda\u00e7\u00e3o\" \/>\n<meta name=\"twitter:card\" content=\"summary_large_image\" \/>\n<meta name=\"twitter:label1\" content=\"Escrito por\" \/>\n\t<meta name=\"twitter:data1\" content=\"Reda\u00e7\u00e3o\" \/>\n\t<meta name=\"twitter:label2\" content=\"Est. tempo de leitura\" \/>\n\t<meta name=\"twitter:data2\" content=\"4 minutos\" \/>\n<script type=\"application\/ld+json\" class=\"yoast-schema-graph\">{\"@context\":\"https:\/\/schema.org\",\"@graph\":[{\"@type\":\"Article\",\"@id\":\"https:\/\/economiasa.com.br\/blog\/do-cerrado-mineiro-para-o-mundo-gabriel-davi-revela-por-meio-do-mula-coffee-a-historia-do-cafe-que-poucos-conhecem\/#article\",\"isPartOf\":{\"@id\":\"https:\/\/economiasa.com.br\/blog\/do-cerrado-mineiro-para-o-mundo-gabriel-davi-revela-por-meio-do-mula-coffee-a-historia-do-cafe-que-poucos-conhecem\/\"},\"author\":{\"name\":\"Reda\u00e7\u00e3o\",\"@id\":\"https:\/\/economiasa.com.br\/blog\/#\/schema\/person\/57f2dfaf8250a36d041a4e4cf0498faf\"},\"headline\":\"Do Cerrado Mineiro para o mundo: Gabriel Davi revela, por meio do Mula Coffee, a hist\u00f3ria do caf\u00e9 que poucos conhecem.\",\"datePublished\":\"2026-09-03T19:43:41+00:00\",\"dateModified\":\"2026-09-03T20:15:35+00:00\",\"mainEntityOfPage\":{\"@id\":\"https:\/\/economiasa.com.br\/blog\/do-cerrado-mineiro-para-o-mundo-gabriel-davi-revela-por-meio-do-mula-coffee-a-historia-do-cafe-que-poucos-conhecem\/\"},\"wordCount\":603,\"image\":{\"@id\":\"https:\/\/economiasa.com.br\/blog\/do-cerrado-mineiro-para-o-mundo-gabriel-davi-revela-por-meio-do-mula-coffee-a-historia-do-cafe-que-poucos-conhecem\/#primaryimage\"},\"thumbnailUrl\":\"https:\/\/economiasa.com.br\/blog\/wp-content\/uploads\/2026\/09\/ccpx1-2.jpg\",\"articleSection\":[\"Cultura\"],\"inLanguage\":\"pt-BR\"},{\"@type\":\"WebPage\",\"@id\":\"https:\/\/economiasa.com.br\/blog\/do-cerrado-mineiro-para-o-mundo-gabriel-davi-revela-por-meio-do-mula-coffee-a-historia-do-cafe-que-poucos-conhecem\/\",\"url\":\"https:\/\/economiasa.com.br\/blog\/do-cerrado-mineiro-para-o-mundo-gabriel-davi-revela-por-meio-do-mula-coffee-a-historia-do-cafe-que-poucos-conhecem\/\",\"name\":\"Do Cerrado Mineiro para o mundo: Gabriel Davi revela, por meio do Mula Coffee, a hist\u00f3ria do caf\u00e9 que poucos conhecem. - Economia S\/A\",\"isPartOf\":{\"@id\":\"https:\/\/economiasa.com.br\/blog\/#website\"},\"primaryImageOfPage\":{\"@id\":\"https:\/\/economiasa.com.br\/blog\/do-cerrado-mineiro-para-o-mundo-gabriel-davi-revela-por-meio-do-mula-coffee-a-historia-do-cafe-que-poucos-conhecem\/#primaryimage\"},\"image\":{\"@id\":\"https:\/\/economiasa.com.br\/blog\/do-cerrado-mineiro-para-o-mundo-gabriel-davi-revela-por-meio-do-mula-coffee-a-historia-do-cafe-que-poucos-conhecem\/#primaryimage\"},\"thumbnailUrl\":\"https:\/\/economiasa.com.br\/blog\/wp-content\/uploads\/2026\/09\/ccpx1-2.jpg\",\"datePublished\":\"2026-09-03T19:43:41+00:00\",\"dateModified\":\"2026-09-03T20:15:35+00:00\",\"author\":{\"@id\":\"https:\/\/economiasa.com.br\/blog\/#\/schema\/person\/57f2dfaf8250a36d041a4e4cf0498faf\"},\"breadcrumb\":{\"@id\":\"https:\/\/economiasa.com.br\/blog\/do-cerrado-mineiro-para-o-mundo-gabriel-davi-revela-por-meio-do-mula-coffee-a-historia-do-cafe-que-poucos-conhecem\/#breadcrumb\"},\"inLanguage\":\"pt-BR\",\"potentialAction\":[{\"@type\":\"ReadAction\",\"target\":[\"https:\/\/economiasa.com.br\/blog\/do-cerrado-mineiro-para-o-mundo-gabriel-davi-revela-por-meio-do-mula-coffee-a-historia-do-cafe-que-poucos-conhecem\/\"]}]},{\"@type\":\"ImageObject\",\"inLanguage\":\"pt-BR\",\"@id\":\"https:\/\/economiasa.com.br\/blog\/do-cerrado-mineiro-para-o-mundo-gabriel-davi-revela-por-meio-do-mula-coffee-a-historia-do-cafe-que-poucos-conhecem\/#primaryimage\",\"url\":\"https:\/\/economiasa.com.br\/blog\/wp-content\/uploads\/2026\/09\/ccpx1-2.jpg\",\"contentUrl\":\"https:\/\/economiasa.com.br\/blog\/wp-content\/uploads\/2026\/09\/ccpx1-2.jpg\",\"width\":900,\"height\":699,\"caption\":\"Cr\u00e9ditos da Foto: Divulga\u00e7\u00e3o\"},{\"@type\":\"BreadcrumbList\",\"@id\":\"https:\/\/economiasa.com.br\/blog\/do-cerrado-mineiro-para-o-mundo-gabriel-davi-revela-por-meio-do-mula-coffee-a-historia-do-cafe-que-poucos-conhecem\/#breadcrumb\",\"itemListElement\":[{\"@type\":\"ListItem\",\"position\":1,\"name\":\"In\u00edcio\",\"item\":\"https:\/\/economiasa.com.br\/blog\/\"},{\"@type\":\"ListItem\",\"position\":2,\"name\":\"Do Cerrado Mineiro para o mundo: Gabriel Davi revela, por meio do Mula Coffee, a hist\u00f3ria do caf\u00e9 que poucos conhecem.\"}]},{\"@type\":\"WebSite\",\"@id\":\"https:\/\/economiasa.com.br\/blog\/#website\",\"url\":\"https:\/\/economiasa.com.br\/blog\/\",\"name\":\"Economia S\/A\",\"description\":\"Ler faz bem para os neg\u00f3cios\",\"potentialAction\":[{\"@type\":\"SearchAction\",\"target\":{\"@type\":\"EntryPoint\",\"urlTemplate\":\"https:\/\/economiasa.com.br\/blog\/?s={search_term_string}\"},\"query-input\":{\"@type\":\"PropertyValueSpecification\",\"valueRequired\":true,\"valueName\":\"search_term_string\"}}],\"inLanguage\":\"pt-BR\"},{\"@type\":\"Person\",\"@id\":\"https:\/\/economiasa.com.br\/blog\/#\/schema\/person\/57f2dfaf8250a36d041a4e4cf0498faf\",\"name\":\"Reda\u00e7\u00e3o\",\"image\":{\"@type\":\"ImageObject\",\"inLanguage\":\"pt-BR\",\"@id\":\"https:\/\/secure.gravatar.com\/avatar\/b9a74cf83ab7b387115b660a012a810ba4283a49e2dc1845eacfc09fd7fadd4b?s=96&d=mm&r=g8b4e5e7107f0781ab9bc60df20107da5\",\"url\":\"https:\/\/secure.gravatar.com\/avatar\/b9a74cf83ab7b387115b660a012a810ba4283a49e2dc1845eacfc09fd7fadd4b?s=96&d=mm&r=g\",\"contentUrl\":\"https:\/\/secure.gravatar.com\/avatar\/b9a74cf83ab7b387115b660a012a810ba4283a49e2dc1845eacfc09fd7fadd4b?s=96&d=mm&r=g\",\"caption\":\"Reda\u00e7\u00e3o\"},\"url\":\"https:\/\/economiasa.com.br\/blog\/author\/vhassessoriagmail-com\/\"}]}<\/script>\n<!-- \/ Yoast SEO plugin. -->","yoast_head_json":{"title":"Do Cerrado Mineiro para o mundo: Gabriel Davi revela, por meio do Mula Coffee, a hist\u00f3ria do caf\u00e9 que poucos conhecem. - Economia S\/A","robots":{"index":"index","follow":"follow","max-snippet":"max-snippet:-1","max-image-preview":"max-image-preview:large","max-video-preview":"max-video-preview:-1"},"canonical":"https:\/\/economiasa.com.br\/blog\/do-cerrado-mineiro-para-o-mundo-gabriel-davi-revela-por-meio-do-mula-coffee-a-historia-do-cafe-que-poucos-conhecem\/","og_locale":"pt_BR","og_type":"article","og_title":"Do Cerrado Mineiro para o mundo: Gabriel Davi revela, por meio do Mula Coffee, a hist\u00f3ria do caf\u00e9 que poucos conhecem. - Economia S\/A","og_description":"Nascido em uma das principais regi\u00f5es produtoras de caf\u00e9 do Brasil, empres\u00e1rio transforma suas ra\u00edzes mineiras em prop\u00f3sito, valoriza a origem do...","og_url":"https:\/\/economiasa.com.br\/blog\/do-cerrado-mineiro-para-o-mundo-gabriel-davi-revela-por-meio-do-mula-coffee-a-historia-do-cafe-que-poucos-conhecem\/","og_site_name":"Economia S\/A","article_published_time":"2026-09-03T19:43:41+00:00","article_modified_time":"2026-09-03T20:15:35+00:00","og_image":[{"width":900,"height":699,"url":"https:\/\/economiasa.com.br\/blog\/wp-content\/uploads\/2026\/09\/ccpx1-2.jpg","type":"image\/jpeg"}],"author":"Reda\u00e7\u00e3o","twitter_card":"summary_large_image","twitter_misc":{"Escrito por":"Reda\u00e7\u00e3o","Est. tempo de leitura":"4 minutos"},"schema":{"@context":"https:\/\/schema.org","@graph":[{"@type":"Article","@id":"https:\/\/economiasa.com.br\/blog\/do-cerrado-mineiro-para-o-mundo-gabriel-davi-revela-por-meio-do-mula-coffee-a-historia-do-cafe-que-poucos-conhecem\/#article","isPartOf":{"@id":"https:\/\/economiasa.com.br\/blog\/do-cerrado-mineiro-para-o-mundo-gabriel-davi-revela-por-meio-do-mula-coffee-a-historia-do-cafe-que-poucos-conhecem\/"},"author":{"name":"Reda\u00e7\u00e3o","@id":"https:\/\/economiasa.com.br\/blog\/#\/schema\/person\/57f2dfaf8250a36d041a4e4cf0498faf"},"headline":"Do Cerrado Mineiro para o mundo: Gabriel Davi revela, por meio do Mula Coffee, a hist\u00f3ria do caf\u00e9 que poucos conhecem.","datePublished":"2026-09-03T19:43:41+00:00","dateModified":"2026-09-03T20:15:35+00:00","mainEntityOfPage":{"@id":"https:\/\/economiasa.com.br\/blog\/do-cerrado-mineiro-para-o-mundo-gabriel-davi-revela-por-meio-do-mula-coffee-a-historia-do-cafe-que-poucos-conhecem\/"},"wordCount":603,"image":{"@id":"https:\/\/economiasa.com.br\/blog\/do-cerrado-mineiro-para-o-mundo-gabriel-davi-revela-por-meio-do-mula-coffee-a-historia-do-cafe-que-poucos-conhecem\/#primaryimage"},"thumbnailUrl":"https:\/\/economiasa.com.br\/blog\/wp-content\/uploads\/2026\/09\/ccpx1-2.jpg","articleSection":["Cultura"],"inLanguage":"pt-BR"},{"@type":"WebPage","@id":"https:\/\/economiasa.com.br\/blog\/do-cerrado-mineiro-para-o-mundo-gabriel-davi-revela-por-meio-do-mula-coffee-a-historia-do-cafe-que-poucos-conhecem\/","url":"https:\/\/economiasa.com.br\/blog\/do-cerrado-mineiro-para-o-mundo-gabriel-davi-revela-por-meio-do-mula-coffee-a-historia-do-cafe-que-poucos-conhecem\/","name":"Do Cerrado Mineiro para o mundo: Gabriel Davi revela, por meio do Mula Coffee, a hist\u00f3ria do caf\u00e9 que poucos conhecem. - Economia S\/A","isPartOf":{"@id":"https:\/\/economiasa.com.br\/blog\/#website"},"primaryImageOfPage":{"@id":"https:\/\/economiasa.com.br\/blog\/do-cerrado-mineiro-para-o-mundo-gabriel-davi-revela-por-meio-do-mula-coffee-a-historia-do-cafe-que-poucos-conhecem\/#primaryimage"},"image":{"@id":"https:\/\/economiasa.com.br\/blog\/do-cerrado-mineiro-para-o-mundo-gabriel-davi-revela-por-meio-do-mula-coffee-a-historia-do-cafe-que-poucos-conhecem\/#primaryimage"},"thumbnailUrl":"https:\/\/economiasa.com.br\/blog\/wp-content\/uploads\/2026\/09\/ccpx1-2.jpg","datePublished":"2026-09-03T19:43:41+00:00","dateModified":"2026-09-03T20:15:35+00:00","author":{"@id":"https:\/\/economiasa.com.br\/blog\/#\/schema\/person\/57f2dfaf8250a36d041a4e4cf0498faf"},"breadcrumb":{"@id":"https:\/\/economiasa.com.br\/blog\/do-cerrado-mineiro-para-o-mundo-gabriel-davi-revela-por-meio-do-mula-coffee-a-historia-do-cafe-que-poucos-conhecem\/#breadcrumb"},"inLanguage":"pt-BR","potentialAction":[{"@type":"ReadAction","target":["https:\/\/economiasa.com.br\/blog\/do-cerrado-mineiro-para-o-mundo-gabriel-davi-revela-por-meio-do-mula-coffee-a-historia-do-cafe-que-poucos-conhecem\/"]}]},{"@type":"ImageObject","inLanguage":"pt-BR","@id":"https:\/\/economiasa.com.br\/blog\/do-cerrado-mineiro-para-o-mundo-gabriel-davi-revela-por-meio-do-mula-coffee-a-historia-do-cafe-que-poucos-conhecem\/#primaryimage","url":"https:\/\/economiasa.com.br\/blog\/wp-content\/uploads\/2026\/09\/ccpx1-2.jpg","contentUrl":"https:\/\/economiasa.com.br\/blog\/wp-content\/uploads\/2026\/09\/ccpx1-2.jpg","width":900,"height":699,"caption":"Cr\u00e9ditos da Foto: Divulga\u00e7\u00e3o"},{"@type":"BreadcrumbList","@id":"https:\/\/economiasa.com.br\/blog\/do-cerrado-mineiro-para-o-mundo-gabriel-davi-revela-por-meio-do-mula-coffee-a-historia-do-cafe-que-poucos-conhecem\/#breadcrumb","itemListElement":[{"@type":"ListItem","position":1,"name":"In\u00edcio","item":"https:\/\/economiasa.com.br\/blog\/"},{"@type":"ListItem","position":2,"name":"Do Cerrado Mineiro para o mundo: Gabriel Davi revela, por meio do Mula Coffee, a hist\u00f3ria do caf\u00e9 que poucos conhecem."}]},{"@type":"WebSite","@id":"https:\/\/economiasa.com.br\/blog\/#website","url":"https:\/\/economiasa.com.br\/blog\/","name":"Economia S\/A","description":"Ler faz bem para os neg\u00f3cios","potentialAction":[{"@type":"SearchAction","target":{"@type":"EntryPoint","urlTemplate":"https:\/\/economiasa.com.br\/blog\/?s={search_term_string}"},"query-input":{"@type":"PropertyValueSpecification","valueRequired":true,"valueName":"search_term_string"}}],"inLanguage":"pt-BR"},{"@type":"Person","@id":"https:\/\/economiasa.com.br\/blog\/#\/schema\/person\/57f2dfaf8250a36d041a4e4cf0498faf","name":"Reda\u00e7\u00e3o","image":{"@type":"ImageObject","inLanguage":"pt-BR","@id":"https:\/\/secure.gravatar.com\/avatar\/b9a74cf83ab7b387115b660a012a810ba4283a49e2dc1845eacfc09fd7fadd4b?s=96&d=mm&r=g8b4e5e7107f0781ab9bc60df20107da5","url":"https:\/\/secure.gravatar.com\/avatar\/b9a74cf83ab7b387115b660a012a810ba4283a49e2dc1845eacfc09fd7fadd4b?s=96&d=mm&r=g","contentUrl":"https:\/\/secure.gravatar.com\/avatar\/b9a74cf83ab7b387115b660a012a810ba4283a49e2dc1845eacfc09fd7fadd4b?s=96&d=mm&r=g","caption":"Reda\u00e7\u00e3o"},"url":"https:\/\/economiasa.com.br\/blog\/author\/vhassessoriagmail-com\/"}]}},"authors":[{"term_id":13237,"user_id":13,"is_guest":0,"slug":"vhassessoriagmail-com","display_name":"Reda\u00e7\u00e3o","avatar_url":"https:\/\/secure.gravatar.com\/avatar\/b9a74cf83ab7b387115b660a012a810ba4283a49e2dc1845eacfc09fd7fadd4b?s=96&d=mm&r=g","author_category":"","first_name":"Vanessa","last_name":"Reda\u00e7\u00e3o","user_url":"","job_title":"","description":""}],"amp_enabled":true,"_links":{"self":[{"href":"https:\/\/economiasa.com.br\/blog\/wp-json\/wp\/v2\/posts\/85052","targetHints":{"allow":["GET"]}}],"collection":[{"href":"https:\/\/economiasa.com.br\/blog\/wp-json\/wp\/v2\/posts"}],"about":[{"href":"https:\/\/economiasa.com.br\/blog\/wp-json\/wp\/v2\/types\/post"}],"author":[{"embeddable":true,"href":"https:\/\/economiasa.com.br\/blog\/wp-json\/wp\/v2\/users\/13"}],"replies":[{"embeddable":true,"href":"https:\/\/economiasa.com.br\/blog\/wp-json\/wp\/v2\/comments?post=85052"}],"version-history":[{"count":0,"href":"https:\/\/economiasa.com.br\/blog\/wp-json\/wp\/v2\/posts\/85052\/revisions"}],"wp:featuredmedia":[{"embeddable":true,"href":"https:\/\/economiasa.com.br\/blog\/wp-json\/wp\/v2\/media\/85056"}],"wp:attachment":[{"href":"https:\/\/economiasa.com.br\/blog\/wp-json\/wp\/v2\/media?parent=85052"}],"wp:term":[{"taxonomy":"category","embeddable":true,"href":"https:\/\/economiasa.com.br\/blog\/wp-json\/wp\/v2\/categories?post=85052"},{"taxonomy":"post_tag","embeddable":true,"href":"https:\/\/economiasa.com.br\/blog\/wp-json\/wp\/v2\/tags?post=85052"},{"taxonomy":"author","embeddable":true,"href":"https:\/\/economiasa.com.br\/blog\/wp-json\/wp\/v2\/ppma_author?post=85052"}],"curies":[{"name":"wp","href":"https:\/\/api.w.org\/{rel}","templated":true}]}}