{"id":85057,"date":"2026-09-03T17:18:41","date_gmt":"2026-09-03T20:18:41","guid":{"rendered":"https:\/\/economiasa.com.br\/blog\/?p=85057"},"modified":"2026-09-03T17:18:42","modified_gmt":"2026-09-03T20:18:42","slug":"uerj-recebe-nova-unidade-do-projeto-biblioteca-para-todos-em-setembro","status":"publish","type":"post","link":"https:\/\/economiasa.com.br\/blog\/uerj-recebe-nova-unidade-do-projeto-biblioteca-para-todos-em-setembro\/","title":{"rendered":"UERJ recebe nova unidade do projeto Biblioteca Para Todos em setembro"},"content":{"rendered":"\n<p class=\"wp-block-paragraph\"><em>Espa\u00e7o integra iniciativa que prev\u00ea tr\u00eas bibliotecas na cidade e expectativa de alcan\u00e7ar mais de 7 mil estudantes a partir dos 13 anos<\/em><\/p>\n\n\n\n<p class=\"wp-block-paragraph\">A Universidade do Estado do Rio de Janeiro (UERJ) recebe, no dia 9 de setembro, uma nova unidade do projeto Biblioteca Para Todos. Uma realiza\u00e7\u00e3o da EGP Brasil com incentivo do Minist\u00e9rio da Cultura, por meio da Lei Rouanet, o projeto ser\u00e1 instalado no campus Maracan\u00e3, o espa\u00e7o integra uma iniciativa que prev\u00ea a implanta\u00e7\u00e3o de tr\u00eas bibliotecas no Rio de Janeiro e tem expectativa de beneficiar mais de 7 mil estudantes.<\/p>\n\n\n\n<p class=\"wp-block-paragraph\"><br>A iniciativa contemplar\u00e1 tr\u00eas bibliotecas: uma localizada no col\u00e9gio Rivad\u00e1via Corr\u00eaa, entregue no primeiro semestre de 2026; a segunda no campus de biomedicina da Universidade do Estado do Rio de Janeiro (UERJ), com inaugura\u00e7\u00e3o marcada para setembro; e a terceira na Universidade Federal do Rio de Janeiro (UFRJ), que est\u00e1 em fase de adequa\u00e7\u00e3o do projeto arquitet\u00f4nico.<\/p>\n\n\n\n<p class=\"wp-block-paragraph\">A proposta parte da compreens\u00e3o de que a constru\u00e7\u00e3o do h\u00e1bito de ler vai muito al\u00e9m da rela\u00e7\u00e3o tradicional com os livros. Por isso, o espa\u00e7o \u00e9 p\u00fablico e pode ser acessado por estudantes de diferentes idades e escolas (tanto da rede p\u00fablica quanto da rede privada). A expectativa \u00e9 que mais de 7 mil alunos a partir dos 13 anos sejam contemplados. O acervo de livros foi pensado para incluir diferentes realidades e se conectar com os alunos. A inten\u00e7\u00e3o \u00e9 mostrar que a literatura pode servir como porta de entrada para a imagina\u00e7\u00e3o, o conhecimento e a descoberta de novos olhares sobre o mundo.<\/p>\n\n\n\n<p class=\"wp-block-paragraph\">Para Vanessa Pires, CEO da Brada, essa \u00e9 uma oportunidade para as crian\u00e7as explorarem a criatividade e desenvolverem habilidades como concentra\u00e7\u00e3o, interpreta\u00e7\u00e3o e comunica\u00e7\u00e3o. \u201cAo conhecer contextos, experi\u00eancias e perspectivas distintas das suas, os jovens podem de ampliar o vocabul\u00e1rio, fortalecer a argumenta\u00e7\u00e3o e estimular a empatia.\u201d explica.<\/p>\n\n\n\n<p class=\"wp-block-paragraph\">Com patroc\u00ednio do MEDGRUPO e apoio de Brada, UERJ, Rede Sirius e CB\/A, a inaugura\u00e7\u00e3o contar\u00e1 com abertura antecipada para convidados, abertura geral e uma palestra para os estudantes. Al\u00e9m disso, o espa\u00e7o apresentar\u00e1 melhorias nos ambientes de estudo, mobili\u00e1rio e recursos tecnol\u00f3gicos.<\/p>\n\n\n\n<p class=\"wp-block-paragraph\"><strong>SERVI\u00c7O<br><\/strong>Data: 09\/09\/2026<br>Hor\u00e1rio: 10h<br>Local: Universidade Estadual do Rio de Janeiro<br>Endere\u00e7o: Av. Professor Manuel de Abreu 444. 2\u00ba andar, biblioteca \u2013 Maracan\u00e3, Rio de Janeiro.<\/p>\n","protected":false},"excerpt":{"rendered":"<p>Espa\u00e7o integra iniciativa que prev\u00ea tr\u00eas bibliotecas na cidade e expectativa de alcan\u00e7ar mais de 7 mil estudantes a partir dos 13&#8230;<\/p>\n","protected":false},"author":13,"featured_media":85058,"comment_status":"closed","ping_status":"open","sticky":false,"template":"","format":"standard","meta":{"footnotes":""},"categories":[12577],"tags":[],"ppma_author":[13237],"class_list":["post-85057","post","type-post","status-publish","format-standard","has-post-thumbnail","category-destaques"],"yoast_head":"<!-- This site is optimized with the Yoast SEO plugin v27.2 - https:\/\/yoast.com\/product\/yoast-seo-wordpress\/ -->\n<title>UERJ recebe nova unidade do projeto Biblioteca Para Todos em setembro - Economia S\/A<\/title>\n<meta name=\"robots\" content=\"index, follow, max-snippet:-1, max-image-preview:large, max-video-preview:-1\" \/>\n<link rel=\"canonical\" href=\"https:\/\/economiasa.com.br\/blog\/uerj-recebe-nova-unidade-do-projeto-biblioteca-para-todos-em-setembro\/\" \/>\n<meta property=\"og:locale\" content=\"pt_BR\" \/>\n<meta property=\"og:type\" content=\"article\" \/>\n<meta property=\"og:title\" content=\"UERJ recebe nova unidade do projeto Biblioteca Para Todos em setembro - Economia S\/A\" \/>\n<meta property=\"og:description\" content=\"Espa\u00e7o integra iniciativa que prev\u00ea tr\u00eas bibliotecas na cidade e expectativa de alcan\u00e7ar mais de 7 mil estudantes a partir dos 13...\" \/>\n<meta property=\"og:url\" content=\"https:\/\/economiasa.com.br\/blog\/uerj-recebe-nova-unidade-do-projeto-biblioteca-para-todos-em-setembro\/\" \/>\n<meta property=\"og:site_name\" content=\"Economia S\/A\" \/>\n<meta property=\"article:published_time\" content=\"2026-09-03T20:18:41+00:00\" \/>\n<meta property=\"article:modified_time\" content=\"2026-09-03T20:18:42+00:00\" \/>\n<meta property=\"og:image\" content=\"https:\/\/economiasa.com.br\/blog\/wp-content\/uploads\/2026\/09\/WhatsApp-Image-2026-09-03-at-4.30.11-PM.jpeg\" \/>\n\t<meta property=\"og:image:width\" content=\"1600\" \/>\n\t<meta property=\"og:image:height\" content=\"1064\" \/>\n\t<meta property=\"og:image:type\" content=\"image\/jpeg\" \/>\n<meta name=\"author\" content=\"Reda\u00e7\u00e3o\" \/>\n<meta name=\"twitter:card\" content=\"summary_large_image\" \/>\n<meta name=\"twitter:label1\" content=\"Escrito por\" \/>\n\t<meta name=\"twitter:data1\" content=\"Reda\u00e7\u00e3o\" \/>\n\t<meta name=\"twitter:label2\" content=\"Est. tempo de leitura\" \/>\n\t<meta name=\"twitter:data2\" content=\"3 minutos\" \/>\n<script type=\"application\/ld+json\" class=\"yoast-schema-graph\">{\"@context\":\"https:\/\/schema.org\",\"@graph\":[{\"@type\":\"Article\",\"@id\":\"https:\/\/economiasa.com.br\/blog\/uerj-recebe-nova-unidade-do-projeto-biblioteca-para-todos-em-setembro\/#article\",\"isPartOf\":{\"@id\":\"https:\/\/economiasa.com.br\/blog\/uerj-recebe-nova-unidade-do-projeto-biblioteca-para-todos-em-setembro\/\"},\"author\":{\"name\":\"Reda\u00e7\u00e3o\",\"@id\":\"https:\/\/economiasa.com.br\/blog\/#\/schema\/person\/57f2dfaf8250a36d041a4e4cf0498faf\"},\"headline\":\"UERJ recebe nova unidade do projeto Biblioteca Para Todos em setembro\",\"datePublished\":\"2026-09-03T20:18:41+00:00\",\"dateModified\":\"2026-09-03T20:18:42+00:00\",\"mainEntityOfPage\":{\"@id\":\"https:\/\/economiasa.com.br\/blog\/uerj-recebe-nova-unidade-do-projeto-biblioteca-para-todos-em-setembro\/\"},\"wordCount\":413,\"image\":{\"@id\":\"https:\/\/economiasa.com.br\/blog\/uerj-recebe-nova-unidade-do-projeto-biblioteca-para-todos-em-setembro\/#primaryimage\"},\"thumbnailUrl\":\"https:\/\/economiasa.com.br\/blog\/wp-content\/uploads\/2026\/09\/WhatsApp-Image-2026-09-03-at-4.30.11-PM.jpeg\",\"articleSection\":[\"Destaques\"],\"inLanguage\":\"pt-BR\"},{\"@type\":\"WebPage\",\"@id\":\"https:\/\/economiasa.com.br\/blog\/uerj-recebe-nova-unidade-do-projeto-biblioteca-para-todos-em-setembro\/\",\"url\":\"https:\/\/economiasa.com.br\/blog\/uerj-recebe-nova-unidade-do-projeto-biblioteca-para-todos-em-setembro\/\",\"name\":\"UERJ recebe nova unidade do projeto Biblioteca Para Todos em setembro - Economia S\/A\",\"isPartOf\":{\"@id\":\"https:\/\/economiasa.com.br\/blog\/#website\"},\"primaryImageOfPage\":{\"@id\":\"https:\/\/economiasa.com.br\/blog\/uerj-recebe-nova-unidade-do-projeto-biblioteca-para-todos-em-setembro\/#primaryimage\"},\"image\":{\"@id\":\"https:\/\/economiasa.com.br\/blog\/uerj-recebe-nova-unidade-do-projeto-biblioteca-para-todos-em-setembro\/#primaryimage\"},\"thumbnailUrl\":\"https:\/\/economiasa.com.br\/blog\/wp-content\/uploads\/2026\/09\/WhatsApp-Image-2026-09-03-at-4.30.11-PM.jpeg\",\"datePublished\":\"2026-09-03T20:18:41+00:00\",\"dateModified\":\"2026-09-03T20:18:42+00:00\",\"author\":{\"@id\":\"https:\/\/economiasa.com.br\/blog\/#\/schema\/person\/57f2dfaf8250a36d041a4e4cf0498faf\"},\"breadcrumb\":{\"@id\":\"https:\/\/economiasa.com.br\/blog\/uerj-recebe-nova-unidade-do-projeto-biblioteca-para-todos-em-setembro\/#breadcrumb\"},\"inLanguage\":\"pt-BR\",\"potentialAction\":[{\"@type\":\"ReadAction\",\"target\":[\"https:\/\/economiasa.com.br\/blog\/uerj-recebe-nova-unidade-do-projeto-biblioteca-para-todos-em-setembro\/\"]}]},{\"@type\":\"ImageObject\",\"inLanguage\":\"pt-BR\",\"@id\":\"https:\/\/economiasa.com.br\/blog\/uerj-recebe-nova-unidade-do-projeto-biblioteca-para-todos-em-setembro\/#primaryimage\",\"url\":\"https:\/\/economiasa.com.br\/blog\/wp-content\/uploads\/2026\/09\/WhatsApp-Image-2026-09-03-at-4.30.11-PM.jpeg\",\"contentUrl\":\"https:\/\/economiasa.com.br\/blog\/wp-content\/uploads\/2026\/09\/WhatsApp-Image-2026-09-03-at-4.30.11-PM.jpeg\",\"width\":1600,\"height\":1064,\"caption\":\"Cr\u00e9ditos da Foto: Divulga\u00e7\u00e3o\"},{\"@type\":\"BreadcrumbList\",\"@id\":\"https:\/\/economiasa.com.br\/blog\/uerj-recebe-nova-unidade-do-projeto-biblioteca-para-todos-em-setembro\/#breadcrumb\",\"itemListElement\":[{\"@type\":\"ListItem\",\"position\":1,\"name\":\"In\u00edcio\",\"item\":\"https:\/\/economiasa.com.br\/blog\/\"},{\"@type\":\"ListItem\",\"position\":2,\"name\":\"UERJ recebe nova unidade do projeto Biblioteca Para Todos em setembro\"}]},{\"@type\":\"WebSite\",\"@id\":\"https:\/\/economiasa.com.br\/blog\/#website\",\"url\":\"https:\/\/economiasa.com.br\/blog\/\",\"name\":\"Economia S\/A\",\"description\":\"Ler faz bem para os neg\u00f3cios\",\"potentialAction\":[{\"@type\":\"SearchAction\",\"target\":{\"@type\":\"EntryPoint\",\"urlTemplate\":\"https:\/\/economiasa.com.br\/blog\/?s={search_term_string}\"},\"query-input\":{\"@type\":\"PropertyValueSpecification\",\"valueRequired\":true,\"valueName\":\"search_term_string\"}}],\"inLanguage\":\"pt-BR\"},{\"@type\":\"Person\",\"@id\":\"https:\/\/economiasa.com.br\/blog\/#\/schema\/person\/57f2dfaf8250a36d041a4e4cf0498faf\",\"name\":\"Reda\u00e7\u00e3o\",\"image\":{\"@type\":\"ImageObject\",\"inLanguage\":\"pt-BR\",\"@id\":\"https:\/\/secure.gravatar.com\/avatar\/b9a74cf83ab7b387115b660a012a810ba4283a49e2dc1845eacfc09fd7fadd4b?s=96&d=mm&r=g8b4e5e7107f0781ab9bc60df20107da5\",\"url\":\"https:\/\/secure.gravatar.com\/avatar\/b9a74cf83ab7b387115b660a012a810ba4283a49e2dc1845eacfc09fd7fadd4b?s=96&d=mm&r=g\",\"contentUrl\":\"https:\/\/secure.gravatar.com\/avatar\/b9a74cf83ab7b387115b660a012a810ba4283a49e2dc1845eacfc09fd7fadd4b?s=96&d=mm&r=g\",\"caption\":\"Reda\u00e7\u00e3o\"},\"url\":\"https:\/\/economiasa.com.br\/blog\/author\/vhassessoriagmail-com\/\"}]}<\/script>\n<!-- \/ Yoast SEO plugin. -->","yoast_head_json":{"title":"UERJ recebe nova unidade do projeto Biblioteca Para Todos em setembro - Economia S\/A","robots":{"index":"index","follow":"follow","max-snippet":"max-snippet:-1","max-image-preview":"max-image-preview:large","max-video-preview":"max-video-preview:-1"},"canonical":"https:\/\/economiasa.com.br\/blog\/uerj-recebe-nova-unidade-do-projeto-biblioteca-para-todos-em-setembro\/","og_locale":"pt_BR","og_type":"article","og_title":"UERJ recebe nova unidade do projeto Biblioteca Para Todos em setembro - Economia S\/A","og_description":"Espa\u00e7o integra iniciativa que prev\u00ea tr\u00eas bibliotecas na cidade e expectativa de alcan\u00e7ar mais de 7 mil estudantes a partir dos 13...","og_url":"https:\/\/economiasa.com.br\/blog\/uerj-recebe-nova-unidade-do-projeto-biblioteca-para-todos-em-setembro\/","og_site_name":"Economia S\/A","article_published_time":"2026-09-03T20:18:41+00:00","article_modified_time":"2026-09-03T20:18:42+00:00","og_image":[{"width":1600,"height":1064,"url":"https:\/\/economiasa.com.br\/blog\/wp-content\/uploads\/2026\/09\/WhatsApp-Image-2026-09-03-at-4.30.11-PM.jpeg","type":"image\/jpeg"}],"author":"Reda\u00e7\u00e3o","twitter_card":"summary_large_image","twitter_misc":{"Escrito por":"Reda\u00e7\u00e3o","Est. tempo de leitura":"3 minutos"},"schema":{"@context":"https:\/\/schema.org","@graph":[{"@type":"Article","@id":"https:\/\/economiasa.com.br\/blog\/uerj-recebe-nova-unidade-do-projeto-biblioteca-para-todos-em-setembro\/#article","isPartOf":{"@id":"https:\/\/economiasa.com.br\/blog\/uerj-recebe-nova-unidade-do-projeto-biblioteca-para-todos-em-setembro\/"},"author":{"name":"Reda\u00e7\u00e3o","@id":"https:\/\/economiasa.com.br\/blog\/#\/schema\/person\/57f2dfaf8250a36d041a4e4cf0498faf"},"headline":"UERJ recebe nova unidade do projeto Biblioteca Para Todos em setembro","datePublished":"2026-09-03T20:18:41+00:00","dateModified":"2026-09-03T20:18:42+00:00","mainEntityOfPage":{"@id":"https:\/\/economiasa.com.br\/blog\/uerj-recebe-nova-unidade-do-projeto-biblioteca-para-todos-em-setembro\/"},"wordCount":413,"image":{"@id":"https:\/\/economiasa.com.br\/blog\/uerj-recebe-nova-unidade-do-projeto-biblioteca-para-todos-em-setembro\/#primaryimage"},"thumbnailUrl":"https:\/\/economiasa.com.br\/blog\/wp-content\/uploads\/2026\/09\/WhatsApp-Image-2026-09-03-at-4.30.11-PM.jpeg","articleSection":["Destaques"],"inLanguage":"pt-BR"},{"@type":"WebPage","@id":"https:\/\/economiasa.com.br\/blog\/uerj-recebe-nova-unidade-do-projeto-biblioteca-para-todos-em-setembro\/","url":"https:\/\/economiasa.com.br\/blog\/uerj-recebe-nova-unidade-do-projeto-biblioteca-para-todos-em-setembro\/","name":"UERJ recebe nova unidade do projeto Biblioteca Para Todos em setembro - Economia S\/A","isPartOf":{"@id":"https:\/\/economiasa.com.br\/blog\/#website"},"primaryImageOfPage":{"@id":"https:\/\/economiasa.com.br\/blog\/uerj-recebe-nova-unidade-do-projeto-biblioteca-para-todos-em-setembro\/#primaryimage"},"image":{"@id":"https:\/\/economiasa.com.br\/blog\/uerj-recebe-nova-unidade-do-projeto-biblioteca-para-todos-em-setembro\/#primaryimage"},"thumbnailUrl":"https:\/\/economiasa.com.br\/blog\/wp-content\/uploads\/2026\/09\/WhatsApp-Image-2026-09-03-at-4.30.11-PM.jpeg","datePublished":"2026-09-03T20:18:41+00:00","dateModified":"2026-09-03T20:18:42+00:00","author":{"@id":"https:\/\/economiasa.com.br\/blog\/#\/schema\/person\/57f2dfaf8250a36d041a4e4cf0498faf"},"breadcrumb":{"@id":"https:\/\/economiasa.com.br\/blog\/uerj-recebe-nova-unidade-do-projeto-biblioteca-para-todos-em-setembro\/#breadcrumb"},"inLanguage":"pt-BR","potentialAction":[{"@type":"ReadAction","target":["https:\/\/economiasa.com.br\/blog\/uerj-recebe-nova-unidade-do-projeto-biblioteca-para-todos-em-setembro\/"]}]},{"@type":"ImageObject","inLanguage":"pt-BR","@id":"https:\/\/economiasa.com.br\/blog\/uerj-recebe-nova-unidade-do-projeto-biblioteca-para-todos-em-setembro\/#primaryimage","url":"https:\/\/economiasa.com.br\/blog\/wp-content\/uploads\/2026\/09\/WhatsApp-Image-2026-09-03-at-4.30.11-PM.jpeg","contentUrl":"https:\/\/economiasa.com.br\/blog\/wp-content\/uploads\/2026\/09\/WhatsApp-Image-2026-09-03-at-4.30.11-PM.jpeg","width":1600,"height":1064,"caption":"Cr\u00e9ditos da Foto: Divulga\u00e7\u00e3o"},{"@type":"BreadcrumbList","@id":"https:\/\/economiasa.com.br\/blog\/uerj-recebe-nova-unidade-do-projeto-biblioteca-para-todos-em-setembro\/#breadcrumb","itemListElement":[{"@type":"ListItem","position":1,"name":"In\u00edcio","item":"https:\/\/economiasa.com.br\/blog\/"},{"@type":"ListItem","position":2,"name":"UERJ recebe nova unidade do projeto Biblioteca Para Todos em setembro"}]},{"@type":"WebSite","@id":"https:\/\/economiasa.com.br\/blog\/#website","url":"https:\/\/economiasa.com.br\/blog\/","name":"Economia S\/A","description":"Ler faz bem para os neg\u00f3cios","potentialAction":[{"@type":"SearchAction","target":{"@type":"EntryPoint","urlTemplate":"https:\/\/economiasa.com.br\/blog\/?s={search_term_string}"},"query-input":{"@type":"PropertyValueSpecification","valueRequired":true,"valueName":"search_term_string"}}],"inLanguage":"pt-BR"},{"@type":"Person","@id":"https:\/\/economiasa.com.br\/blog\/#\/schema\/person\/57f2dfaf8250a36d041a4e4cf0498faf","name":"Reda\u00e7\u00e3o","image":{"@type":"ImageObject","inLanguage":"pt-BR","@id":"https:\/\/secure.gravatar.com\/avatar\/b9a74cf83ab7b387115b660a012a810ba4283a49e2dc1845eacfc09fd7fadd4b?s=96&d=mm&r=g8b4e5e7107f0781ab9bc60df20107da5","url":"https:\/\/secure.gravatar.com\/avatar\/b9a74cf83ab7b387115b660a012a810ba4283a49e2dc1845eacfc09fd7fadd4b?s=96&d=mm&r=g","contentUrl":"https:\/\/secure.gravatar.com\/avatar\/b9a74cf83ab7b387115b660a012a810ba4283a49e2dc1845eacfc09fd7fadd4b?s=96&d=mm&r=g","caption":"Reda\u00e7\u00e3o"},"url":"https:\/\/economiasa.com.br\/blog\/author\/vhassessoriagmail-com\/"}]}},"authors":[{"term_id":13237,"user_id":13,"is_guest":0,"slug":"vhassessoriagmail-com","display_name":"Reda\u00e7\u00e3o","avatar_url":"https:\/\/secure.gravatar.com\/avatar\/b9a74cf83ab7b387115b660a012a810ba4283a49e2dc1845eacfc09fd7fadd4b?s=96&d=mm&r=g","author_category":"","first_name":"Vanessa","last_name":"Reda\u00e7\u00e3o","user_url":"","job_title":"","description":""}],"amp_enabled":true,"_links":{"self":[{"href":"https:\/\/economiasa.com.br\/blog\/wp-json\/wp\/v2\/posts\/85057","targetHints":{"allow":["GET"]}}],"collection":[{"href":"https:\/\/economiasa.com.br\/blog\/wp-json\/wp\/v2\/posts"}],"about":[{"href":"https:\/\/economiasa.com.br\/blog\/wp-json\/wp\/v2\/types\/post"}],"author":[{"embeddable":true,"href":"https:\/\/economiasa.com.br\/blog\/wp-json\/wp\/v2\/users\/13"}],"replies":[{"embeddable":true,"href":"https:\/\/economiasa.com.br\/blog\/wp-json\/wp\/v2\/comments?post=85057"}],"version-history":[{"count":0,"href":"https:\/\/economiasa.com.br\/blog\/wp-json\/wp\/v2\/posts\/85057\/revisions"}],"wp:featuredmedia":[{"embeddable":true,"href":"https:\/\/economiasa.com.br\/blog\/wp-json\/wp\/v2\/media\/85058"}],"wp:attachment":[{"href":"https:\/\/economiasa.com.br\/blog\/wp-json\/wp\/v2\/media?parent=85057"}],"wp:term":[{"taxonomy":"category","embeddable":true,"href":"https:\/\/economiasa.com.br\/blog\/wp-json\/wp\/v2\/categories?post=85057"},{"taxonomy":"post_tag","embeddable":true,"href":"https:\/\/economiasa.com.br\/blog\/wp-json\/wp\/v2\/tags?post=85057"},{"taxonomy":"author","embeddable":true,"href":"https:\/\/economiasa.com.br\/blog\/wp-json\/wp\/v2\/ppma_author?post=85057"}],"curies":[{"name":"wp","href":"https:\/\/api.w.org\/{rel}","templated":true}]}}