{"id":85061,"date":"2026-09-03T18:07:11","date_gmt":"2026-09-03T21:07:11","guid":{"rendered":"https:\/\/economiasa.com.br\/blog\/?p=85061"},"modified":"2026-09-03T18:07:11","modified_gmt":"2026-09-03T21:07:11","slug":"do-cafezinho-a-lavanderia-negocios-de-consumo-diario-podem-driblar-modismos","status":"publish","type":"post","link":"https:\/\/economiasa.com.br\/blog\/do-cafezinho-a-lavanderia-negocios-de-consumo-diario-podem-driblar-modismos\/","title":{"rendered":"Do cafezinho \u00e0 lavanderia: neg\u00f3cios de consumo di\u00e1rio podem driblar modismos"},"content":{"rendered":"\n<p class=\"wp-block-paragraph\"><em>Entenda como servi\u00e7os ligados \u00e0s necessidades do dia a dia podem oferecer maior recorr\u00eancia e estabilidade para quem deseja empreender<\/em><\/p>\n\n\n\n<p class=\"wp-block-paragraph\">Na hora de abrir o pr\u00f3prio neg\u00f3cio, muitos empreendedores se perguntam: o que est\u00e1 em alta? No entanto, apostar apenas em uma tend\u00eancia pode ser arriscado. O desafio est\u00e1 em identificar h\u00e1bitos de consumo que fazem parte da vida do consumidor e geram demanda recorrente. De acordo com o SEBRAE, uma das principais tend\u00eancias de consumo em 2026 \u00e9 o foco no comportamento real do consumidor, valorizando produtos \u00fateis, experi\u00eancias acolhedoras e conectadas \u00e0 realidade do cliente.\u00a0<\/p>\n\n\n\n<p class=\"wp-block-paragraph\">Foi justamente a identifica\u00e7\u00e3o de uma necessidade cotidiana que levou Angelo Max Donaton, CEO da Lav\u00f4, maior rede de lavanderias self-service do Brasil, a revolucionar um h\u00e1bito do dia a dia. \u201cEm 2019, quando inauguramos a primeira unidade, \u00e9ramos pioneiros nesse tipo de servi\u00e7o e n\u00e3o havia outra empresa brasileira em quem nos inspirar. O que nos guiou foi justamente a certeza de que todo mundo lava roupa, independentemente da classe social ou da regi\u00e3o do Brasil. \u00c9 uma necessidade que faz parte da vida das pessoas e que n\u00e3o depende de uma tend\u00eancia passageira\u201d, compartilha.\u00a0<\/p>\n\n\n\n<p class=\"wp-block-paragraph\">Hoje, com mais de 700 unidades em funcionamento em todo o Brasil, Donaton refor\u00e7a que, al\u00e9m de entender uma necessidade recorrente do consumidor, \u00e9 preciso oferecer praticidade e uma experi\u00eancia que fa\u00e7a sentido para o p\u00fablico. \u201cN\u00e3o basta estar presente na rotina das pessoas. \u00c9 necess\u00e1rio compreender como tornar aquele servi\u00e7o mais conveniente, acess\u00edvel e simples de usar. As lavanderias, por exemplo, atendiam principalmente o p\u00fablico A e B, mas a entrada da Lav\u00f4 no mercado brasileiro, com a oferta self-service, reduziu os custos e tornou o servi\u00e7o uma op\u00e7\u00e3o para novos perfis de consumidores\u201d, afirma.\u00a0<\/p>\n\n\n\n<p class=\"wp-block-paragraph\"><strong>Do cafezinho \u00e0s lavanderias: O desafio dos servi\u00e7os recorrentes<\/strong><\/p>\n\n\n\n<p class=\"wp-block-paragraph\">Para o executivo, em servi\u00e7os com demanda constante, a inova\u00e7\u00e3o precisa fazer parte da estrat\u00e9gia para manter o interesse dos consumidores e fortalecer a competitividade da marca. \u201cNa Lav\u00f4, n\u00f3s estamos continuamente investindo em tornar o servi\u00e7o ainda mais f\u00e1cil e atrativo para o usu\u00e1rio. Desde a tecnologia que deposita automaticamente sab\u00e3o e amaciante at\u00e9 os locais em que instalamos nossas unidades, como postos de gasolina, condom\u00ednios, paradas de caminhoneiros, estacionamentos de academias, etc. Estamos sempre buscando surpreender o p\u00fablico final atrav\u00e9s da conveni\u00eancia\u201d.\u00a0<\/p>\n\n\n\n<p class=\"wp-block-paragraph\">Essa mesma l\u00f3gica est\u00e1 por tr\u00e1s da Lav\u00f4 Street, modelo recente da marca que une lavanderia self-service e cafeteria. A proposta surgiu justamente a partir da observa\u00e7\u00e3o de um comportamento recorrente: o cliente precisa esperar enquanto as roupas s\u00e3o lavadas e secas e, nesse intervalo, busca formas de aproveitar melhor o tempo. Assim, a inova\u00e7\u00e3o n\u00e3o abandona a necessidade que sustenta o neg\u00f3cio, mas amplia a experi\u00eancia em torno dela. \u201cLavar roupas \u00e9 um servi\u00e7o de necessidade b\u00e1sica, e o caf\u00e9, um h\u00e1bito di\u00e1rio. Ao unir os dois, estamos transformando uma situa\u00e7\u00e3o cotidiana em uma experi\u00eancia conveniente e agrad\u00e1vel\u201d, completa o CEO.\u00a0<\/p>\n","protected":false},"excerpt":{"rendered":"<p>Entenda como servi\u00e7os ligados \u00e0s necessidades do dia a dia podem oferecer maior recorr\u00eancia e estabilidade para quem deseja empreender Na hora&#8230;<\/p>\n","protected":false},"author":47,"featured_media":85062,"comment_status":"closed","ping_status":"open","sticky":false,"template":"","format":"standard","meta":{"footnotes":""},"categories":[101],"tags":[],"ppma_author":[13248],"class_list":["post-85061","post","type-post","status-publish","format-standard","has-post-thumbnail","category-negocios"],"yoast_head":"<!-- This site is optimized with the Yoast SEO plugin v27.2 - https:\/\/yoast.com\/product\/yoast-seo-wordpress\/ -->\n<title>Do cafezinho \u00e0 lavanderia: neg\u00f3cios de consumo di\u00e1rio podem driblar modismos - Economia S\/A<\/title>\n<meta name=\"robots\" content=\"index, follow, max-snippet:-1, max-image-preview:large, max-video-preview:-1\" \/>\n<link rel=\"canonical\" href=\"https:\/\/economiasa.com.br\/blog\/do-cafezinho-a-lavanderia-negocios-de-consumo-diario-podem-driblar-modismos\/\" \/>\n<meta property=\"og:locale\" content=\"pt_BR\" \/>\n<meta property=\"og:type\" content=\"article\" \/>\n<meta property=\"og:title\" content=\"Do cafezinho \u00e0 lavanderia: neg\u00f3cios de consumo di\u00e1rio podem driblar modismos - Economia S\/A\" \/>\n<meta property=\"og:description\" content=\"Entenda como servi\u00e7os ligados \u00e0s necessidades do dia a dia podem oferecer maior recorr\u00eancia e estabilidade para quem deseja empreender Na hora...\" \/>\n<meta property=\"og:url\" content=\"https:\/\/economiasa.com.br\/blog\/do-cafezinho-a-lavanderia-negocios-de-consumo-diario-podem-driblar-modismos\/\" \/>\n<meta property=\"og:site_name\" content=\"Economia S\/A\" \/>\n<meta property=\"article:published_time\" content=\"2026-09-03T21:07:11+00:00\" \/>\n<meta property=\"og:image\" content=\"https:\/\/economiasa.com.br\/blog\/wp-content\/uploads\/2026\/09\/Credito-Divulgacao-11-.jpg\" \/>\n\t<meta property=\"og:image:width\" content=\"1280\" \/>\n\t<meta property=\"og:image:height\" content=\"720\" \/>\n\t<meta property=\"og:image:type\" content=\"image\/jpeg\" \/>\n<meta name=\"author\" content=\"Reda\u00e7\u00e3o\" \/>\n<meta name=\"twitter:card\" content=\"summary_large_image\" \/>\n<meta name=\"twitter:label1\" content=\"Escrito por\" \/>\n\t<meta name=\"twitter:data1\" content=\"Reda\u00e7\u00e3o\" \/>\n\t<meta name=\"twitter:label2\" content=\"Est. tempo de leitura\" \/>\n\t<meta name=\"twitter:data2\" content=\"3 minutos\" \/>\n<script type=\"application\/ld+json\" class=\"yoast-schema-graph\">{\"@context\":\"https:\/\/schema.org\",\"@graph\":[{\"@type\":\"Article\",\"@id\":\"https:\/\/economiasa.com.br\/blog\/do-cafezinho-a-lavanderia-negocios-de-consumo-diario-podem-driblar-modismos\/#article\",\"isPartOf\":{\"@id\":\"https:\/\/economiasa.com.br\/blog\/do-cafezinho-a-lavanderia-negocios-de-consumo-diario-podem-driblar-modismos\/\"},\"author\":{\"name\":\"Reda\u00e7\u00e3o\",\"@id\":\"https:\/\/economiasa.com.br\/blog\/#\/schema\/person\/14b8ac2dc25bd63b52bc54e845fa3923\"},\"headline\":\"Do cafezinho \u00e0 lavanderia: neg\u00f3cios de consumo di\u00e1rio podem driblar modismos\",\"datePublished\":\"2026-09-03T21:07:11+00:00\",\"mainEntityOfPage\":{\"@id\":\"https:\/\/economiasa.com.br\/blog\/do-cafezinho-a-lavanderia-negocios-de-consumo-diario-podem-driblar-modismos\/\"},\"wordCount\":547,\"image\":{\"@id\":\"https:\/\/economiasa.com.br\/blog\/do-cafezinho-a-lavanderia-negocios-de-consumo-diario-podem-driblar-modismos\/#primaryimage\"},\"thumbnailUrl\":\"https:\/\/economiasa.com.br\/blog\/wp-content\/uploads\/2026\/09\/Credito-Divulgacao-11-.jpg\",\"articleSection\":[\"Neg\u00f3cios\"],\"inLanguage\":\"pt-BR\"},{\"@type\":\"WebPage\",\"@id\":\"https:\/\/economiasa.com.br\/blog\/do-cafezinho-a-lavanderia-negocios-de-consumo-diario-podem-driblar-modismos\/\",\"url\":\"https:\/\/economiasa.com.br\/blog\/do-cafezinho-a-lavanderia-negocios-de-consumo-diario-podem-driblar-modismos\/\",\"name\":\"Do cafezinho \u00e0 lavanderia: neg\u00f3cios de consumo di\u00e1rio podem driblar modismos - Economia S\/A\",\"isPartOf\":{\"@id\":\"https:\/\/economiasa.com.br\/blog\/#website\"},\"primaryImageOfPage\":{\"@id\":\"https:\/\/economiasa.com.br\/blog\/do-cafezinho-a-lavanderia-negocios-de-consumo-diario-podem-driblar-modismos\/#primaryimage\"},\"image\":{\"@id\":\"https:\/\/economiasa.com.br\/blog\/do-cafezinho-a-lavanderia-negocios-de-consumo-diario-podem-driblar-modismos\/#primaryimage\"},\"thumbnailUrl\":\"https:\/\/economiasa.com.br\/blog\/wp-content\/uploads\/2026\/09\/Credito-Divulgacao-11-.jpg\",\"datePublished\":\"2026-09-03T21:07:11+00:00\",\"author\":{\"@id\":\"https:\/\/economiasa.com.br\/blog\/#\/schema\/person\/14b8ac2dc25bd63b52bc54e845fa3923\"},\"breadcrumb\":{\"@id\":\"https:\/\/economiasa.com.br\/blog\/do-cafezinho-a-lavanderia-negocios-de-consumo-diario-podem-driblar-modismos\/#breadcrumb\"},\"inLanguage\":\"pt-BR\",\"potentialAction\":[{\"@type\":\"ReadAction\",\"target\":[\"https:\/\/economiasa.com.br\/blog\/do-cafezinho-a-lavanderia-negocios-de-consumo-diario-podem-driblar-modismos\/\"]}]},{\"@type\":\"ImageObject\",\"inLanguage\":\"pt-BR\",\"@id\":\"https:\/\/economiasa.com.br\/blog\/do-cafezinho-a-lavanderia-negocios-de-consumo-diario-podem-driblar-modismos\/#primaryimage\",\"url\":\"https:\/\/economiasa.com.br\/blog\/wp-content\/uploads\/2026\/09\/Credito-Divulgacao-11-.jpg\",\"contentUrl\":\"https:\/\/economiasa.com.br\/blog\/wp-content\/uploads\/2026\/09\/Credito-Divulgacao-11-.jpg\",\"width\":1280,\"height\":720,\"caption\":\"Cr\u00e9dito-Divulga\u00e7\u00e3o\"},{\"@type\":\"BreadcrumbList\",\"@id\":\"https:\/\/economiasa.com.br\/blog\/do-cafezinho-a-lavanderia-negocios-de-consumo-diario-podem-driblar-modismos\/#breadcrumb\",\"itemListElement\":[{\"@type\":\"ListItem\",\"position\":1,\"name\":\"In\u00edcio\",\"item\":\"https:\/\/economiasa.com.br\/blog\/\"},{\"@type\":\"ListItem\",\"position\":2,\"name\":\"Do cafezinho \u00e0 lavanderia: neg\u00f3cios de consumo di\u00e1rio podem driblar modismos\"}]},{\"@type\":\"WebSite\",\"@id\":\"https:\/\/economiasa.com.br\/blog\/#website\",\"url\":\"https:\/\/economiasa.com.br\/blog\/\",\"name\":\"Economia S\/A\",\"description\":\"Ler faz bem para os neg\u00f3cios\",\"potentialAction\":[{\"@type\":\"SearchAction\",\"target\":{\"@type\":\"EntryPoint\",\"urlTemplate\":\"https:\/\/economiasa.com.br\/blog\/?s={search_term_string}\"},\"query-input\":{\"@type\":\"PropertyValueSpecification\",\"valueRequired\":true,\"valueName\":\"search_term_string\"}}],\"inLanguage\":\"pt-BR\"},{\"@type\":\"Person\",\"@id\":\"https:\/\/economiasa.com.br\/blog\/#\/schema\/person\/14b8ac2dc25bd63b52bc54e845fa3923\",\"name\":\"Reda\u00e7\u00e3o\",\"image\":{\"@type\":\"ImageObject\",\"inLanguage\":\"pt-BR\",\"@id\":\"https:\/\/secure.gravatar.com\/avatar\/c8c795261f7f8547b22616a549577db9e450bd5622da3f6eb62b0e2c3e364c4e?s=96&d=mm&r=g0fb5212bc57e2287787936667fbbe0ff\",\"url\":\"https:\/\/secure.gravatar.com\/avatar\/c8c795261f7f8547b22616a549577db9e450bd5622da3f6eb62b0e2c3e364c4e?s=96&d=mm&r=g\",\"contentUrl\":\"https:\/\/secure.gravatar.com\/avatar\/c8c795261f7f8547b22616a549577db9e450bd5622da3f6eb62b0e2c3e364c4e?s=96&d=mm&r=g\",\"caption\":\"Reda\u00e7\u00e3o\"},\"sameAs\":[\"http:\/\/www.economiasa.com.br\"],\"url\":\"https:\/\/economiasa.com.br\/blog\/author\/redacao\/\"}]}<\/script>\n<!-- \/ Yoast SEO plugin. -->","yoast_head_json":{"title":"Do cafezinho \u00e0 lavanderia: neg\u00f3cios de consumo di\u00e1rio podem driblar modismos - Economia S\/A","robots":{"index":"index","follow":"follow","max-snippet":"max-snippet:-1","max-image-preview":"max-image-preview:large","max-video-preview":"max-video-preview:-1"},"canonical":"https:\/\/economiasa.com.br\/blog\/do-cafezinho-a-lavanderia-negocios-de-consumo-diario-podem-driblar-modismos\/","og_locale":"pt_BR","og_type":"article","og_title":"Do cafezinho \u00e0 lavanderia: neg\u00f3cios de consumo di\u00e1rio podem driblar modismos - Economia S\/A","og_description":"Entenda como servi\u00e7os ligados \u00e0s necessidades do dia a dia podem oferecer maior recorr\u00eancia e estabilidade para quem deseja empreender Na hora...","og_url":"https:\/\/economiasa.com.br\/blog\/do-cafezinho-a-lavanderia-negocios-de-consumo-diario-podem-driblar-modismos\/","og_site_name":"Economia S\/A","article_published_time":"2026-09-03T21:07:11+00:00","og_image":[{"width":1280,"height":720,"url":"https:\/\/economiasa.com.br\/blog\/wp-content\/uploads\/2026\/09\/Credito-Divulgacao-11-.jpg","type":"image\/jpeg"}],"author":"Reda\u00e7\u00e3o","twitter_card":"summary_large_image","twitter_misc":{"Escrito por":"Reda\u00e7\u00e3o","Est. tempo de leitura":"3 minutos"},"schema":{"@context":"https:\/\/schema.org","@graph":[{"@type":"Article","@id":"https:\/\/economiasa.com.br\/blog\/do-cafezinho-a-lavanderia-negocios-de-consumo-diario-podem-driblar-modismos\/#article","isPartOf":{"@id":"https:\/\/economiasa.com.br\/blog\/do-cafezinho-a-lavanderia-negocios-de-consumo-diario-podem-driblar-modismos\/"},"author":{"name":"Reda\u00e7\u00e3o","@id":"https:\/\/economiasa.com.br\/blog\/#\/schema\/person\/14b8ac2dc25bd63b52bc54e845fa3923"},"headline":"Do cafezinho \u00e0 lavanderia: neg\u00f3cios de consumo di\u00e1rio podem driblar modismos","datePublished":"2026-09-03T21:07:11+00:00","mainEntityOfPage":{"@id":"https:\/\/economiasa.com.br\/blog\/do-cafezinho-a-lavanderia-negocios-de-consumo-diario-podem-driblar-modismos\/"},"wordCount":547,"image":{"@id":"https:\/\/economiasa.com.br\/blog\/do-cafezinho-a-lavanderia-negocios-de-consumo-diario-podem-driblar-modismos\/#primaryimage"},"thumbnailUrl":"https:\/\/economiasa.com.br\/blog\/wp-content\/uploads\/2026\/09\/Credito-Divulgacao-11-.jpg","articleSection":["Neg\u00f3cios"],"inLanguage":"pt-BR"},{"@type":"WebPage","@id":"https:\/\/economiasa.com.br\/blog\/do-cafezinho-a-lavanderia-negocios-de-consumo-diario-podem-driblar-modismos\/","url":"https:\/\/economiasa.com.br\/blog\/do-cafezinho-a-lavanderia-negocios-de-consumo-diario-podem-driblar-modismos\/","name":"Do cafezinho \u00e0 lavanderia: neg\u00f3cios de consumo di\u00e1rio podem driblar modismos - Economia S\/A","isPartOf":{"@id":"https:\/\/economiasa.com.br\/blog\/#website"},"primaryImageOfPage":{"@id":"https:\/\/economiasa.com.br\/blog\/do-cafezinho-a-lavanderia-negocios-de-consumo-diario-podem-driblar-modismos\/#primaryimage"},"image":{"@id":"https:\/\/economiasa.com.br\/blog\/do-cafezinho-a-lavanderia-negocios-de-consumo-diario-podem-driblar-modismos\/#primaryimage"},"thumbnailUrl":"https:\/\/economiasa.com.br\/blog\/wp-content\/uploads\/2026\/09\/Credito-Divulgacao-11-.jpg","datePublished":"2026-09-03T21:07:11+00:00","author":{"@id":"https:\/\/economiasa.com.br\/blog\/#\/schema\/person\/14b8ac2dc25bd63b52bc54e845fa3923"},"breadcrumb":{"@id":"https:\/\/economiasa.com.br\/blog\/do-cafezinho-a-lavanderia-negocios-de-consumo-diario-podem-driblar-modismos\/#breadcrumb"},"inLanguage":"pt-BR","potentialAction":[{"@type":"ReadAction","target":["https:\/\/economiasa.com.br\/blog\/do-cafezinho-a-lavanderia-negocios-de-consumo-diario-podem-driblar-modismos\/"]}]},{"@type":"ImageObject","inLanguage":"pt-BR","@id":"https:\/\/economiasa.com.br\/blog\/do-cafezinho-a-lavanderia-negocios-de-consumo-diario-podem-driblar-modismos\/#primaryimage","url":"https:\/\/economiasa.com.br\/blog\/wp-content\/uploads\/2026\/09\/Credito-Divulgacao-11-.jpg","contentUrl":"https:\/\/economiasa.com.br\/blog\/wp-content\/uploads\/2026\/09\/Credito-Divulgacao-11-.jpg","width":1280,"height":720,"caption":"Cr\u00e9dito-Divulga\u00e7\u00e3o"},{"@type":"BreadcrumbList","@id":"https:\/\/economiasa.com.br\/blog\/do-cafezinho-a-lavanderia-negocios-de-consumo-diario-podem-driblar-modismos\/#breadcrumb","itemListElement":[{"@type":"ListItem","position":1,"name":"In\u00edcio","item":"https:\/\/economiasa.com.br\/blog\/"},{"@type":"ListItem","position":2,"name":"Do cafezinho \u00e0 lavanderia: neg\u00f3cios de consumo di\u00e1rio podem driblar modismos"}]},{"@type":"WebSite","@id":"https:\/\/economiasa.com.br\/blog\/#website","url":"https:\/\/economiasa.com.br\/blog\/","name":"Economia S\/A","description":"Ler faz bem para os neg\u00f3cios","potentialAction":[{"@type":"SearchAction","target":{"@type":"EntryPoint","urlTemplate":"https:\/\/economiasa.com.br\/blog\/?s={search_term_string}"},"query-input":{"@type":"PropertyValueSpecification","valueRequired":true,"valueName":"search_term_string"}}],"inLanguage":"pt-BR"},{"@type":"Person","@id":"https:\/\/economiasa.com.br\/blog\/#\/schema\/person\/14b8ac2dc25bd63b52bc54e845fa3923","name":"Reda\u00e7\u00e3o","image":{"@type":"ImageObject","inLanguage":"pt-BR","@id":"https:\/\/secure.gravatar.com\/avatar\/c8c795261f7f8547b22616a549577db9e450bd5622da3f6eb62b0e2c3e364c4e?s=96&d=mm&r=g0fb5212bc57e2287787936667fbbe0ff","url":"https:\/\/secure.gravatar.com\/avatar\/c8c795261f7f8547b22616a549577db9e450bd5622da3f6eb62b0e2c3e364c4e?s=96&d=mm&r=g","contentUrl":"https:\/\/secure.gravatar.com\/avatar\/c8c795261f7f8547b22616a549577db9e450bd5622da3f6eb62b0e2c3e364c4e?s=96&d=mm&r=g","caption":"Reda\u00e7\u00e3o"},"sameAs":["http:\/\/www.economiasa.com.br"],"url":"https:\/\/economiasa.com.br\/blog\/author\/redacao\/"}]}},"authors":[{"term_id":13248,"user_id":47,"is_guest":0,"slug":"redacao","display_name":"Reda\u00e7\u00e3o","avatar_url":"https:\/\/secure.gravatar.com\/avatar\/c8c795261f7f8547b22616a549577db9e450bd5622da3f6eb62b0e2c3e364c4e?s=96&d=mm&r=g","author_category":"","first_name":"Reda\u00e7\u00e3o","last_name":"","user_url":"http:\/\/www.economiasa.com.br","job_title":"","description":""}],"amp_enabled":true,"_links":{"self":[{"href":"https:\/\/economiasa.com.br\/blog\/wp-json\/wp\/v2\/posts\/85061","targetHints":{"allow":["GET"]}}],"collection":[{"href":"https:\/\/economiasa.com.br\/blog\/wp-json\/wp\/v2\/posts"}],"about":[{"href":"https:\/\/economiasa.com.br\/blog\/wp-json\/wp\/v2\/types\/post"}],"author":[{"embeddable":true,"href":"https:\/\/economiasa.com.br\/blog\/wp-json\/wp\/v2\/users\/47"}],"replies":[{"embeddable":true,"href":"https:\/\/economiasa.com.br\/blog\/wp-json\/wp\/v2\/comments?post=85061"}],"version-history":[{"count":0,"href":"https:\/\/economiasa.com.br\/blog\/wp-json\/wp\/v2\/posts\/85061\/revisions"}],"wp:featuredmedia":[{"embeddable":true,"href":"https:\/\/economiasa.com.br\/blog\/wp-json\/wp\/v2\/media\/85062"}],"wp:attachment":[{"href":"https:\/\/economiasa.com.br\/blog\/wp-json\/wp\/v2\/media?parent=85061"}],"wp:term":[{"taxonomy":"category","embeddable":true,"href":"https:\/\/economiasa.com.br\/blog\/wp-json\/wp\/v2\/categories?post=85061"},{"taxonomy":"post_tag","embeddable":true,"href":"https:\/\/economiasa.com.br\/blog\/wp-json\/wp\/v2\/tags?post=85061"},{"taxonomy":"author","embeddable":true,"href":"https:\/\/economiasa.com.br\/blog\/wp-json\/wp\/v2\/ppma_author?post=85061"}],"curies":[{"name":"wp","href":"https:\/\/api.w.org\/{rel}","templated":true}]}}