{"id":85065,"date":"2026-09-03T18:11:41","date_gmt":"2026-09-03T21:11:41","guid":{"rendered":"https:\/\/economiasa.com.br\/blog\/?p=85065"},"modified":"2026-09-03T18:11:41","modified_gmt":"2026-09-03T21:11:41","slug":"as-leiloeiras-promovem-primeiro-leilao-de-moda-com-pecas-de-alta-costura","status":"publish","type":"post","link":"https:\/\/economiasa.com.br\/blog\/as-leiloeiras-promovem-primeiro-leilao-de-moda-com-pecas-de-alta-costura\/","title":{"rendered":"As Leiloeiras promovem primeiro leil\u00e3o de moda com pe\u00e7as de alta-costura"},"content":{"rendered":"\n<p class=\"wp-block-paragraph\"><em>Garimpo especial re\u00fane pe\u00e7as de marcas como Dior, Chanel, Lanvin<\/em><\/p>\n\n\n\n<p class=\"wp-block-paragraph\">No dia 16 de setembro, As Leiloeiras \u2013 Carolina e Mariana Sodr\u00e9 Santoro, realizam um leil\u00e3o especial dedicado \u00e0 moda, reunindo uma sele\u00e7\u00e3o de pe\u00e7as de grandes\u00a0<em>maisons\u00a0<\/em>internacionais e um olhar especial para a alta-costura.\u00a0\u00a0<\/p>\n\n\n\n<p class=\"wp-block-paragraph\">T\u00e2nia Wagner, empres\u00e1ria e consultora de moda de luxo de S\u00e3o Paulo, assina a curadoria em conjunto com As Leiloeiras, unindo seus olhares e expertise em um trabalho criterioso de pesquisa e escolha de pe\u00e7as de grifes como Dior, Chanel, Lanvin, entre outros. Al\u00e9m das grandes grifes, o leil\u00e3o tamb\u00e9m re\u00fane pe\u00e7as mais casuais e f\u00e1ceis de incorporar ao guarda-roupa, ampliando as possibilidades para diferentes estilos e ocasi\u00f5es.\u00a0\u00a0<\/p>\n\n\n\n<p class=\"wp-block-paragraph\">Criada pelas irm\u00e3s Mariana e Carolina Sodr\u00e9 Santoro, a marca \u00e9 dedicada ao segmento de luxo e tem como um de seus pilares a economia circular e o consumo consciente.\u00a0\u00a0<\/p>\n\n\n\n<p class=\"wp-block-paragraph\">O leil\u00e3o acontece de forma presencial e online, a partir das 19 horas, na Avenida Brasil, 478 e pelo site:\u00a0<a href=\"https:\/\/asleiloeiras.sodresantoro.com.br\/\" rel=\"noreferrer noopener\" target=\"_blank\"><u>https:\/\/asleiloeiras.sodresantoro.com.br\/<\/u><\/a><\/p>\n","protected":false},"excerpt":{"rendered":"<p>Garimpo especial re\u00fane pe\u00e7as de marcas como Dior, Chanel, Lanvin No dia 16 de setembro, As Leiloeiras \u2013 Carolina e Mariana Sodr\u00e9&#8230;<\/p>\n","protected":false},"author":47,"featured_media":85066,"comment_status":"closed","ping_status":"open","sticky":false,"template":"","format":"standard","meta":{"footnotes":""},"categories":[1980,8806],"tags":[],"ppma_author":[13248],"class_list":["post-85065","post","type-post","status-publish","format-standard","has-post-thumbnail","category-moda","category-vendas"],"yoast_head":"<!-- This site is optimized with the Yoast SEO plugin v27.2 - https:\/\/yoast.com\/product\/yoast-seo-wordpress\/ -->\n<title>As Leiloeiras promovem primeiro leil\u00e3o de moda com pe\u00e7as de alta-costura - Economia S\/A<\/title>\n<meta name=\"robots\" content=\"index, follow, max-snippet:-1, max-image-preview:large, max-video-preview:-1\" \/>\n<link rel=\"canonical\" href=\"https:\/\/economiasa.com.br\/blog\/as-leiloeiras-promovem-primeiro-leilao-de-moda-com-pecas-de-alta-costura\/\" \/>\n<meta property=\"og:locale\" content=\"pt_BR\" \/>\n<meta property=\"og:type\" content=\"article\" \/>\n<meta property=\"og:title\" content=\"As Leiloeiras promovem primeiro leil\u00e3o de moda com pe\u00e7as de alta-costura - Economia S\/A\" \/>\n<meta property=\"og:description\" content=\"Garimpo especial re\u00fane pe\u00e7as de marcas como Dior, Chanel, Lanvin No dia 16 de setembro, As Leiloeiras \u2013 Carolina e Mariana Sodr\u00e9...\" \/>\n<meta property=\"og:url\" content=\"https:\/\/economiasa.com.br\/blog\/as-leiloeiras-promovem-primeiro-leilao-de-moda-com-pecas-de-alta-costura\/\" \/>\n<meta property=\"og:site_name\" content=\"Economia S\/A\" \/>\n<meta property=\"article:published_time\" content=\"2026-09-03T21:11:41+00:00\" \/>\n<meta property=\"og:image\" content=\"https:\/\/economiasa.com.br\/blog\/wp-content\/uploads\/2026\/09\/pecas-As-Leiloeiras-2-.jpg\" \/>\n\t<meta property=\"og:image:width\" content=\"1280\" \/>\n\t<meta property=\"og:image:height\" content=\"721\" \/>\n\t<meta property=\"og:image:type\" content=\"image\/jpeg\" \/>\n<meta name=\"author\" content=\"Reda\u00e7\u00e3o\" \/>\n<meta name=\"twitter:card\" content=\"summary_large_image\" \/>\n<meta name=\"twitter:label1\" content=\"Escrito por\" \/>\n\t<meta name=\"twitter:data1\" content=\"Reda\u00e7\u00e3o\" \/>\n\t<meta name=\"twitter:label2\" content=\"Est. tempo de leitura\" \/>\n\t<meta name=\"twitter:data2\" content=\"2 minutos\" \/>\n<script type=\"application\/ld+json\" class=\"yoast-schema-graph\">{\"@context\":\"https:\/\/schema.org\",\"@graph\":[{\"@type\":\"Article\",\"@id\":\"https:\/\/economiasa.com.br\/blog\/as-leiloeiras-promovem-primeiro-leilao-de-moda-com-pecas-de-alta-costura\/#article\",\"isPartOf\":{\"@id\":\"https:\/\/economiasa.com.br\/blog\/as-leiloeiras-promovem-primeiro-leilao-de-moda-com-pecas-de-alta-costura\/\"},\"author\":{\"name\":\"Reda\u00e7\u00e3o\",\"@id\":\"https:\/\/economiasa.com.br\/blog\/#\/schema\/person\/14b8ac2dc25bd63b52bc54e845fa3923\"},\"headline\":\"As Leiloeiras promovem primeiro leil\u00e3o de moda com pe\u00e7as de alta-costura\",\"datePublished\":\"2026-09-03T21:11:41+00:00\",\"mainEntityOfPage\":{\"@id\":\"https:\/\/economiasa.com.br\/blog\/as-leiloeiras-promovem-primeiro-leilao-de-moda-com-pecas-de-alta-costura\/\"},\"wordCount\":204,\"image\":{\"@id\":\"https:\/\/economiasa.com.br\/blog\/as-leiloeiras-promovem-primeiro-leilao-de-moda-com-pecas-de-alta-costura\/#primaryimage\"},\"thumbnailUrl\":\"https:\/\/economiasa.com.br\/blog\/wp-content\/uploads\/2026\/09\/pecas-As-Leiloeiras-2-.jpg\",\"articleSection\":[\"Moda\",\"Vendas\"],\"inLanguage\":\"pt-BR\"},{\"@type\":\"WebPage\",\"@id\":\"https:\/\/economiasa.com.br\/blog\/as-leiloeiras-promovem-primeiro-leilao-de-moda-com-pecas-de-alta-costura\/\",\"url\":\"https:\/\/economiasa.com.br\/blog\/as-leiloeiras-promovem-primeiro-leilao-de-moda-com-pecas-de-alta-costura\/\",\"name\":\"As Leiloeiras promovem primeiro leil\u00e3o de moda com pe\u00e7as de alta-costura - Economia S\/A\",\"isPartOf\":{\"@id\":\"https:\/\/economiasa.com.br\/blog\/#website\"},\"primaryImageOfPage\":{\"@id\":\"https:\/\/economiasa.com.br\/blog\/as-leiloeiras-promovem-primeiro-leilao-de-moda-com-pecas-de-alta-costura\/#primaryimage\"},\"image\":{\"@id\":\"https:\/\/economiasa.com.br\/blog\/as-leiloeiras-promovem-primeiro-leilao-de-moda-com-pecas-de-alta-costura\/#primaryimage\"},\"thumbnailUrl\":\"https:\/\/economiasa.com.br\/blog\/wp-content\/uploads\/2026\/09\/pecas-As-Leiloeiras-2-.jpg\",\"datePublished\":\"2026-09-03T21:11:41+00:00\",\"author\":{\"@id\":\"https:\/\/economiasa.com.br\/blog\/#\/schema\/person\/14b8ac2dc25bd63b52bc54e845fa3923\"},\"breadcrumb\":{\"@id\":\"https:\/\/economiasa.com.br\/blog\/as-leiloeiras-promovem-primeiro-leilao-de-moda-com-pecas-de-alta-costura\/#breadcrumb\"},\"inLanguage\":\"pt-BR\",\"potentialAction\":[{\"@type\":\"ReadAction\",\"target\":[\"https:\/\/economiasa.com.br\/blog\/as-leiloeiras-promovem-primeiro-leilao-de-moda-com-pecas-de-alta-costura\/\"]}]},{\"@type\":\"ImageObject\",\"inLanguage\":\"pt-BR\",\"@id\":\"https:\/\/economiasa.com.br\/blog\/as-leiloeiras-promovem-primeiro-leilao-de-moda-com-pecas-de-alta-costura\/#primaryimage\",\"url\":\"https:\/\/economiasa.com.br\/blog\/wp-content\/uploads\/2026\/09\/pecas-As-Leiloeiras-2-.jpg\",\"contentUrl\":\"https:\/\/economiasa.com.br\/blog\/wp-content\/uploads\/2026\/09\/pecas-As-Leiloeiras-2-.jpg\",\"width\":1280,\"height\":721,\"caption\":\"Cr\u00e9ditos da foto: Divulga\u00e7\u00e3o\"},{\"@type\":\"BreadcrumbList\",\"@id\":\"https:\/\/economiasa.com.br\/blog\/as-leiloeiras-promovem-primeiro-leilao-de-moda-com-pecas-de-alta-costura\/#breadcrumb\",\"itemListElement\":[{\"@type\":\"ListItem\",\"position\":1,\"name\":\"In\u00edcio\",\"item\":\"https:\/\/economiasa.com.br\/blog\/\"},{\"@type\":\"ListItem\",\"position\":2,\"name\":\"As Leiloeiras promovem primeiro leil\u00e3o de moda com pe\u00e7as de alta-costura\"}]},{\"@type\":\"WebSite\",\"@id\":\"https:\/\/economiasa.com.br\/blog\/#website\",\"url\":\"https:\/\/economiasa.com.br\/blog\/\",\"name\":\"Economia S\/A\",\"description\":\"Ler faz bem para os neg\u00f3cios\",\"potentialAction\":[{\"@type\":\"SearchAction\",\"target\":{\"@type\":\"EntryPoint\",\"urlTemplate\":\"https:\/\/economiasa.com.br\/blog\/?s={search_term_string}\"},\"query-input\":{\"@type\":\"PropertyValueSpecification\",\"valueRequired\":true,\"valueName\":\"search_term_string\"}}],\"inLanguage\":\"pt-BR\"},{\"@type\":\"Person\",\"@id\":\"https:\/\/economiasa.com.br\/blog\/#\/schema\/person\/14b8ac2dc25bd63b52bc54e845fa3923\",\"name\":\"Reda\u00e7\u00e3o\",\"image\":{\"@type\":\"ImageObject\",\"inLanguage\":\"pt-BR\",\"@id\":\"https:\/\/secure.gravatar.com\/avatar\/c8c795261f7f8547b22616a549577db9e450bd5622da3f6eb62b0e2c3e364c4e?s=96&d=mm&r=g0fb5212bc57e2287787936667fbbe0ff\",\"url\":\"https:\/\/secure.gravatar.com\/avatar\/c8c795261f7f8547b22616a549577db9e450bd5622da3f6eb62b0e2c3e364c4e?s=96&d=mm&r=g\",\"contentUrl\":\"https:\/\/secure.gravatar.com\/avatar\/c8c795261f7f8547b22616a549577db9e450bd5622da3f6eb62b0e2c3e364c4e?s=96&d=mm&r=g\",\"caption\":\"Reda\u00e7\u00e3o\"},\"sameAs\":[\"http:\/\/www.economiasa.com.br\"],\"url\":\"https:\/\/economiasa.com.br\/blog\/author\/redacao\/\"}]}<\/script>\n<!-- \/ Yoast SEO plugin. -->","yoast_head_json":{"title":"As Leiloeiras promovem primeiro leil\u00e3o de moda com pe\u00e7as de alta-costura - Economia S\/A","robots":{"index":"index","follow":"follow","max-snippet":"max-snippet:-1","max-image-preview":"max-image-preview:large","max-video-preview":"max-video-preview:-1"},"canonical":"https:\/\/economiasa.com.br\/blog\/as-leiloeiras-promovem-primeiro-leilao-de-moda-com-pecas-de-alta-costura\/","og_locale":"pt_BR","og_type":"article","og_title":"As Leiloeiras promovem primeiro leil\u00e3o de moda com pe\u00e7as de alta-costura - Economia S\/A","og_description":"Garimpo especial re\u00fane pe\u00e7as de marcas como Dior, Chanel, Lanvin No dia 16 de setembro, As Leiloeiras \u2013 Carolina e Mariana Sodr\u00e9...","og_url":"https:\/\/economiasa.com.br\/blog\/as-leiloeiras-promovem-primeiro-leilao-de-moda-com-pecas-de-alta-costura\/","og_site_name":"Economia S\/A","article_published_time":"2026-09-03T21:11:41+00:00","og_image":[{"width":1280,"height":721,"url":"https:\/\/economiasa.com.br\/blog\/wp-content\/uploads\/2026\/09\/pecas-As-Leiloeiras-2-.jpg","type":"image\/jpeg"}],"author":"Reda\u00e7\u00e3o","twitter_card":"summary_large_image","twitter_misc":{"Escrito por":"Reda\u00e7\u00e3o","Est. tempo de leitura":"2 minutos"},"schema":{"@context":"https:\/\/schema.org","@graph":[{"@type":"Article","@id":"https:\/\/economiasa.com.br\/blog\/as-leiloeiras-promovem-primeiro-leilao-de-moda-com-pecas-de-alta-costura\/#article","isPartOf":{"@id":"https:\/\/economiasa.com.br\/blog\/as-leiloeiras-promovem-primeiro-leilao-de-moda-com-pecas-de-alta-costura\/"},"author":{"name":"Reda\u00e7\u00e3o","@id":"https:\/\/economiasa.com.br\/blog\/#\/schema\/person\/14b8ac2dc25bd63b52bc54e845fa3923"},"headline":"As Leiloeiras promovem primeiro leil\u00e3o de moda com pe\u00e7as de alta-costura","datePublished":"2026-09-03T21:11:41+00:00","mainEntityOfPage":{"@id":"https:\/\/economiasa.com.br\/blog\/as-leiloeiras-promovem-primeiro-leilao-de-moda-com-pecas-de-alta-costura\/"},"wordCount":204,"image":{"@id":"https:\/\/economiasa.com.br\/blog\/as-leiloeiras-promovem-primeiro-leilao-de-moda-com-pecas-de-alta-costura\/#primaryimage"},"thumbnailUrl":"https:\/\/economiasa.com.br\/blog\/wp-content\/uploads\/2026\/09\/pecas-As-Leiloeiras-2-.jpg","articleSection":["Moda","Vendas"],"inLanguage":"pt-BR"},{"@type":"WebPage","@id":"https:\/\/economiasa.com.br\/blog\/as-leiloeiras-promovem-primeiro-leilao-de-moda-com-pecas-de-alta-costura\/","url":"https:\/\/economiasa.com.br\/blog\/as-leiloeiras-promovem-primeiro-leilao-de-moda-com-pecas-de-alta-costura\/","name":"As Leiloeiras promovem primeiro leil\u00e3o de moda com pe\u00e7as de alta-costura - Economia S\/A","isPartOf":{"@id":"https:\/\/economiasa.com.br\/blog\/#website"},"primaryImageOfPage":{"@id":"https:\/\/economiasa.com.br\/blog\/as-leiloeiras-promovem-primeiro-leilao-de-moda-com-pecas-de-alta-costura\/#primaryimage"},"image":{"@id":"https:\/\/economiasa.com.br\/blog\/as-leiloeiras-promovem-primeiro-leilao-de-moda-com-pecas-de-alta-costura\/#primaryimage"},"thumbnailUrl":"https:\/\/economiasa.com.br\/blog\/wp-content\/uploads\/2026\/09\/pecas-As-Leiloeiras-2-.jpg","datePublished":"2026-09-03T21:11:41+00:00","author":{"@id":"https:\/\/economiasa.com.br\/blog\/#\/schema\/person\/14b8ac2dc25bd63b52bc54e845fa3923"},"breadcrumb":{"@id":"https:\/\/economiasa.com.br\/blog\/as-leiloeiras-promovem-primeiro-leilao-de-moda-com-pecas-de-alta-costura\/#breadcrumb"},"inLanguage":"pt-BR","potentialAction":[{"@type":"ReadAction","target":["https:\/\/economiasa.com.br\/blog\/as-leiloeiras-promovem-primeiro-leilao-de-moda-com-pecas-de-alta-costura\/"]}]},{"@type":"ImageObject","inLanguage":"pt-BR","@id":"https:\/\/economiasa.com.br\/blog\/as-leiloeiras-promovem-primeiro-leilao-de-moda-com-pecas-de-alta-costura\/#primaryimage","url":"https:\/\/economiasa.com.br\/blog\/wp-content\/uploads\/2026\/09\/pecas-As-Leiloeiras-2-.jpg","contentUrl":"https:\/\/economiasa.com.br\/blog\/wp-content\/uploads\/2026\/09\/pecas-As-Leiloeiras-2-.jpg","width":1280,"height":721,"caption":"Cr\u00e9ditos da foto: Divulga\u00e7\u00e3o"},{"@type":"BreadcrumbList","@id":"https:\/\/economiasa.com.br\/blog\/as-leiloeiras-promovem-primeiro-leilao-de-moda-com-pecas-de-alta-costura\/#breadcrumb","itemListElement":[{"@type":"ListItem","position":1,"name":"In\u00edcio","item":"https:\/\/economiasa.com.br\/blog\/"},{"@type":"ListItem","position":2,"name":"As Leiloeiras promovem primeiro leil\u00e3o de moda com pe\u00e7as de alta-costura"}]},{"@type":"WebSite","@id":"https:\/\/economiasa.com.br\/blog\/#website","url":"https:\/\/economiasa.com.br\/blog\/","name":"Economia S\/A","description":"Ler faz bem para os neg\u00f3cios","potentialAction":[{"@type":"SearchAction","target":{"@type":"EntryPoint","urlTemplate":"https:\/\/economiasa.com.br\/blog\/?s={search_term_string}"},"query-input":{"@type":"PropertyValueSpecification","valueRequired":true,"valueName":"search_term_string"}}],"inLanguage":"pt-BR"},{"@type":"Person","@id":"https:\/\/economiasa.com.br\/blog\/#\/schema\/person\/14b8ac2dc25bd63b52bc54e845fa3923","name":"Reda\u00e7\u00e3o","image":{"@type":"ImageObject","inLanguage":"pt-BR","@id":"https:\/\/secure.gravatar.com\/avatar\/c8c795261f7f8547b22616a549577db9e450bd5622da3f6eb62b0e2c3e364c4e?s=96&d=mm&r=g0fb5212bc57e2287787936667fbbe0ff","url":"https:\/\/secure.gravatar.com\/avatar\/c8c795261f7f8547b22616a549577db9e450bd5622da3f6eb62b0e2c3e364c4e?s=96&d=mm&r=g","contentUrl":"https:\/\/secure.gravatar.com\/avatar\/c8c795261f7f8547b22616a549577db9e450bd5622da3f6eb62b0e2c3e364c4e?s=96&d=mm&r=g","caption":"Reda\u00e7\u00e3o"},"sameAs":["http:\/\/www.economiasa.com.br"],"url":"https:\/\/economiasa.com.br\/blog\/author\/redacao\/"}]}},"authors":[{"term_id":13248,"user_id":47,"is_guest":0,"slug":"redacao","display_name":"Reda\u00e7\u00e3o","avatar_url":"https:\/\/secure.gravatar.com\/avatar\/c8c795261f7f8547b22616a549577db9e450bd5622da3f6eb62b0e2c3e364c4e?s=96&d=mm&r=g","author_category":"","first_name":"Reda\u00e7\u00e3o","last_name":"","user_url":"http:\/\/www.economiasa.com.br","job_title":"","description":""}],"amp_enabled":true,"_links":{"self":[{"href":"https:\/\/economiasa.com.br\/blog\/wp-json\/wp\/v2\/posts\/85065","targetHints":{"allow":["GET"]}}],"collection":[{"href":"https:\/\/economiasa.com.br\/blog\/wp-json\/wp\/v2\/posts"}],"about":[{"href":"https:\/\/economiasa.com.br\/blog\/wp-json\/wp\/v2\/types\/post"}],"author":[{"embeddable":true,"href":"https:\/\/economiasa.com.br\/blog\/wp-json\/wp\/v2\/users\/47"}],"replies":[{"embeddable":true,"href":"https:\/\/economiasa.com.br\/blog\/wp-json\/wp\/v2\/comments?post=85065"}],"version-history":[{"count":0,"href":"https:\/\/economiasa.com.br\/blog\/wp-json\/wp\/v2\/posts\/85065\/revisions"}],"wp:featuredmedia":[{"embeddable":true,"href":"https:\/\/economiasa.com.br\/blog\/wp-json\/wp\/v2\/media\/85066"}],"wp:attachment":[{"href":"https:\/\/economiasa.com.br\/blog\/wp-json\/wp\/v2\/media?parent=85065"}],"wp:term":[{"taxonomy":"category","embeddable":true,"href":"https:\/\/economiasa.com.br\/blog\/wp-json\/wp\/v2\/categories?post=85065"},{"taxonomy":"post_tag","embeddable":true,"href":"https:\/\/economiasa.com.br\/blog\/wp-json\/wp\/v2\/tags?post=85065"},{"taxonomy":"author","embeddable":true,"href":"https:\/\/economiasa.com.br\/blog\/wp-json\/wp\/v2\/ppma_author?post=85065"}],"curies":[{"name":"wp","href":"https:\/\/api.w.org\/{rel}","templated":true}]}}