{"id":85067,"date":"2026-09-03T18:14:20","date_gmt":"2026-09-03T21:14:20","guid":{"rendered":"https:\/\/economiasa.com.br\/blog\/?p=85067"},"modified":"2026-09-03T18:14:20","modified_gmt":"2026-09-03T21:14:20","slug":"kion-south-america-reune-mais-de-150-profissionais-no-sales-day-2026","status":"publish","type":"post","link":"https:\/\/economiasa.com.br\/blog\/kion-south-america-reune-mais-de-150-profissionais-no-sales-day-2026\/","title":{"rendered":"KION South America re\u00fane mais de 150 profissionais no Sales Day 2026"},"content":{"rendered":"\n<p class=\"wp-block-paragraph\"><em>Encontro em Indaiatuba refor\u00e7ou o alinhamento da for\u00e7a comercial, a integra\u00e7\u00e3o entre as solu\u00e7\u00f5es STILL e Dematic e a prepara\u00e7\u00e3o para os desafios do mercado<\/em><\/p>\n\n\n\n<p class=\"wp-block-paragraph\">A KION South America realizou, no dia 11 de agosto, o Sales Day 2026, encontro que reuniu mais de 150 profissionais da \u00e1rea comercial na Arena KION, em Indaiatuba (SP). Participaram do evento vendedores internos, profissionais da rede de representantes e empres\u00e1rios parceiros da marca STILL de diferentes regi\u00f5es do pa\u00eds.<\/p>\n\n\n\n<p class=\"wp-block-paragraph\">O evento teve como foco o alinhamento estrat\u00e9gico da for\u00e7a comercial e a prepara\u00e7\u00e3o dos profissionais para os desafios e oportunidades de um mercado cada vez mais competitivo. Ao longo da programa\u00e7\u00e3o, foram abordados temas como colabora\u00e7\u00e3o, conhecimento do cliente, capacidade de execu\u00e7\u00e3o, resili\u00eancia e integra\u00e7\u00e3o entre as diferentes compet\u00eancias do grupo.<\/p>\n\n\n\n<p class=\"wp-block-paragraph\">\u201cO Sales Day foi muito mais do que um encontro de vendas. Foi a express\u00e3o da nossa for\u00e7a quando trabalhamos como um s\u00f3 time. Nos reunimos para compartilhar experi\u00eancias, fortalecer conex\u00f5es e renovar a energia para os desafios que temos pela frente\u201d, analisa Adriana Firmo, vice-presidente de Sales & Service da KION South America.<\/p>\n\n\n\n<p class=\"wp-block-paragraph\">Um dos destaques da programa\u00e7\u00e3o foi a palestra \u201cCultura de Alta Performance\u201d, apresentada por Paulo Storani, ex-integrante do Batalh\u00e3o de Opera\u00e7\u00f5es Policiais Especiais (BOPE). A apresenta\u00e7\u00e3o abordou temas como disciplina, lideran\u00e7a, trabalho em equipe, prepara\u00e7\u00e3o e capacidade de execu\u00e7\u00e3o em cen\u00e1rios adversos, relacionando esses conceitos aos desafios enfrentados pelas equipes comerciais.<\/p>\n\n\n\n<p class=\"wp-block-paragraph\">O Sales Day tamb\u00e9m contou com o reconhecimento dos profissionais que se destacaram ao longo do per\u00edodo, com premia\u00e7\u00f5es voltadas \u00e0 performance da for\u00e7a de vendas e \u00e0 contribui\u00e7\u00e3o para os resultados do neg\u00f3cio.<\/p>\n\n\n\n<p class=\"wp-block-paragraph\">Outro momento importante do encontro foi a apresenta\u00e7\u00e3o conjunta de Murilo Marin, gerente nacional de Vendas da KION South America, e Esa\u00fa Rodrigues, diretor de Vendas da Dematic. Os executivos apresentaram como as compet\u00eancias das marcas STILL e Dematic podem ser combinadas para atender de forma mais ampla \u00e0s necessidades dos clientes.<\/p>\n\n\n\n<p class=\"wp-block-paragraph\">A STILL atua com equipamentos e solu\u00e7\u00f5es para movimenta\u00e7\u00e3o de materiais, enquanto a Dematic \u00e9 especializada em automa\u00e7\u00e3o log\u00edstica. A integra\u00e7\u00e3o dessas compet\u00eancias permite combinar equipamentos, automa\u00e7\u00e3o, tecnologia, engenharia e servi\u00e7os em projetos voltados a diferentes etapas das opera\u00e7\u00f5es intralog\u00edsticas.<\/p>\n\n\n\n<p class=\"wp-block-paragraph\">A abordagem est\u00e1 alinhada \u00e0 estrat\u00e9gia da KION Supply Chain Solutions, que busca analisar as opera\u00e7\u00f5es dos clientes de forma integrada, considerando seus desafios, est\u00e1gio de maturidade e planos de crescimento. Com isso, a atua\u00e7\u00e3o comercial passa a envolver solu\u00e7\u00f5es cada vez mais complexas, conectando diferentes tecnologias para apoiar ganhos de produtividade, efici\u00eancia e escalabilidade.<\/p>\n\n\n\n<p class=\"wp-block-paragraph\">\u201cSa\u00edmos do Sales Day ainda mais conectados, fortalecidos e preparados. Foi um dia de muita energia, inspira\u00e7\u00e3o e troca. Um momento para lembrar que grandes resultados come\u00e7am com pessoas que acreditam, colaboram e avan\u00e7am juntas. O sucesso n\u00e3o acontece por acaso. Ele nasce de uma cultura forte, de um prop\u00f3sito compartilhado e, principalmente, de pessoas comprometidas em fazer a diferen\u00e7a\u201d, destaca Adriana Firmo.<\/p>\n","protected":false},"excerpt":{"rendered":"<p>Encontro em Indaiatuba refor\u00e7ou o alinhamento da for\u00e7a comercial, a integra\u00e7\u00e3o entre as solu\u00e7\u00f5es STILL e Dematic e a prepara\u00e7\u00e3o para os&#8230;<\/p>\n","protected":false},"author":47,"featured_media":85068,"comment_status":"closed","ping_status":"open","sticky":false,"template":"","format":"standard","meta":{"footnotes":""},"categories":[1973],"tags":[],"ppma_author":[13248],"class_list":["post-85067","post","type-post","status-publish","format-standard","has-post-thumbnail","category-eventos"],"yoast_head":"<!-- This site is optimized with the Yoast SEO plugin v27.2 - https:\/\/yoast.com\/product\/yoast-seo-wordpress\/ -->\n<title>KION South America re\u00fane mais de 150 profissionais no Sales Day 2026 - Economia S\/A<\/title>\n<meta name=\"robots\" content=\"index, follow, max-snippet:-1, max-image-preview:large, max-video-preview:-1\" \/>\n<link rel=\"canonical\" href=\"https:\/\/economiasa.com.br\/blog\/kion-south-america-reune-mais-de-150-profissionais-no-sales-day-2026\/\" \/>\n<meta property=\"og:locale\" content=\"pt_BR\" \/>\n<meta property=\"og:type\" content=\"article\" \/>\n<meta property=\"og:title\" content=\"KION South America re\u00fane mais de 150 profissionais no Sales Day 2026 - Economia S\/A\" \/>\n<meta property=\"og:description\" content=\"Encontro em Indaiatuba refor\u00e7ou o alinhamento da for\u00e7a comercial, a integra\u00e7\u00e3o entre as solu\u00e7\u00f5es STILL e Dematic e a prepara\u00e7\u00e3o para os...\" \/>\n<meta property=\"og:url\" content=\"https:\/\/economiasa.com.br\/blog\/kion-south-america-reune-mais-de-150-profissionais-no-sales-day-2026\/\" \/>\n<meta property=\"og:site_name\" content=\"Economia S\/A\" \/>\n<meta property=\"article:published_time\" content=\"2026-09-03T21:14:20+00:00\" \/>\n<meta property=\"og:image\" content=\"https:\/\/economiasa.com.br\/blog\/wp-content\/uploads\/2026\/09\/Capturar-24.png\" \/>\n\t<meta property=\"og:image:width\" content=\"775\" \/>\n\t<meta property=\"og:image:height\" content=\"517\" \/>\n\t<meta property=\"og:image:type\" content=\"image\/png\" \/>\n<meta name=\"author\" content=\"Reda\u00e7\u00e3o\" \/>\n<meta name=\"twitter:card\" content=\"summary_large_image\" \/>\n<meta name=\"twitter:label1\" content=\"Escrito por\" \/>\n\t<meta name=\"twitter:data1\" content=\"Reda\u00e7\u00e3o\" \/>\n\t<meta name=\"twitter:label2\" content=\"Est. tempo de leitura\" \/>\n\t<meta name=\"twitter:data2\" content=\"3 minutos\" \/>\n<script type=\"application\/ld+json\" class=\"yoast-schema-graph\">{\"@context\":\"https:\/\/schema.org\",\"@graph\":[{\"@type\":\"Article\",\"@id\":\"https:\/\/economiasa.com.br\/blog\/kion-south-america-reune-mais-de-150-profissionais-no-sales-day-2026\/#article\",\"isPartOf\":{\"@id\":\"https:\/\/economiasa.com.br\/blog\/kion-south-america-reune-mais-de-150-profissionais-no-sales-day-2026\/\"},\"author\":{\"name\":\"Reda\u00e7\u00e3o\",\"@id\":\"https:\/\/economiasa.com.br\/blog\/#\/schema\/person\/14b8ac2dc25bd63b52bc54e845fa3923\"},\"headline\":\"KION South America re\u00fane mais de 150 profissionais no Sales Day 2026\",\"datePublished\":\"2026-09-03T21:14:20+00:00\",\"mainEntityOfPage\":{\"@id\":\"https:\/\/economiasa.com.br\/blog\/kion-south-america-reune-mais-de-150-profissionais-no-sales-day-2026\/\"},\"wordCount\":541,\"image\":{\"@id\":\"https:\/\/economiasa.com.br\/blog\/kion-south-america-reune-mais-de-150-profissionais-no-sales-day-2026\/#primaryimage\"},\"thumbnailUrl\":\"https:\/\/economiasa.com.br\/blog\/wp-content\/uploads\/2026\/09\/Capturar-24.png\",\"articleSection\":[\"Eventos\"],\"inLanguage\":\"pt-BR\"},{\"@type\":\"WebPage\",\"@id\":\"https:\/\/economiasa.com.br\/blog\/kion-south-america-reune-mais-de-150-profissionais-no-sales-day-2026\/\",\"url\":\"https:\/\/economiasa.com.br\/blog\/kion-south-america-reune-mais-de-150-profissionais-no-sales-day-2026\/\",\"name\":\"KION South America re\u00fane mais de 150 profissionais no Sales Day 2026 - Economia S\/A\",\"isPartOf\":{\"@id\":\"https:\/\/economiasa.com.br\/blog\/#website\"},\"primaryImageOfPage\":{\"@id\":\"https:\/\/economiasa.com.br\/blog\/kion-south-america-reune-mais-de-150-profissionais-no-sales-day-2026\/#primaryimage\"},\"image\":{\"@id\":\"https:\/\/economiasa.com.br\/blog\/kion-south-america-reune-mais-de-150-profissionais-no-sales-day-2026\/#primaryimage\"},\"thumbnailUrl\":\"https:\/\/economiasa.com.br\/blog\/wp-content\/uploads\/2026\/09\/Capturar-24.png\",\"datePublished\":\"2026-09-03T21:14:20+00:00\",\"author\":{\"@id\":\"https:\/\/economiasa.com.br\/blog\/#\/schema\/person\/14b8ac2dc25bd63b52bc54e845fa3923\"},\"breadcrumb\":{\"@id\":\"https:\/\/economiasa.com.br\/blog\/kion-south-america-reune-mais-de-150-profissionais-no-sales-day-2026\/#breadcrumb\"},\"inLanguage\":\"pt-BR\",\"potentialAction\":[{\"@type\":\"ReadAction\",\"target\":[\"https:\/\/economiasa.com.br\/blog\/kion-south-america-reune-mais-de-150-profissionais-no-sales-day-2026\/\"]}]},{\"@type\":\"ImageObject\",\"inLanguage\":\"pt-BR\",\"@id\":\"https:\/\/economiasa.com.br\/blog\/kion-south-america-reune-mais-de-150-profissionais-no-sales-day-2026\/#primaryimage\",\"url\":\"https:\/\/economiasa.com.br\/blog\/wp-content\/uploads\/2026\/09\/Capturar-24.png\",\"contentUrl\":\"https:\/\/economiasa.com.br\/blog\/wp-content\/uploads\/2026\/09\/Capturar-24.png\",\"width\":775,\"height\":517,\"caption\":\"Divulga\u00e7\u00e3o Sales Day 2026\"},{\"@type\":\"BreadcrumbList\",\"@id\":\"https:\/\/economiasa.com.br\/blog\/kion-south-america-reune-mais-de-150-profissionais-no-sales-day-2026\/#breadcrumb\",\"itemListElement\":[{\"@type\":\"ListItem\",\"position\":1,\"name\":\"In\u00edcio\",\"item\":\"https:\/\/economiasa.com.br\/blog\/\"},{\"@type\":\"ListItem\",\"position\":2,\"name\":\"KION South America re\u00fane mais de 150 profissionais no Sales Day 2026\"}]},{\"@type\":\"WebSite\",\"@id\":\"https:\/\/economiasa.com.br\/blog\/#website\",\"url\":\"https:\/\/economiasa.com.br\/blog\/\",\"name\":\"Economia S\/A\",\"description\":\"Ler faz bem para os neg\u00f3cios\",\"potentialAction\":[{\"@type\":\"SearchAction\",\"target\":{\"@type\":\"EntryPoint\",\"urlTemplate\":\"https:\/\/economiasa.com.br\/blog\/?s={search_term_string}\"},\"query-input\":{\"@type\":\"PropertyValueSpecification\",\"valueRequired\":true,\"valueName\":\"search_term_string\"}}],\"inLanguage\":\"pt-BR\"},{\"@type\":\"Person\",\"@id\":\"https:\/\/economiasa.com.br\/blog\/#\/schema\/person\/14b8ac2dc25bd63b52bc54e845fa3923\",\"name\":\"Reda\u00e7\u00e3o\",\"image\":{\"@type\":\"ImageObject\",\"inLanguage\":\"pt-BR\",\"@id\":\"https:\/\/secure.gravatar.com\/avatar\/c8c795261f7f8547b22616a549577db9e450bd5622da3f6eb62b0e2c3e364c4e?s=96&d=mm&r=g0fb5212bc57e2287787936667fbbe0ff\",\"url\":\"https:\/\/secure.gravatar.com\/avatar\/c8c795261f7f8547b22616a549577db9e450bd5622da3f6eb62b0e2c3e364c4e?s=96&d=mm&r=g\",\"contentUrl\":\"https:\/\/secure.gravatar.com\/avatar\/c8c795261f7f8547b22616a549577db9e450bd5622da3f6eb62b0e2c3e364c4e?s=96&d=mm&r=g\",\"caption\":\"Reda\u00e7\u00e3o\"},\"sameAs\":[\"http:\/\/www.economiasa.com.br\"],\"url\":\"https:\/\/economiasa.com.br\/blog\/author\/redacao\/\"}]}<\/script>\n<!-- \/ Yoast SEO plugin. -->","yoast_head_json":{"title":"KION South America re\u00fane mais de 150 profissionais no Sales Day 2026 - Economia S\/A","robots":{"index":"index","follow":"follow","max-snippet":"max-snippet:-1","max-image-preview":"max-image-preview:large","max-video-preview":"max-video-preview:-1"},"canonical":"https:\/\/economiasa.com.br\/blog\/kion-south-america-reune-mais-de-150-profissionais-no-sales-day-2026\/","og_locale":"pt_BR","og_type":"article","og_title":"KION South America re\u00fane mais de 150 profissionais no Sales Day 2026 - Economia S\/A","og_description":"Encontro em Indaiatuba refor\u00e7ou o alinhamento da for\u00e7a comercial, a integra\u00e7\u00e3o entre as solu\u00e7\u00f5es STILL e Dematic e a prepara\u00e7\u00e3o para os...","og_url":"https:\/\/economiasa.com.br\/blog\/kion-south-america-reune-mais-de-150-profissionais-no-sales-day-2026\/","og_site_name":"Economia S\/A","article_published_time":"2026-09-03T21:14:20+00:00","og_image":[{"width":775,"height":517,"url":"https:\/\/economiasa.com.br\/blog\/wp-content\/uploads\/2026\/09\/Capturar-24.png","type":"image\/png"}],"author":"Reda\u00e7\u00e3o","twitter_card":"summary_large_image","twitter_misc":{"Escrito por":"Reda\u00e7\u00e3o","Est. tempo de leitura":"3 minutos"},"schema":{"@context":"https:\/\/schema.org","@graph":[{"@type":"Article","@id":"https:\/\/economiasa.com.br\/blog\/kion-south-america-reune-mais-de-150-profissionais-no-sales-day-2026\/#article","isPartOf":{"@id":"https:\/\/economiasa.com.br\/blog\/kion-south-america-reune-mais-de-150-profissionais-no-sales-day-2026\/"},"author":{"name":"Reda\u00e7\u00e3o","@id":"https:\/\/economiasa.com.br\/blog\/#\/schema\/person\/14b8ac2dc25bd63b52bc54e845fa3923"},"headline":"KION South America re\u00fane mais de 150 profissionais no Sales Day 2026","datePublished":"2026-09-03T21:14:20+00:00","mainEntityOfPage":{"@id":"https:\/\/economiasa.com.br\/blog\/kion-south-america-reune-mais-de-150-profissionais-no-sales-day-2026\/"},"wordCount":541,"image":{"@id":"https:\/\/economiasa.com.br\/blog\/kion-south-america-reune-mais-de-150-profissionais-no-sales-day-2026\/#primaryimage"},"thumbnailUrl":"https:\/\/economiasa.com.br\/blog\/wp-content\/uploads\/2026\/09\/Capturar-24.png","articleSection":["Eventos"],"inLanguage":"pt-BR"},{"@type":"WebPage","@id":"https:\/\/economiasa.com.br\/blog\/kion-south-america-reune-mais-de-150-profissionais-no-sales-day-2026\/","url":"https:\/\/economiasa.com.br\/blog\/kion-south-america-reune-mais-de-150-profissionais-no-sales-day-2026\/","name":"KION South America re\u00fane mais de 150 profissionais no Sales Day 2026 - Economia S\/A","isPartOf":{"@id":"https:\/\/economiasa.com.br\/blog\/#website"},"primaryImageOfPage":{"@id":"https:\/\/economiasa.com.br\/blog\/kion-south-america-reune-mais-de-150-profissionais-no-sales-day-2026\/#primaryimage"},"image":{"@id":"https:\/\/economiasa.com.br\/blog\/kion-south-america-reune-mais-de-150-profissionais-no-sales-day-2026\/#primaryimage"},"thumbnailUrl":"https:\/\/economiasa.com.br\/blog\/wp-content\/uploads\/2026\/09\/Capturar-24.png","datePublished":"2026-09-03T21:14:20+00:00","author":{"@id":"https:\/\/economiasa.com.br\/blog\/#\/schema\/person\/14b8ac2dc25bd63b52bc54e845fa3923"},"breadcrumb":{"@id":"https:\/\/economiasa.com.br\/blog\/kion-south-america-reune-mais-de-150-profissionais-no-sales-day-2026\/#breadcrumb"},"inLanguage":"pt-BR","potentialAction":[{"@type":"ReadAction","target":["https:\/\/economiasa.com.br\/blog\/kion-south-america-reune-mais-de-150-profissionais-no-sales-day-2026\/"]}]},{"@type":"ImageObject","inLanguage":"pt-BR","@id":"https:\/\/economiasa.com.br\/blog\/kion-south-america-reune-mais-de-150-profissionais-no-sales-day-2026\/#primaryimage","url":"https:\/\/economiasa.com.br\/blog\/wp-content\/uploads\/2026\/09\/Capturar-24.png","contentUrl":"https:\/\/economiasa.com.br\/blog\/wp-content\/uploads\/2026\/09\/Capturar-24.png","width":775,"height":517,"caption":"Divulga\u00e7\u00e3o Sales Day 2026"},{"@type":"BreadcrumbList","@id":"https:\/\/economiasa.com.br\/blog\/kion-south-america-reune-mais-de-150-profissionais-no-sales-day-2026\/#breadcrumb","itemListElement":[{"@type":"ListItem","position":1,"name":"In\u00edcio","item":"https:\/\/economiasa.com.br\/blog\/"},{"@type":"ListItem","position":2,"name":"KION South America re\u00fane mais de 150 profissionais no Sales Day 2026"}]},{"@type":"WebSite","@id":"https:\/\/economiasa.com.br\/blog\/#website","url":"https:\/\/economiasa.com.br\/blog\/","name":"Economia S\/A","description":"Ler faz bem para os neg\u00f3cios","potentialAction":[{"@type":"SearchAction","target":{"@type":"EntryPoint","urlTemplate":"https:\/\/economiasa.com.br\/blog\/?s={search_term_string}"},"query-input":{"@type":"PropertyValueSpecification","valueRequired":true,"valueName":"search_term_string"}}],"inLanguage":"pt-BR"},{"@type":"Person","@id":"https:\/\/economiasa.com.br\/blog\/#\/schema\/person\/14b8ac2dc25bd63b52bc54e845fa3923","name":"Reda\u00e7\u00e3o","image":{"@type":"ImageObject","inLanguage":"pt-BR","@id":"https:\/\/secure.gravatar.com\/avatar\/c8c795261f7f8547b22616a549577db9e450bd5622da3f6eb62b0e2c3e364c4e?s=96&d=mm&r=g0fb5212bc57e2287787936667fbbe0ff","url":"https:\/\/secure.gravatar.com\/avatar\/c8c795261f7f8547b22616a549577db9e450bd5622da3f6eb62b0e2c3e364c4e?s=96&d=mm&r=g","contentUrl":"https:\/\/secure.gravatar.com\/avatar\/c8c795261f7f8547b22616a549577db9e450bd5622da3f6eb62b0e2c3e364c4e?s=96&d=mm&r=g","caption":"Reda\u00e7\u00e3o"},"sameAs":["http:\/\/www.economiasa.com.br"],"url":"https:\/\/economiasa.com.br\/blog\/author\/redacao\/"}]}},"authors":[{"term_id":13248,"user_id":47,"is_guest":0,"slug":"redacao","display_name":"Reda\u00e7\u00e3o","avatar_url":"https:\/\/secure.gravatar.com\/avatar\/c8c795261f7f8547b22616a549577db9e450bd5622da3f6eb62b0e2c3e364c4e?s=96&d=mm&r=g","author_category":"","first_name":"Reda\u00e7\u00e3o","last_name":"","user_url":"http:\/\/www.economiasa.com.br","job_title":"","description":""}],"amp_enabled":true,"_links":{"self":[{"href":"https:\/\/economiasa.com.br\/blog\/wp-json\/wp\/v2\/posts\/85067","targetHints":{"allow":["GET"]}}],"collection":[{"href":"https:\/\/economiasa.com.br\/blog\/wp-json\/wp\/v2\/posts"}],"about":[{"href":"https:\/\/economiasa.com.br\/blog\/wp-json\/wp\/v2\/types\/post"}],"author":[{"embeddable":true,"href":"https:\/\/economiasa.com.br\/blog\/wp-json\/wp\/v2\/users\/47"}],"replies":[{"embeddable":true,"href":"https:\/\/economiasa.com.br\/blog\/wp-json\/wp\/v2\/comments?post=85067"}],"version-history":[{"count":0,"href":"https:\/\/economiasa.com.br\/blog\/wp-json\/wp\/v2\/posts\/85067\/revisions"}],"wp:featuredmedia":[{"embeddable":true,"href":"https:\/\/economiasa.com.br\/blog\/wp-json\/wp\/v2\/media\/85068"}],"wp:attachment":[{"href":"https:\/\/economiasa.com.br\/blog\/wp-json\/wp\/v2\/media?parent=85067"}],"wp:term":[{"taxonomy":"category","embeddable":true,"href":"https:\/\/economiasa.com.br\/blog\/wp-json\/wp\/v2\/categories?post=85067"},{"taxonomy":"post_tag","embeddable":true,"href":"https:\/\/economiasa.com.br\/blog\/wp-json\/wp\/v2\/tags?post=85067"},{"taxonomy":"author","embeddable":true,"href":"https:\/\/economiasa.com.br\/blog\/wp-json\/wp\/v2\/ppma_author?post=85067"}],"curies":[{"name":"wp","href":"https:\/\/api.w.org\/{rel}","templated":true}]}}