{"id":85076,"date":"2026-09-03T18:27:08","date_gmt":"2026-09-03T21:27:08","guid":{"rendered":"https:\/\/economiasa.com.br\/blog\/?p=85076"},"modified":"2026-09-03T18:27:08","modified_gmt":"2026-09-03T21:27:08","slug":"grupo-3coracoes-conclui-aquisicao-da-yoki-e-kitano-e-amplia-presenca-no-mercado-brasileiro-de-alimentos","status":"publish","type":"post","link":"https:\/\/economiasa.com.br\/blog\/grupo-3coracoes-conclui-aquisicao-da-yoki-e-kitano-e-amplia-presenca-no-mercado-brasileiro-de-alimentos\/","title":{"rendered":"Grupo 3cora\u00e7\u00f5es conclui aquisi\u00e7\u00e3o da Yoki e Kitano e amplia presen\u00e7a no mercado brasileiro de alimentos"},"content":{"rendered":"\n<p class=\"wp-block-paragraph\"><em>A opera\u00e7\u00e3o marca o in\u00edcio das atividades conjuntas com as duas marcas e refor\u00e7a a posi\u00e7\u00e3o da companhia entre as principais do setor de alimentos no pa\u00eds<\/em><\/p>\n\n\n\n<p class=\"wp-block-paragraph\"><em>S\u00e3o Paulo, 03 de setembro de 2026 \u2013<\/em>\u00a0O Grupo\u00a0<strong><em>3cora\u00e7\u00f5es<\/em><\/strong>, l\u00edder nacional no segmento de caf\u00e9s e uma das principais companhias de alimentos e bebidas do Brasil, concluiu a aquisi\u00e7\u00e3o das opera\u00e7\u00f5es da General Mills no pa\u00eds, que inclui as marcas Yoki e Kitano. Anunciada em mar\u00e7o de 2026, a opera\u00e7\u00e3o teve todas as condi\u00e7\u00f5es regulat\u00f3rias e contratuais cumpridas, dando in\u00edcio a um novo e importante ciclo de crescimento.<\/p>\n\n\n\n<p class=\"wp-block-paragraph\">Com a incorpora\u00e7\u00e3o, a Companhia amplia de forma expressiva sua estrutura industrial, log\u00edstica e comercial, passando a contar com um time de aproximadamente 12.700 colaboradores e presen\u00e7a em mais de 600 mil pontos de venda em todo o pa\u00eds.<\/p>\n\n\n\n<p class=\"wp-block-paragraph\">Presentes h\u00e1 d\u00e9cadas na mesa dos brasileiros, as duas marcas passam a integrar um portf\u00f3lio ainda mais completo e diverso. A Yoki \u00e9 l\u00edder em segmentos como pipoca de micro-ondas, farofa e batata palha, al\u00e9m de ter presen\u00e7a relevante em farin\u00e1ceos e acompanhamentos. J\u00e1 a Kitano \u00e9 uma das mais tradicionais do pa\u00eds em temperos, ervas e especiarias. Com essa soma ao portf\u00f3lio, o Grupo passa a atender as mais variadas ocasi\u00f5es de consumo do brasileiro e se consolida como um player cada vez mais competitivo do setor.<\/p>\n\n\n\n<p class=\"wp-block-paragraph\"><em>\u201cEstamos concluindo uma aquisi\u00e7\u00e3o muito relevante para a nossa hist\u00f3ria e, ao mesmo tempo, iniciando um novo cap\u00edtulo. Yoki e Kitano s\u00e3o marcas queridas, que fazem parte da rotina de milh\u00f5es de fam\u00edlias brasileiras h\u00e1 d\u00e9cadas. Recebemos esse legado com muito respeito e com a responsabilidade de cuidar dessas marcas, das pessoas que as constroem todos os dias e da rela\u00e7\u00e3o de confian\u00e7a constru\u00edda com os consumidores, criando as condi\u00e7\u00f5es para que continuem crescendo\u201d<\/em>,\u00a0<strong>afirma Pedro Lima, presidente do Grupo\u00a0<em>3cora\u00e7\u00f5es<\/em>.<\/strong><\/p>\n\n\n\n<p class=\"wp-block-paragraph\">Segundo o executivo, a chegada das duas marcas tamb\u00e9m acelera uma trajet\u00f3ria de diversifica\u00e7\u00e3o constru\u00edda pelo Grupo ao longo dos \u00faltimos anos.<\/p>\n\n\n\n<p class=\"wp-block-paragraph\"><em>\u201cNascemos do caf\u00e9, e foi a partir dele que constru\u00edmos nossa rela\u00e7\u00e3o com milh\u00f5es de fam\u00edlias brasileiras. Com o tempo, ampliamos nossa atua\u00e7\u00e3o para novas categorias e ocasi\u00f5es de consumo, e a chegada da Yoki e da Kitano acelera esse movimento. Estamos reunindo marcas fortes, pessoas talentosas, conhecimento e capacidades complementares, um passo importante para nos consolidarmos como um dos principais players do setor de alimentos no Brasil\u201d<\/em>,\u00a0<strong>complementa Pedro Lima<\/strong>.<\/p>\n\n\n\n<p class=\"wp-block-paragraph\">A integra\u00e7\u00e3o das opera\u00e7\u00f5es ter\u00e1 como prioridade assegurar a continuidade dos neg\u00f3cios e preservar a identidade e a rela\u00e7\u00e3o que a Yoki e a Kitano constru\u00edram com seus consumidores ao longo do tempo. O processo seguir\u00e1 a filosofia que orienta o Grupo 3cora\u00e7\u00f5es desde sua funda\u00e7\u00e3o: a valoriza\u00e7\u00e3o das pessoas como base do neg\u00f3cio. A essa base, somam-se a capilaridade comercial, a capacidade de distribui\u00e7\u00e3o e o profundo conhecimento do mercado brasileiro constru\u00eddos pelo Grupo em mais de seis d\u00e9cadas de hist\u00f3ria.<\/p>\n\n\n\n<p class=\"wp-block-paragraph\">Como parte do acordo, o Grupo\u00a0<strong><em>3cora\u00e7\u00f5es<\/em><\/strong>\u00a0passa a incorporar tamb\u00e9m as instala\u00e7\u00f5es e opera\u00e7\u00f5es previstas na transa\u00e7\u00e3o, incluindo o escrit\u00f3rio administrativo em S\u00e3o Bernardo do Campo (SP) e as unidades produtivas de Pouso Alegre (MG) e Campo Novo do Parecis (MT), refor\u00e7ando ainda mais sua estrutura industrial em todo o pa\u00eds, passando a contar com um total de 15 unidades fabris.<\/p>\n","protected":false},"excerpt":{"rendered":"<p>A opera\u00e7\u00e3o marca o in\u00edcio das atividades conjuntas com as duas marcas e refor\u00e7a a posi\u00e7\u00e3o da companhia entre as principais do&#8230;<\/p>\n","protected":false},"author":47,"featured_media":85077,"comment_status":"closed","ping_status":"open","sticky":false,"template":"","format":"standard","meta":{"footnotes":""},"categories":[101],"tags":[],"ppma_author":[13248],"class_list":["post-85076","post","type-post","status-publish","format-standard","has-post-thumbnail","category-negocios"],"yoast_head":"<!-- This site is optimized with the Yoast SEO plugin v27.2 - https:\/\/yoast.com\/product\/yoast-seo-wordpress\/ -->\n<title>Grupo 3cora\u00e7\u00f5es conclui aquisi\u00e7\u00e3o da Yoki e Kitano e amplia presen\u00e7a no mercado brasileiro de alimentos - Economia S\/A<\/title>\n<meta name=\"robots\" content=\"index, follow, max-snippet:-1, max-image-preview:large, max-video-preview:-1\" \/>\n<link rel=\"canonical\" href=\"https:\/\/economiasa.com.br\/blog\/grupo-3coracoes-conclui-aquisicao-da-yoki-e-kitano-e-amplia-presenca-no-mercado-brasileiro-de-alimentos\/\" \/>\n<meta property=\"og:locale\" content=\"pt_BR\" \/>\n<meta property=\"og:type\" content=\"article\" \/>\n<meta property=\"og:title\" content=\"Grupo 3cora\u00e7\u00f5es conclui aquisi\u00e7\u00e3o da Yoki e Kitano e amplia presen\u00e7a no mercado brasileiro de alimentos - Economia S\/A\" \/>\n<meta property=\"og:description\" content=\"A opera\u00e7\u00e3o marca o in\u00edcio das atividades conjuntas com as duas marcas e refor\u00e7a a posi\u00e7\u00e3o da companhia entre as principais do...\" \/>\n<meta property=\"og:url\" content=\"https:\/\/economiasa.com.br\/blog\/grupo-3coracoes-conclui-aquisicao-da-yoki-e-kitano-e-amplia-presenca-no-mercado-brasileiro-de-alimentos\/\" \/>\n<meta property=\"og:site_name\" content=\"Economia S\/A\" \/>\n<meta property=\"article:published_time\" content=\"2026-09-03T21:27:08+00:00\" \/>\n<meta property=\"og:image\" content=\"https:\/\/economiasa.com.br\/blog\/wp-content\/uploads\/2026\/09\/Capturar-25.png\" \/>\n\t<meta property=\"og:image:width\" content=\"257\" \/>\n\t<meta property=\"og:image:height\" content=\"136\" \/>\n\t<meta property=\"og:image:type\" content=\"image\/png\" \/>\n<meta name=\"author\" content=\"Reda\u00e7\u00e3o\" \/>\n<meta name=\"twitter:card\" content=\"summary_large_image\" \/>\n<meta name=\"twitter:label1\" content=\"Escrito por\" \/>\n\t<meta name=\"twitter:data1\" content=\"Reda\u00e7\u00e3o\" \/>\n\t<meta name=\"twitter:label2\" content=\"Est. tempo de leitura\" \/>\n\t<meta name=\"twitter:data2\" content=\"4 minutos\" \/>\n<script type=\"application\/ld+json\" class=\"yoast-schema-graph\">{\"@context\":\"https:\/\/schema.org\",\"@graph\":[{\"@type\":\"Article\",\"@id\":\"https:\/\/economiasa.com.br\/blog\/grupo-3coracoes-conclui-aquisicao-da-yoki-e-kitano-e-amplia-presenca-no-mercado-brasileiro-de-alimentos\/#article\",\"isPartOf\":{\"@id\":\"https:\/\/economiasa.com.br\/blog\/grupo-3coracoes-conclui-aquisicao-da-yoki-e-kitano-e-amplia-presenca-no-mercado-brasileiro-de-alimentos\/\"},\"author\":{\"name\":\"Reda\u00e7\u00e3o\",\"@id\":\"https:\/\/economiasa.com.br\/blog\/#\/schema\/person\/14b8ac2dc25bd63b52bc54e845fa3923\"},\"headline\":\"Grupo 3cora\u00e7\u00f5es conclui aquisi\u00e7\u00e3o da Yoki e Kitano e amplia presen\u00e7a no mercado brasileiro de alimentos\",\"datePublished\":\"2026-09-03T21:27:08+00:00\",\"mainEntityOfPage\":{\"@id\":\"https:\/\/economiasa.com.br\/blog\/grupo-3coracoes-conclui-aquisicao-da-yoki-e-kitano-e-amplia-presenca-no-mercado-brasileiro-de-alimentos\/\"},\"wordCount\":634,\"image\":{\"@id\":\"https:\/\/economiasa.com.br\/blog\/grupo-3coracoes-conclui-aquisicao-da-yoki-e-kitano-e-amplia-presenca-no-mercado-brasileiro-de-alimentos\/#primaryimage\"},\"thumbnailUrl\":\"https:\/\/economiasa.com.br\/blog\/wp-content\/uploads\/2026\/09\/Capturar-25.png\",\"articleSection\":[\"Neg\u00f3cios\"],\"inLanguage\":\"pt-BR\"},{\"@type\":\"WebPage\",\"@id\":\"https:\/\/economiasa.com.br\/blog\/grupo-3coracoes-conclui-aquisicao-da-yoki-e-kitano-e-amplia-presenca-no-mercado-brasileiro-de-alimentos\/\",\"url\":\"https:\/\/economiasa.com.br\/blog\/grupo-3coracoes-conclui-aquisicao-da-yoki-e-kitano-e-amplia-presenca-no-mercado-brasileiro-de-alimentos\/\",\"name\":\"Grupo 3cora\u00e7\u00f5es conclui aquisi\u00e7\u00e3o da Yoki e Kitano e amplia presen\u00e7a no mercado brasileiro de alimentos - Economia S\/A\",\"isPartOf\":{\"@id\":\"https:\/\/economiasa.com.br\/blog\/#website\"},\"primaryImageOfPage\":{\"@id\":\"https:\/\/economiasa.com.br\/blog\/grupo-3coracoes-conclui-aquisicao-da-yoki-e-kitano-e-amplia-presenca-no-mercado-brasileiro-de-alimentos\/#primaryimage\"},\"image\":{\"@id\":\"https:\/\/economiasa.com.br\/blog\/grupo-3coracoes-conclui-aquisicao-da-yoki-e-kitano-e-amplia-presenca-no-mercado-brasileiro-de-alimentos\/#primaryimage\"},\"thumbnailUrl\":\"https:\/\/economiasa.com.br\/blog\/wp-content\/uploads\/2026\/09\/Capturar-25.png\",\"datePublished\":\"2026-09-03T21:27:08+00:00\",\"author\":{\"@id\":\"https:\/\/economiasa.com.br\/blog\/#\/schema\/person\/14b8ac2dc25bd63b52bc54e845fa3923\"},\"breadcrumb\":{\"@id\":\"https:\/\/economiasa.com.br\/blog\/grupo-3coracoes-conclui-aquisicao-da-yoki-e-kitano-e-amplia-presenca-no-mercado-brasileiro-de-alimentos\/#breadcrumb\"},\"inLanguage\":\"pt-BR\",\"potentialAction\":[{\"@type\":\"ReadAction\",\"target\":[\"https:\/\/economiasa.com.br\/blog\/grupo-3coracoes-conclui-aquisicao-da-yoki-e-kitano-e-amplia-presenca-no-mercado-brasileiro-de-alimentos\/\"]}]},{\"@type\":\"ImageObject\",\"inLanguage\":\"pt-BR\",\"@id\":\"https:\/\/economiasa.com.br\/blog\/grupo-3coracoes-conclui-aquisicao-da-yoki-e-kitano-e-amplia-presenca-no-mercado-brasileiro-de-alimentos\/#primaryimage\",\"url\":\"https:\/\/economiasa.com.br\/blog\/wp-content\/uploads\/2026\/09\/Capturar-25.png\",\"contentUrl\":\"https:\/\/economiasa.com.br\/blog\/wp-content\/uploads\/2026\/09\/Capturar-25.png\",\"width\":257,\"height\":136,\"caption\":\"Cr\u00e9ditos da foto: Divulga\u00e7\u00e3o\"},{\"@type\":\"BreadcrumbList\",\"@id\":\"https:\/\/economiasa.com.br\/blog\/grupo-3coracoes-conclui-aquisicao-da-yoki-e-kitano-e-amplia-presenca-no-mercado-brasileiro-de-alimentos\/#breadcrumb\",\"itemListElement\":[{\"@type\":\"ListItem\",\"position\":1,\"name\":\"In\u00edcio\",\"item\":\"https:\/\/economiasa.com.br\/blog\/\"},{\"@type\":\"ListItem\",\"position\":2,\"name\":\"Grupo 3cora\u00e7\u00f5es conclui aquisi\u00e7\u00e3o da Yoki e Kitano e amplia presen\u00e7a no mercado brasileiro de alimentos\"}]},{\"@type\":\"WebSite\",\"@id\":\"https:\/\/economiasa.com.br\/blog\/#website\",\"url\":\"https:\/\/economiasa.com.br\/blog\/\",\"name\":\"Economia S\/A\",\"description\":\"Ler faz bem para os neg\u00f3cios\",\"potentialAction\":[{\"@type\":\"SearchAction\",\"target\":{\"@type\":\"EntryPoint\",\"urlTemplate\":\"https:\/\/economiasa.com.br\/blog\/?s={search_term_string}\"},\"query-input\":{\"@type\":\"PropertyValueSpecification\",\"valueRequired\":true,\"valueName\":\"search_term_string\"}}],\"inLanguage\":\"pt-BR\"},{\"@type\":\"Person\",\"@id\":\"https:\/\/economiasa.com.br\/blog\/#\/schema\/person\/14b8ac2dc25bd63b52bc54e845fa3923\",\"name\":\"Reda\u00e7\u00e3o\",\"image\":{\"@type\":\"ImageObject\",\"inLanguage\":\"pt-BR\",\"@id\":\"https:\/\/secure.gravatar.com\/avatar\/c8c795261f7f8547b22616a549577db9e450bd5622da3f6eb62b0e2c3e364c4e?s=96&d=mm&r=g0fb5212bc57e2287787936667fbbe0ff\",\"url\":\"https:\/\/secure.gravatar.com\/avatar\/c8c795261f7f8547b22616a549577db9e450bd5622da3f6eb62b0e2c3e364c4e?s=96&d=mm&r=g\",\"contentUrl\":\"https:\/\/secure.gravatar.com\/avatar\/c8c795261f7f8547b22616a549577db9e450bd5622da3f6eb62b0e2c3e364c4e?s=96&d=mm&r=g\",\"caption\":\"Reda\u00e7\u00e3o\"},\"sameAs\":[\"http:\/\/www.economiasa.com.br\"],\"url\":\"https:\/\/economiasa.com.br\/blog\/author\/redacao\/\"}]}<\/script>\n<!-- \/ Yoast SEO plugin. -->","yoast_head_json":{"title":"Grupo 3cora\u00e7\u00f5es conclui aquisi\u00e7\u00e3o da Yoki e Kitano e amplia presen\u00e7a no mercado brasileiro de alimentos - Economia S\/A","robots":{"index":"index","follow":"follow","max-snippet":"max-snippet:-1","max-image-preview":"max-image-preview:large","max-video-preview":"max-video-preview:-1"},"canonical":"https:\/\/economiasa.com.br\/blog\/grupo-3coracoes-conclui-aquisicao-da-yoki-e-kitano-e-amplia-presenca-no-mercado-brasileiro-de-alimentos\/","og_locale":"pt_BR","og_type":"article","og_title":"Grupo 3cora\u00e7\u00f5es conclui aquisi\u00e7\u00e3o da Yoki e Kitano e amplia presen\u00e7a no mercado brasileiro de alimentos - Economia S\/A","og_description":"A opera\u00e7\u00e3o marca o in\u00edcio das atividades conjuntas com as duas marcas e refor\u00e7a a posi\u00e7\u00e3o da companhia entre as principais do...","og_url":"https:\/\/economiasa.com.br\/blog\/grupo-3coracoes-conclui-aquisicao-da-yoki-e-kitano-e-amplia-presenca-no-mercado-brasileiro-de-alimentos\/","og_site_name":"Economia S\/A","article_published_time":"2026-09-03T21:27:08+00:00","og_image":[{"width":257,"height":136,"url":"https:\/\/economiasa.com.br\/blog\/wp-content\/uploads\/2026\/09\/Capturar-25.png","type":"image\/png"}],"author":"Reda\u00e7\u00e3o","twitter_card":"summary_large_image","twitter_misc":{"Escrito por":"Reda\u00e7\u00e3o","Est. tempo de leitura":"4 minutos"},"schema":{"@context":"https:\/\/schema.org","@graph":[{"@type":"Article","@id":"https:\/\/economiasa.com.br\/blog\/grupo-3coracoes-conclui-aquisicao-da-yoki-e-kitano-e-amplia-presenca-no-mercado-brasileiro-de-alimentos\/#article","isPartOf":{"@id":"https:\/\/economiasa.com.br\/blog\/grupo-3coracoes-conclui-aquisicao-da-yoki-e-kitano-e-amplia-presenca-no-mercado-brasileiro-de-alimentos\/"},"author":{"name":"Reda\u00e7\u00e3o","@id":"https:\/\/economiasa.com.br\/blog\/#\/schema\/person\/14b8ac2dc25bd63b52bc54e845fa3923"},"headline":"Grupo 3cora\u00e7\u00f5es conclui aquisi\u00e7\u00e3o da Yoki e Kitano e amplia presen\u00e7a no mercado brasileiro de alimentos","datePublished":"2026-09-03T21:27:08+00:00","mainEntityOfPage":{"@id":"https:\/\/economiasa.com.br\/blog\/grupo-3coracoes-conclui-aquisicao-da-yoki-e-kitano-e-amplia-presenca-no-mercado-brasileiro-de-alimentos\/"},"wordCount":634,"image":{"@id":"https:\/\/economiasa.com.br\/blog\/grupo-3coracoes-conclui-aquisicao-da-yoki-e-kitano-e-amplia-presenca-no-mercado-brasileiro-de-alimentos\/#primaryimage"},"thumbnailUrl":"https:\/\/economiasa.com.br\/blog\/wp-content\/uploads\/2026\/09\/Capturar-25.png","articleSection":["Neg\u00f3cios"],"inLanguage":"pt-BR"},{"@type":"WebPage","@id":"https:\/\/economiasa.com.br\/blog\/grupo-3coracoes-conclui-aquisicao-da-yoki-e-kitano-e-amplia-presenca-no-mercado-brasileiro-de-alimentos\/","url":"https:\/\/economiasa.com.br\/blog\/grupo-3coracoes-conclui-aquisicao-da-yoki-e-kitano-e-amplia-presenca-no-mercado-brasileiro-de-alimentos\/","name":"Grupo 3cora\u00e7\u00f5es conclui aquisi\u00e7\u00e3o da Yoki e Kitano e amplia presen\u00e7a no mercado brasileiro de alimentos - Economia S\/A","isPartOf":{"@id":"https:\/\/economiasa.com.br\/blog\/#website"},"primaryImageOfPage":{"@id":"https:\/\/economiasa.com.br\/blog\/grupo-3coracoes-conclui-aquisicao-da-yoki-e-kitano-e-amplia-presenca-no-mercado-brasileiro-de-alimentos\/#primaryimage"},"image":{"@id":"https:\/\/economiasa.com.br\/blog\/grupo-3coracoes-conclui-aquisicao-da-yoki-e-kitano-e-amplia-presenca-no-mercado-brasileiro-de-alimentos\/#primaryimage"},"thumbnailUrl":"https:\/\/economiasa.com.br\/blog\/wp-content\/uploads\/2026\/09\/Capturar-25.png","datePublished":"2026-09-03T21:27:08+00:00","author":{"@id":"https:\/\/economiasa.com.br\/blog\/#\/schema\/person\/14b8ac2dc25bd63b52bc54e845fa3923"},"breadcrumb":{"@id":"https:\/\/economiasa.com.br\/blog\/grupo-3coracoes-conclui-aquisicao-da-yoki-e-kitano-e-amplia-presenca-no-mercado-brasileiro-de-alimentos\/#breadcrumb"},"inLanguage":"pt-BR","potentialAction":[{"@type":"ReadAction","target":["https:\/\/economiasa.com.br\/blog\/grupo-3coracoes-conclui-aquisicao-da-yoki-e-kitano-e-amplia-presenca-no-mercado-brasileiro-de-alimentos\/"]}]},{"@type":"ImageObject","inLanguage":"pt-BR","@id":"https:\/\/economiasa.com.br\/blog\/grupo-3coracoes-conclui-aquisicao-da-yoki-e-kitano-e-amplia-presenca-no-mercado-brasileiro-de-alimentos\/#primaryimage","url":"https:\/\/economiasa.com.br\/blog\/wp-content\/uploads\/2026\/09\/Capturar-25.png","contentUrl":"https:\/\/economiasa.com.br\/blog\/wp-content\/uploads\/2026\/09\/Capturar-25.png","width":257,"height":136,"caption":"Cr\u00e9ditos da foto: Divulga\u00e7\u00e3o"},{"@type":"BreadcrumbList","@id":"https:\/\/economiasa.com.br\/blog\/grupo-3coracoes-conclui-aquisicao-da-yoki-e-kitano-e-amplia-presenca-no-mercado-brasileiro-de-alimentos\/#breadcrumb","itemListElement":[{"@type":"ListItem","position":1,"name":"In\u00edcio","item":"https:\/\/economiasa.com.br\/blog\/"},{"@type":"ListItem","position":2,"name":"Grupo 3cora\u00e7\u00f5es conclui aquisi\u00e7\u00e3o da Yoki e Kitano e amplia presen\u00e7a no mercado brasileiro de alimentos"}]},{"@type":"WebSite","@id":"https:\/\/economiasa.com.br\/blog\/#website","url":"https:\/\/economiasa.com.br\/blog\/","name":"Economia S\/A","description":"Ler faz bem para os neg\u00f3cios","potentialAction":[{"@type":"SearchAction","target":{"@type":"EntryPoint","urlTemplate":"https:\/\/economiasa.com.br\/blog\/?s={search_term_string}"},"query-input":{"@type":"PropertyValueSpecification","valueRequired":true,"valueName":"search_term_string"}}],"inLanguage":"pt-BR"},{"@type":"Person","@id":"https:\/\/economiasa.com.br\/blog\/#\/schema\/person\/14b8ac2dc25bd63b52bc54e845fa3923","name":"Reda\u00e7\u00e3o","image":{"@type":"ImageObject","inLanguage":"pt-BR","@id":"https:\/\/secure.gravatar.com\/avatar\/c8c795261f7f8547b22616a549577db9e450bd5622da3f6eb62b0e2c3e364c4e?s=96&d=mm&r=g0fb5212bc57e2287787936667fbbe0ff","url":"https:\/\/secure.gravatar.com\/avatar\/c8c795261f7f8547b22616a549577db9e450bd5622da3f6eb62b0e2c3e364c4e?s=96&d=mm&r=g","contentUrl":"https:\/\/secure.gravatar.com\/avatar\/c8c795261f7f8547b22616a549577db9e450bd5622da3f6eb62b0e2c3e364c4e?s=96&d=mm&r=g","caption":"Reda\u00e7\u00e3o"},"sameAs":["http:\/\/www.economiasa.com.br"],"url":"https:\/\/economiasa.com.br\/blog\/author\/redacao\/"}]}},"authors":[{"term_id":13248,"user_id":47,"is_guest":0,"slug":"redacao","display_name":"Reda\u00e7\u00e3o","avatar_url":"https:\/\/secure.gravatar.com\/avatar\/c8c795261f7f8547b22616a549577db9e450bd5622da3f6eb62b0e2c3e364c4e?s=96&d=mm&r=g","author_category":"","first_name":"Reda\u00e7\u00e3o","last_name":"","user_url":"http:\/\/www.economiasa.com.br","job_title":"","description":""}],"amp_enabled":true,"_links":{"self":[{"href":"https:\/\/economiasa.com.br\/blog\/wp-json\/wp\/v2\/posts\/85076","targetHints":{"allow":["GET"]}}],"collection":[{"href":"https:\/\/economiasa.com.br\/blog\/wp-json\/wp\/v2\/posts"}],"about":[{"href":"https:\/\/economiasa.com.br\/blog\/wp-json\/wp\/v2\/types\/post"}],"author":[{"embeddable":true,"href":"https:\/\/economiasa.com.br\/blog\/wp-json\/wp\/v2\/users\/47"}],"replies":[{"embeddable":true,"href":"https:\/\/economiasa.com.br\/blog\/wp-json\/wp\/v2\/comments?post=85076"}],"version-history":[{"count":0,"href":"https:\/\/economiasa.com.br\/blog\/wp-json\/wp\/v2\/posts\/85076\/revisions"}],"wp:featuredmedia":[{"embeddable":true,"href":"https:\/\/economiasa.com.br\/blog\/wp-json\/wp\/v2\/media\/85077"}],"wp:attachment":[{"href":"https:\/\/economiasa.com.br\/blog\/wp-json\/wp\/v2\/media?parent=85076"}],"wp:term":[{"taxonomy":"category","embeddable":true,"href":"https:\/\/economiasa.com.br\/blog\/wp-json\/wp\/v2\/categories?post=85076"},{"taxonomy":"post_tag","embeddable":true,"href":"https:\/\/economiasa.com.br\/blog\/wp-json\/wp\/v2\/tags?post=85076"},{"taxonomy":"author","embeddable":true,"href":"https:\/\/economiasa.com.br\/blog\/wp-json\/wp\/v2\/ppma_author?post=85076"}],"curies":[{"name":"wp","href":"https:\/\/api.w.org\/{rel}","templated":true}]}}