{"id":85081,"date":"2026-09-03T18:30:37","date_gmt":"2026-09-03T21:30:37","guid":{"rendered":"https:\/\/economiasa.com.br\/blog\/?p=85081"},"modified":"2026-09-03T18:30:37","modified_gmt":"2026-09-03T21:30:37","slug":"instituto-cpfl-lanca-programacao-da-decima-edicao-da-frente-cpfl-intercambio-brasil-china","status":"publish","type":"post","link":"https:\/\/economiasa.com.br\/blog\/instituto-cpfl-lanca-programacao-da-decima-edicao-da-frente-cpfl-intercambio-brasil-china\/","title":{"rendered":"Instituto CPFL lan\u00e7a programa\u00e7\u00e3o da d\u00e9cima edi\u00e7\u00e3o da frente CPFL Interc\u00e2mbio Brasil-China"},"content":{"rendered":"\n<p class=\"wp-block-paragraph\"><em>Programa\u00e7\u00e3o gratuita conta com exposi\u00e7\u00e3o imersiva in\u00e9dita; eventos, lan\u00e7amentos e atividades seguem at\u00e9 dezembro<\/em><\/p>\n\n\n\n<p class=\"wp-block-paragraph\">O Instituto CPFL anunciou nessa quarta-feira, 2\/9, a programa\u00e7\u00e3o da 10\u00aa edi\u00e7\u00e3o da CPFL Interc\u00e2mbio Brasil-China, frente cultural que celebra as rela\u00e7\u00f5es entre os dois pa\u00edses. Com atividades gratuitas, a programa\u00e7\u00e3o inclui exposi\u00e7\u00e3o imersiva, teatro infantil, lan\u00e7amentos editoriais e audiovisuais, apresenta\u00e7\u00f5es musicais e celebra\u00e7\u00f5es culturais que traduzem e apresentam uma China din\u00e2mica, que equilibra tradi\u00e7\u00e3o e modernidade.<\/p>\n\n\n\n<p class=\"wp-block-paragraph\">Um dos destaques \u00e9 a exposi\u00e7\u00e3o \u201cA Grande Muralha da China\u201d, que abre para visita\u00e7\u00e3o p\u00fablica em 3 de setembro, no Instituto CPFL, em Campinas (SP). A mostra passa a integrar a programa\u00e7\u00e3o cultural do espa\u00e7o de segunda a s\u00e1bado, ampliando as possibilidades de contato do p\u00fablico com um dos maiores s\u00edmbolos hist\u00f3ricos e culturais chineses.<\/p>\n\n\n\n<p class=\"wp-block-paragraph\">A exposi\u00e7\u00e3o funciona tamb\u00e9m como uma porta de entrada para uma programa\u00e7\u00e3o mais ampla. Ao longo do m\u00eas, o p\u00fablico poder\u00e1 transitar entre diferentes linguagens e perspectivas para compreender desde fundamentos do pensamento chin\u00eas at\u00e9 quest\u00f5es contempor\u00e2neas relacionadas \u00e0 tecnologia, \u00e0 organiza\u00e7\u00e3o social e \u00e0 posi\u00e7\u00e3o ocupada pela China no mundo.<\/p>\n\n\n\n<p class=\"wp-block-paragraph\">\u201cAo chegar \u00e0 d\u00e9cima edi\u00e7\u00e3o, o CPFL Interc\u00e2mbio Brasil-China mostra a capacidade da cultura de construir pontes e ampliar repert\u00f3rios. Preparamos uma programa\u00e7\u00e3o que permite olhar para a China por diferentes perspectivas, passando pela hist\u00f3ria, filosofia, arte, literatura e pelas grandes transforma\u00e7\u00f5es contempor\u00e2neas. Mais do que apresentar uma cultura, queremos estimular curiosidade, conhecimento e di\u00e1logo, aproximando as pessoas de um pa\u00eds que tem uma rela\u00e7\u00e3o cada vez mais presente com o Brasil\u201d, afirma Daniela Ortolani Pagotto, head do Instituto CPFL.<\/p>\n\n\n\n<p class=\"wp-block-paragraph\"><strong>Caf\u00e9 Filos\u00f3fico CPFL e cole\u00e7\u00e3o China em Foco<\/strong><\/p>\n\n\n\n<p class=\"wp-block-paragraph\">O Caf\u00e9 Filos\u00f3fico CPFL ter\u00e1 presen\u00e7a importante nessa agenda. Durante quatro encontros presenciais, o p\u00fablico poder\u00e1 conhecer mais sobre as obras e os grandes pensadores chineses contempor\u00e2neos rec\u00e9m-traduzidos para o portugu\u00eas, numa parceria in\u00e9dita com a Unicamp e a Editora Phi.<\/p>\n\n\n\n<p class=\"wp-block-paragraph\">A programa\u00e7\u00e3o especial come\u00e7a na quinta, dia 3, com o professor e fil\u00f3sofo Antonio Florentino Neto. Curador do m\u00f3dulo especial e da cole\u00e7\u00e3o China em Foco, ele far\u00e1 um panorama sobre os temas fundamentais da filosofia chinesa no s\u00e9culo XXI. Nas tr\u00eas quintas seguintes, ser\u00e1 a vez dos especialistas Pl\u00ednio Marcos Tsai, Sofia Bastos Pontieri Augusto e Daniel Omar Perez se debru\u00e7arem, respectivamente, sobre as obras \u201cCosmopolitismo Chin\u00eas\u201d, de Shuchen Xiang; \u201cTudo Sob o C\u00e9u\u201d, de Zhao Tingyang; \u201cA Quest\u00e3o da T\u00e9cnica na China\u201d, de Yuk Hui.<\/p>\n\n\n\n<p class=\"wp-block-paragraph\">Na TV Cultura, o Caf\u00e9 Filos\u00f3fico CPFL tamb\u00e9m destaca a China, em tr\u00eas epis\u00f3dios que v\u00e3o ao ar aos domingos de setembro. Nos dias 6 e 13, Claudia Trevisan e Yili Wang apresentam, em duas partes, \u201cA ascens\u00e3o da China e seu impacto sobre o mundo\u201d. No dia 20, Evandro Menezes de Carvalho aborda \u201cA moderniza\u00e7\u00e3o chinesa com a governan\u00e7a ecocivilizacional\u201d. Os programas est\u00e3o previstos para \u00e0s 20h.<\/p>\n\n\n\n<p class=\"wp-block-paragraph\"><strong>Teatro e Festival da Lua ampliam experi\u00eancias<\/strong><\/p>\n\n\n\n<p class=\"wp-block-paragraph\">As artes c\u00eanicas tamb\u00e9m integram a programa\u00e7\u00e3o. No dia 6 de setembro, \u00e0s 16h, o Centro de Conviv\u00eancia Cultural, em Campinas, recebe a pe\u00e7a teatral \u201cGar\u00e7a, Mexilh\u00e3o e Peixe\u201d, ampliando as linguagens utilizadas pela programa\u00e7\u00e3o para aproximar o p\u00fablico da cultura chinesa.<\/p>\n\n\n\n<p class=\"wp-block-paragraph\">Outro momento especial acontece em 19 de setembro, a partir das 14h, com o Festival da Lua, no Teatro Umuarama, no Instituto CPFL, tamb\u00e9m em Campinas (SP). A celebra\u00e7\u00e3o se conecta a uma das tradi\u00e7\u00f5es mais importantes do calend\u00e1rio cultural chin\u00eas e refor\u00e7a a proposta de promover experi\u00eancias que aproximem os dois pa\u00edses para al\u00e9m das rela\u00e7\u00f5es econ\u00f4micas e institucionais. A programa\u00e7\u00e3o completa ser\u00e1 divulgada em breve nas redes e no site do Instituto.<\/p>\n\n\n\n<p class=\"wp-block-paragraph\"><br><strong>China contempor\u00e2nea tamb\u00e9m pelas telas<\/strong><\/p>\n\n\n\n<p class=\"wp-block-paragraph\">O audiovisual completa esse mosaico com a segunda temporada da s\u00e9rie documental \u201cBrasil China\u201d. Os novos epis\u00f3dios investigam como a presen\u00e7a chinesa no Brasil influencia \u00e1reas estrat\u00e9gicas como infraestrutura, tecnologia, energia e desenvolvimento do pa\u00eds. A s\u00e9rie estar\u00e1 dispon\u00edvel no canal do CPFL Interc\u00e2mbio Brasil-China no YouTube.<\/p>\n\n\n\n<p class=\"wp-block-paragraph\">A programa\u00e7\u00e3o da d\u00e9cima edi\u00e7\u00e3o continuar\u00e1 nos meses seguintes. Em dezembro, os Concertos EPTV levam a agenda cultural para Ribeir\u00e3o Preto, em apresenta\u00e7\u00e3o no Theatro Pedro II, no dia 1\u00ba, e retornam a Campinas no dia 4, no Centro de Conviv\u00eancia Cultural.<\/p>\n\n\n\n<p class=\"wp-block-paragraph\">A diversidade de atividades d\u00e1 continuidade a uma frente que chega a uma d\u00e9cada promovendo conex\u00f5es entre Brasil e China. Na edi\u00e7\u00e3o anterior, o Instituto CPFL j\u00e1 havia reunido diferentes linguagens, como exposi\u00e7\u00e3o imersiva, concertos, palestras, audiovisual, festival cultural e literatura, dentro da proposta de construir pontes de conhecimento e di\u00e1logo entre os dois pa\u00edses.<\/p>\n\n\n\n<p class=\"wp-block-paragraph\"><strong>SERVI\u00c7O<\/strong><br>10\u00aa edi\u00e7\u00e3o da programa\u00e7\u00e3o do CPFL Interc\u00e2mbio Brasil-China<\/p>\n\n\n\n<p class=\"wp-block-paragraph\"><strong>Exposi\u00e7\u00e3o \u201cA Grande Muralha da China\u201d<\/strong><br>Quando: de 03 de setembro a 31 de outubro<br>Onde: No Instituto CPFL | Rua Jorge de Figueiredo Corr\u00eaa, 1632 \u2013 Ch\u00e1cara Primavera \u2013 Campinas (SP)<br>Hor\u00e1rios:<br>Segundas, ter\u00e7as, quartas e sextas, das 8h \u00e0s 17h<br>Quinta, das 8h \u00e0s 19h<br>S\u00e1bados, das 10h \u00e0s 16h<br>Entrada gratuita<\/p>\n\n\n\n<p class=\"wp-block-paragraph\"><strong>Caf\u00e9 Filos\u00f3fico CPFL \u2013 encontros presenciais e gratuitos<\/strong><br>Quando: \u00e0s quintas-feiras de setembro<br>Onde: No Instituto CPFL | Rua Jorge de Figueiredo Corr\u00eaa, 1632 \u2013 Ch\u00e1cara Primavera \u2013 Campinas (SP)<br>Programa\u00e7\u00e3o<br>03\/09, quinta-feira, \u00e0s 19h \u2013 \u201cOs temas fundamentais da filosofia chinesa no s\u00e9culo XXI\u201d, com Antonio Florentino Neto<br>10\/09, quinta-feira, \u00e0s 19h \u2013 \u201cCosmopolitismo chin\u00eas e a cr\u00edtica ao dualismo ocidental: uma conversa sobre a obra de Schuchen Xiang\u201d, com Pl\u00ednio Marcos Tsai<br>17\/09, quinta-feira, \u00e0s 19h \u2013 \u201cTudo sob o c\u00e9u: uma conversa sobre tianxia e a obra de Zhao Tingyang\u201d, com Sofia Bastos Pontieri Augusto<br>24\/09, quinta-feira, \u00e0s 19h \u2013 \u201cA quest\u00e3o da tecnologia na China hoje\u201d, com Daniel Omar Perez<br>Entrada gratuita por ordem de chegada a partir das 18h<\/p>\n\n\n\n<p class=\"wp-block-paragraph\"><strong>Caf\u00e9 Filos\u00f3fico CPFL na TV Cultura \u2013 in\u00e9ditos<\/strong><br>Quando: aos domingos de setembro, \u00e0s 20h<br>Onde: Na TV Cultura<br>Programa\u00e7\u00e3o<br>06\/09, domingo, \u00e0s 20h \u2013 \u201cA ascens\u00e3o da China e seu impacto sobre o mundo \u2013 Parte 1\u201d, com Claudia Trevisan e Yili Wang<br>13\/09, domingo, \u00e0s 20h \u2013 \u201cA ascens\u00e3o da China e seu impacto sobre o mundo \u2013 Parte 2\u201d, com Claudia Trevisan e Yili Wang<br>20\/09, domingo. \u00e0s 20h \u2013 \u201cA moderniza\u00e7\u00e3o chinesa com a governan\u00e7a ecocivilizacional\u201d, com Evandro Menezes de Carvalho<\/p>\n\n\n\n<p class=\"wp-block-paragraph\"><strong>Pe\u00e7a teatral \u201cGar\u00e7a, Mexilh\u00e3o e Peixe\u201d<\/strong><br>Quando: domingo, 06\/09, \u00e0s 16h<br>Onde: No Centro de Conviv\u00eancia Cultural | Pra\u00e7a da Imprensa Fluminense, s\/n, Cambu\u00ed \u2013 Campinas (SP)<br>Entrada gratuita<\/p>\n\n\n\n<p class=\"wp-block-paragraph\"><strong>Festival da Lua<\/strong><br>19\/09, a partir das 14h<br>Onde: No Teatro Umuarama \u2013 Instituto CPFL | Rua Jorge de Figueiredo Corr\u00eaa, 1632 \u2013 Ch\u00e1cara Primavera \u2013 Campinas (SP)<\/p>\n\n\n\n<p class=\"wp-block-paragraph\"><br><strong>S\u00e9rie documental Brasil China \u2013 2\u00aa temporada<\/strong><br>Quando: em dezembro<br>Dispon\u00edvel no canal @cpflintercambiobrasilchina no YouTube<\/p>\n\n\n\n<p class=\"wp-block-paragraph\"><strong>Concertos EPTV<\/strong><br>01\/12, \u00e0s 20h<br>Onde: Theatro Pedro II | Rua \u00c1lvares Cabral, 370 \u2013 Centro \u2013 Ribeir\u00e3o Preto (SP)<br>Entrada gratuita<\/p>\n\n\n\n<p class=\"wp-block-paragraph\">04\/12, \u00e0s 20h<br>Onde: Centro de Conviv\u00eancia Cultural | na Pra\u00e7a da Imprensa Fluminense, s\/n, bairro Cambu\u00ed \u2013 Campinas (SP)<br>Entrada gratuita<\/p>\n","protected":false},"excerpt":{"rendered":"<p>Programa\u00e7\u00e3o gratuita conta com exposi\u00e7\u00e3o imersiva in\u00e9dita; eventos, lan\u00e7amentos e atividades seguem at\u00e9 dezembro O Instituto CPFL anunciou nessa quarta-feira, 2\/9, a&#8230;<\/p>\n","protected":false},"author":47,"featured_media":85082,"comment_status":"closed","ping_status":"open","sticky":false,"template":"","format":"standard","meta":{"footnotes":""},"categories":[818,1973],"tags":[],"ppma_author":[13248],"class_list":["post-85081","post","type-post","status-publish","format-standard","has-post-thumbnail","category-entretenimento-s-a","category-eventos"],"yoast_head":"<!-- This site is optimized with the Yoast SEO plugin v27.2 - https:\/\/yoast.com\/product\/yoast-seo-wordpress\/ -->\n<title>Instituto CPFL lan\u00e7a programa\u00e7\u00e3o da d\u00e9cima edi\u00e7\u00e3o da frente CPFL Interc\u00e2mbio Brasil-China - Economia S\/A<\/title>\n<meta name=\"robots\" content=\"index, follow, max-snippet:-1, max-image-preview:large, max-video-preview:-1\" \/>\n<link rel=\"canonical\" href=\"https:\/\/economiasa.com.br\/blog\/instituto-cpfl-lanca-programacao-da-decima-edicao-da-frente-cpfl-intercambio-brasil-china\/\" \/>\n<meta property=\"og:locale\" content=\"pt_BR\" \/>\n<meta property=\"og:type\" content=\"article\" \/>\n<meta property=\"og:title\" content=\"Instituto CPFL lan\u00e7a programa\u00e7\u00e3o da d\u00e9cima edi\u00e7\u00e3o da frente CPFL Interc\u00e2mbio Brasil-China - Economia S\/A\" \/>\n<meta property=\"og:description\" content=\"Programa\u00e7\u00e3o gratuita conta com exposi\u00e7\u00e3o imersiva in\u00e9dita; eventos, lan\u00e7amentos e atividades seguem at\u00e9 dezembro O Instituto CPFL anunciou nessa quarta-feira, 2\/9, a...\" \/>\n<meta property=\"og:url\" content=\"https:\/\/economiasa.com.br\/blog\/instituto-cpfl-lanca-programacao-da-decima-edicao-da-frente-cpfl-intercambio-brasil-china\/\" \/>\n<meta property=\"og:site_name\" content=\"Economia S\/A\" \/>\n<meta property=\"article:published_time\" content=\"2026-09-03T21:30:37+00:00\" \/>\n<meta property=\"og:image\" content=\"https:\/\/economiasa.com.br\/blog\/wp-content\/uploads\/2026\/09\/Capturar-26.png\" \/>\n\t<meta property=\"og:image:width\" content=\"775\" \/>\n\t<meta property=\"og:image:height\" content=\"521\" \/>\n\t<meta property=\"og:image:type\" content=\"image\/png\" \/>\n<meta name=\"author\" content=\"Reda\u00e7\u00e3o\" \/>\n<meta name=\"twitter:card\" content=\"summary_large_image\" \/>\n<meta name=\"twitter:label1\" content=\"Escrito por\" \/>\n\t<meta name=\"twitter:data1\" content=\"Reda\u00e7\u00e3o\" \/>\n\t<meta name=\"twitter:label2\" content=\"Est. tempo de leitura\" \/>\n\t<meta name=\"twitter:data2\" content=\"7 minutos\" \/>\n<script type=\"application\/ld+json\" class=\"yoast-schema-graph\">{\"@context\":\"https:\/\/schema.org\",\"@graph\":[{\"@type\":\"Article\",\"@id\":\"https:\/\/economiasa.com.br\/blog\/instituto-cpfl-lanca-programacao-da-decima-edicao-da-frente-cpfl-intercambio-brasil-china\/#article\",\"isPartOf\":{\"@id\":\"https:\/\/economiasa.com.br\/blog\/instituto-cpfl-lanca-programacao-da-decima-edicao-da-frente-cpfl-intercambio-brasil-china\/\"},\"author\":{\"name\":\"Reda\u00e7\u00e3o\",\"@id\":\"https:\/\/economiasa.com.br\/blog\/#\/schema\/person\/14b8ac2dc25bd63b52bc54e845fa3923\"},\"headline\":\"Instituto CPFL lan\u00e7a programa\u00e7\u00e3o da d\u00e9cima edi\u00e7\u00e3o da frente CPFL Interc\u00e2mbio Brasil-China\",\"datePublished\":\"2026-09-03T21:30:37+00:00\",\"mainEntityOfPage\":{\"@id\":\"https:\/\/economiasa.com.br\/blog\/instituto-cpfl-lanca-programacao-da-decima-edicao-da-frente-cpfl-intercambio-brasil-china\/\"},\"wordCount\":1225,\"image\":{\"@id\":\"https:\/\/economiasa.com.br\/blog\/instituto-cpfl-lanca-programacao-da-decima-edicao-da-frente-cpfl-intercambio-brasil-china\/#primaryimage\"},\"thumbnailUrl\":\"https:\/\/economiasa.com.br\/blog\/wp-content\/uploads\/2026\/09\/Capturar-26.png\",\"articleSection\":[\"Entretenimento S\/A\",\"Eventos\"],\"inLanguage\":\"pt-BR\"},{\"@type\":\"WebPage\",\"@id\":\"https:\/\/economiasa.com.br\/blog\/instituto-cpfl-lanca-programacao-da-decima-edicao-da-frente-cpfl-intercambio-brasil-china\/\",\"url\":\"https:\/\/economiasa.com.br\/blog\/instituto-cpfl-lanca-programacao-da-decima-edicao-da-frente-cpfl-intercambio-brasil-china\/\",\"name\":\"Instituto CPFL lan\u00e7a programa\u00e7\u00e3o da d\u00e9cima edi\u00e7\u00e3o da frente CPFL Interc\u00e2mbio Brasil-China - Economia S\/A\",\"isPartOf\":{\"@id\":\"https:\/\/economiasa.com.br\/blog\/#website\"},\"primaryImageOfPage\":{\"@id\":\"https:\/\/economiasa.com.br\/blog\/instituto-cpfl-lanca-programacao-da-decima-edicao-da-frente-cpfl-intercambio-brasil-china\/#primaryimage\"},\"image\":{\"@id\":\"https:\/\/economiasa.com.br\/blog\/instituto-cpfl-lanca-programacao-da-decima-edicao-da-frente-cpfl-intercambio-brasil-china\/#primaryimage\"},\"thumbnailUrl\":\"https:\/\/economiasa.com.br\/blog\/wp-content\/uploads\/2026\/09\/Capturar-26.png\",\"datePublished\":\"2026-09-03T21:30:37+00:00\",\"author\":{\"@id\":\"https:\/\/economiasa.com.br\/blog\/#\/schema\/person\/14b8ac2dc25bd63b52bc54e845fa3923\"},\"breadcrumb\":{\"@id\":\"https:\/\/economiasa.com.br\/blog\/instituto-cpfl-lanca-programacao-da-decima-edicao-da-frente-cpfl-intercambio-brasil-china\/#breadcrumb\"},\"inLanguage\":\"pt-BR\",\"potentialAction\":[{\"@type\":\"ReadAction\",\"target\":[\"https:\/\/economiasa.com.br\/blog\/instituto-cpfl-lanca-programacao-da-decima-edicao-da-frente-cpfl-intercambio-brasil-china\/\"]}]},{\"@type\":\"ImageObject\",\"inLanguage\":\"pt-BR\",\"@id\":\"https:\/\/economiasa.com.br\/blog\/instituto-cpfl-lanca-programacao-da-decima-edicao-da-frente-cpfl-intercambio-brasil-china\/#primaryimage\",\"url\":\"https:\/\/economiasa.com.br\/blog\/wp-content\/uploads\/2026\/09\/Capturar-26.png\",\"contentUrl\":\"https:\/\/economiasa.com.br\/blog\/wp-content\/uploads\/2026\/09\/Capturar-26.png\",\"width\":775,\"height\":521,\"caption\":\"Cr\u00e9ditos da foto: Divulga\u00e7\u00e3o\"},{\"@type\":\"BreadcrumbList\",\"@id\":\"https:\/\/economiasa.com.br\/blog\/instituto-cpfl-lanca-programacao-da-decima-edicao-da-frente-cpfl-intercambio-brasil-china\/#breadcrumb\",\"itemListElement\":[{\"@type\":\"ListItem\",\"position\":1,\"name\":\"In\u00edcio\",\"item\":\"https:\/\/economiasa.com.br\/blog\/\"},{\"@type\":\"ListItem\",\"position\":2,\"name\":\"Instituto CPFL lan\u00e7a programa\u00e7\u00e3o da d\u00e9cima edi\u00e7\u00e3o da frente CPFL Interc\u00e2mbio Brasil-China\"}]},{\"@type\":\"WebSite\",\"@id\":\"https:\/\/economiasa.com.br\/blog\/#website\",\"url\":\"https:\/\/economiasa.com.br\/blog\/\",\"name\":\"Economia S\/A\",\"description\":\"Ler faz bem para os neg\u00f3cios\",\"potentialAction\":[{\"@type\":\"SearchAction\",\"target\":{\"@type\":\"EntryPoint\",\"urlTemplate\":\"https:\/\/economiasa.com.br\/blog\/?s={search_term_string}\"},\"query-input\":{\"@type\":\"PropertyValueSpecification\",\"valueRequired\":true,\"valueName\":\"search_term_string\"}}],\"inLanguage\":\"pt-BR\"},{\"@type\":\"Person\",\"@id\":\"https:\/\/economiasa.com.br\/blog\/#\/schema\/person\/14b8ac2dc25bd63b52bc54e845fa3923\",\"name\":\"Reda\u00e7\u00e3o\",\"image\":{\"@type\":\"ImageObject\",\"inLanguage\":\"pt-BR\",\"@id\":\"https:\/\/secure.gravatar.com\/avatar\/c8c795261f7f8547b22616a549577db9e450bd5622da3f6eb62b0e2c3e364c4e?s=96&d=mm&r=g0fb5212bc57e2287787936667fbbe0ff\",\"url\":\"https:\/\/secure.gravatar.com\/avatar\/c8c795261f7f8547b22616a549577db9e450bd5622da3f6eb62b0e2c3e364c4e?s=96&d=mm&r=g\",\"contentUrl\":\"https:\/\/secure.gravatar.com\/avatar\/c8c795261f7f8547b22616a549577db9e450bd5622da3f6eb62b0e2c3e364c4e?s=96&d=mm&r=g\",\"caption\":\"Reda\u00e7\u00e3o\"},\"sameAs\":[\"http:\/\/www.economiasa.com.br\"],\"url\":\"https:\/\/economiasa.com.br\/blog\/author\/redacao\/\"}]}<\/script>\n<!-- \/ Yoast SEO plugin. -->","yoast_head_json":{"title":"Instituto CPFL lan\u00e7a programa\u00e7\u00e3o da d\u00e9cima edi\u00e7\u00e3o da frente CPFL Interc\u00e2mbio Brasil-China - Economia S\/A","robots":{"index":"index","follow":"follow","max-snippet":"max-snippet:-1","max-image-preview":"max-image-preview:large","max-video-preview":"max-video-preview:-1"},"canonical":"https:\/\/economiasa.com.br\/blog\/instituto-cpfl-lanca-programacao-da-decima-edicao-da-frente-cpfl-intercambio-brasil-china\/","og_locale":"pt_BR","og_type":"article","og_title":"Instituto CPFL lan\u00e7a programa\u00e7\u00e3o da d\u00e9cima edi\u00e7\u00e3o da frente CPFL Interc\u00e2mbio Brasil-China - Economia S\/A","og_description":"Programa\u00e7\u00e3o gratuita conta com exposi\u00e7\u00e3o imersiva in\u00e9dita; eventos, lan\u00e7amentos e atividades seguem at\u00e9 dezembro O Instituto CPFL anunciou nessa quarta-feira, 2\/9, a...","og_url":"https:\/\/economiasa.com.br\/blog\/instituto-cpfl-lanca-programacao-da-decima-edicao-da-frente-cpfl-intercambio-brasil-china\/","og_site_name":"Economia S\/A","article_published_time":"2026-09-03T21:30:37+00:00","og_image":[{"width":775,"height":521,"url":"https:\/\/economiasa.com.br\/blog\/wp-content\/uploads\/2026\/09\/Capturar-26.png","type":"image\/png"}],"author":"Reda\u00e7\u00e3o","twitter_card":"summary_large_image","twitter_misc":{"Escrito por":"Reda\u00e7\u00e3o","Est. tempo de leitura":"7 minutos"},"schema":{"@context":"https:\/\/schema.org","@graph":[{"@type":"Article","@id":"https:\/\/economiasa.com.br\/blog\/instituto-cpfl-lanca-programacao-da-decima-edicao-da-frente-cpfl-intercambio-brasil-china\/#article","isPartOf":{"@id":"https:\/\/economiasa.com.br\/blog\/instituto-cpfl-lanca-programacao-da-decima-edicao-da-frente-cpfl-intercambio-brasil-china\/"},"author":{"name":"Reda\u00e7\u00e3o","@id":"https:\/\/economiasa.com.br\/blog\/#\/schema\/person\/14b8ac2dc25bd63b52bc54e845fa3923"},"headline":"Instituto CPFL lan\u00e7a programa\u00e7\u00e3o da d\u00e9cima edi\u00e7\u00e3o da frente CPFL Interc\u00e2mbio Brasil-China","datePublished":"2026-09-03T21:30:37+00:00","mainEntityOfPage":{"@id":"https:\/\/economiasa.com.br\/blog\/instituto-cpfl-lanca-programacao-da-decima-edicao-da-frente-cpfl-intercambio-brasil-china\/"},"wordCount":1225,"image":{"@id":"https:\/\/economiasa.com.br\/blog\/instituto-cpfl-lanca-programacao-da-decima-edicao-da-frente-cpfl-intercambio-brasil-china\/#primaryimage"},"thumbnailUrl":"https:\/\/economiasa.com.br\/blog\/wp-content\/uploads\/2026\/09\/Capturar-26.png","articleSection":["Entretenimento S\/A","Eventos"],"inLanguage":"pt-BR"},{"@type":"WebPage","@id":"https:\/\/economiasa.com.br\/blog\/instituto-cpfl-lanca-programacao-da-decima-edicao-da-frente-cpfl-intercambio-brasil-china\/","url":"https:\/\/economiasa.com.br\/blog\/instituto-cpfl-lanca-programacao-da-decima-edicao-da-frente-cpfl-intercambio-brasil-china\/","name":"Instituto CPFL lan\u00e7a programa\u00e7\u00e3o da d\u00e9cima edi\u00e7\u00e3o da frente CPFL Interc\u00e2mbio Brasil-China - Economia S\/A","isPartOf":{"@id":"https:\/\/economiasa.com.br\/blog\/#website"},"primaryImageOfPage":{"@id":"https:\/\/economiasa.com.br\/blog\/instituto-cpfl-lanca-programacao-da-decima-edicao-da-frente-cpfl-intercambio-brasil-china\/#primaryimage"},"image":{"@id":"https:\/\/economiasa.com.br\/blog\/instituto-cpfl-lanca-programacao-da-decima-edicao-da-frente-cpfl-intercambio-brasil-china\/#primaryimage"},"thumbnailUrl":"https:\/\/economiasa.com.br\/blog\/wp-content\/uploads\/2026\/09\/Capturar-26.png","datePublished":"2026-09-03T21:30:37+00:00","author":{"@id":"https:\/\/economiasa.com.br\/blog\/#\/schema\/person\/14b8ac2dc25bd63b52bc54e845fa3923"},"breadcrumb":{"@id":"https:\/\/economiasa.com.br\/blog\/instituto-cpfl-lanca-programacao-da-decima-edicao-da-frente-cpfl-intercambio-brasil-china\/#breadcrumb"},"inLanguage":"pt-BR","potentialAction":[{"@type":"ReadAction","target":["https:\/\/economiasa.com.br\/blog\/instituto-cpfl-lanca-programacao-da-decima-edicao-da-frente-cpfl-intercambio-brasil-china\/"]}]},{"@type":"ImageObject","inLanguage":"pt-BR","@id":"https:\/\/economiasa.com.br\/blog\/instituto-cpfl-lanca-programacao-da-decima-edicao-da-frente-cpfl-intercambio-brasil-china\/#primaryimage","url":"https:\/\/economiasa.com.br\/blog\/wp-content\/uploads\/2026\/09\/Capturar-26.png","contentUrl":"https:\/\/economiasa.com.br\/blog\/wp-content\/uploads\/2026\/09\/Capturar-26.png","width":775,"height":521,"caption":"Cr\u00e9ditos da foto: Divulga\u00e7\u00e3o"},{"@type":"BreadcrumbList","@id":"https:\/\/economiasa.com.br\/blog\/instituto-cpfl-lanca-programacao-da-decima-edicao-da-frente-cpfl-intercambio-brasil-china\/#breadcrumb","itemListElement":[{"@type":"ListItem","position":1,"name":"In\u00edcio","item":"https:\/\/economiasa.com.br\/blog\/"},{"@type":"ListItem","position":2,"name":"Instituto CPFL lan\u00e7a programa\u00e7\u00e3o da d\u00e9cima edi\u00e7\u00e3o da frente CPFL Interc\u00e2mbio Brasil-China"}]},{"@type":"WebSite","@id":"https:\/\/economiasa.com.br\/blog\/#website","url":"https:\/\/economiasa.com.br\/blog\/","name":"Economia S\/A","description":"Ler faz bem para os neg\u00f3cios","potentialAction":[{"@type":"SearchAction","target":{"@type":"EntryPoint","urlTemplate":"https:\/\/economiasa.com.br\/blog\/?s={search_term_string}"},"query-input":{"@type":"PropertyValueSpecification","valueRequired":true,"valueName":"search_term_string"}}],"inLanguage":"pt-BR"},{"@type":"Person","@id":"https:\/\/economiasa.com.br\/blog\/#\/schema\/person\/14b8ac2dc25bd63b52bc54e845fa3923","name":"Reda\u00e7\u00e3o","image":{"@type":"ImageObject","inLanguage":"pt-BR","@id":"https:\/\/secure.gravatar.com\/avatar\/c8c795261f7f8547b22616a549577db9e450bd5622da3f6eb62b0e2c3e364c4e?s=96&d=mm&r=g0fb5212bc57e2287787936667fbbe0ff","url":"https:\/\/secure.gravatar.com\/avatar\/c8c795261f7f8547b22616a549577db9e450bd5622da3f6eb62b0e2c3e364c4e?s=96&d=mm&r=g","contentUrl":"https:\/\/secure.gravatar.com\/avatar\/c8c795261f7f8547b22616a549577db9e450bd5622da3f6eb62b0e2c3e364c4e?s=96&d=mm&r=g","caption":"Reda\u00e7\u00e3o"},"sameAs":["http:\/\/www.economiasa.com.br"],"url":"https:\/\/economiasa.com.br\/blog\/author\/redacao\/"}]}},"authors":[{"term_id":13248,"user_id":47,"is_guest":0,"slug":"redacao","display_name":"Reda\u00e7\u00e3o","avatar_url":"https:\/\/secure.gravatar.com\/avatar\/c8c795261f7f8547b22616a549577db9e450bd5622da3f6eb62b0e2c3e364c4e?s=96&d=mm&r=g","author_category":"","first_name":"Reda\u00e7\u00e3o","last_name":"","user_url":"http:\/\/www.economiasa.com.br","job_title":"","description":""}],"amp_enabled":true,"_links":{"self":[{"href":"https:\/\/economiasa.com.br\/blog\/wp-json\/wp\/v2\/posts\/85081","targetHints":{"allow":["GET"]}}],"collection":[{"href":"https:\/\/economiasa.com.br\/blog\/wp-json\/wp\/v2\/posts"}],"about":[{"href":"https:\/\/economiasa.com.br\/blog\/wp-json\/wp\/v2\/types\/post"}],"author":[{"embeddable":true,"href":"https:\/\/economiasa.com.br\/blog\/wp-json\/wp\/v2\/users\/47"}],"replies":[{"embeddable":true,"href":"https:\/\/economiasa.com.br\/blog\/wp-json\/wp\/v2\/comments?post=85081"}],"version-history":[{"count":0,"href":"https:\/\/economiasa.com.br\/blog\/wp-json\/wp\/v2\/posts\/85081\/revisions"}],"wp:featuredmedia":[{"embeddable":true,"href":"https:\/\/economiasa.com.br\/blog\/wp-json\/wp\/v2\/media\/85082"}],"wp:attachment":[{"href":"https:\/\/economiasa.com.br\/blog\/wp-json\/wp\/v2\/media?parent=85081"}],"wp:term":[{"taxonomy":"category","embeddable":true,"href":"https:\/\/economiasa.com.br\/blog\/wp-json\/wp\/v2\/categories?post=85081"},{"taxonomy":"post_tag","embeddable":true,"href":"https:\/\/economiasa.com.br\/blog\/wp-json\/wp\/v2\/tags?post=85081"},{"taxonomy":"author","embeddable":true,"href":"https:\/\/economiasa.com.br\/blog\/wp-json\/wp\/v2\/ppma_author?post=85081"}],"curies":[{"name":"wp","href":"https:\/\/api.w.org\/{rel}","templated":true}]}}