{"id":85083,"date":"2026-09-03T18:32:38","date_gmt":"2026-09-03T21:32:38","guid":{"rendered":"https:\/\/economiasa.com.br\/blog\/?p=85083"},"modified":"2026-09-03T18:32:39","modified_gmt":"2026-09-03T21:32:39","slug":"milho-safrinha-entra-em-nova-fase-e-coloca-comercializacao-no-centro-das-decisoes-do-produtor","status":"publish","type":"post","link":"https:\/\/economiasa.com.br\/blog\/milho-safrinha-entra-em-nova-fase-e-coloca-comercializacao-no-centro-das-decisoes-do-produtor\/","title":{"rendered":"Milho safrinha entra em nova fase e coloca comercializa\u00e7\u00e3o no centro das decis\u00f5es do produtor"},"content":{"rendered":"\n<p class=\"wp-block-paragraph\"><em>Com mais de 90% da \u00e1rea 2025\/26 colhida, mas apenas 60% da produ\u00e7\u00e3o comercializada, mercado passa a acompanhar ritmo da demanda e das exporta\u00e7\u00f5es<\/em><\/p>\n\n\n\n<p class=\"wp-block-paragraph\">A colheita da safrinha 2025\/26 est\u00e1 praticamente conclu\u00edda, mas a comercializa\u00e7\u00e3o do milho ainda imp\u00f5e desafios ao produtor. Com mais de 90% da \u00e1rea j\u00e1 colhida e aproximadamente 60% da produ\u00e7\u00e3o comercializada at\u00e9 o fim de agosto, o mercado entra em uma nova etapa: o principal ponto de aten\u00e7\u00e3o deixa de ser o tamanho da safra e passa a ser a capacidade de absorver o volume que chegou ao mercado.<\/p>\n\n\n\n<p class=\"wp-block-paragraph\">Para a Biond Agro, a velocidade de entrada do milho foi superior \u00e0 das vendas, o que mant\u00e9m elevada a disponibilidade nas regi\u00f5es produtoras. Ao mesmo tempo, o fluxo externo segue abaixo do observado nos dois \u00faltimos anos, aumentando a import\u00e2ncia da demanda dom\u00e9stica para o equil\u00edbrio do mercado.<\/p>\n\n\n\n<p class=\"wp-block-paragraph\">De acordo com\u00a0<strong>Yedda Monteiro<\/strong>,<strong>\u00a0analista de intelig\u00eancia e estrat\u00e9gia da Biond Agro<\/strong>, o momento exige uma mudan\u00e7a na forma de avaliar o mercado. \u201cA colheita est\u00e1 chegando ao fim, mas a discuss\u00e3o agora \u00e9 sobre como esse volume dispon\u00edvel ser\u00e1 absorvido e em que momento o produtor encontrar\u00e1 uma janela de venda pertinente.\u201d<\/p>\n\n\n\n<p class=\"wp-block-paragraph\"><strong>Exporta\u00e7\u00f5es ainda s\u00e3o ponto de aten\u00e7\u00e3o<\/strong><\/p>\n\n\n\n<p class=\"wp-block-paragraph\">At\u00e9 o fim de agosto, o milho embarcado e programado para exporta\u00e7\u00e3o somava 16,7 milh\u00f5es de toneladas, bem abaixo dos quase 30 milh\u00f5es de toneladas registrados no mesmo per\u00edodo de 2024 e 2025. A menor velocidade das exporta\u00e7\u00f5es aumenta a parcela da produ\u00e7\u00e3o que precisa ser absorvida pelo mercado interno.<\/p>\n\n\n\n<p class=\"wp-block-paragraph\">Al\u00e9m do ritmo mais fraco dos embarques brasileiros, a concorr\u00eancia internacional tamb\u00e9m pesa sobre o mercado. A Argentina mant\u00e9m uma safra grande e pre\u00e7os competitivos, enquanto a redu\u00e7\u00e3o das compras do Ir\u00e3 diminuiu a for\u00e7a de um importante destino para o milho brasileiro. O relat\u00f3rio da Biond Agro aponta que uma acelera\u00e7\u00e3o do line-up, maior presen\u00e7a dos exportadores e uma disputa mais intensa da ind\u00fastria e do setor de etanol pelo milho podem mudar essa din\u00e2mica.<\/p>\n\n\n\n<p class=\"wp-block-paragraph\">\u201cO produtor precisa acompanhar de perto o comportamento das exporta\u00e7\u00f5es, porque a capacidade de recuperar participa\u00e7\u00e3o no mercado externo ser\u00e1 importante para determinar quanto desse estoque chegar\u00e1 ao pr\u00f3ximo ciclo\u201d, afirma Yedda.<\/p>\n\n\n\n<p class=\"wp-block-paragraph\">Apesar das dificuldades no escoamento, o ambiente para o milho \u00e9 considerado mais positivo para os quatro \u00faltimos meses do ano. O relat\u00f3rio destaca estoques globais mais apertados e demanda ainda ativa. Na Europa, a expectativa \u00e9 de uma das piores safras j\u00e1 registradas, enquanto nos Estados Unidos as condi\u00e7\u00f5es das lavouras se deterioraram, com possibilidade de perdas produtivas at\u00e9 o in\u00edcio da colheita, previsto para meados de setembro.<\/p>\n\n\n\n<p class=\"wp-block-paragraph\"><strong>Pre\u00e7o melhora, mas n\u00e3o chega igual ao interior<\/strong><\/p>\n\n\n\n<p class=\"wp-block-paragraph\">Outro fator que exige aten\u00e7\u00e3o \u00e9 a diferen\u00e7a entre os pre\u00e7os praticados nas principais pra\u00e7as produtoras. Segundo a Biond Agro, uma alta nas bolsas, seja na B3 ou em Chicago, nem sempre se traduz integralmente no pre\u00e7o dispon\u00edvel no interior. Log\u00edstica, basis, oferta e demanda local interferem diretamente na forma\u00e7\u00e3o do valor recebido pelo produtor.<\/p>\n\n\n\n<p class=\"wp-block-paragraph\">Nesse cen\u00e1rio, a orienta\u00e7\u00e3o \u00e9 aproveitar eventuais movimentos de alta quando eles chegarem ao mercado f\u00edsico. Caso a valoriza\u00e7\u00e3o das bolsas n\u00e3o se reflita de forma suficiente nas pra\u00e7as produtoras, o relat\u00f3rio considera atrativo recorrer ao mercado de futuros e op\u00e7\u00f5es para complementar o pre\u00e7o e buscar m\u00e9dias mais favor\u00e1veis para o or\u00e7amento.<\/p>\n\n\n\n<p class=\"wp-block-paragraph\">\u201cA estrat\u00e9gia para a 25\/26 precisa considerar o milho que ainda est\u00e1 dispon\u00edvel e as janelas de melhora de pre\u00e7o. O objetivo \u00e9 avan\u00e7ar gradualmente nas vendas, reduzindo a exposi\u00e7\u00e3o sem deixar de aproveitar oportunidades que possam surgir\u201d, avalia Yedda.<\/p>\n\n\n\n<p class=\"wp-block-paragraph\"><strong>Safrinha 2026\/27 traz outro tipo de risco<\/strong><\/p>\n\n\n\n<p class=\"wp-block-paragraph\">Enquanto a safra atual entra em uma fase de comercializa\u00e7\u00e3o, a pr\u00f3xima safrinha come\u00e7a a ser definida sob outra l\u00f3gica. Apenas 10% da produ\u00e7\u00e3o da 26\/27 havia sido comercializada at\u00e9 o fim de agosto, deixando a maior parte do volume futuro exposta \u00e0s oscila\u00e7\u00f5es de pre\u00e7o justamente no momento em que o produtor come\u00e7a a comprar insumos e planejar a pr\u00f3xima temporada.<\/p>\n\n\n\n<p class=\"wp-block-paragraph\">O principal risco, neste momento, n\u00e3o est\u00e1 diretamente nas condi\u00e7\u00f5es clim\u00e1ticas durante o ciclo do milho, mas no calend\u00e1rio da soja. Um eventual atraso na implanta\u00e7\u00e3o da oleaginosa pode comprimir a janela de plantio da segunda safra e aumentar a exposi\u00e7\u00e3o do milho a condi\u00e7\u00f5es clim\u00e1ticas adversas no fim do ciclo, com potencial impacto sobre a produtividade e a produ\u00e7\u00e3o de 2027.<\/p>\n\n\n\n<p class=\"wp-block-paragraph\">A rela\u00e7\u00e3o entre pre\u00e7o de venda e custo tamb\u00e9m ganha peso. A rela\u00e7\u00e3o milho\/ureia voltou para n\u00edveis pr\u00f3ximos da m\u00e9dia dos \u00faltimos cinco anos, em torno de 57 sacas por tonelada de fertilizante, enquanto as refer\u00eancias de ureia no Brasil voltaram a ganhar firmeza, com ofertas pr\u00f3ximas de US$ 430 a US$ 445 por tonelada CFR.<\/p>\n\n\n\n<p class=\"wp-block-paragraph\"><strong>Margem passa a orientar decis\u00f5es<\/strong><\/p>\n\n\n\n<p class=\"wp-block-paragraph\">Diante desse cen\u00e1rio, a Biond Agro recomenda separar as decis\u00f5es das duas safras. Para a 25\/26, o foco est\u00e1 na administra\u00e7\u00e3o do volume ainda dispon\u00edvel e no aproveitamento das janelas de melhora. Para a 26\/27, a prioridade passa a ser a constru\u00e7\u00e3o de margem e o acompanhamento do risco clim\u00e1tico.<\/p>\n\n\n\n<p class=\"wp-block-paragraph\">A orienta\u00e7\u00e3o \u00e9 evitar tanto uma venda agressiva de toda a pr\u00f3xima safra, que poderia reduzir a flexibilidade diante das incertezas, quanto deixar toda a produ\u00e7\u00e3o aberta, transferindo ao produtor o risco integral de pre\u00e7o, c\u00e2mbio e custo. Recomenda-se iniciar vendas parciais quando a margem estiver interessante, mantendo parte da produ\u00e7\u00e3o em aberto enquanto h\u00e1 maior defini\u00e7\u00e3o sobre clima, \u00e1rea e calend\u00e1rio da soja.<\/p>\n\n\n\n<p class=\"wp-block-paragraph\">\u201cNa 26\/27, a decis\u00e3o n\u00e3o deve ser tomada apenas olhando para o melhor pre\u00e7o do milho ou para o menor custo do fertilizante. O ponto central \u00e9 construir uma margem saud\u00e1vel quando a rela\u00e7\u00e3o entre venda e custos estiver interessante\u201d, diz Yedda.<\/p>\n\n\n\n<p class=\"wp-block-paragraph\">Essa distin\u00e7\u00e3o entre os per\u00edodos resume a din\u00e2mica atual: enquanto o ciclo 2025\/26 exije a\u00e7\u00f5es objetivas de comercializa\u00e7\u00e3o, a safra 2026\/27 passa a requerer um planejamento voltado ao gerenciamento de riscos e \u00e0 garantia de margens.<\/p>\n","protected":false},"excerpt":{"rendered":"<p>Com mais de 90% da \u00e1rea 2025\/26 colhida, mas apenas 60% da produ\u00e7\u00e3o comercializada, mercado passa a acompanhar ritmo da demanda e&#8230;<\/p>\n","protected":false},"author":47,"featured_media":85084,"comment_status":"closed","ping_status":"open","sticky":false,"template":"","format":"standard","meta":{"footnotes":""},"categories":[10190],"tags":[],"ppma_author":[13248],"class_list":["post-85083","post","type-post","status-publish","format-standard","has-post-thumbnail","category-agricultura"],"yoast_head":"<!-- This site is optimized with the Yoast SEO plugin v27.2 - https:\/\/yoast.com\/product\/yoast-seo-wordpress\/ -->\n<title>Milho safrinha entra em nova fase e coloca comercializa\u00e7\u00e3o no centro das decis\u00f5es do produtor - Economia S\/A<\/title>\n<meta name=\"robots\" content=\"index, follow, max-snippet:-1, max-image-preview:large, max-video-preview:-1\" \/>\n<link rel=\"canonical\" href=\"https:\/\/economiasa.com.br\/blog\/milho-safrinha-entra-em-nova-fase-e-coloca-comercializacao-no-centro-das-decisoes-do-produtor\/\" \/>\n<meta property=\"og:locale\" content=\"pt_BR\" \/>\n<meta property=\"og:type\" content=\"article\" \/>\n<meta property=\"og:title\" content=\"Milho safrinha entra em nova fase e coloca comercializa\u00e7\u00e3o no centro das decis\u00f5es do produtor - Economia S\/A\" \/>\n<meta property=\"og:description\" content=\"Com mais de 90% da \u00e1rea 2025\/26 colhida, mas apenas 60% da produ\u00e7\u00e3o comercializada, mercado passa a acompanhar ritmo da demanda e...\" \/>\n<meta property=\"og:url\" content=\"https:\/\/economiasa.com.br\/blog\/milho-safrinha-entra-em-nova-fase-e-coloca-comercializacao-no-centro-das-decisoes-do-produtor\/\" \/>\n<meta property=\"og:site_name\" content=\"Economia S\/A\" \/>\n<meta property=\"article:published_time\" content=\"2026-09-03T21:32:38+00:00\" \/>\n<meta property=\"article:modified_time\" content=\"2026-09-03T21:32:39+00:00\" \/>\n<meta property=\"og:image\" content=\"https:\/\/economiasa.com.br\/blog\/wp-content\/uploads\/2026\/09\/Yedda.jpg\" \/>\n\t<meta property=\"og:image:width\" content=\"800\" \/>\n\t<meta property=\"og:image:height\" content=\"800\" \/>\n\t<meta property=\"og:image:type\" content=\"image\/jpeg\" \/>\n<meta name=\"author\" content=\"Reda\u00e7\u00e3o\" \/>\n<meta name=\"twitter:card\" content=\"summary_large_image\" \/>\n<meta name=\"twitter:label1\" content=\"Escrito por\" \/>\n\t<meta name=\"twitter:data1\" content=\"Reda\u00e7\u00e3o\" \/>\n\t<meta name=\"twitter:label2\" content=\"Est. tempo de leitura\" \/>\n\t<meta name=\"twitter:data2\" content=\"6 minutos\" \/>\n<script type=\"application\/ld+json\" class=\"yoast-schema-graph\">{\"@context\":\"https:\/\/schema.org\",\"@graph\":[{\"@type\":\"Article\",\"@id\":\"https:\/\/economiasa.com.br\/blog\/milho-safrinha-entra-em-nova-fase-e-coloca-comercializacao-no-centro-das-decisoes-do-produtor\/#article\",\"isPartOf\":{\"@id\":\"https:\/\/economiasa.com.br\/blog\/milho-safrinha-entra-em-nova-fase-e-coloca-comercializacao-no-centro-das-decisoes-do-produtor\/\"},\"author\":{\"name\":\"Reda\u00e7\u00e3o\",\"@id\":\"https:\/\/economiasa.com.br\/blog\/#\/schema\/person\/14b8ac2dc25bd63b52bc54e845fa3923\"},\"headline\":\"Milho safrinha entra em nova fase e coloca comercializa\u00e7\u00e3o no centro das decis\u00f5es do produtor\",\"datePublished\":\"2026-09-03T21:32:38+00:00\",\"dateModified\":\"2026-09-03T21:32:39+00:00\",\"mainEntityOfPage\":{\"@id\":\"https:\/\/economiasa.com.br\/blog\/milho-safrinha-entra-em-nova-fase-e-coloca-comercializacao-no-centro-das-decisoes-do-produtor\/\"},\"wordCount\":1080,\"image\":{\"@id\":\"https:\/\/economiasa.com.br\/blog\/milho-safrinha-entra-em-nova-fase-e-coloca-comercializacao-no-centro-das-decisoes-do-produtor\/#primaryimage\"},\"thumbnailUrl\":\"https:\/\/economiasa.com.br\/blog\/wp-content\/uploads\/2026\/09\/Yedda.jpg\",\"articleSection\":[\"Agricultura\"],\"inLanguage\":\"pt-BR\"},{\"@type\":\"WebPage\",\"@id\":\"https:\/\/economiasa.com.br\/blog\/milho-safrinha-entra-em-nova-fase-e-coloca-comercializacao-no-centro-das-decisoes-do-produtor\/\",\"url\":\"https:\/\/economiasa.com.br\/blog\/milho-safrinha-entra-em-nova-fase-e-coloca-comercializacao-no-centro-das-decisoes-do-produtor\/\",\"name\":\"Milho safrinha entra em nova fase e coloca comercializa\u00e7\u00e3o no centro das decis\u00f5es do produtor - Economia S\/A\",\"isPartOf\":{\"@id\":\"https:\/\/economiasa.com.br\/blog\/#website\"},\"primaryImageOfPage\":{\"@id\":\"https:\/\/economiasa.com.br\/blog\/milho-safrinha-entra-em-nova-fase-e-coloca-comercializacao-no-centro-das-decisoes-do-produtor\/#primaryimage\"},\"image\":{\"@id\":\"https:\/\/economiasa.com.br\/blog\/milho-safrinha-entra-em-nova-fase-e-coloca-comercializacao-no-centro-das-decisoes-do-produtor\/#primaryimage\"},\"thumbnailUrl\":\"https:\/\/economiasa.com.br\/blog\/wp-content\/uploads\/2026\/09\/Yedda.jpg\",\"datePublished\":\"2026-09-03T21:32:38+00:00\",\"dateModified\":\"2026-09-03T21:32:39+00:00\",\"author\":{\"@id\":\"https:\/\/economiasa.com.br\/blog\/#\/schema\/person\/14b8ac2dc25bd63b52bc54e845fa3923\"},\"breadcrumb\":{\"@id\":\"https:\/\/economiasa.com.br\/blog\/milho-safrinha-entra-em-nova-fase-e-coloca-comercializacao-no-centro-das-decisoes-do-produtor\/#breadcrumb\"},\"inLanguage\":\"pt-BR\",\"potentialAction\":[{\"@type\":\"ReadAction\",\"target\":[\"https:\/\/economiasa.com.br\/blog\/milho-safrinha-entra-em-nova-fase-e-coloca-comercializacao-no-centro-das-decisoes-do-produtor\/\"]}]},{\"@type\":\"ImageObject\",\"inLanguage\":\"pt-BR\",\"@id\":\"https:\/\/economiasa.com.br\/blog\/milho-safrinha-entra-em-nova-fase-e-coloca-comercializacao-no-centro-das-decisoes-do-produtor\/#primaryimage\",\"url\":\"https:\/\/economiasa.com.br\/blog\/wp-content\/uploads\/2026\/09\/Yedda.jpg\",\"contentUrl\":\"https:\/\/economiasa.com.br\/blog\/wp-content\/uploads\/2026\/09\/Yedda.jpg\",\"width\":800,\"height\":800,\"caption\":\"Yedda Monteiro - analista de intelig\u00eancia e estrat\u00e9gia da Biond Agro Divulga\u00e7\u00e3o\/Biond Agro\"},{\"@type\":\"BreadcrumbList\",\"@id\":\"https:\/\/economiasa.com.br\/blog\/milho-safrinha-entra-em-nova-fase-e-coloca-comercializacao-no-centro-das-decisoes-do-produtor\/#breadcrumb\",\"itemListElement\":[{\"@type\":\"ListItem\",\"position\":1,\"name\":\"In\u00edcio\",\"item\":\"https:\/\/economiasa.com.br\/blog\/\"},{\"@type\":\"ListItem\",\"position\":2,\"name\":\"Milho safrinha entra em nova fase e coloca comercializa\u00e7\u00e3o no centro das decis\u00f5es do produtor\"}]},{\"@type\":\"WebSite\",\"@id\":\"https:\/\/economiasa.com.br\/blog\/#website\",\"url\":\"https:\/\/economiasa.com.br\/blog\/\",\"name\":\"Economia S\/A\",\"description\":\"Ler faz bem para os neg\u00f3cios\",\"potentialAction\":[{\"@type\":\"SearchAction\",\"target\":{\"@type\":\"EntryPoint\",\"urlTemplate\":\"https:\/\/economiasa.com.br\/blog\/?s={search_term_string}\"},\"query-input\":{\"@type\":\"PropertyValueSpecification\",\"valueRequired\":true,\"valueName\":\"search_term_string\"}}],\"inLanguage\":\"pt-BR\"},{\"@type\":\"Person\",\"@id\":\"https:\/\/economiasa.com.br\/blog\/#\/schema\/person\/14b8ac2dc25bd63b52bc54e845fa3923\",\"name\":\"Reda\u00e7\u00e3o\",\"image\":{\"@type\":\"ImageObject\",\"inLanguage\":\"pt-BR\",\"@id\":\"https:\/\/secure.gravatar.com\/avatar\/c8c795261f7f8547b22616a549577db9e450bd5622da3f6eb62b0e2c3e364c4e?s=96&d=mm&r=g0fb5212bc57e2287787936667fbbe0ff\",\"url\":\"https:\/\/secure.gravatar.com\/avatar\/c8c795261f7f8547b22616a549577db9e450bd5622da3f6eb62b0e2c3e364c4e?s=96&d=mm&r=g\",\"contentUrl\":\"https:\/\/secure.gravatar.com\/avatar\/c8c795261f7f8547b22616a549577db9e450bd5622da3f6eb62b0e2c3e364c4e?s=96&d=mm&r=g\",\"caption\":\"Reda\u00e7\u00e3o\"},\"sameAs\":[\"http:\/\/www.economiasa.com.br\"],\"url\":\"https:\/\/economiasa.com.br\/blog\/author\/redacao\/\"}]}<\/script>\n<!-- \/ Yoast SEO plugin. -->","yoast_head_json":{"title":"Milho safrinha entra em nova fase e coloca comercializa\u00e7\u00e3o no centro das decis\u00f5es do produtor - Economia S\/A","robots":{"index":"index","follow":"follow","max-snippet":"max-snippet:-1","max-image-preview":"max-image-preview:large","max-video-preview":"max-video-preview:-1"},"canonical":"https:\/\/economiasa.com.br\/blog\/milho-safrinha-entra-em-nova-fase-e-coloca-comercializacao-no-centro-das-decisoes-do-produtor\/","og_locale":"pt_BR","og_type":"article","og_title":"Milho safrinha entra em nova fase e coloca comercializa\u00e7\u00e3o no centro das decis\u00f5es do produtor - Economia S\/A","og_description":"Com mais de 90% da \u00e1rea 2025\/26 colhida, mas apenas 60% da produ\u00e7\u00e3o comercializada, mercado passa a acompanhar ritmo da demanda e...","og_url":"https:\/\/economiasa.com.br\/blog\/milho-safrinha-entra-em-nova-fase-e-coloca-comercializacao-no-centro-das-decisoes-do-produtor\/","og_site_name":"Economia S\/A","article_published_time":"2026-09-03T21:32:38+00:00","article_modified_time":"2026-09-03T21:32:39+00:00","og_image":[{"width":800,"height":800,"url":"https:\/\/economiasa.com.br\/blog\/wp-content\/uploads\/2026\/09\/Yedda.jpg","type":"image\/jpeg"}],"author":"Reda\u00e7\u00e3o","twitter_card":"summary_large_image","twitter_misc":{"Escrito por":"Reda\u00e7\u00e3o","Est. tempo de leitura":"6 minutos"},"schema":{"@context":"https:\/\/schema.org","@graph":[{"@type":"Article","@id":"https:\/\/economiasa.com.br\/blog\/milho-safrinha-entra-em-nova-fase-e-coloca-comercializacao-no-centro-das-decisoes-do-produtor\/#article","isPartOf":{"@id":"https:\/\/economiasa.com.br\/blog\/milho-safrinha-entra-em-nova-fase-e-coloca-comercializacao-no-centro-das-decisoes-do-produtor\/"},"author":{"name":"Reda\u00e7\u00e3o","@id":"https:\/\/economiasa.com.br\/blog\/#\/schema\/person\/14b8ac2dc25bd63b52bc54e845fa3923"},"headline":"Milho safrinha entra em nova fase e coloca comercializa\u00e7\u00e3o no centro das decis\u00f5es do produtor","datePublished":"2026-09-03T21:32:38+00:00","dateModified":"2026-09-03T21:32:39+00:00","mainEntityOfPage":{"@id":"https:\/\/economiasa.com.br\/blog\/milho-safrinha-entra-em-nova-fase-e-coloca-comercializacao-no-centro-das-decisoes-do-produtor\/"},"wordCount":1080,"image":{"@id":"https:\/\/economiasa.com.br\/blog\/milho-safrinha-entra-em-nova-fase-e-coloca-comercializacao-no-centro-das-decisoes-do-produtor\/#primaryimage"},"thumbnailUrl":"https:\/\/economiasa.com.br\/blog\/wp-content\/uploads\/2026\/09\/Yedda.jpg","articleSection":["Agricultura"],"inLanguage":"pt-BR"},{"@type":"WebPage","@id":"https:\/\/economiasa.com.br\/blog\/milho-safrinha-entra-em-nova-fase-e-coloca-comercializacao-no-centro-das-decisoes-do-produtor\/","url":"https:\/\/economiasa.com.br\/blog\/milho-safrinha-entra-em-nova-fase-e-coloca-comercializacao-no-centro-das-decisoes-do-produtor\/","name":"Milho safrinha entra em nova fase e coloca comercializa\u00e7\u00e3o no centro das decis\u00f5es do produtor - Economia S\/A","isPartOf":{"@id":"https:\/\/economiasa.com.br\/blog\/#website"},"primaryImageOfPage":{"@id":"https:\/\/economiasa.com.br\/blog\/milho-safrinha-entra-em-nova-fase-e-coloca-comercializacao-no-centro-das-decisoes-do-produtor\/#primaryimage"},"image":{"@id":"https:\/\/economiasa.com.br\/blog\/milho-safrinha-entra-em-nova-fase-e-coloca-comercializacao-no-centro-das-decisoes-do-produtor\/#primaryimage"},"thumbnailUrl":"https:\/\/economiasa.com.br\/blog\/wp-content\/uploads\/2026\/09\/Yedda.jpg","datePublished":"2026-09-03T21:32:38+00:00","dateModified":"2026-09-03T21:32:39+00:00","author":{"@id":"https:\/\/economiasa.com.br\/blog\/#\/schema\/person\/14b8ac2dc25bd63b52bc54e845fa3923"},"breadcrumb":{"@id":"https:\/\/economiasa.com.br\/blog\/milho-safrinha-entra-em-nova-fase-e-coloca-comercializacao-no-centro-das-decisoes-do-produtor\/#breadcrumb"},"inLanguage":"pt-BR","potentialAction":[{"@type":"ReadAction","target":["https:\/\/economiasa.com.br\/blog\/milho-safrinha-entra-em-nova-fase-e-coloca-comercializacao-no-centro-das-decisoes-do-produtor\/"]}]},{"@type":"ImageObject","inLanguage":"pt-BR","@id":"https:\/\/economiasa.com.br\/blog\/milho-safrinha-entra-em-nova-fase-e-coloca-comercializacao-no-centro-das-decisoes-do-produtor\/#primaryimage","url":"https:\/\/economiasa.com.br\/blog\/wp-content\/uploads\/2026\/09\/Yedda.jpg","contentUrl":"https:\/\/economiasa.com.br\/blog\/wp-content\/uploads\/2026\/09\/Yedda.jpg","width":800,"height":800,"caption":"Yedda Monteiro - analista de intelig\u00eancia e estrat\u00e9gia da Biond Agro Divulga\u00e7\u00e3o\/Biond Agro"},{"@type":"BreadcrumbList","@id":"https:\/\/economiasa.com.br\/blog\/milho-safrinha-entra-em-nova-fase-e-coloca-comercializacao-no-centro-das-decisoes-do-produtor\/#breadcrumb","itemListElement":[{"@type":"ListItem","position":1,"name":"In\u00edcio","item":"https:\/\/economiasa.com.br\/blog\/"},{"@type":"ListItem","position":2,"name":"Milho safrinha entra em nova fase e coloca comercializa\u00e7\u00e3o no centro das decis\u00f5es do produtor"}]},{"@type":"WebSite","@id":"https:\/\/economiasa.com.br\/blog\/#website","url":"https:\/\/economiasa.com.br\/blog\/","name":"Economia S\/A","description":"Ler faz bem para os neg\u00f3cios","potentialAction":[{"@type":"SearchAction","target":{"@type":"EntryPoint","urlTemplate":"https:\/\/economiasa.com.br\/blog\/?s={search_term_string}"},"query-input":{"@type":"PropertyValueSpecification","valueRequired":true,"valueName":"search_term_string"}}],"inLanguage":"pt-BR"},{"@type":"Person","@id":"https:\/\/economiasa.com.br\/blog\/#\/schema\/person\/14b8ac2dc25bd63b52bc54e845fa3923","name":"Reda\u00e7\u00e3o","image":{"@type":"ImageObject","inLanguage":"pt-BR","@id":"https:\/\/secure.gravatar.com\/avatar\/c8c795261f7f8547b22616a549577db9e450bd5622da3f6eb62b0e2c3e364c4e?s=96&d=mm&r=g0fb5212bc57e2287787936667fbbe0ff","url":"https:\/\/secure.gravatar.com\/avatar\/c8c795261f7f8547b22616a549577db9e450bd5622da3f6eb62b0e2c3e364c4e?s=96&d=mm&r=g","contentUrl":"https:\/\/secure.gravatar.com\/avatar\/c8c795261f7f8547b22616a549577db9e450bd5622da3f6eb62b0e2c3e364c4e?s=96&d=mm&r=g","caption":"Reda\u00e7\u00e3o"},"sameAs":["http:\/\/www.economiasa.com.br"],"url":"https:\/\/economiasa.com.br\/blog\/author\/redacao\/"}]}},"authors":[{"term_id":13248,"user_id":47,"is_guest":0,"slug":"redacao","display_name":"Reda\u00e7\u00e3o","avatar_url":"https:\/\/secure.gravatar.com\/avatar\/c8c795261f7f8547b22616a549577db9e450bd5622da3f6eb62b0e2c3e364c4e?s=96&d=mm&r=g","author_category":"","first_name":"Reda\u00e7\u00e3o","last_name":"","user_url":"http:\/\/www.economiasa.com.br","job_title":"","description":""}],"amp_enabled":true,"_links":{"self":[{"href":"https:\/\/economiasa.com.br\/blog\/wp-json\/wp\/v2\/posts\/85083","targetHints":{"allow":["GET"]}}],"collection":[{"href":"https:\/\/economiasa.com.br\/blog\/wp-json\/wp\/v2\/posts"}],"about":[{"href":"https:\/\/economiasa.com.br\/blog\/wp-json\/wp\/v2\/types\/post"}],"author":[{"embeddable":true,"href":"https:\/\/economiasa.com.br\/blog\/wp-json\/wp\/v2\/users\/47"}],"replies":[{"embeddable":true,"href":"https:\/\/economiasa.com.br\/blog\/wp-json\/wp\/v2\/comments?post=85083"}],"version-history":[{"count":0,"href":"https:\/\/economiasa.com.br\/blog\/wp-json\/wp\/v2\/posts\/85083\/revisions"}],"wp:featuredmedia":[{"embeddable":true,"href":"https:\/\/economiasa.com.br\/blog\/wp-json\/wp\/v2\/media\/85084"}],"wp:attachment":[{"href":"https:\/\/economiasa.com.br\/blog\/wp-json\/wp\/v2\/media?parent=85083"}],"wp:term":[{"taxonomy":"category","embeddable":true,"href":"https:\/\/economiasa.com.br\/blog\/wp-json\/wp\/v2\/categories?post=85083"},{"taxonomy":"post_tag","embeddable":true,"href":"https:\/\/economiasa.com.br\/blog\/wp-json\/wp\/v2\/tags?post=85083"},{"taxonomy":"author","embeddable":true,"href":"https:\/\/economiasa.com.br\/blog\/wp-json\/wp\/v2\/ppma_author?post=85083"}],"curies":[{"name":"wp","href":"https:\/\/api.w.org\/{rel}","templated":true}]}}