{"id":85088,"date":"2026-09-03T18:38:05","date_gmt":"2026-09-03T21:38:05","guid":{"rendered":"https:\/\/economiasa.com.br\/blog\/?p=85088"},"modified":"2026-09-03T18:38:06","modified_gmt":"2026-09-03T21:38:06","slug":"safra-2026-27-cenario-mudou-mas-ainda-da-tempo-para-ajustar-o-planejamento","status":"publish","type":"post","link":"https:\/\/economiasa.com.br\/blog\/safra-2026-27-cenario-mudou-mas-ainda-da-tempo-para-ajustar-o-planejamento\/","title":{"rendered":"Safra 2026\/27: cen\u00e1rio mudou, mas ainda d\u00e1 tempo para ajustar o planejamento"},"content":{"rendered":"\n<p class=\"wp-block-paragraph\"><em>Alta e volatilidade dos fertilizantes, riscos clim\u00e1ticos e instabilidade internacional refor\u00e7am a import\u00e2ncia de revisar custos e estrat\u00e9gias<\/em><\/p>\n\n\n\n<p class=\"wp-block-paragraph\">O Plano Safra 2026\/2027 come\u00e7ou oficialmente em 1\u00ba de julho, com R$ 525,1 bilh\u00f5es destinados \u00e0 agricultura empresarial para custeio, comercializa\u00e7\u00e3o e investimentos. Mas, dois meses ap\u00f3s o in\u00edcio do novo ano agr\u00edcola, o produtor j\u00e1 precisa lidar com vari\u00e1veis que podem afetar suas decis\u00f5es de custo e planejamento, como a alta e a volatilidade dos pre\u00e7os dos fertilizantes, as incertezas clim\u00e1ticas e a instabilidade geopol\u00edtica. Nesse contexto, setembro surge como um per\u00edodo estrat\u00e9gico para revisar o planejamento da safra 2026\/27, reavaliando custos, cronogramas de compra e estrat\u00e9gias de nutri\u00e7\u00e3o sem comprometer a produtividade.\u00a0<\/p>\n\n\n\n<p class=\"wp-block-paragraph\">\u201cPlanejamento agr\u00edcola n\u00e3o deve ser est\u00e1tico. Quando o cen\u00e1rio muda, \u00e9 importante revisar as premissas utilizadas no in\u00edcio do ciclo e entender onde ainda \u00e9 poss\u00edvel fazer ajustes. O objetivo n\u00e3o \u00e9 simplesmente reduzir custos, mas buscar efici\u00eancia e preservar o potencial produtivo da lavoura\u201d, afirma Lu\u00eds Schiavo, CEO da Naval Fertilizantes, empresa especializada em produtos biol\u00f3gicos, nutri\u00e7\u00e3o e tecnologia de aplica\u00e7\u00e3o para lavouras.<\/p>\n\n\n\n<p class=\"wp-block-paragraph\">A depend\u00eancia brasileira do mercado internacional torna o planejamento da aduba\u00e7\u00e3o especialmente sens\u00edvel \u00e0s oscila\u00e7\u00f5es externas. Segundo o Minist\u00e9rio da Agricultura e Pecu\u00e1ria, mais de 80% dos fertilizantes utilizados no pa\u00eds s\u00e3o importados, o que deixa o produtor exposto a varia\u00e7\u00f5es de pre\u00e7os e \u00e0s condi\u00e7\u00f5es do mercado internacional. O Plano Nacional de Fertilizantes foi criado justamente para enfrentar essa depend\u00eancia por meio do fortalecimento da produ\u00e7\u00e3o nacional. Para o produtor, a recomenda\u00e7\u00e3o, portanto, n\u00e3o \u00e9 simplesmente antecipar compras ou reduzir a utiliza\u00e7\u00e3o de insumos, mas reavaliar a rela\u00e7\u00e3o entre custo, disponibilidade e necessidade nutricional da cultura.<\/p>\n\n\n\n<p class=\"wp-block-paragraph\">\u201cUma decis\u00e3o baseada apenas no pre\u00e7o da tonelada pode ser insuficiente. \u00c9 preciso considerar o custo por hectare, a necessidade da cultura, o momento de aplica\u00e7\u00e3o e o impacto que uma eventual redu\u00e7\u00e3o de nutrientes pode ter sobre a produtividade. Efici\u00eancia deve estar no centro dessa conta\u201d, explica Schiavo.<\/p>\n\n\n\n<p class=\"wp-block-paragraph\">A discuss\u00e3o sobre o abastecimento de fertilizantes tamb\u00e9m ganhou for\u00e7a no cen\u00e1rio nacional. Em agosto desse ano, o Senado aprovou o Profert, programa que prev\u00ea at\u00e9 R$ 10 bilh\u00f5es em\u00a0subs\u00eddios, ao longo de cinco anos, para estimular novas f\u00e1bricas e a expans\u00e3o ou moderniza\u00e7\u00e3o de unidades existentes. A proposta tem entre seus objetivos ampliar a produ\u00e7\u00e3o nacional e reduzir a depend\u00eancia brasileira das importa\u00e7\u00f5es. A iniciativa se soma ao Plano Nacional de Fertilizantes, que estabelece como uma de suas diretrizes a renova\u00e7\u00e3o,\u00a0reativa\u00e7\u00e3o e amplia\u00e7\u00e3o das plantas industriais existentes no pa\u00eds.<\/p>\n\n\n\n<p class=\"wp-block-paragraph\">\u201cN\u00e3o se trata de eliminar as importa\u00e7\u00f5es, algo que n\u00e3o seria realista para um pa\u00eds com a dimens\u00e3o da nossa agricultura, mas de ampliar as alternativas de abastecimento. Uma produ\u00e7\u00e3o nacional mais forte contribui para reduzir a exposi\u00e7\u00e3o do produtor a choques externos e pode trazer mais previsibilidade para uma etapa t\u00e3o importante do planejamento da safra\u201d, avalia Schiavo.<\/p>\n\n\n\n<p class=\"wp-block-paragraph\">Al\u00e9m dos custos dos insumos, o produtor precisa acompanhar as condi\u00e7\u00f5es clim\u00e1ticas. O Instituto Nacional de Meteorologia (INMET) aponta que o El Ni\u00f1o deve se manter e se intensificar ao longo do segundo semestre, com possibilidade de\u00a0atingir intensidade muito forte entre a primavera e o in\u00edcio do ver\u00e3o. As proje\u00e7\u00f5es indicam impactos diferentes entre as regi\u00f5es brasileiras, com previs\u00e3o de chuvas acima da m\u00e9dia em partes do Sul e abaixo da m\u00e9dia no Centro-Norte do pa\u00eds, al\u00e9m de temperaturas superiores ao padr\u00e3o hist\u00f3rico em boa parte do territ\u00f3rio.<\/p>\n\n\n\n<p class=\"wp-block-paragraph\">Diante desse cen\u00e1rio, revisar o planejamento n\u00e3o significa abandonar o que foi definido no in\u00edcio do ano-safra, mas adapt\u00e1-lo \u00e0s novas condi\u00e7\u00f5es de mercado e de clima. \u201cSetembro ainda \u00e9 um momento de ajuste. O produtor pode olhar novamente para seu or\u00e7amento, acompanhar o comportamento dos insumos, avaliar as condi\u00e7\u00f5es da lavoura e verificar se as decis\u00f5es tomadas no in\u00edcio do ciclo continuam fazendo sentido. Quanto mais cedo identificar uma mudan\u00e7a de cen\u00e1rio, maior a capacidade de agir de forma antecipada\u201d, conclui o CEO da Naval Fertilizantes.\u00a0<\/p>\n","protected":false},"excerpt":{"rendered":"<p>Alta e volatilidade dos fertilizantes, riscos clim\u00e1ticos e instabilidade internacional refor\u00e7am a import\u00e2ncia de revisar custos e estrat\u00e9gias O Plano Safra 2026\/2027&#8230;<\/p>\n","protected":false},"author":42,"featured_media":85089,"comment_status":"closed","ping_status":"open","sticky":false,"template":"","format":"standard","meta":{"footnotes":""},"categories":[101],"tags":[],"ppma_author":[13245],"class_list":["post-85088","post","type-post","status-publish","format-standard","has-post-thumbnail","category-negocios"],"yoast_head":"<!-- This site is optimized with the Yoast SEO plugin v27.2 - https:\/\/yoast.com\/product\/yoast-seo-wordpress\/ -->\n<title>Safra 2026\/27: cen\u00e1rio mudou, mas ainda d\u00e1 tempo para ajustar o planejamento - Economia S\/A<\/title>\n<meta name=\"robots\" content=\"index, follow, max-snippet:-1, max-image-preview:large, max-video-preview:-1\" \/>\n<link rel=\"canonical\" href=\"https:\/\/economiasa.com.br\/blog\/safra-2026-27-cenario-mudou-mas-ainda-da-tempo-para-ajustar-o-planejamento\/\" \/>\n<meta property=\"og:locale\" content=\"pt_BR\" \/>\n<meta property=\"og:type\" content=\"article\" \/>\n<meta property=\"og:title\" content=\"Safra 2026\/27: cen\u00e1rio mudou, mas ainda d\u00e1 tempo para ajustar o planejamento - Economia S\/A\" \/>\n<meta property=\"og:description\" content=\"Alta e volatilidade dos fertilizantes, riscos clim\u00e1ticos e instabilidade internacional refor\u00e7am a import\u00e2ncia de revisar custos e estrat\u00e9gias O Plano Safra 2026\/2027...\" \/>\n<meta property=\"og:url\" content=\"https:\/\/economiasa.com.br\/blog\/safra-2026-27-cenario-mudou-mas-ainda-da-tempo-para-ajustar-o-planejamento\/\" \/>\n<meta property=\"og:site_name\" content=\"Economia S\/A\" \/>\n<meta property=\"article:published_time\" content=\"2026-09-03T21:38:05+00:00\" \/>\n<meta property=\"article:modified_time\" content=\"2026-09-03T21:38:06+00:00\" \/>\n<meta property=\"og:image\" content=\"https:\/\/economiasa.com.br\/blog\/wp-content\/uploads\/2026\/09\/Safra-202627-cenario-mudou-mas-ainda-da-tempo-para-ajustar-o-planejamento-Magnific.jpg\" \/>\n\t<meta property=\"og:image:width\" content=\"2500\" \/>\n\t<meta property=\"og:image:height\" content=\"1666\" \/>\n\t<meta property=\"og:image:type\" content=\"image\/jpeg\" \/>\n<meta name=\"author\" content=\"BugNet\" \/>\n<meta name=\"twitter:card\" content=\"summary_large_image\" \/>\n<meta name=\"twitter:label1\" content=\"Escrito por\" \/>\n\t<meta name=\"twitter:data1\" content=\"BugNet\" \/>\n\t<meta name=\"twitter:label2\" content=\"Est. tempo de leitura\" \/>\n\t<meta name=\"twitter:data2\" content=\"4 minutos\" \/>\n<script type=\"application\/ld+json\" class=\"yoast-schema-graph\">{\"@context\":\"https:\/\/schema.org\",\"@graph\":[{\"@type\":\"Article\",\"@id\":\"https:\/\/economiasa.com.br\/blog\/safra-2026-27-cenario-mudou-mas-ainda-da-tempo-para-ajustar-o-planejamento\/#article\",\"isPartOf\":{\"@id\":\"https:\/\/economiasa.com.br\/blog\/safra-2026-27-cenario-mudou-mas-ainda-da-tempo-para-ajustar-o-planejamento\/\"},\"author\":{\"name\":\"BugNet\",\"@id\":\"https:\/\/economiasa.com.br\/blog\/#\/schema\/person\/f0453ed094eb48de456b813c00e679ff\"},\"headline\":\"Safra 2026\/27: cen\u00e1rio mudou, mas ainda d\u00e1 tempo para ajustar o planejamento\",\"datePublished\":\"2026-09-03T21:38:05+00:00\",\"dateModified\":\"2026-09-03T21:38:06+00:00\",\"mainEntityOfPage\":{\"@id\":\"https:\/\/economiasa.com.br\/blog\/safra-2026-27-cenario-mudou-mas-ainda-da-tempo-para-ajustar-o-planejamento\/\"},\"wordCount\":757,\"image\":{\"@id\":\"https:\/\/economiasa.com.br\/blog\/safra-2026-27-cenario-mudou-mas-ainda-da-tempo-para-ajustar-o-planejamento\/#primaryimage\"},\"thumbnailUrl\":\"https:\/\/economiasa.com.br\/blog\/wp-content\/uploads\/2026\/09\/Safra-202627-cenario-mudou-mas-ainda-da-tempo-para-ajustar-o-planejamento-Magnific.jpg\",\"articleSection\":[\"Neg\u00f3cios\"],\"inLanguage\":\"pt-BR\"},{\"@type\":\"WebPage\",\"@id\":\"https:\/\/economiasa.com.br\/blog\/safra-2026-27-cenario-mudou-mas-ainda-da-tempo-para-ajustar-o-planejamento\/\",\"url\":\"https:\/\/economiasa.com.br\/blog\/safra-2026-27-cenario-mudou-mas-ainda-da-tempo-para-ajustar-o-planejamento\/\",\"name\":\"Safra 2026\/27: cen\u00e1rio mudou, mas ainda d\u00e1 tempo para ajustar o planejamento - Economia S\/A\",\"isPartOf\":{\"@id\":\"https:\/\/economiasa.com.br\/blog\/#website\"},\"primaryImageOfPage\":{\"@id\":\"https:\/\/economiasa.com.br\/blog\/safra-2026-27-cenario-mudou-mas-ainda-da-tempo-para-ajustar-o-planejamento\/#primaryimage\"},\"image\":{\"@id\":\"https:\/\/economiasa.com.br\/blog\/safra-2026-27-cenario-mudou-mas-ainda-da-tempo-para-ajustar-o-planejamento\/#primaryimage\"},\"thumbnailUrl\":\"https:\/\/economiasa.com.br\/blog\/wp-content\/uploads\/2026\/09\/Safra-202627-cenario-mudou-mas-ainda-da-tempo-para-ajustar-o-planejamento-Magnific.jpg\",\"datePublished\":\"2026-09-03T21:38:05+00:00\",\"dateModified\":\"2026-09-03T21:38:06+00:00\",\"author\":{\"@id\":\"https:\/\/economiasa.com.br\/blog\/#\/schema\/person\/f0453ed094eb48de456b813c00e679ff\"},\"breadcrumb\":{\"@id\":\"https:\/\/economiasa.com.br\/blog\/safra-2026-27-cenario-mudou-mas-ainda-da-tempo-para-ajustar-o-planejamento\/#breadcrumb\"},\"inLanguage\":\"pt-BR\",\"potentialAction\":[{\"@type\":\"ReadAction\",\"target\":[\"https:\/\/economiasa.com.br\/blog\/safra-2026-27-cenario-mudou-mas-ainda-da-tempo-para-ajustar-o-planejamento\/\"]}]},{\"@type\":\"ImageObject\",\"inLanguage\":\"pt-BR\",\"@id\":\"https:\/\/economiasa.com.br\/blog\/safra-2026-27-cenario-mudou-mas-ainda-da-tempo-para-ajustar-o-planejamento\/#primaryimage\",\"url\":\"https:\/\/economiasa.com.br\/blog\/wp-content\/uploads\/2026\/09\/Safra-202627-cenario-mudou-mas-ainda-da-tempo-para-ajustar-o-planejamento-Magnific.jpg\",\"contentUrl\":\"https:\/\/economiasa.com.br\/blog\/wp-content\/uploads\/2026\/09\/Safra-202627-cenario-mudou-mas-ainda-da-tempo-para-ajustar-o-planejamento-Magnific.jpg\",\"width\":2500,\"height\":1666,\"caption\":\"Magnific \/ Divulga\u00e7\u00e3o\"},{\"@type\":\"BreadcrumbList\",\"@id\":\"https:\/\/economiasa.com.br\/blog\/safra-2026-27-cenario-mudou-mas-ainda-da-tempo-para-ajustar-o-planejamento\/#breadcrumb\",\"itemListElement\":[{\"@type\":\"ListItem\",\"position\":1,\"name\":\"In\u00edcio\",\"item\":\"https:\/\/economiasa.com.br\/blog\/\"},{\"@type\":\"ListItem\",\"position\":2,\"name\":\"Safra 2026\/27: cen\u00e1rio mudou, mas ainda d\u00e1 tempo para ajustar o planejamento\"}]},{\"@type\":\"WebSite\",\"@id\":\"https:\/\/economiasa.com.br\/blog\/#website\",\"url\":\"https:\/\/economiasa.com.br\/blog\/\",\"name\":\"Economia S\/A\",\"description\":\"Ler faz bem para os neg\u00f3cios\",\"potentialAction\":[{\"@type\":\"SearchAction\",\"target\":{\"@type\":\"EntryPoint\",\"urlTemplate\":\"https:\/\/economiasa.com.br\/blog\/?s={search_term_string}\"},\"query-input\":{\"@type\":\"PropertyValueSpecification\",\"valueRequired\":true,\"valueName\":\"search_term_string\"}}],\"inLanguage\":\"pt-BR\"},{\"@type\":\"Person\",\"@id\":\"https:\/\/economiasa.com.br\/blog\/#\/schema\/person\/f0453ed094eb48de456b813c00e679ff\",\"name\":\"BugNet\",\"image\":{\"@type\":\"ImageObject\",\"inLanguage\":\"pt-BR\",\"@id\":\"https:\/\/secure.gravatar.com\/avatar\/3bb6587db856dcfccfd52e5c4a271ee2c924190045b1d71648f6a3282ed2ab79?s=96&d=mm&r=g9c8a4208815e3711cd8311af9d426853\",\"url\":\"https:\/\/secure.gravatar.com\/avatar\/3bb6587db856dcfccfd52e5c4a271ee2c924190045b1d71648f6a3282ed2ab79?s=96&d=mm&r=g\",\"contentUrl\":\"https:\/\/secure.gravatar.com\/avatar\/3bb6587db856dcfccfd52e5c4a271ee2c924190045b1d71648f6a3282ed2ab79?s=96&d=mm&r=g\",\"caption\":\"BugNet\"},\"url\":\"https:\/\/economiasa.com.br\/blog\/author\/bugnet\/\"}]}<\/script>\n<!-- \/ Yoast SEO plugin. -->","yoast_head_json":{"title":"Safra 2026\/27: cen\u00e1rio mudou, mas ainda d\u00e1 tempo para ajustar o planejamento - Economia S\/A","robots":{"index":"index","follow":"follow","max-snippet":"max-snippet:-1","max-image-preview":"max-image-preview:large","max-video-preview":"max-video-preview:-1"},"canonical":"https:\/\/economiasa.com.br\/blog\/safra-2026-27-cenario-mudou-mas-ainda-da-tempo-para-ajustar-o-planejamento\/","og_locale":"pt_BR","og_type":"article","og_title":"Safra 2026\/27: cen\u00e1rio mudou, mas ainda d\u00e1 tempo para ajustar o planejamento - Economia S\/A","og_description":"Alta e volatilidade dos fertilizantes, riscos clim\u00e1ticos e instabilidade internacional refor\u00e7am a import\u00e2ncia de revisar custos e estrat\u00e9gias O Plano Safra 2026\/2027...","og_url":"https:\/\/economiasa.com.br\/blog\/safra-2026-27-cenario-mudou-mas-ainda-da-tempo-para-ajustar-o-planejamento\/","og_site_name":"Economia S\/A","article_published_time":"2026-09-03T21:38:05+00:00","article_modified_time":"2026-09-03T21:38:06+00:00","og_image":[{"width":2500,"height":1666,"url":"https:\/\/economiasa.com.br\/blog\/wp-content\/uploads\/2026\/09\/Safra-202627-cenario-mudou-mas-ainda-da-tempo-para-ajustar-o-planejamento-Magnific.jpg","type":"image\/jpeg"}],"author":"BugNet","twitter_card":"summary_large_image","twitter_misc":{"Escrito por":"BugNet","Est. tempo de leitura":"4 minutos"},"schema":{"@context":"https:\/\/schema.org","@graph":[{"@type":"Article","@id":"https:\/\/economiasa.com.br\/blog\/safra-2026-27-cenario-mudou-mas-ainda-da-tempo-para-ajustar-o-planejamento\/#article","isPartOf":{"@id":"https:\/\/economiasa.com.br\/blog\/safra-2026-27-cenario-mudou-mas-ainda-da-tempo-para-ajustar-o-planejamento\/"},"author":{"name":"BugNet","@id":"https:\/\/economiasa.com.br\/blog\/#\/schema\/person\/f0453ed094eb48de456b813c00e679ff"},"headline":"Safra 2026\/27: cen\u00e1rio mudou, mas ainda d\u00e1 tempo para ajustar o planejamento","datePublished":"2026-09-03T21:38:05+00:00","dateModified":"2026-09-03T21:38:06+00:00","mainEntityOfPage":{"@id":"https:\/\/economiasa.com.br\/blog\/safra-2026-27-cenario-mudou-mas-ainda-da-tempo-para-ajustar-o-planejamento\/"},"wordCount":757,"image":{"@id":"https:\/\/economiasa.com.br\/blog\/safra-2026-27-cenario-mudou-mas-ainda-da-tempo-para-ajustar-o-planejamento\/#primaryimage"},"thumbnailUrl":"https:\/\/economiasa.com.br\/blog\/wp-content\/uploads\/2026\/09\/Safra-202627-cenario-mudou-mas-ainda-da-tempo-para-ajustar-o-planejamento-Magnific.jpg","articleSection":["Neg\u00f3cios"],"inLanguage":"pt-BR"},{"@type":"WebPage","@id":"https:\/\/economiasa.com.br\/blog\/safra-2026-27-cenario-mudou-mas-ainda-da-tempo-para-ajustar-o-planejamento\/","url":"https:\/\/economiasa.com.br\/blog\/safra-2026-27-cenario-mudou-mas-ainda-da-tempo-para-ajustar-o-planejamento\/","name":"Safra 2026\/27: cen\u00e1rio mudou, mas ainda d\u00e1 tempo para ajustar o planejamento - Economia S\/A","isPartOf":{"@id":"https:\/\/economiasa.com.br\/blog\/#website"},"primaryImageOfPage":{"@id":"https:\/\/economiasa.com.br\/blog\/safra-2026-27-cenario-mudou-mas-ainda-da-tempo-para-ajustar-o-planejamento\/#primaryimage"},"image":{"@id":"https:\/\/economiasa.com.br\/blog\/safra-2026-27-cenario-mudou-mas-ainda-da-tempo-para-ajustar-o-planejamento\/#primaryimage"},"thumbnailUrl":"https:\/\/economiasa.com.br\/blog\/wp-content\/uploads\/2026\/09\/Safra-202627-cenario-mudou-mas-ainda-da-tempo-para-ajustar-o-planejamento-Magnific.jpg","datePublished":"2026-09-03T21:38:05+00:00","dateModified":"2026-09-03T21:38:06+00:00","author":{"@id":"https:\/\/economiasa.com.br\/blog\/#\/schema\/person\/f0453ed094eb48de456b813c00e679ff"},"breadcrumb":{"@id":"https:\/\/economiasa.com.br\/blog\/safra-2026-27-cenario-mudou-mas-ainda-da-tempo-para-ajustar-o-planejamento\/#breadcrumb"},"inLanguage":"pt-BR","potentialAction":[{"@type":"ReadAction","target":["https:\/\/economiasa.com.br\/blog\/safra-2026-27-cenario-mudou-mas-ainda-da-tempo-para-ajustar-o-planejamento\/"]}]},{"@type":"ImageObject","inLanguage":"pt-BR","@id":"https:\/\/economiasa.com.br\/blog\/safra-2026-27-cenario-mudou-mas-ainda-da-tempo-para-ajustar-o-planejamento\/#primaryimage","url":"https:\/\/economiasa.com.br\/blog\/wp-content\/uploads\/2026\/09\/Safra-202627-cenario-mudou-mas-ainda-da-tempo-para-ajustar-o-planejamento-Magnific.jpg","contentUrl":"https:\/\/economiasa.com.br\/blog\/wp-content\/uploads\/2026\/09\/Safra-202627-cenario-mudou-mas-ainda-da-tempo-para-ajustar-o-planejamento-Magnific.jpg","width":2500,"height":1666,"caption":"Magnific \/ Divulga\u00e7\u00e3o"},{"@type":"BreadcrumbList","@id":"https:\/\/economiasa.com.br\/blog\/safra-2026-27-cenario-mudou-mas-ainda-da-tempo-para-ajustar-o-planejamento\/#breadcrumb","itemListElement":[{"@type":"ListItem","position":1,"name":"In\u00edcio","item":"https:\/\/economiasa.com.br\/blog\/"},{"@type":"ListItem","position":2,"name":"Safra 2026\/27: cen\u00e1rio mudou, mas ainda d\u00e1 tempo para ajustar o planejamento"}]},{"@type":"WebSite","@id":"https:\/\/economiasa.com.br\/blog\/#website","url":"https:\/\/economiasa.com.br\/blog\/","name":"Economia S\/A","description":"Ler faz bem para os neg\u00f3cios","potentialAction":[{"@type":"SearchAction","target":{"@type":"EntryPoint","urlTemplate":"https:\/\/economiasa.com.br\/blog\/?s={search_term_string}"},"query-input":{"@type":"PropertyValueSpecification","valueRequired":true,"valueName":"search_term_string"}}],"inLanguage":"pt-BR"},{"@type":"Person","@id":"https:\/\/economiasa.com.br\/blog\/#\/schema\/person\/f0453ed094eb48de456b813c00e679ff","name":"BugNet","image":{"@type":"ImageObject","inLanguage":"pt-BR","@id":"https:\/\/secure.gravatar.com\/avatar\/3bb6587db856dcfccfd52e5c4a271ee2c924190045b1d71648f6a3282ed2ab79?s=96&d=mm&r=g9c8a4208815e3711cd8311af9d426853","url":"https:\/\/secure.gravatar.com\/avatar\/3bb6587db856dcfccfd52e5c4a271ee2c924190045b1d71648f6a3282ed2ab79?s=96&d=mm&r=g","contentUrl":"https:\/\/secure.gravatar.com\/avatar\/3bb6587db856dcfccfd52e5c4a271ee2c924190045b1d71648f6a3282ed2ab79?s=96&d=mm&r=g","caption":"BugNet"},"url":"https:\/\/economiasa.com.br\/blog\/author\/bugnet\/"}]}},"authors":[{"term_id":13245,"user_id":42,"is_guest":0,"slug":"bugnet","display_name":"BugNet","avatar_url":"https:\/\/secure.gravatar.com\/avatar\/3bb6587db856dcfccfd52e5c4a271ee2c924190045b1d71648f6a3282ed2ab79?s=96&d=mm&r=g","author_category":"","first_name":"BugNet","last_name":"","user_url":"","job_title":"","description":""}],"amp_enabled":true,"_links":{"self":[{"href":"https:\/\/economiasa.com.br\/blog\/wp-json\/wp\/v2\/posts\/85088","targetHints":{"allow":["GET"]}}],"collection":[{"href":"https:\/\/economiasa.com.br\/blog\/wp-json\/wp\/v2\/posts"}],"about":[{"href":"https:\/\/economiasa.com.br\/blog\/wp-json\/wp\/v2\/types\/post"}],"author":[{"embeddable":true,"href":"https:\/\/economiasa.com.br\/blog\/wp-json\/wp\/v2\/users\/42"}],"replies":[{"embeddable":true,"href":"https:\/\/economiasa.com.br\/blog\/wp-json\/wp\/v2\/comments?post=85088"}],"version-history":[{"count":0,"href":"https:\/\/economiasa.com.br\/blog\/wp-json\/wp\/v2\/posts\/85088\/revisions"}],"wp:featuredmedia":[{"embeddable":true,"href":"https:\/\/economiasa.com.br\/blog\/wp-json\/wp\/v2\/media\/85089"}],"wp:attachment":[{"href":"https:\/\/economiasa.com.br\/blog\/wp-json\/wp\/v2\/media?parent=85088"}],"wp:term":[{"taxonomy":"category","embeddable":true,"href":"https:\/\/economiasa.com.br\/blog\/wp-json\/wp\/v2\/categories?post=85088"},{"taxonomy":"post_tag","embeddable":true,"href":"https:\/\/economiasa.com.br\/blog\/wp-json\/wp\/v2\/tags?post=85088"},{"taxonomy":"author","embeddable":true,"href":"https:\/\/economiasa.com.br\/blog\/wp-json\/wp\/v2\/ppma_author?post=85088"}],"curies":[{"name":"wp","href":"https:\/\/api.w.org\/{rel}","templated":true}]}}