{"id":85095,"date":"2026-09-04T10:25:22","date_gmt":"2026-09-04T13:25:22","guid":{"rendered":"https:\/\/economiasa.com.br\/blog\/?p=85095"},"modified":"2026-09-04T10:25:22","modified_gmt":"2026-09-04T13:25:22","slug":"o-dentista-cadu-crevelario-ganha-nova-fase-no-sbt","status":"publish","type":"post","link":"https:\/\/economiasa.com.br\/blog\/o-dentista-cadu-crevelario-ganha-nova-fase-no-sbt\/","title":{"rendered":"O dentista Cadu Crevelario ganha nova fase no SBT"},"content":{"rendered":"\n<p class=\"wp-block-paragraph\">O dentista e empres\u00e1rio Cadu Crevelario vive um novo momento em sua trajet\u00f3ria na televis\u00e3o. Ap\u00f3s sua passagem pela RedeTV e ficar um tempo longe das telas, Cadu inicia agora uma nova fase no SBT.<\/p>\n\n\n\n<p class=\"wp-block-paragraph\">\u00c0 frente do Instituto das Lentes, Cadu vem unindo sua experi\u00eancia na odontologia est\u00e9tica \u00e0 comunica\u00e7\u00e3o, levando para a televis\u00e3o temas relacionados a transforma\u00e7\u00e3o, sorriso e autoestima.<\/p>\n\n\n\n<p class=\"wp-block-paragraph\">\u201cA televis\u00e3o j\u00e1 faz parte da minha hist\u00f3ria. Chegar ao SBT representa uma nova fase e a oportunidade de levar meu trabalho e minha vis\u00e3o sobre transforma\u00e7\u00e3o para ainda mais pessoas\u201d, afirma Cadu.<\/p>\n\n\n\n<figure class=\"wp-block-image size-large\"><img loading=\"lazy\" decoding=\"async\" width=\"1024\" height=\"1024\" src=\"https:\/\/economiasa.com.br\/blog\/wp-content\/uploads\/2026\/09\/IMG_4893.JPG-1024x1024.jpeg\" alt=\"Cr\u00e9ditos da Foto: Divulga\u00e7\u00e3o\" class=\"wp-image-85096\" srcset=\"https:\/\/economiasa.com.br\/blog\/wp-content\/uploads\/2026\/09\/IMG_4893.JPG-1024x1024.jpeg 1024w, https:\/\/economiasa.com.br\/blog\/wp-content\/uploads\/2026\/09\/IMG_4893.JPG-300x300.jpeg 300w, https:\/\/economiasa.com.br\/blog\/wp-content\/uploads\/2026\/09\/IMG_4893.JPG-150x150.jpeg 150w, https:\/\/economiasa.com.br\/blog\/wp-content\/uploads\/2026\/09\/IMG_4893.JPG-768x768.jpeg 768w, https:\/\/economiasa.com.br\/blog\/wp-content\/uploads\/2026\/09\/IMG_4893.JPG-360x360.jpeg 360w, https:\/\/economiasa.com.br\/blog\/wp-content\/uploads\/2026\/09\/IMG_4893.JPG.jpeg 1254w\" sizes=\"auto, (max-width: 1024px) 100vw, 1024px\" \/><figcaption class=\"wp-element-caption\">Cr\u00e9ditos da Foto: Divulga\u00e7\u00e3o<\/figcaption><\/figure>\n\n\n\n<p class=\"wp-block-paragraph\">A novidade tamb\u00e9m marca um momento importante para o Instituto das Lentes, ampliando a visibilidade do trabalho desenvolvido pela marca.<\/p>\n\n\n\n<p class=\"wp-block-paragraph\">Da RedeTV ao SBT, Cadu Crevelario fortalece sua trajet\u00f3ria na televis\u00e3o e inicia um novo cap\u00edtulo de sua carreira.<\/p>\n\n\n\n<figure class=\"wp-block-image size-large\"><img loading=\"lazy\" decoding=\"async\" width=\"498\" height=\"1024\" src=\"https:\/\/economiasa.com.br\/blog\/wp-content\/uploads\/2026\/09\/IMG_4997.JPG-498x1024.jpeg\" alt=\"Cr\u00e9ditos da Foto: Divulga\u00e7\u00e3o\" class=\"wp-image-85097\" srcset=\"https:\/\/economiasa.com.br\/blog\/wp-content\/uploads\/2026\/09\/IMG_4997.JPG-498x1024.jpeg 498w, https:\/\/economiasa.com.br\/blog\/wp-content\/uploads\/2026\/09\/IMG_4997.JPG-146x300.jpeg 146w, https:\/\/economiasa.com.br\/blog\/wp-content\/uploads\/2026\/09\/IMG_4997.JPG-768x1578.jpeg 768w, https:\/\/economiasa.com.br\/blog\/wp-content\/uploads\/2026\/09\/IMG_4997.JPG-747x1536.jpeg 747w, https:\/\/economiasa.com.br\/blog\/wp-content\/uploads\/2026\/09\/IMG_4997.JPG-996x2048.jpeg 996w, https:\/\/economiasa.com.br\/blog\/wp-content\/uploads\/2026\/09\/IMG_4997.JPG-360x740.jpeg 360w, https:\/\/economiasa.com.br\/blog\/wp-content\/uploads\/2026\/09\/IMG_4997.JPG.jpeg 1320w\" sizes=\"auto, (max-width: 498px) 100vw, 498px\" \/><figcaption class=\"wp-element-caption\">Cr\u00e9ditos da Foto: Divulga\u00e7\u00e3o<\/figcaption><\/figure>\n","protected":false},"excerpt":{"rendered":"<p>O dentista e empres\u00e1rio Cadu Crevelario vive um novo momento em sua trajet\u00f3ria na televis\u00e3o. Ap\u00f3s sua passagem pela RedeTV e ficar&#8230;<\/p>\n","protected":false},"author":13,"featured_media":85098,"comment_status":"closed","ping_status":"open","sticky":false,"template":"","format":"standard","meta":{"footnotes":""},"categories":[12490],"tags":[],"ppma_author":[13237],"class_list":["post-85095","post","type-post","status-publish","format-standard","has-post-thumbnail","category-famosos"],"yoast_head":"<!-- This site is optimized with the Yoast SEO plugin v27.2 - https:\/\/yoast.com\/product\/yoast-seo-wordpress\/ -->\n<title>O dentista Cadu Crevelario ganha nova fase no SBT - Economia S\/A<\/title>\n<meta name=\"robots\" content=\"index, follow, max-snippet:-1, max-image-preview:large, max-video-preview:-1\" \/>\n<link rel=\"canonical\" href=\"https:\/\/economiasa.com.br\/blog\/o-dentista-cadu-crevelario-ganha-nova-fase-no-sbt\/\" \/>\n<meta property=\"og:locale\" content=\"pt_BR\" \/>\n<meta property=\"og:type\" content=\"article\" \/>\n<meta property=\"og:title\" content=\"O dentista Cadu Crevelario ganha nova fase no SBT - Economia S\/A\" \/>\n<meta property=\"og:description\" content=\"O dentista e empres\u00e1rio Cadu Crevelario vive um novo momento em sua trajet\u00f3ria na televis\u00e3o. Ap\u00f3s sua passagem pela RedeTV e ficar...\" \/>\n<meta property=\"og:url\" content=\"https:\/\/economiasa.com.br\/blog\/o-dentista-cadu-crevelario-ganha-nova-fase-no-sbt\/\" \/>\n<meta property=\"og:site_name\" content=\"Economia S\/A\" \/>\n<meta property=\"article:published_time\" content=\"2026-09-04T13:25:22+00:00\" \/>\n<meta property=\"og:image\" content=\"https:\/\/economiasa.com.br\/blog\/wp-content\/uploads\/2026\/09\/ccpx1-3.jpg\" \/>\n\t<meta property=\"og:image:width\" content=\"3024\" \/>\n\t<meta property=\"og:image:height\" content=\"1884\" \/>\n\t<meta property=\"og:image:type\" content=\"image\/jpeg\" \/>\n<meta name=\"author\" content=\"Reda\u00e7\u00e3o\" \/>\n<meta name=\"twitter:card\" content=\"summary_large_image\" \/>\n<meta name=\"twitter:label1\" content=\"Escrito por\" \/>\n\t<meta name=\"twitter:data1\" content=\"Reda\u00e7\u00e3o\" \/>\n\t<meta name=\"twitter:label2\" content=\"Est. tempo de leitura\" \/>\n\t<meta name=\"twitter:data2\" content=\"2 minutos\" \/>\n<script type=\"application\/ld+json\" class=\"yoast-schema-graph\">{\"@context\":\"https:\/\/schema.org\",\"@graph\":[{\"@type\":\"Article\",\"@id\":\"https:\/\/economiasa.com.br\/blog\/o-dentista-cadu-crevelario-ganha-nova-fase-no-sbt\/#article\",\"isPartOf\":{\"@id\":\"https:\/\/economiasa.com.br\/blog\/o-dentista-cadu-crevelario-ganha-nova-fase-no-sbt\/\"},\"author\":{\"name\":\"Reda\u00e7\u00e3o\",\"@id\":\"https:\/\/economiasa.com.br\/blog\/#\/schema\/person\/57f2dfaf8250a36d041a4e4cf0498faf\"},\"headline\":\"O dentista Cadu Crevelario ganha nova fase no SBT\",\"datePublished\":\"2026-09-04T13:25:22+00:00\",\"mainEntityOfPage\":{\"@id\":\"https:\/\/economiasa.com.br\/blog\/o-dentista-cadu-crevelario-ganha-nova-fase-no-sbt\/\"},\"wordCount\":170,\"image\":{\"@id\":\"https:\/\/economiasa.com.br\/blog\/o-dentista-cadu-crevelario-ganha-nova-fase-no-sbt\/#primaryimage\"},\"thumbnailUrl\":\"https:\/\/economiasa.com.br\/blog\/wp-content\/uploads\/2026\/09\/ccpx1-3.jpg\",\"articleSection\":[\"Famosos\"],\"inLanguage\":\"pt-BR\"},{\"@type\":\"WebPage\",\"@id\":\"https:\/\/economiasa.com.br\/blog\/o-dentista-cadu-crevelario-ganha-nova-fase-no-sbt\/\",\"url\":\"https:\/\/economiasa.com.br\/blog\/o-dentista-cadu-crevelario-ganha-nova-fase-no-sbt\/\",\"name\":\"O dentista Cadu Crevelario ganha nova fase no SBT - Economia S\/A\",\"isPartOf\":{\"@id\":\"https:\/\/economiasa.com.br\/blog\/#website\"},\"primaryImageOfPage\":{\"@id\":\"https:\/\/economiasa.com.br\/blog\/o-dentista-cadu-crevelario-ganha-nova-fase-no-sbt\/#primaryimage\"},\"image\":{\"@id\":\"https:\/\/economiasa.com.br\/blog\/o-dentista-cadu-crevelario-ganha-nova-fase-no-sbt\/#primaryimage\"},\"thumbnailUrl\":\"https:\/\/economiasa.com.br\/blog\/wp-content\/uploads\/2026\/09\/ccpx1-3.jpg\",\"datePublished\":\"2026-09-04T13:25:22+00:00\",\"author\":{\"@id\":\"https:\/\/economiasa.com.br\/blog\/#\/schema\/person\/57f2dfaf8250a36d041a4e4cf0498faf\"},\"breadcrumb\":{\"@id\":\"https:\/\/economiasa.com.br\/blog\/o-dentista-cadu-crevelario-ganha-nova-fase-no-sbt\/#breadcrumb\"},\"inLanguage\":\"pt-BR\",\"potentialAction\":[{\"@type\":\"ReadAction\",\"target\":[\"https:\/\/economiasa.com.br\/blog\/o-dentista-cadu-crevelario-ganha-nova-fase-no-sbt\/\"]}]},{\"@type\":\"ImageObject\",\"inLanguage\":\"pt-BR\",\"@id\":\"https:\/\/economiasa.com.br\/blog\/o-dentista-cadu-crevelario-ganha-nova-fase-no-sbt\/#primaryimage\",\"url\":\"https:\/\/economiasa.com.br\/blog\/wp-content\/uploads\/2026\/09\/ccpx1-3.jpg\",\"contentUrl\":\"https:\/\/economiasa.com.br\/blog\/wp-content\/uploads\/2026\/09\/ccpx1-3.jpg\",\"width\":3024,\"height\":1884,\"caption\":\"Cr\u00e9ditos da Foto: Divulga\u00e7\u00e3o\"},{\"@type\":\"BreadcrumbList\",\"@id\":\"https:\/\/economiasa.com.br\/blog\/o-dentista-cadu-crevelario-ganha-nova-fase-no-sbt\/#breadcrumb\",\"itemListElement\":[{\"@type\":\"ListItem\",\"position\":1,\"name\":\"In\u00edcio\",\"item\":\"https:\/\/economiasa.com.br\/blog\/\"},{\"@type\":\"ListItem\",\"position\":2,\"name\":\"O dentista Cadu Crevelario ganha nova fase no SBT\"}]},{\"@type\":\"WebSite\",\"@id\":\"https:\/\/economiasa.com.br\/blog\/#website\",\"url\":\"https:\/\/economiasa.com.br\/blog\/\",\"name\":\"Economia S\/A\",\"description\":\"Ler faz bem para os neg\u00f3cios\",\"potentialAction\":[{\"@type\":\"SearchAction\",\"target\":{\"@type\":\"EntryPoint\",\"urlTemplate\":\"https:\/\/economiasa.com.br\/blog\/?s={search_term_string}\"},\"query-input\":{\"@type\":\"PropertyValueSpecification\",\"valueRequired\":true,\"valueName\":\"search_term_string\"}}],\"inLanguage\":\"pt-BR\"},{\"@type\":\"Person\",\"@id\":\"https:\/\/economiasa.com.br\/blog\/#\/schema\/person\/57f2dfaf8250a36d041a4e4cf0498faf\",\"name\":\"Reda\u00e7\u00e3o\",\"image\":{\"@type\":\"ImageObject\",\"inLanguage\":\"pt-BR\",\"@id\":\"https:\/\/secure.gravatar.com\/avatar\/b9a74cf83ab7b387115b660a012a810ba4283a49e2dc1845eacfc09fd7fadd4b?s=96&d=mm&r=g8b4e5e7107f0781ab9bc60df20107da5\",\"url\":\"https:\/\/secure.gravatar.com\/avatar\/b9a74cf83ab7b387115b660a012a810ba4283a49e2dc1845eacfc09fd7fadd4b?s=96&d=mm&r=g\",\"contentUrl\":\"https:\/\/secure.gravatar.com\/avatar\/b9a74cf83ab7b387115b660a012a810ba4283a49e2dc1845eacfc09fd7fadd4b?s=96&d=mm&r=g\",\"caption\":\"Reda\u00e7\u00e3o\"},\"url\":\"https:\/\/economiasa.com.br\/blog\/author\/vhassessoriagmail-com\/\"}]}<\/script>\n<!-- \/ Yoast SEO plugin. -->","yoast_head_json":{"title":"O dentista Cadu Crevelario ganha nova fase no SBT - Economia S\/A","robots":{"index":"index","follow":"follow","max-snippet":"max-snippet:-1","max-image-preview":"max-image-preview:large","max-video-preview":"max-video-preview:-1"},"canonical":"https:\/\/economiasa.com.br\/blog\/o-dentista-cadu-crevelario-ganha-nova-fase-no-sbt\/","og_locale":"pt_BR","og_type":"article","og_title":"O dentista Cadu Crevelario ganha nova fase no SBT - Economia S\/A","og_description":"O dentista e empres\u00e1rio Cadu Crevelario vive um novo momento em sua trajet\u00f3ria na televis\u00e3o. Ap\u00f3s sua passagem pela RedeTV e ficar...","og_url":"https:\/\/economiasa.com.br\/blog\/o-dentista-cadu-crevelario-ganha-nova-fase-no-sbt\/","og_site_name":"Economia S\/A","article_published_time":"2026-09-04T13:25:22+00:00","og_image":[{"width":3024,"height":1884,"url":"https:\/\/economiasa.com.br\/blog\/wp-content\/uploads\/2026\/09\/ccpx1-3.jpg","type":"image\/jpeg"}],"author":"Reda\u00e7\u00e3o","twitter_card":"summary_large_image","twitter_misc":{"Escrito por":"Reda\u00e7\u00e3o","Est. tempo de leitura":"2 minutos"},"schema":{"@context":"https:\/\/schema.org","@graph":[{"@type":"Article","@id":"https:\/\/economiasa.com.br\/blog\/o-dentista-cadu-crevelario-ganha-nova-fase-no-sbt\/#article","isPartOf":{"@id":"https:\/\/economiasa.com.br\/blog\/o-dentista-cadu-crevelario-ganha-nova-fase-no-sbt\/"},"author":{"name":"Reda\u00e7\u00e3o","@id":"https:\/\/economiasa.com.br\/blog\/#\/schema\/person\/57f2dfaf8250a36d041a4e4cf0498faf"},"headline":"O dentista Cadu Crevelario ganha nova fase no SBT","datePublished":"2026-09-04T13:25:22+00:00","mainEntityOfPage":{"@id":"https:\/\/economiasa.com.br\/blog\/o-dentista-cadu-crevelario-ganha-nova-fase-no-sbt\/"},"wordCount":170,"image":{"@id":"https:\/\/economiasa.com.br\/blog\/o-dentista-cadu-crevelario-ganha-nova-fase-no-sbt\/#primaryimage"},"thumbnailUrl":"https:\/\/economiasa.com.br\/blog\/wp-content\/uploads\/2026\/09\/ccpx1-3.jpg","articleSection":["Famosos"],"inLanguage":"pt-BR"},{"@type":"WebPage","@id":"https:\/\/economiasa.com.br\/blog\/o-dentista-cadu-crevelario-ganha-nova-fase-no-sbt\/","url":"https:\/\/economiasa.com.br\/blog\/o-dentista-cadu-crevelario-ganha-nova-fase-no-sbt\/","name":"O dentista Cadu Crevelario ganha nova fase no SBT - Economia S\/A","isPartOf":{"@id":"https:\/\/economiasa.com.br\/blog\/#website"},"primaryImageOfPage":{"@id":"https:\/\/economiasa.com.br\/blog\/o-dentista-cadu-crevelario-ganha-nova-fase-no-sbt\/#primaryimage"},"image":{"@id":"https:\/\/economiasa.com.br\/blog\/o-dentista-cadu-crevelario-ganha-nova-fase-no-sbt\/#primaryimage"},"thumbnailUrl":"https:\/\/economiasa.com.br\/blog\/wp-content\/uploads\/2026\/09\/ccpx1-3.jpg","datePublished":"2026-09-04T13:25:22+00:00","author":{"@id":"https:\/\/economiasa.com.br\/blog\/#\/schema\/person\/57f2dfaf8250a36d041a4e4cf0498faf"},"breadcrumb":{"@id":"https:\/\/economiasa.com.br\/blog\/o-dentista-cadu-crevelario-ganha-nova-fase-no-sbt\/#breadcrumb"},"inLanguage":"pt-BR","potentialAction":[{"@type":"ReadAction","target":["https:\/\/economiasa.com.br\/blog\/o-dentista-cadu-crevelario-ganha-nova-fase-no-sbt\/"]}]},{"@type":"ImageObject","inLanguage":"pt-BR","@id":"https:\/\/economiasa.com.br\/blog\/o-dentista-cadu-crevelario-ganha-nova-fase-no-sbt\/#primaryimage","url":"https:\/\/economiasa.com.br\/blog\/wp-content\/uploads\/2026\/09\/ccpx1-3.jpg","contentUrl":"https:\/\/economiasa.com.br\/blog\/wp-content\/uploads\/2026\/09\/ccpx1-3.jpg","width":3024,"height":1884,"caption":"Cr\u00e9ditos da Foto: Divulga\u00e7\u00e3o"},{"@type":"BreadcrumbList","@id":"https:\/\/economiasa.com.br\/blog\/o-dentista-cadu-crevelario-ganha-nova-fase-no-sbt\/#breadcrumb","itemListElement":[{"@type":"ListItem","position":1,"name":"In\u00edcio","item":"https:\/\/economiasa.com.br\/blog\/"},{"@type":"ListItem","position":2,"name":"O dentista Cadu Crevelario ganha nova fase no SBT"}]},{"@type":"WebSite","@id":"https:\/\/economiasa.com.br\/blog\/#website","url":"https:\/\/economiasa.com.br\/blog\/","name":"Economia S\/A","description":"Ler faz bem para os neg\u00f3cios","potentialAction":[{"@type":"SearchAction","target":{"@type":"EntryPoint","urlTemplate":"https:\/\/economiasa.com.br\/blog\/?s={search_term_string}"},"query-input":{"@type":"PropertyValueSpecification","valueRequired":true,"valueName":"search_term_string"}}],"inLanguage":"pt-BR"},{"@type":"Person","@id":"https:\/\/economiasa.com.br\/blog\/#\/schema\/person\/57f2dfaf8250a36d041a4e4cf0498faf","name":"Reda\u00e7\u00e3o","image":{"@type":"ImageObject","inLanguage":"pt-BR","@id":"https:\/\/secure.gravatar.com\/avatar\/b9a74cf83ab7b387115b660a012a810ba4283a49e2dc1845eacfc09fd7fadd4b?s=96&d=mm&r=g8b4e5e7107f0781ab9bc60df20107da5","url":"https:\/\/secure.gravatar.com\/avatar\/b9a74cf83ab7b387115b660a012a810ba4283a49e2dc1845eacfc09fd7fadd4b?s=96&d=mm&r=g","contentUrl":"https:\/\/secure.gravatar.com\/avatar\/b9a74cf83ab7b387115b660a012a810ba4283a49e2dc1845eacfc09fd7fadd4b?s=96&d=mm&r=g","caption":"Reda\u00e7\u00e3o"},"url":"https:\/\/economiasa.com.br\/blog\/author\/vhassessoriagmail-com\/"}]}},"authors":[{"term_id":13237,"user_id":13,"is_guest":0,"slug":"vhassessoriagmail-com","display_name":"Reda\u00e7\u00e3o","avatar_url":"https:\/\/secure.gravatar.com\/avatar\/b9a74cf83ab7b387115b660a012a810ba4283a49e2dc1845eacfc09fd7fadd4b?s=96&d=mm&r=g","author_category":"","first_name":"Vanessa","last_name":"Reda\u00e7\u00e3o","user_url":"","job_title":"","description":""}],"amp_enabled":true,"_links":{"self":[{"href":"https:\/\/economiasa.com.br\/blog\/wp-json\/wp\/v2\/posts\/85095","targetHints":{"allow":["GET"]}}],"collection":[{"href":"https:\/\/economiasa.com.br\/blog\/wp-json\/wp\/v2\/posts"}],"about":[{"href":"https:\/\/economiasa.com.br\/blog\/wp-json\/wp\/v2\/types\/post"}],"author":[{"embeddable":true,"href":"https:\/\/economiasa.com.br\/blog\/wp-json\/wp\/v2\/users\/13"}],"replies":[{"embeddable":true,"href":"https:\/\/economiasa.com.br\/blog\/wp-json\/wp\/v2\/comments?post=85095"}],"version-history":[{"count":0,"href":"https:\/\/economiasa.com.br\/blog\/wp-json\/wp\/v2\/posts\/85095\/revisions"}],"wp:featuredmedia":[{"embeddable":true,"href":"https:\/\/economiasa.com.br\/blog\/wp-json\/wp\/v2\/media\/85098"}],"wp:attachment":[{"href":"https:\/\/economiasa.com.br\/blog\/wp-json\/wp\/v2\/media?parent=85095"}],"wp:term":[{"taxonomy":"category","embeddable":true,"href":"https:\/\/economiasa.com.br\/blog\/wp-json\/wp\/v2\/categories?post=85095"},{"taxonomy":"post_tag","embeddable":true,"href":"https:\/\/economiasa.com.br\/blog\/wp-json\/wp\/v2\/tags?post=85095"},{"taxonomy":"author","embeddable":true,"href":"https:\/\/economiasa.com.br\/blog\/wp-json\/wp\/v2\/ppma_author?post=85095"}],"curies":[{"name":"wp","href":"https:\/\/api.w.org\/{rel}","templated":true}]}}