{"id":85103,"date":"2026-09-04T10:33:09","date_gmt":"2026-09-04T13:33:09","guid":{"rendered":"https:\/\/economiasa.com.br\/blog\/?p=85103"},"modified":"2026-09-04T10:33:10","modified_gmt":"2026-09-04T13:33:10","slug":"inscricoes-abertas-semana-da-independencia-tera-aulas-gratuitas-e-remotas-para-concurseiros","status":"publish","type":"post","link":"https:\/\/economiasa.com.br\/blog\/inscricoes-abertas-semana-da-independencia-tera-aulas-gratuitas-e-remotas-para-concurseiros\/","title":{"rendered":"Inscri\u00e7\u00f5es abertas: Semana da Independ\u00eancia ter\u00e1 aulas gratuitas e remotas para concurseiros"},"content":{"rendered":"\n<p class=\"wp-block-paragraph\"><em>Evento acontece de 8 a 11 de setembro com professores do Qconcursos e ter\u00e1 conte\u00fados sobre planejamento, teoria, quest\u00f5es e revis\u00e3o<\/em><\/p>\n\n\n\n<p class=\"wp-block-paragraph\">Candidatos que estudam para concursos p\u00fablicos podem se inscrever gratuitamente para participar da Semana da Independ\u00eancia, evento on-line que acontece entre os dias 8 e 11 de setembro. A programa\u00e7\u00e3o ter\u00e1 quatro aulas para orienta\u00e7\u00e3o sobre a prepara\u00e7\u00e3o para provas, abordando m\u00e9todo de estudo, planejamento, teoria, resolu\u00e7\u00e3o de quest\u00f5es e revis\u00e3o.<\/p>\n\n\n\n<p class=\"wp-block-paragraph\">As aulas ser\u00e3o ministradas pelos professores do\u00a0<a href=\"https:\/\/www.qconcursos.com\/\" target=\"_blank\" rel=\"noreferrer noopener\">Qconcursos<\/a>\u00a0Kelly Alves, Luis Henrique, Matheus Santos e Nat\u00e1lia Cez\u00e1rio e transmitidas ao vivo, sempre \u00e0s 18h,\u00a0 pelo canal do Youtube do preparat\u00f3rio, permitindo a participa\u00e7\u00e3o de estudantes de todas as regi\u00f5es do pa\u00eds.<\/p>\n\n\n\n<p class=\"wp-block-paragraph\">A primeira aula ser\u00e1 realizada na ter\u00e7a-feira (8) com foco em orienta\u00e7\u00e3o e pr\u00e1tica de estudos. Na quarta-feira (9), o encontro aborda o que \u00e9 necess\u00e1rio para a prepara\u00e7\u00e3o antes da publica\u00e7\u00e3o do edital. J\u00e1 na quinta-feira (10), os estudantes acompanham uma programa\u00e7\u00e3o direcionada para pr\u00e1tica e revis\u00e3o. Encerrando o evento, na sexta-feira (11), a aula traz conte\u00fados de orienta\u00e7\u00e3o, teoria, pr\u00e1tica e revis\u00e3o. Para participar, os interessados podem se inscrever pelo\u00a0<a href=\"https:\/\/estude.qconcursos.com\/semana-da-independencia\" target=\"_blank\" rel=\"noreferrer noopener\">link<\/a>.\u00a0<\/p>\n\n\n\n<p class=\"wp-block-paragraph\">\u201cO erro mais comum entre concurseiros \u00e9 adiar o in\u00edcio da prepara\u00e7\u00e3o esperando um momento \u2018ideal\u2019 que nunca chega: mais tempo livre, menos cansa\u00e7o, um cronograma perfeito\u201d, analisa a professora Nat\u00e1lia Cez\u00e1rio. \u201cQuem come\u00e7a cedo, ainda que devagar, constr\u00f3i uma base s\u00f3lida e chega \u00e0 reta final da prova com menos ansiedade e mais repert\u00f3rio de quest\u00f5es resolvidas\u201d, orienta.<\/p>\n\n\n\n<p class=\"wp-block-paragraph\"><strong>Como organizar os estudos para concurso<\/strong><\/p>\n\n\n\n<p class=\"wp-block-paragraph\">Al\u00e9m do conte\u00fado das aulas, a programa\u00e7\u00e3o da Semana da Independ\u00eancia aborda estrat\u00e9gias que podem ser utilizadas na rotina de prepara\u00e7\u00e3o. Para Nat\u00e1lia, manter uma rotina sustent\u00e1vel ao longo do tempo \u00e9 mais importante do que concentrar muitas horas de estudo em per\u00edodos isolados.<\/p>\n\n\n\n<p class=\"wp-block-paragraph\">\u201cAprovados raramente s\u00e3o os que estudam mais horas isoladamente; s\u00e3o os que mant\u00eam uma rotina sustent\u00e1vel ao longo de meses, sem grandes interrup\u00e7\u00f5es.\u201d<\/p>\n\n\n\n<p class=\"wp-block-paragraph\">Outra orienta\u00e7\u00e3o da especialista \u00e9 identificar as disciplinas e conte\u00fados em que o candidato apresenta maior dificuldade. Segundo ela, aprovados costumam organizar o cronograma considerando esses pontos, em vez de dedicar a maior parte do tempo apenas aos assuntos que j\u00e1 dominam.<\/p>\n\n\n\n<p class=\"wp-block-paragraph\">O professor Matheus Santos\u00a0 tamb\u00e9m destaca a import\u00e2ncia de estabelecer uma estrat\u00e9gia de longo prazo. \u201cDisciplina \u00e9 combust\u00edvel, mas sem caminho ela cansa. Planejamento \u00e9 o que transforma esfor\u00e7o em aprova\u00e7\u00e3o, porque direciona a disciplina \u2018pro\u2019 lugar certo. Concurso \u00e9 um projeto de vida, n\u00e3o um tiro de 50 metros, \u00e9 necess\u00e1rio pensar no longo prazo e estar pronto para as oportunidades.\u201d<\/p>\n\n\n\n<p class=\"wp-block-paragraph\">Ele recomenda evitar compara\u00e7\u00f5es ao longo do tempo de estudos. \u201cUm erro muito comum \u00e9 achar que est\u00e1 atrasado ou que t\u00eam muitos na sua frente e que, dificilmente, voc\u00ea vai conseguir super\u00e1-los. Cada um tem seu tempo, seu processo.\u201d Dessa forma, alerta que o candidato deve concentrar esfor\u00e7os na constru\u00e7\u00e3o da pr\u00f3pria base e utilizar os erros para ajustar a prepara\u00e7\u00e3o.<\/p>\n\n\n\n<p class=\"wp-block-paragraph\"><strong>Servi\u00e7o<\/strong><\/p>\n\n\n\n<p class=\"wp-block-paragraph\"><strong>Semana da Independ\u00eancia<\/strong><\/p>\n\n\n\n<p class=\"wp-block-paragraph\">Data:\u00a0 8 a 11 de setembro<\/p>\n\n\n\n<p class=\"wp-block-paragraph\">Hor\u00e1rio: 18h<\/p>\n\n\n\n<p class=\"wp-block-paragraph\">Formato: on-line<\/p>\n\n\n\n<p class=\"wp-block-paragraph\">Participa\u00e7\u00e3o: gratuita<\/p>\n\n\n\n<p class=\"wp-block-paragraph\">Inscri\u00e7\u00f5es: abertas pelo\u00a0<a href=\"https:\/\/estude.qconcursos.com\/semana-da-independencia\" target=\"_blank\" rel=\"noreferrer noopener\">link<\/a><\/p>\n\n\n\n<p class=\"wp-block-paragraph\">Transmiss\u00e3o:\u00a0<a href=\"https:\/\/www.youtube.com\/playlist?list=PLAKoVaURb5xc\" target=\"_blank\" rel=\"noreferrer noopener\">Canal Qconcursos no YouTube<\/a><\/p>\n","protected":false},"excerpt":{"rendered":"<p>Evento acontece de 8 a 11 de setembro com professores do Qconcursos e ter\u00e1 conte\u00fados sobre planejamento, teoria, quest\u00f5es e revis\u00e3o Candidatos&#8230;<\/p>\n","protected":false},"author":47,"featured_media":85104,"comment_status":"closed","ping_status":"open","sticky":false,"template":"","format":"standard","meta":{"footnotes":""},"categories":[5702,1973],"tags":[],"ppma_author":[13248],"class_list":["post-85103","post","type-post","status-publish","format-standard","has-post-thumbnail","category-cursos","category-eventos"],"yoast_head":"<!-- This site is optimized with the Yoast SEO plugin v27.2 - https:\/\/yoast.com\/product\/yoast-seo-wordpress\/ -->\n<title>Inscri\u00e7\u00f5es abertas: Semana da Independ\u00eancia ter\u00e1 aulas gratuitas e remotas para concurseiros - Economia S\/A<\/title>\n<meta name=\"robots\" content=\"index, follow, max-snippet:-1, max-image-preview:large, max-video-preview:-1\" \/>\n<link rel=\"canonical\" href=\"https:\/\/economiasa.com.br\/blog\/inscricoes-abertas-semana-da-independencia-tera-aulas-gratuitas-e-remotas-para-concurseiros\/\" \/>\n<meta property=\"og:locale\" content=\"pt_BR\" \/>\n<meta property=\"og:type\" content=\"article\" \/>\n<meta property=\"og:title\" content=\"Inscri\u00e7\u00f5es abertas: Semana da Independ\u00eancia ter\u00e1 aulas gratuitas e remotas para concurseiros - Economia S\/A\" \/>\n<meta property=\"og:description\" content=\"Evento acontece de 8 a 11 de setembro com professores do Qconcursos e ter\u00e1 conte\u00fados sobre planejamento, teoria, quest\u00f5es e revis\u00e3o Candidatos...\" \/>\n<meta property=\"og:url\" content=\"https:\/\/economiasa.com.br\/blog\/inscricoes-abertas-semana-da-independencia-tera-aulas-gratuitas-e-remotas-para-concurseiros\/\" \/>\n<meta property=\"og:site_name\" content=\"Economia S\/A\" \/>\n<meta property=\"article:published_time\" content=\"2026-09-04T13:33:09+00:00\" \/>\n<meta property=\"article:modified_time\" content=\"2026-09-04T13:33:10+00:00\" \/>\n<meta property=\"og:image\" content=\"https:\/\/economiasa.com.br\/blog\/wp-content\/uploads\/2026\/09\/Capturar-30.png\" \/>\n\t<meta property=\"og:image:width\" content=\"771\" \/>\n\t<meta property=\"og:image:height\" content=\"511\" \/>\n\t<meta property=\"og:image:type\" content=\"image\/png\" \/>\n<meta name=\"author\" content=\"Reda\u00e7\u00e3o\" \/>\n<meta name=\"twitter:card\" content=\"summary_large_image\" \/>\n<meta name=\"twitter:label1\" content=\"Escrito por\" \/>\n\t<meta name=\"twitter:data1\" content=\"Reda\u00e7\u00e3o\" \/>\n\t<meta name=\"twitter:label2\" content=\"Est. tempo de leitura\" \/>\n\t<meta name=\"twitter:data2\" content=\"4 minutos\" \/>\n<script type=\"application\/ld+json\" class=\"yoast-schema-graph\">{\"@context\":\"https:\/\/schema.org\",\"@graph\":[{\"@type\":\"Article\",\"@id\":\"https:\/\/economiasa.com.br\/blog\/inscricoes-abertas-semana-da-independencia-tera-aulas-gratuitas-e-remotas-para-concurseiros\/#article\",\"isPartOf\":{\"@id\":\"https:\/\/economiasa.com.br\/blog\/inscricoes-abertas-semana-da-independencia-tera-aulas-gratuitas-e-remotas-para-concurseiros\/\"},\"author\":{\"name\":\"Reda\u00e7\u00e3o\",\"@id\":\"https:\/\/economiasa.com.br\/blog\/#\/schema\/person\/14b8ac2dc25bd63b52bc54e845fa3923\"},\"headline\":\"Inscri\u00e7\u00f5es abertas: Semana da Independ\u00eancia ter\u00e1 aulas gratuitas e remotas para concurseiros\",\"datePublished\":\"2026-09-04T13:33:09+00:00\",\"dateModified\":\"2026-09-04T13:33:10+00:00\",\"mainEntityOfPage\":{\"@id\":\"https:\/\/economiasa.com.br\/blog\/inscricoes-abertas-semana-da-independencia-tera-aulas-gratuitas-e-remotas-para-concurseiros\/\"},\"wordCount\":590,\"image\":{\"@id\":\"https:\/\/economiasa.com.br\/blog\/inscricoes-abertas-semana-da-independencia-tera-aulas-gratuitas-e-remotas-para-concurseiros\/#primaryimage\"},\"thumbnailUrl\":\"https:\/\/economiasa.com.br\/blog\/wp-content\/uploads\/2026\/09\/Capturar-30.png\",\"articleSection\":[\"Cursos\",\"Eventos\"],\"inLanguage\":\"pt-BR\"},{\"@type\":\"WebPage\",\"@id\":\"https:\/\/economiasa.com.br\/blog\/inscricoes-abertas-semana-da-independencia-tera-aulas-gratuitas-e-remotas-para-concurseiros\/\",\"url\":\"https:\/\/economiasa.com.br\/blog\/inscricoes-abertas-semana-da-independencia-tera-aulas-gratuitas-e-remotas-para-concurseiros\/\",\"name\":\"Inscri\u00e7\u00f5es abertas: Semana da Independ\u00eancia ter\u00e1 aulas gratuitas e remotas para concurseiros - Economia S\/A\",\"isPartOf\":{\"@id\":\"https:\/\/economiasa.com.br\/blog\/#website\"},\"primaryImageOfPage\":{\"@id\":\"https:\/\/economiasa.com.br\/blog\/inscricoes-abertas-semana-da-independencia-tera-aulas-gratuitas-e-remotas-para-concurseiros\/#primaryimage\"},\"image\":{\"@id\":\"https:\/\/economiasa.com.br\/blog\/inscricoes-abertas-semana-da-independencia-tera-aulas-gratuitas-e-remotas-para-concurseiros\/#primaryimage\"},\"thumbnailUrl\":\"https:\/\/economiasa.com.br\/blog\/wp-content\/uploads\/2026\/09\/Capturar-30.png\",\"datePublished\":\"2026-09-04T13:33:09+00:00\",\"dateModified\":\"2026-09-04T13:33:10+00:00\",\"author\":{\"@id\":\"https:\/\/economiasa.com.br\/blog\/#\/schema\/person\/14b8ac2dc25bd63b52bc54e845fa3923\"},\"breadcrumb\":{\"@id\":\"https:\/\/economiasa.com.br\/blog\/inscricoes-abertas-semana-da-independencia-tera-aulas-gratuitas-e-remotas-para-concurseiros\/#breadcrumb\"},\"inLanguage\":\"pt-BR\",\"potentialAction\":[{\"@type\":\"ReadAction\",\"target\":[\"https:\/\/economiasa.com.br\/blog\/inscricoes-abertas-semana-da-independencia-tera-aulas-gratuitas-e-remotas-para-concurseiros\/\"]}]},{\"@type\":\"ImageObject\",\"inLanguage\":\"pt-BR\",\"@id\":\"https:\/\/economiasa.com.br\/blog\/inscricoes-abertas-semana-da-independencia-tera-aulas-gratuitas-e-remotas-para-concurseiros\/#primaryimage\",\"url\":\"https:\/\/economiasa.com.br\/blog\/wp-content\/uploads\/2026\/09\/Capturar-30.png\",\"contentUrl\":\"https:\/\/economiasa.com.br\/blog\/wp-content\/uploads\/2026\/09\/Capturar-30.png\",\"width\":771,\"height\":511,\"caption\":\"Cr\u00e9ditos da foto: Divulga\u00e7\u00e3o\"},{\"@type\":\"BreadcrumbList\",\"@id\":\"https:\/\/economiasa.com.br\/blog\/inscricoes-abertas-semana-da-independencia-tera-aulas-gratuitas-e-remotas-para-concurseiros\/#breadcrumb\",\"itemListElement\":[{\"@type\":\"ListItem\",\"position\":1,\"name\":\"In\u00edcio\",\"item\":\"https:\/\/economiasa.com.br\/blog\/\"},{\"@type\":\"ListItem\",\"position\":2,\"name\":\"Inscri\u00e7\u00f5es abertas: Semana da Independ\u00eancia ter\u00e1 aulas gratuitas e remotas para concurseiros\"}]},{\"@type\":\"WebSite\",\"@id\":\"https:\/\/economiasa.com.br\/blog\/#website\",\"url\":\"https:\/\/economiasa.com.br\/blog\/\",\"name\":\"Economia S\/A\",\"description\":\"Ler faz bem para os neg\u00f3cios\",\"potentialAction\":[{\"@type\":\"SearchAction\",\"target\":{\"@type\":\"EntryPoint\",\"urlTemplate\":\"https:\/\/economiasa.com.br\/blog\/?s={search_term_string}\"},\"query-input\":{\"@type\":\"PropertyValueSpecification\",\"valueRequired\":true,\"valueName\":\"search_term_string\"}}],\"inLanguage\":\"pt-BR\"},{\"@type\":\"Person\",\"@id\":\"https:\/\/economiasa.com.br\/blog\/#\/schema\/person\/14b8ac2dc25bd63b52bc54e845fa3923\",\"name\":\"Reda\u00e7\u00e3o\",\"image\":{\"@type\":\"ImageObject\",\"inLanguage\":\"pt-BR\",\"@id\":\"https:\/\/secure.gravatar.com\/avatar\/c8c795261f7f8547b22616a549577db9e450bd5622da3f6eb62b0e2c3e364c4e?s=96&d=mm&r=g0fb5212bc57e2287787936667fbbe0ff\",\"url\":\"https:\/\/secure.gravatar.com\/avatar\/c8c795261f7f8547b22616a549577db9e450bd5622da3f6eb62b0e2c3e364c4e?s=96&d=mm&r=g\",\"contentUrl\":\"https:\/\/secure.gravatar.com\/avatar\/c8c795261f7f8547b22616a549577db9e450bd5622da3f6eb62b0e2c3e364c4e?s=96&d=mm&r=g\",\"caption\":\"Reda\u00e7\u00e3o\"},\"sameAs\":[\"http:\/\/www.economiasa.com.br\"],\"url\":\"https:\/\/economiasa.com.br\/blog\/author\/redacao\/\"}]}<\/script>\n<!-- \/ Yoast SEO plugin. -->","yoast_head_json":{"title":"Inscri\u00e7\u00f5es abertas: Semana da Independ\u00eancia ter\u00e1 aulas gratuitas e remotas para concurseiros - Economia S\/A","robots":{"index":"index","follow":"follow","max-snippet":"max-snippet:-1","max-image-preview":"max-image-preview:large","max-video-preview":"max-video-preview:-1"},"canonical":"https:\/\/economiasa.com.br\/blog\/inscricoes-abertas-semana-da-independencia-tera-aulas-gratuitas-e-remotas-para-concurseiros\/","og_locale":"pt_BR","og_type":"article","og_title":"Inscri\u00e7\u00f5es abertas: Semana da Independ\u00eancia ter\u00e1 aulas gratuitas e remotas para concurseiros - Economia S\/A","og_description":"Evento acontece de 8 a 11 de setembro com professores do Qconcursos e ter\u00e1 conte\u00fados sobre planejamento, teoria, quest\u00f5es e revis\u00e3o Candidatos...","og_url":"https:\/\/economiasa.com.br\/blog\/inscricoes-abertas-semana-da-independencia-tera-aulas-gratuitas-e-remotas-para-concurseiros\/","og_site_name":"Economia S\/A","article_published_time":"2026-09-04T13:33:09+00:00","article_modified_time":"2026-09-04T13:33:10+00:00","og_image":[{"width":771,"height":511,"url":"https:\/\/economiasa.com.br\/blog\/wp-content\/uploads\/2026\/09\/Capturar-30.png","type":"image\/png"}],"author":"Reda\u00e7\u00e3o","twitter_card":"summary_large_image","twitter_misc":{"Escrito por":"Reda\u00e7\u00e3o","Est. tempo de leitura":"4 minutos"},"schema":{"@context":"https:\/\/schema.org","@graph":[{"@type":"Article","@id":"https:\/\/economiasa.com.br\/blog\/inscricoes-abertas-semana-da-independencia-tera-aulas-gratuitas-e-remotas-para-concurseiros\/#article","isPartOf":{"@id":"https:\/\/economiasa.com.br\/blog\/inscricoes-abertas-semana-da-independencia-tera-aulas-gratuitas-e-remotas-para-concurseiros\/"},"author":{"name":"Reda\u00e7\u00e3o","@id":"https:\/\/economiasa.com.br\/blog\/#\/schema\/person\/14b8ac2dc25bd63b52bc54e845fa3923"},"headline":"Inscri\u00e7\u00f5es abertas: Semana da Independ\u00eancia ter\u00e1 aulas gratuitas e remotas para concurseiros","datePublished":"2026-09-04T13:33:09+00:00","dateModified":"2026-09-04T13:33:10+00:00","mainEntityOfPage":{"@id":"https:\/\/economiasa.com.br\/blog\/inscricoes-abertas-semana-da-independencia-tera-aulas-gratuitas-e-remotas-para-concurseiros\/"},"wordCount":590,"image":{"@id":"https:\/\/economiasa.com.br\/blog\/inscricoes-abertas-semana-da-independencia-tera-aulas-gratuitas-e-remotas-para-concurseiros\/#primaryimage"},"thumbnailUrl":"https:\/\/economiasa.com.br\/blog\/wp-content\/uploads\/2026\/09\/Capturar-30.png","articleSection":["Cursos","Eventos"],"inLanguage":"pt-BR"},{"@type":"WebPage","@id":"https:\/\/economiasa.com.br\/blog\/inscricoes-abertas-semana-da-independencia-tera-aulas-gratuitas-e-remotas-para-concurseiros\/","url":"https:\/\/economiasa.com.br\/blog\/inscricoes-abertas-semana-da-independencia-tera-aulas-gratuitas-e-remotas-para-concurseiros\/","name":"Inscri\u00e7\u00f5es abertas: Semana da Independ\u00eancia ter\u00e1 aulas gratuitas e remotas para concurseiros - Economia S\/A","isPartOf":{"@id":"https:\/\/economiasa.com.br\/blog\/#website"},"primaryImageOfPage":{"@id":"https:\/\/economiasa.com.br\/blog\/inscricoes-abertas-semana-da-independencia-tera-aulas-gratuitas-e-remotas-para-concurseiros\/#primaryimage"},"image":{"@id":"https:\/\/economiasa.com.br\/blog\/inscricoes-abertas-semana-da-independencia-tera-aulas-gratuitas-e-remotas-para-concurseiros\/#primaryimage"},"thumbnailUrl":"https:\/\/economiasa.com.br\/blog\/wp-content\/uploads\/2026\/09\/Capturar-30.png","datePublished":"2026-09-04T13:33:09+00:00","dateModified":"2026-09-04T13:33:10+00:00","author":{"@id":"https:\/\/economiasa.com.br\/blog\/#\/schema\/person\/14b8ac2dc25bd63b52bc54e845fa3923"},"breadcrumb":{"@id":"https:\/\/economiasa.com.br\/blog\/inscricoes-abertas-semana-da-independencia-tera-aulas-gratuitas-e-remotas-para-concurseiros\/#breadcrumb"},"inLanguage":"pt-BR","potentialAction":[{"@type":"ReadAction","target":["https:\/\/economiasa.com.br\/blog\/inscricoes-abertas-semana-da-independencia-tera-aulas-gratuitas-e-remotas-para-concurseiros\/"]}]},{"@type":"ImageObject","inLanguage":"pt-BR","@id":"https:\/\/economiasa.com.br\/blog\/inscricoes-abertas-semana-da-independencia-tera-aulas-gratuitas-e-remotas-para-concurseiros\/#primaryimage","url":"https:\/\/economiasa.com.br\/blog\/wp-content\/uploads\/2026\/09\/Capturar-30.png","contentUrl":"https:\/\/economiasa.com.br\/blog\/wp-content\/uploads\/2026\/09\/Capturar-30.png","width":771,"height":511,"caption":"Cr\u00e9ditos da foto: Divulga\u00e7\u00e3o"},{"@type":"BreadcrumbList","@id":"https:\/\/economiasa.com.br\/blog\/inscricoes-abertas-semana-da-independencia-tera-aulas-gratuitas-e-remotas-para-concurseiros\/#breadcrumb","itemListElement":[{"@type":"ListItem","position":1,"name":"In\u00edcio","item":"https:\/\/economiasa.com.br\/blog\/"},{"@type":"ListItem","position":2,"name":"Inscri\u00e7\u00f5es abertas: Semana da Independ\u00eancia ter\u00e1 aulas gratuitas e remotas para concurseiros"}]},{"@type":"WebSite","@id":"https:\/\/economiasa.com.br\/blog\/#website","url":"https:\/\/economiasa.com.br\/blog\/","name":"Economia S\/A","description":"Ler faz bem para os neg\u00f3cios","potentialAction":[{"@type":"SearchAction","target":{"@type":"EntryPoint","urlTemplate":"https:\/\/economiasa.com.br\/blog\/?s={search_term_string}"},"query-input":{"@type":"PropertyValueSpecification","valueRequired":true,"valueName":"search_term_string"}}],"inLanguage":"pt-BR"},{"@type":"Person","@id":"https:\/\/economiasa.com.br\/blog\/#\/schema\/person\/14b8ac2dc25bd63b52bc54e845fa3923","name":"Reda\u00e7\u00e3o","image":{"@type":"ImageObject","inLanguage":"pt-BR","@id":"https:\/\/secure.gravatar.com\/avatar\/c8c795261f7f8547b22616a549577db9e450bd5622da3f6eb62b0e2c3e364c4e?s=96&d=mm&r=g0fb5212bc57e2287787936667fbbe0ff","url":"https:\/\/secure.gravatar.com\/avatar\/c8c795261f7f8547b22616a549577db9e450bd5622da3f6eb62b0e2c3e364c4e?s=96&d=mm&r=g","contentUrl":"https:\/\/secure.gravatar.com\/avatar\/c8c795261f7f8547b22616a549577db9e450bd5622da3f6eb62b0e2c3e364c4e?s=96&d=mm&r=g","caption":"Reda\u00e7\u00e3o"},"sameAs":["http:\/\/www.economiasa.com.br"],"url":"https:\/\/economiasa.com.br\/blog\/author\/redacao\/"}]}},"authors":[{"term_id":13248,"user_id":47,"is_guest":0,"slug":"redacao","display_name":"Reda\u00e7\u00e3o","avatar_url":"https:\/\/secure.gravatar.com\/avatar\/c8c795261f7f8547b22616a549577db9e450bd5622da3f6eb62b0e2c3e364c4e?s=96&d=mm&r=g","author_category":"","first_name":"Reda\u00e7\u00e3o","last_name":"","user_url":"http:\/\/www.economiasa.com.br","job_title":"","description":""}],"amp_enabled":true,"_links":{"self":[{"href":"https:\/\/economiasa.com.br\/blog\/wp-json\/wp\/v2\/posts\/85103","targetHints":{"allow":["GET"]}}],"collection":[{"href":"https:\/\/economiasa.com.br\/blog\/wp-json\/wp\/v2\/posts"}],"about":[{"href":"https:\/\/economiasa.com.br\/blog\/wp-json\/wp\/v2\/types\/post"}],"author":[{"embeddable":true,"href":"https:\/\/economiasa.com.br\/blog\/wp-json\/wp\/v2\/users\/47"}],"replies":[{"embeddable":true,"href":"https:\/\/economiasa.com.br\/blog\/wp-json\/wp\/v2\/comments?post=85103"}],"version-history":[{"count":0,"href":"https:\/\/economiasa.com.br\/blog\/wp-json\/wp\/v2\/posts\/85103\/revisions"}],"wp:featuredmedia":[{"embeddable":true,"href":"https:\/\/economiasa.com.br\/blog\/wp-json\/wp\/v2\/media\/85104"}],"wp:attachment":[{"href":"https:\/\/economiasa.com.br\/blog\/wp-json\/wp\/v2\/media?parent=85103"}],"wp:term":[{"taxonomy":"category","embeddable":true,"href":"https:\/\/economiasa.com.br\/blog\/wp-json\/wp\/v2\/categories?post=85103"},{"taxonomy":"post_tag","embeddable":true,"href":"https:\/\/economiasa.com.br\/blog\/wp-json\/wp\/v2\/tags?post=85103"},{"taxonomy":"author","embeddable":true,"href":"https:\/\/economiasa.com.br\/blog\/wp-json\/wp\/v2\/ppma_author?post=85103"}],"curies":[{"name":"wp","href":"https:\/\/api.w.org\/{rel}","templated":true}]}}