{"id":85107,"date":"2026-09-04T10:37:29","date_gmt":"2026-09-04T13:37:29","guid":{"rendered":"https:\/\/economiasa.com.br\/blog\/?p=85107"},"modified":"2026-09-04T10:37:29","modified_gmt":"2026-09-04T13:37:29","slug":"movimento-inverso-com-80-das-unidades-no-interior-instituto-visao-solidaria-ivs-mira-expansao-nas-capitais-e-preve-abrir-135-lojas-ate-o-proximo-ano-e-faturar-r-240mm-em-2026","status":"publish","type":"post","link":"https:\/\/economiasa.com.br\/blog\/movimento-inverso-com-80-das-unidades-no-interior-instituto-visao-solidaria-ivs-mira-expansao-nas-capitais-e-preve-abrir-135-lojas-ate-o-proximo-ano-e-faturar-r-240mm-em-2026\/","title":{"rendered":"Movimento inverso: com 80% das unidades no interior, Instituto Vis\u00e3o Solid\u00e1ria (IVS) mira expans\u00e3o nas capitais e prev\u00ea abrir 135 lojas at\u00e9 o pr\u00f3ximo ano e faturar R$ 240MM em 2026"},"content":{"rendered":"\n<p class=\"wp-block-paragraph\"><em>Ap\u00f3s consolidar presen\u00e7a em cidades de m\u00e9dio e pequeno porte, rede de franquias de \u00f3ticas pretende ampliar atua\u00e7\u00e3o nos grandes centros e passar de 61 para 196 unidades nas capitais<\/em><br><\/p>\n\n\n\n<p class=\"wp-block-paragraph\">Durante anos, o crescimento do Instituto Vis\u00e3o Solid\u00e1ria (IVS) esteve diretamente ligado ao avan\u00e7o em cidades do interior. A estrat\u00e9gia permitiu \u00e0 rede consolidar sua presen\u00e7a em regi\u00f5es com menor oferta de servi\u00e7os \u00f3pticos e construir uma opera\u00e7\u00e3o nacional baseada na proximidade com o consumidor. Agora, a empresa inicia um novo movimento de expans\u00e3o. Depois de fortalecer sua atua\u00e7\u00e3o fora dos grandes centros, o IVS passa a concentrar parte dos investimentos nas capitais brasileiras e projeta um crescimento de 220% em 2026.<br><\/p>\n\n\n\n<p class=\"wp-block-paragraph\">A mudan\u00e7a representa uma esp\u00e9cie de \u201cinterioriza\u00e7\u00e3o reversa\u201d. Em vez de partir das capitais para alcan\u00e7ar munic\u00edpios menores, caminho tradicional adotado por grande parte das redes varejistas, o Instituto Vis\u00e3o Solid\u00e1ria faz o percurso oposto. A empresa nasceu em Cuiab\u00e1 (MT), expandiu sua opera\u00e7\u00e3o pelo interior do pa\u00eds e agora mira as principais metr\u00f3poles brasileiras para ampliar sua presen\u00e7a nacional.<br><\/p>\n\n\n\n<p class=\"wp-block-paragraph\">Atualmente, o IVS conta com mais de 370 unidades, sendo 61 lojas em capitais. O plano de expans\u00e3o prev\u00ea a abertura de mais 135 lojas nos pr\u00f3ximos meses, passando para 196 franquias em capitais brasileiras, al\u00e9m de faturar R$ 240MM neste ano. As cidades priorizadas s\u00e3o: S\u00e3o Paulo, Rio de Janeiro, Belo Horizonte, Fortaleza, Curitiba, Florian\u00f3polis, Salvador e Goi\u00e2nia.<br><\/p>\n\n\n\n<p class=\"wp-block-paragraph\">Segundo o fundador e CEO do Instituto Vis\u00e3o Solid\u00e1ria, Tony Cozendey, o fortalecimento da marca no interior criou as condi\u00e7\u00f5es necess\u00e1rias para um novo ciclo de crescimento. \u201cO interior foi respons\u00e1vel por consolidar nosso modelo de neg\u00f3cio. Constru\u00edmos uma rede s\u00f3lida, entendemos diferentes mercados e mostramos que \u00e9 poss\u00edvel oferecer acesso \u00e0 sa\u00fade visual com qualidade em cidades de todos os portes. Agora chegou o momento de levar essa experi\u00eancia para todas as capitais do pa\u00eds, onde enxergamos um enorme potencial de expans\u00e3o e uma demanda crescente por um atendimento mais pr\u00f3ximo e acess\u00edvel\u201d, afirma.<\/p>\n\n\n\n<p class=\"wp-block-paragraph\">A expectativa da companhia \u00e9 ampliar significativamente sua participa\u00e7\u00e3o nos grandes centros urbanos sem abandonar a estrat\u00e9gia que marcou sua trajet\u00f3ria. As cidades do interior continuar\u00e3o recebendo investimentos, mas as capitais passam a exercer papel estrat\u00e9gico no plano de crescimento da rede.<\/p>\n\n\n\n<p class=\"wp-block-paragraph\">Para Tony Cozendey, outro diferencial da estrat\u00e9gia est\u00e1 no perfil das franquias. \u201cAs capitais oferecem um ambiente competitivo, mas tamb\u00e9m proporcionam grande visibilidade para a marca. Nosso modelo foi testado em mercados extremamente diversos ao longo dos \u00faltimos anos e chega preparado para disputar espa\u00e7o nos maiores centros consumidores do pa\u00eds. N\u00e3o buscamos apenas abrir lojas, mas construir opera\u00e7\u00f5es sustent\u00e1veis e de longo prazo\u201d, destaca.<\/p>\n\n\n\n<p class=\"wp-block-paragraph\">A expectativa \u00e9 que o avan\u00e7o nas capitais contribua para aumentar o faturamento da rede, fortalecer a marca nacionalmente e ampliar a capilaridade do neg\u00f3cio, mantendo como princ\u00edpio a democratiza\u00e7\u00e3o do acesso \u00e0 sa\u00fade visual.<\/p>\n","protected":false},"excerpt":{"rendered":"<p>Ap\u00f3s consolidar presen\u00e7a em cidades de m\u00e9dio e pequeno porte, rede de franquias de \u00f3ticas pretende ampliar atua\u00e7\u00e3o nos grandes centros e&#8230;<\/p>\n","protected":false},"author":47,"featured_media":85108,"comment_status":"closed","ping_status":"open","sticky":false,"template":"","format":"standard","meta":{"footnotes":""},"categories":[12432],"tags":[],"ppma_author":[13248],"class_list":["post-85107","post","type-post","status-publish","format-standard","has-post-thumbnail","category-solidariedade"],"yoast_head":"<!-- This site is optimized with the Yoast SEO plugin v27.2 - https:\/\/yoast.com\/product\/yoast-seo-wordpress\/ -->\n<title>Movimento inverso: com 80% das unidades no interior, Instituto Vis\u00e3o Solid\u00e1ria (IVS) mira expans\u00e3o nas capitais e prev\u00ea abrir 135 lojas at\u00e9 o pr\u00f3ximo ano e faturar R$ 240MM em 2026 - Economia S\/A<\/title>\n<meta name=\"robots\" content=\"index, follow, max-snippet:-1, max-image-preview:large, max-video-preview:-1\" \/>\n<link rel=\"canonical\" href=\"https:\/\/economiasa.com.br\/blog\/movimento-inverso-com-80-das-unidades-no-interior-instituto-visao-solidaria-ivs-mira-expansao-nas-capitais-e-preve-abrir-135-lojas-ate-o-proximo-ano-e-faturar-r-240mm-em-2026\/\" \/>\n<meta property=\"og:locale\" content=\"pt_BR\" \/>\n<meta property=\"og:type\" content=\"article\" \/>\n<meta property=\"og:title\" content=\"Movimento inverso: com 80% das unidades no interior, Instituto Vis\u00e3o Solid\u00e1ria (IVS) mira expans\u00e3o nas capitais e prev\u00ea abrir 135 lojas at\u00e9 o pr\u00f3ximo ano e faturar R$ 240MM em 2026 - Economia S\/A\" \/>\n<meta property=\"og:description\" content=\"Ap\u00f3s consolidar presen\u00e7a em cidades de m\u00e9dio e pequeno porte, rede de franquias de \u00f3ticas pretende ampliar atua\u00e7\u00e3o nos grandes centros e...\" \/>\n<meta property=\"og:url\" content=\"https:\/\/economiasa.com.br\/blog\/movimento-inverso-com-80-das-unidades-no-interior-instituto-visao-solidaria-ivs-mira-expansao-nas-capitais-e-preve-abrir-135-lojas-ate-o-proximo-ano-e-faturar-r-240mm-em-2026\/\" \/>\n<meta property=\"og:site_name\" content=\"Economia S\/A\" \/>\n<meta property=\"article:published_time\" content=\"2026-09-04T13:37:29+00:00\" \/>\n<meta property=\"og:image\" content=\"https:\/\/economiasa.com.br\/blog\/wp-content\/uploads\/2026\/09\/Capturar-31.png\" \/>\n\t<meta property=\"og:image:width\" content=\"781\" \/>\n\t<meta property=\"og:image:height\" content=\"523\" \/>\n\t<meta property=\"og:image:type\" content=\"image\/png\" \/>\n<meta name=\"author\" content=\"Reda\u00e7\u00e3o\" \/>\n<meta name=\"twitter:card\" content=\"summary_large_image\" \/>\n<meta name=\"twitter:label1\" content=\"Escrito por\" \/>\n\t<meta name=\"twitter:data1\" content=\"Reda\u00e7\u00e3o\" \/>\n\t<meta name=\"twitter:label2\" content=\"Est. tempo de leitura\" \/>\n\t<meta name=\"twitter:data2\" content=\"3 minutos\" \/>\n<script type=\"application\/ld+json\" class=\"yoast-schema-graph\">{\"@context\":\"https:\/\/schema.org\",\"@graph\":[{\"@type\":\"Article\",\"@id\":\"https:\/\/economiasa.com.br\/blog\/movimento-inverso-com-80-das-unidades-no-interior-instituto-visao-solidaria-ivs-mira-expansao-nas-capitais-e-preve-abrir-135-lojas-ate-o-proximo-ano-e-faturar-r-240mm-em-2026\/#article\",\"isPartOf\":{\"@id\":\"https:\/\/economiasa.com.br\/blog\/movimento-inverso-com-80-das-unidades-no-interior-instituto-visao-solidaria-ivs-mira-expansao-nas-capitais-e-preve-abrir-135-lojas-ate-o-proximo-ano-e-faturar-r-240mm-em-2026\/\"},\"author\":{\"name\":\"Reda\u00e7\u00e3o\",\"@id\":\"https:\/\/economiasa.com.br\/blog\/#\/schema\/person\/14b8ac2dc25bd63b52bc54e845fa3923\"},\"headline\":\"Movimento inverso: com 80% das unidades no interior, Instituto Vis\u00e3o Solid\u00e1ria (IVS) mira expans\u00e3o nas capitais e prev\u00ea abrir 135 lojas at\u00e9 o pr\u00f3ximo ano e faturar R$ 240MM em 2026\",\"datePublished\":\"2026-09-04T13:37:29+00:00\",\"mainEntityOfPage\":{\"@id\":\"https:\/\/economiasa.com.br\/blog\/movimento-inverso-com-80-das-unidades-no-interior-instituto-visao-solidaria-ivs-mira-expansao-nas-capitais-e-preve-abrir-135-lojas-ate-o-proximo-ano-e-faturar-r-240mm-em-2026\/\"},\"wordCount\":550,\"image\":{\"@id\":\"https:\/\/economiasa.com.br\/blog\/movimento-inverso-com-80-das-unidades-no-interior-instituto-visao-solidaria-ivs-mira-expansao-nas-capitais-e-preve-abrir-135-lojas-ate-o-proximo-ano-e-faturar-r-240mm-em-2026\/#primaryimage\"},\"thumbnailUrl\":\"https:\/\/economiasa.com.br\/blog\/wp-content\/uploads\/2026\/09\/Capturar-31.png\",\"articleSection\":[\"Solidariedade\"],\"inLanguage\":\"pt-BR\"},{\"@type\":\"WebPage\",\"@id\":\"https:\/\/economiasa.com.br\/blog\/movimento-inverso-com-80-das-unidades-no-interior-instituto-visao-solidaria-ivs-mira-expansao-nas-capitais-e-preve-abrir-135-lojas-ate-o-proximo-ano-e-faturar-r-240mm-em-2026\/\",\"url\":\"https:\/\/economiasa.com.br\/blog\/movimento-inverso-com-80-das-unidades-no-interior-instituto-visao-solidaria-ivs-mira-expansao-nas-capitais-e-preve-abrir-135-lojas-ate-o-proximo-ano-e-faturar-r-240mm-em-2026\/\",\"name\":\"Movimento inverso: com 80% das unidades no interior, Instituto Vis\u00e3o Solid\u00e1ria (IVS) mira expans\u00e3o nas capitais e prev\u00ea abrir 135 lojas at\u00e9 o pr\u00f3ximo ano e faturar R$ 240MM em 2026 - Economia S\/A\",\"isPartOf\":{\"@id\":\"https:\/\/economiasa.com.br\/blog\/#website\"},\"primaryImageOfPage\":{\"@id\":\"https:\/\/economiasa.com.br\/blog\/movimento-inverso-com-80-das-unidades-no-interior-instituto-visao-solidaria-ivs-mira-expansao-nas-capitais-e-preve-abrir-135-lojas-ate-o-proximo-ano-e-faturar-r-240mm-em-2026\/#primaryimage\"},\"image\":{\"@id\":\"https:\/\/economiasa.com.br\/blog\/movimento-inverso-com-80-das-unidades-no-interior-instituto-visao-solidaria-ivs-mira-expansao-nas-capitais-e-preve-abrir-135-lojas-ate-o-proximo-ano-e-faturar-r-240mm-em-2026\/#primaryimage\"},\"thumbnailUrl\":\"https:\/\/economiasa.com.br\/blog\/wp-content\/uploads\/2026\/09\/Capturar-31.png\",\"datePublished\":\"2026-09-04T13:37:29+00:00\",\"author\":{\"@id\":\"https:\/\/economiasa.com.br\/blog\/#\/schema\/person\/14b8ac2dc25bd63b52bc54e845fa3923\"},\"breadcrumb\":{\"@id\":\"https:\/\/economiasa.com.br\/blog\/movimento-inverso-com-80-das-unidades-no-interior-instituto-visao-solidaria-ivs-mira-expansao-nas-capitais-e-preve-abrir-135-lojas-ate-o-proximo-ano-e-faturar-r-240mm-em-2026\/#breadcrumb\"},\"inLanguage\":\"pt-BR\",\"potentialAction\":[{\"@type\":\"ReadAction\",\"target\":[\"https:\/\/economiasa.com.br\/blog\/movimento-inverso-com-80-das-unidades-no-interior-instituto-visao-solidaria-ivs-mira-expansao-nas-capitais-e-preve-abrir-135-lojas-ate-o-proximo-ano-e-faturar-r-240mm-em-2026\/\"]}]},{\"@type\":\"ImageObject\",\"inLanguage\":\"pt-BR\",\"@id\":\"https:\/\/economiasa.com.br\/blog\/movimento-inverso-com-80-das-unidades-no-interior-instituto-visao-solidaria-ivs-mira-expansao-nas-capitais-e-preve-abrir-135-lojas-ate-o-proximo-ano-e-faturar-r-240mm-em-2026\/#primaryimage\",\"url\":\"https:\/\/economiasa.com.br\/blog\/wp-content\/uploads\/2026\/09\/Capturar-31.png\",\"contentUrl\":\"https:\/\/economiasa.com.br\/blog\/wp-content\/uploads\/2026\/09\/Capturar-31.png\",\"width\":781,\"height\":523,\"caption\":\"Cr\u00e9ditos da foto: Divulga\u00e7\u00e3o\"},{\"@type\":\"BreadcrumbList\",\"@id\":\"https:\/\/economiasa.com.br\/blog\/movimento-inverso-com-80-das-unidades-no-interior-instituto-visao-solidaria-ivs-mira-expansao-nas-capitais-e-preve-abrir-135-lojas-ate-o-proximo-ano-e-faturar-r-240mm-em-2026\/#breadcrumb\",\"itemListElement\":[{\"@type\":\"ListItem\",\"position\":1,\"name\":\"In\u00edcio\",\"item\":\"https:\/\/economiasa.com.br\/blog\/\"},{\"@type\":\"ListItem\",\"position\":2,\"name\":\"Movimento inverso: com 80% das unidades no interior, Instituto Vis\u00e3o Solid\u00e1ria (IVS) mira expans\u00e3o nas capitais e prev\u00ea abrir 135 lojas at\u00e9 o pr\u00f3ximo ano e faturar R$ 240MM em 2026\"}]},{\"@type\":\"WebSite\",\"@id\":\"https:\/\/economiasa.com.br\/blog\/#website\",\"url\":\"https:\/\/economiasa.com.br\/blog\/\",\"name\":\"Economia S\/A\",\"description\":\"Ler faz bem para os neg\u00f3cios\",\"potentialAction\":[{\"@type\":\"SearchAction\",\"target\":{\"@type\":\"EntryPoint\",\"urlTemplate\":\"https:\/\/economiasa.com.br\/blog\/?s={search_term_string}\"},\"query-input\":{\"@type\":\"PropertyValueSpecification\",\"valueRequired\":true,\"valueName\":\"search_term_string\"}}],\"inLanguage\":\"pt-BR\"},{\"@type\":\"Person\",\"@id\":\"https:\/\/economiasa.com.br\/blog\/#\/schema\/person\/14b8ac2dc25bd63b52bc54e845fa3923\",\"name\":\"Reda\u00e7\u00e3o\",\"image\":{\"@type\":\"ImageObject\",\"inLanguage\":\"pt-BR\",\"@id\":\"https:\/\/secure.gravatar.com\/avatar\/c8c795261f7f8547b22616a549577db9e450bd5622da3f6eb62b0e2c3e364c4e?s=96&d=mm&r=g0fb5212bc57e2287787936667fbbe0ff\",\"url\":\"https:\/\/secure.gravatar.com\/avatar\/c8c795261f7f8547b22616a549577db9e450bd5622da3f6eb62b0e2c3e364c4e?s=96&d=mm&r=g\",\"contentUrl\":\"https:\/\/secure.gravatar.com\/avatar\/c8c795261f7f8547b22616a549577db9e450bd5622da3f6eb62b0e2c3e364c4e?s=96&d=mm&r=g\",\"caption\":\"Reda\u00e7\u00e3o\"},\"sameAs\":[\"http:\/\/www.economiasa.com.br\"],\"url\":\"https:\/\/economiasa.com.br\/blog\/author\/redacao\/\"}]}<\/script>\n<!-- \/ Yoast SEO plugin. -->","yoast_head_json":{"title":"Movimento inverso: com 80% das unidades no interior, Instituto Vis\u00e3o Solid\u00e1ria (IVS) mira expans\u00e3o nas capitais e prev\u00ea abrir 135 lojas at\u00e9 o pr\u00f3ximo ano e faturar R$ 240MM em 2026 - Economia S\/A","robots":{"index":"index","follow":"follow","max-snippet":"max-snippet:-1","max-image-preview":"max-image-preview:large","max-video-preview":"max-video-preview:-1"},"canonical":"https:\/\/economiasa.com.br\/blog\/movimento-inverso-com-80-das-unidades-no-interior-instituto-visao-solidaria-ivs-mira-expansao-nas-capitais-e-preve-abrir-135-lojas-ate-o-proximo-ano-e-faturar-r-240mm-em-2026\/","og_locale":"pt_BR","og_type":"article","og_title":"Movimento inverso: com 80% das unidades no interior, Instituto Vis\u00e3o Solid\u00e1ria (IVS) mira expans\u00e3o nas capitais e prev\u00ea abrir 135 lojas at\u00e9 o pr\u00f3ximo ano e faturar R$ 240MM em 2026 - Economia S\/A","og_description":"Ap\u00f3s consolidar presen\u00e7a em cidades de m\u00e9dio e pequeno porte, rede de franquias de \u00f3ticas pretende ampliar atua\u00e7\u00e3o nos grandes centros e...","og_url":"https:\/\/economiasa.com.br\/blog\/movimento-inverso-com-80-das-unidades-no-interior-instituto-visao-solidaria-ivs-mira-expansao-nas-capitais-e-preve-abrir-135-lojas-ate-o-proximo-ano-e-faturar-r-240mm-em-2026\/","og_site_name":"Economia S\/A","article_published_time":"2026-09-04T13:37:29+00:00","og_image":[{"width":781,"height":523,"url":"https:\/\/economiasa.com.br\/blog\/wp-content\/uploads\/2026\/09\/Capturar-31.png","type":"image\/png"}],"author":"Reda\u00e7\u00e3o","twitter_card":"summary_large_image","twitter_misc":{"Escrito por":"Reda\u00e7\u00e3o","Est. tempo de leitura":"3 minutos"},"schema":{"@context":"https:\/\/schema.org","@graph":[{"@type":"Article","@id":"https:\/\/economiasa.com.br\/blog\/movimento-inverso-com-80-das-unidades-no-interior-instituto-visao-solidaria-ivs-mira-expansao-nas-capitais-e-preve-abrir-135-lojas-ate-o-proximo-ano-e-faturar-r-240mm-em-2026\/#article","isPartOf":{"@id":"https:\/\/economiasa.com.br\/blog\/movimento-inverso-com-80-das-unidades-no-interior-instituto-visao-solidaria-ivs-mira-expansao-nas-capitais-e-preve-abrir-135-lojas-ate-o-proximo-ano-e-faturar-r-240mm-em-2026\/"},"author":{"name":"Reda\u00e7\u00e3o","@id":"https:\/\/economiasa.com.br\/blog\/#\/schema\/person\/14b8ac2dc25bd63b52bc54e845fa3923"},"headline":"Movimento inverso: com 80% das unidades no interior, Instituto Vis\u00e3o Solid\u00e1ria (IVS) mira expans\u00e3o nas capitais e prev\u00ea abrir 135 lojas at\u00e9 o pr\u00f3ximo ano e faturar R$ 240MM em 2026","datePublished":"2026-09-04T13:37:29+00:00","mainEntityOfPage":{"@id":"https:\/\/economiasa.com.br\/blog\/movimento-inverso-com-80-das-unidades-no-interior-instituto-visao-solidaria-ivs-mira-expansao-nas-capitais-e-preve-abrir-135-lojas-ate-o-proximo-ano-e-faturar-r-240mm-em-2026\/"},"wordCount":550,"image":{"@id":"https:\/\/economiasa.com.br\/blog\/movimento-inverso-com-80-das-unidades-no-interior-instituto-visao-solidaria-ivs-mira-expansao-nas-capitais-e-preve-abrir-135-lojas-ate-o-proximo-ano-e-faturar-r-240mm-em-2026\/#primaryimage"},"thumbnailUrl":"https:\/\/economiasa.com.br\/blog\/wp-content\/uploads\/2026\/09\/Capturar-31.png","articleSection":["Solidariedade"],"inLanguage":"pt-BR"},{"@type":"WebPage","@id":"https:\/\/economiasa.com.br\/blog\/movimento-inverso-com-80-das-unidades-no-interior-instituto-visao-solidaria-ivs-mira-expansao-nas-capitais-e-preve-abrir-135-lojas-ate-o-proximo-ano-e-faturar-r-240mm-em-2026\/","url":"https:\/\/economiasa.com.br\/blog\/movimento-inverso-com-80-das-unidades-no-interior-instituto-visao-solidaria-ivs-mira-expansao-nas-capitais-e-preve-abrir-135-lojas-ate-o-proximo-ano-e-faturar-r-240mm-em-2026\/","name":"Movimento inverso: com 80% das unidades no interior, Instituto Vis\u00e3o Solid\u00e1ria (IVS) mira expans\u00e3o nas capitais e prev\u00ea abrir 135 lojas at\u00e9 o pr\u00f3ximo ano e faturar R$ 240MM em 2026 - Economia S\/A","isPartOf":{"@id":"https:\/\/economiasa.com.br\/blog\/#website"},"primaryImageOfPage":{"@id":"https:\/\/economiasa.com.br\/blog\/movimento-inverso-com-80-das-unidades-no-interior-instituto-visao-solidaria-ivs-mira-expansao-nas-capitais-e-preve-abrir-135-lojas-ate-o-proximo-ano-e-faturar-r-240mm-em-2026\/#primaryimage"},"image":{"@id":"https:\/\/economiasa.com.br\/blog\/movimento-inverso-com-80-das-unidades-no-interior-instituto-visao-solidaria-ivs-mira-expansao-nas-capitais-e-preve-abrir-135-lojas-ate-o-proximo-ano-e-faturar-r-240mm-em-2026\/#primaryimage"},"thumbnailUrl":"https:\/\/economiasa.com.br\/blog\/wp-content\/uploads\/2026\/09\/Capturar-31.png","datePublished":"2026-09-04T13:37:29+00:00","author":{"@id":"https:\/\/economiasa.com.br\/blog\/#\/schema\/person\/14b8ac2dc25bd63b52bc54e845fa3923"},"breadcrumb":{"@id":"https:\/\/economiasa.com.br\/blog\/movimento-inverso-com-80-das-unidades-no-interior-instituto-visao-solidaria-ivs-mira-expansao-nas-capitais-e-preve-abrir-135-lojas-ate-o-proximo-ano-e-faturar-r-240mm-em-2026\/#breadcrumb"},"inLanguage":"pt-BR","potentialAction":[{"@type":"ReadAction","target":["https:\/\/economiasa.com.br\/blog\/movimento-inverso-com-80-das-unidades-no-interior-instituto-visao-solidaria-ivs-mira-expansao-nas-capitais-e-preve-abrir-135-lojas-ate-o-proximo-ano-e-faturar-r-240mm-em-2026\/"]}]},{"@type":"ImageObject","inLanguage":"pt-BR","@id":"https:\/\/economiasa.com.br\/blog\/movimento-inverso-com-80-das-unidades-no-interior-instituto-visao-solidaria-ivs-mira-expansao-nas-capitais-e-preve-abrir-135-lojas-ate-o-proximo-ano-e-faturar-r-240mm-em-2026\/#primaryimage","url":"https:\/\/economiasa.com.br\/blog\/wp-content\/uploads\/2026\/09\/Capturar-31.png","contentUrl":"https:\/\/economiasa.com.br\/blog\/wp-content\/uploads\/2026\/09\/Capturar-31.png","width":781,"height":523,"caption":"Cr\u00e9ditos da foto: Divulga\u00e7\u00e3o"},{"@type":"BreadcrumbList","@id":"https:\/\/economiasa.com.br\/blog\/movimento-inverso-com-80-das-unidades-no-interior-instituto-visao-solidaria-ivs-mira-expansao-nas-capitais-e-preve-abrir-135-lojas-ate-o-proximo-ano-e-faturar-r-240mm-em-2026\/#breadcrumb","itemListElement":[{"@type":"ListItem","position":1,"name":"In\u00edcio","item":"https:\/\/economiasa.com.br\/blog\/"},{"@type":"ListItem","position":2,"name":"Movimento inverso: com 80% das unidades no interior, Instituto Vis\u00e3o Solid\u00e1ria (IVS) mira expans\u00e3o nas capitais e prev\u00ea abrir 135 lojas at\u00e9 o pr\u00f3ximo ano e faturar R$ 240MM em 2026"}]},{"@type":"WebSite","@id":"https:\/\/economiasa.com.br\/blog\/#website","url":"https:\/\/economiasa.com.br\/blog\/","name":"Economia S\/A","description":"Ler faz bem para os neg\u00f3cios","potentialAction":[{"@type":"SearchAction","target":{"@type":"EntryPoint","urlTemplate":"https:\/\/economiasa.com.br\/blog\/?s={search_term_string}"},"query-input":{"@type":"PropertyValueSpecification","valueRequired":true,"valueName":"search_term_string"}}],"inLanguage":"pt-BR"},{"@type":"Person","@id":"https:\/\/economiasa.com.br\/blog\/#\/schema\/person\/14b8ac2dc25bd63b52bc54e845fa3923","name":"Reda\u00e7\u00e3o","image":{"@type":"ImageObject","inLanguage":"pt-BR","@id":"https:\/\/secure.gravatar.com\/avatar\/c8c795261f7f8547b22616a549577db9e450bd5622da3f6eb62b0e2c3e364c4e?s=96&d=mm&r=g0fb5212bc57e2287787936667fbbe0ff","url":"https:\/\/secure.gravatar.com\/avatar\/c8c795261f7f8547b22616a549577db9e450bd5622da3f6eb62b0e2c3e364c4e?s=96&d=mm&r=g","contentUrl":"https:\/\/secure.gravatar.com\/avatar\/c8c795261f7f8547b22616a549577db9e450bd5622da3f6eb62b0e2c3e364c4e?s=96&d=mm&r=g","caption":"Reda\u00e7\u00e3o"},"sameAs":["http:\/\/www.economiasa.com.br"],"url":"https:\/\/economiasa.com.br\/blog\/author\/redacao\/"}]}},"authors":[{"term_id":13248,"user_id":47,"is_guest":0,"slug":"redacao","display_name":"Reda\u00e7\u00e3o","avatar_url":"https:\/\/secure.gravatar.com\/avatar\/c8c795261f7f8547b22616a549577db9e450bd5622da3f6eb62b0e2c3e364c4e?s=96&d=mm&r=g","author_category":"","first_name":"Reda\u00e7\u00e3o","last_name":"","user_url":"http:\/\/www.economiasa.com.br","job_title":"","description":""}],"amp_enabled":true,"_links":{"self":[{"href":"https:\/\/economiasa.com.br\/blog\/wp-json\/wp\/v2\/posts\/85107","targetHints":{"allow":["GET"]}}],"collection":[{"href":"https:\/\/economiasa.com.br\/blog\/wp-json\/wp\/v2\/posts"}],"about":[{"href":"https:\/\/economiasa.com.br\/blog\/wp-json\/wp\/v2\/types\/post"}],"author":[{"embeddable":true,"href":"https:\/\/economiasa.com.br\/blog\/wp-json\/wp\/v2\/users\/47"}],"replies":[{"embeddable":true,"href":"https:\/\/economiasa.com.br\/blog\/wp-json\/wp\/v2\/comments?post=85107"}],"version-history":[{"count":0,"href":"https:\/\/economiasa.com.br\/blog\/wp-json\/wp\/v2\/posts\/85107\/revisions"}],"wp:featuredmedia":[{"embeddable":true,"href":"https:\/\/economiasa.com.br\/blog\/wp-json\/wp\/v2\/media\/85108"}],"wp:attachment":[{"href":"https:\/\/economiasa.com.br\/blog\/wp-json\/wp\/v2\/media?parent=85107"}],"wp:term":[{"taxonomy":"category","embeddable":true,"href":"https:\/\/economiasa.com.br\/blog\/wp-json\/wp\/v2\/categories?post=85107"},{"taxonomy":"post_tag","embeddable":true,"href":"https:\/\/economiasa.com.br\/blog\/wp-json\/wp\/v2\/tags?post=85107"},{"taxonomy":"author","embeddable":true,"href":"https:\/\/economiasa.com.br\/blog\/wp-json\/wp\/v2\/ppma_author?post=85107"}],"curies":[{"name":"wp","href":"https:\/\/api.w.org\/{rel}","templated":true}]}}