{"id":85111,"date":"2026-09-04T10:40:45","date_gmt":"2026-09-04T13:40:45","guid":{"rendered":"https:\/\/economiasa.com.br\/blog\/?p=85111"},"modified":"2026-09-04T10:40:46","modified_gmt":"2026-09-04T13:40:46","slug":"quando-o-medo-de-dar-certo-fala-mais-alto-9-mecanismos-da-autossabotagem-feminina","status":"publish","type":"post","link":"https:\/\/economiasa.com.br\/blog\/quando-o-medo-de-dar-certo-fala-mais-alto-9-mecanismos-da-autossabotagem-feminina\/","title":{"rendered":"Quando o medo de dar certo fala mais alto: 9 mecanismos da autossabotagem feminina"},"content":{"rendered":"\n<p class=\"wp-block-paragraph\">Para Danieli Wegermann, gestora de pessoas, lideran\u00e7a e carreira, reconhecer esses comportamentos \u00e9 o primeiro passo para evitar que eles interfiram nas escolhas e nos objetivos.<\/p>\n\n\n\n<p class=\"wp-block-paragraph\">Voc\u00ea conquista o cargo que queria, assume um projeto importante ou finalmente decide tirar um plano do papel. Mas, justamente quando as coisas come\u00e7am a acontecer, vem a d\u00favida: ser\u00e1 que voc\u00ea est\u00e1 preparada? \u00c9 comum que, nesses momentos, apare\u00e7am a necessidade de aprova\u00e7\u00e3o, o excesso de cobran\u00e7a ou a tend\u00eancia de adiar o que mais importa.<\/p>\n\n\n\n<p class=\"wp-block-paragraph\">Esses comportamentos podem estar ligados \u00e0 autossabotagem, quando pensamentos e atitudes acabam dificultando a realiza\u00e7\u00e3o de algo que se deseja. O conceito ganhou popularidade com o trabalho de Shirzad Chamine, autor de Intelig\u00eancia Positiva, que identifica diferentes mecanismos autom\u00e1ticos de pensamento.<\/p>\n\n\n\n<p class=\"wp-block-paragraph\">Para Danieli Wegermann, um dos principais \u00e9 a voz cr\u00edtica, que alimenta a sensa\u00e7\u00e3o de inadequa\u00e7\u00e3o e faz com que a pessoa questione a pr\u00f3pria capacidade.<\/p>\n\n\n\n<p class=\"wp-block-paragraph\">\u201cA cultura e a socializa\u00e7\u00e3o das mulheres s\u00e3o o terreno perfeito para que essas vozes ganhem for\u00e7a. O sistema nos ensina a confundir esses mecanismos de defesa com \u2018virtudes femininas\u2019\u201d, afirma.<\/p>\n\n\n\n<p class=\"wp-block-paragraph\">Segundo a especialista, cobran\u00e7as relacionadas \u00e0 produtividade, ao cuidado com os outros e \u00e0 necessidade de aprova\u00e7\u00e3o podem refor\u00e7ar esses comportamentos. Conhecer como eles funcionam ajuda a perceber quando deixam de ser apenas caracter\u00edsticas pessoais e passam a limitar escolhas.<\/p>\n\n\n\n<p class=\"wp-block-paragraph\">As nove vozes da autossabotagem<\/p>\n\n\n\n<ol class=\"wp-block-list\">\n<li>A Insistente (Perfeccionista)<\/li>\n<\/ol>\n\n\n\n<p class=\"wp-block-paragraph\">\u00c9 a busca pela excel\u00eancia que ultrapassa o limite e se transforma em cobran\u00e7a. A pessoa revisa, refaz e adia a entrega porque sente que ainda falta alguma coisa. O problema \u00e9 que, quando nada parece bom o suficiente, avan\u00e7ar se torna cada vez mais dif\u00edcil.<\/p>\n\n\n\n<ol start=\"2\" class=\"wp-block-list\">\n<li>A Prestativa<\/li>\n<\/ol>\n\n\n\n<p class=\"wp-block-paragraph\">\u00c9 aquela que tem dificuldade de dizer n\u00e3o. Est\u00e1 sempre dispon\u00edvel para resolver problemas, ajudar colegas, cuidar da fam\u00edlia ou oferecer suporte a quem precisa. Aos poucos, por\u00e9m, as pr\u00f3prias necessidades ficam para depois.<\/p>\n\n\n\n<ol start=\"3\" class=\"wp-block-list\">\n<li>A Hiper-realizadora<\/li>\n<\/ol>\n\n\n\n<p class=\"wp-block-paragraph\">Est\u00e1 sempre em busca da pr\u00f3xima conquista: promo\u00e7\u00e3o, reconhecimento, resultado, nova meta. O risco aparece quando a sensa\u00e7\u00e3o de valor pessoal passa a depender exclusivamente daquilo que foi alcan\u00e7ado.<\/p>\n\n\n\n<ol start=\"4\" class=\"wp-block-list\">\n<li>A Vitimista<\/li>\n<\/ol>\n\n\n\n<p class=\"wp-block-paragraph\">Diante de dificuldades, tende a permanecer concentrada na dor e na sensa\u00e7\u00e3o de injusti\u00e7a. O sofrimento passa a ocupar tanto espa\u00e7o que encontrar alternativas para mudar a situa\u00e7\u00e3o se torna mais dif\u00edcil.<\/p>\n\n\n\n<ol start=\"5\" class=\"wp-block-list\">\n<li>A Hiper-racional<\/li>\n<\/ol>\n\n\n\n<p class=\"wp-block-paragraph\">Tenta resolver tudo pela l\u00f3gica e pode deixar as emo\u00e7\u00f5es de lado. No trabalho e nos relacionamentos, isso pode dificultar a escuta, a empatia e a percep\u00e7\u00e3o de sentimentos que tamb\u00e9m fazem parte das decis\u00f5es.<\/p>\n\n\n\n<ol start=\"6\" class=\"wp-block-list\">\n<li>A Hipervigilante<\/li>\n<\/ol>\n\n\n\n<p class=\"wp-block-paragraph\">Est\u00e1 sempre esperando que alguma coisa d\u00ea errado. Antecipar problemas pode ser \u00fatil em determinadas situa\u00e7\u00f5es, mas, quando se torna constante, o excesso de preocupa\u00e7\u00e3o pode transformar qualquer decis\u00e3o em uma amea\u00e7a.<\/p>\n\n\n\n<ol start=\"7\" class=\"wp-block-list\">\n<li>A Inquieta<\/li>\n<\/ol>\n\n\n\n<p class=\"wp-block-paragraph\">Tem dificuldade de permanecer em um \u00fanico projeto ou objetivo. Est\u00e1 sempre procurando uma novidade, uma nova atividade ou alguma coisa que desperte interesse. O resultado pode ser uma cole\u00e7\u00e3o de planos iniciados e poucos conclu\u00eddos.<\/p>\n\n\n\n<ol start=\"8\" class=\"wp-block-list\">\n<li>A Controladora<\/li>\n<\/ol>\n\n\n\n<p class=\"wp-block-paragraph\">Centraliza decis\u00f5es e tarefas porque tem dificuldade de delegar e confiar. Pode querer acompanhar cada detalhe da rotina dos filhos, dos relacionamentos ou do trabalho. Com isso, acaba acumulando responsabilidades e dificultando a autonomia das pessoas ao redor.<\/p>\n\n\n\n<ol start=\"9\" class=\"wp-block-list\">\n<li>A Esquiva<\/li>\n<\/ol>\n\n\n\n<p class=\"wp-block-paragraph\">Prefere evitar conflitos, conversas dif\u00edceis e decis\u00f5es desconfort\u00e1veis. O problema \u00e9 que fugir de uma situa\u00e7\u00e3o n\u00e3o necessariamente resolve o que est\u00e1 por tr\u00e1s dela. Em muitos casos, apenas prolonga uma decis\u00e3o que precisar\u00e1 ser tomada mais adiante.<\/p>\n\n\n\n<p class=\"wp-block-paragraph\">Como interromper o ciclo<\/p>\n\n\n\n<p class=\"wp-block-paragraph\">Reconhecer esses padr\u00f5es n\u00e3o significa deixar de senti-los. O primeiro passo, segundo Danieli, \u00e9 perceber quando eles aparecem e entender que uma rea\u00e7\u00e3o autom\u00e1tica n\u00e3o precisa determinar a decis\u00e3o final.<\/p>\n\n\n\n<p class=\"wp-block-paragraph\">Para isso, ela prop\u00f5e cinco caminhos:<\/p>\n\n\n\n<ol class=\"wp-block-list\">\n<li>Explora\u00e7\u00e3o<\/li>\n<\/ol>\n\n\n\n<p class=\"wp-block-paragraph\">Diante de um problema, tente trocar a rea\u00e7\u00e3o imediata pela curiosidade. Em vez de se culpar ou imaginar o pior cen\u00e1rio, observe o que est\u00e1 acontecendo e pergunte: \u201cO que mais eu posso descobrir e aprender aqui?\u201d. A mudan\u00e7a de perspectiva ajuda a abrir espa\u00e7o para outras possibilidades.<\/p>\n\n\n\n<ol start=\"2\" class=\"wp-block-list\">\n<li>Empatia<\/li>\n<\/ol>\n\n\n\n<p class=\"wp-block-paragraph\">A autocr\u00edtica constante pode distorcer a maneira como uma pessoa enxerga os pr\u00f3prios erros. Uma alternativa \u00e9 exercitar a autocompaix\u00e3o e tentar olhar para aquela situa\u00e7\u00e3o com a mesma compreens\u00e3o que teria com algu\u00e9m querido.<\/p>\n\n\n\n<ol start=\"3\" class=\"wp-block-list\">\n<li>Inova\u00e7\u00e3o<\/li>\n<\/ol>\n\n\n\n<p class=\"wp-block-paragraph\">Nem toda ideia precisa chegar pronta. Quando estiver diante de um projeto ou de uma decis\u00e3o, experimente suspender por alguns minutos o julgamento sobre o que pode dar errado. Uma t\u00e9cnica sugerida pela especialista \u00e9 o exerc\u00edcio do \u201csim, e\u2026\u201d, usado em processos criativos para desenvolver uma ideia antes de descart\u00e1-la.<\/p>\n\n\n\n<ol start=\"4\" class=\"wp-block-list\">\n<li>Navega\u00e7\u00e3o<\/li>\n<\/ol>\n\n\n\n<p class=\"wp-block-paragraph\">Em momentos de d\u00favida, pensar nos pr\u00f3prios valores pode ajudar a organizar as prioridades. Uma pergunta poss\u00edvel \u00e9: \u201cQuando eu olhar para essa escolha no futuro, o que gostaria de ter feito?\u201d. A resposta pode ajudar a separar o medo moment\u00e2neo daquilo que realmente importa.<\/p>\n\n\n\n<ol start=\"5\" class=\"wp-block-list\">\n<li>A\u00e7\u00e3o decisiva<\/li>\n<\/ol>\n\n\n\n<p class=\"wp-block-paragraph\">Depois de identificar o padr\u00e3o que costuma aparecer com mais frequ\u00eancia, vale antecipar como ele se manifesta. Se a rea\u00e7\u00e3o habitual \u00e9 pensar \u201cn\u00e3o estou pronta\u201d, \u201cn\u00e3o \u00e9 a hora\u201d ou \u201cvai dar errado\u201d, reconhecer esse roteiro pode ajudar a n\u00e3o tomar a decis\u00e3o automaticamente.<\/p>\n\n\n\n<p class=\"wp-block-paragraph\">No fim, lidar com a autossabotagem n\u00e3o significa eliminar o medo ou a inseguran\u00e7a. Significa perceber quando esses sentimentos est\u00e3o assumindo o comando e criar espa\u00e7o para fazer escolhas de maneira mais consciente.<\/p>\n\n\n\n<p class=\"wp-block-paragraph\">\u201cAs vozes que sussurram que voc\u00ea deve se encolher para caber na gaiola s\u00f3 t\u00eam o poder que voc\u00ea concede a elas. Olhe com generosidade para a sua hist\u00f3ria: contra fatos e dados, n\u00e3o h\u00e1 autocr\u00edtica que resista. A fechadura foi exposta e as cinco chaves est\u00e3o em suas m\u00e3os. A porta da gaiola est\u00e1 oficialmente aberta. O espa\u00e7o, a autonomia e a vida que voc\u00ea deseja alcan\u00e7ar exigem apenas uma \u00faltima decis\u00e3o consciente: parar de se espremer onde voc\u00ea j\u00e1 n\u00e3o pertence mais, abrir as asas de vez e deixar que elas atinjam o c\u00e9u que sempre foi o seu destino\u201d, completa.<\/p>\n","protected":false},"excerpt":{"rendered":"<p>Para Danieli Wegermann, gestora de pessoas, lideran\u00e7a e carreira, reconhecer esses comportamentos \u00e9 o primeiro passo para evitar que eles interfiram nas&#8230;<\/p>\n","protected":false},"author":13,"featured_media":85114,"comment_status":"closed","ping_status":"open","sticky":false,"template":"","format":"standard","meta":{"footnotes":""},"categories":[12577],"tags":[],"ppma_author":[13237],"class_list":["post-85111","post","type-post","status-publish","format-standard","has-post-thumbnail","category-destaques"],"yoast_head":"<!-- This site is optimized with the Yoast SEO plugin v27.2 - https:\/\/yoast.com\/product\/yoast-seo-wordpress\/ -->\n<title>Quando o medo de dar certo fala mais alto: 9 mecanismos da autossabotagem feminina - Economia S\/A<\/title>\n<meta name=\"robots\" content=\"index, follow, max-snippet:-1, max-image-preview:large, max-video-preview:-1\" \/>\n<link rel=\"canonical\" href=\"https:\/\/economiasa.com.br\/blog\/quando-o-medo-de-dar-certo-fala-mais-alto-9-mecanismos-da-autossabotagem-feminina\/\" \/>\n<meta property=\"og:locale\" content=\"pt_BR\" \/>\n<meta property=\"og:type\" content=\"article\" \/>\n<meta property=\"og:title\" content=\"Quando o medo de dar certo fala mais alto: 9 mecanismos da autossabotagem feminina - Economia S\/A\" \/>\n<meta property=\"og:description\" content=\"Para Danieli Wegermann, gestora de pessoas, lideran\u00e7a e carreira, reconhecer esses comportamentos \u00e9 o primeiro passo para evitar que eles interfiram nas...\" \/>\n<meta property=\"og:url\" content=\"https:\/\/economiasa.com.br\/blog\/quando-o-medo-de-dar-certo-fala-mais-alto-9-mecanismos-da-autossabotagem-feminina\/\" \/>\n<meta property=\"og:site_name\" content=\"Economia S\/A\" \/>\n<meta property=\"article:published_time\" content=\"2026-09-04T13:40:45+00:00\" \/>\n<meta property=\"article:modified_time\" content=\"2026-09-04T13:40:46+00:00\" \/>\n<meta property=\"og:image\" content=\"https:\/\/economiasa.com.br\/blog\/wp-content\/uploads\/2026\/09\/ccpx1-4.jpg\" \/>\n\t<meta property=\"og:image:width\" content=\"738\" \/>\n\t<meta property=\"og:image:height\" content=\"694\" \/>\n\t<meta property=\"og:image:type\" content=\"image\/jpeg\" \/>\n<meta name=\"author\" content=\"Reda\u00e7\u00e3o\" \/>\n<meta name=\"twitter:card\" content=\"summary_large_image\" \/>\n<meta name=\"twitter:label1\" content=\"Escrito por\" \/>\n\t<meta name=\"twitter:data1\" content=\"Reda\u00e7\u00e3o\" \/>\n\t<meta name=\"twitter:label2\" content=\"Est. tempo de leitura\" \/>\n\t<meta name=\"twitter:data2\" content=\"6 minutos\" \/>\n<script type=\"application\/ld+json\" class=\"yoast-schema-graph\">{\"@context\":\"https:\/\/schema.org\",\"@graph\":[{\"@type\":\"Article\",\"@id\":\"https:\/\/economiasa.com.br\/blog\/quando-o-medo-de-dar-certo-fala-mais-alto-9-mecanismos-da-autossabotagem-feminina\/#article\",\"isPartOf\":{\"@id\":\"https:\/\/economiasa.com.br\/blog\/quando-o-medo-de-dar-certo-fala-mais-alto-9-mecanismos-da-autossabotagem-feminina\/\"},\"author\":{\"name\":\"Reda\u00e7\u00e3o\",\"@id\":\"https:\/\/economiasa.com.br\/blog\/#\/schema\/person\/57f2dfaf8250a36d041a4e4cf0498faf\"},\"headline\":\"Quando o medo de dar certo fala mais alto: 9 mecanismos da autossabotagem feminina\",\"datePublished\":\"2026-09-04T13:40:45+00:00\",\"dateModified\":\"2026-09-04T13:40:46+00:00\",\"mainEntityOfPage\":{\"@id\":\"https:\/\/economiasa.com.br\/blog\/quando-o-medo-de-dar-certo-fala-mais-alto-9-mecanismos-da-autossabotagem-feminina\/\"},\"wordCount\":1077,\"image\":{\"@id\":\"https:\/\/economiasa.com.br\/blog\/quando-o-medo-de-dar-certo-fala-mais-alto-9-mecanismos-da-autossabotagem-feminina\/#primaryimage\"},\"thumbnailUrl\":\"https:\/\/economiasa.com.br\/blog\/wp-content\/uploads\/2026\/09\/ccpx1-4.jpg\",\"articleSection\":[\"Destaques\"],\"inLanguage\":\"pt-BR\"},{\"@type\":\"WebPage\",\"@id\":\"https:\/\/economiasa.com.br\/blog\/quando-o-medo-de-dar-certo-fala-mais-alto-9-mecanismos-da-autossabotagem-feminina\/\",\"url\":\"https:\/\/economiasa.com.br\/blog\/quando-o-medo-de-dar-certo-fala-mais-alto-9-mecanismos-da-autossabotagem-feminina\/\",\"name\":\"Quando o medo de dar certo fala mais alto: 9 mecanismos da autossabotagem feminina - Economia S\/A\",\"isPartOf\":{\"@id\":\"https:\/\/economiasa.com.br\/blog\/#website\"},\"primaryImageOfPage\":{\"@id\":\"https:\/\/economiasa.com.br\/blog\/quando-o-medo-de-dar-certo-fala-mais-alto-9-mecanismos-da-autossabotagem-feminina\/#primaryimage\"},\"image\":{\"@id\":\"https:\/\/economiasa.com.br\/blog\/quando-o-medo-de-dar-certo-fala-mais-alto-9-mecanismos-da-autossabotagem-feminina\/#primaryimage\"},\"thumbnailUrl\":\"https:\/\/economiasa.com.br\/blog\/wp-content\/uploads\/2026\/09\/ccpx1-4.jpg\",\"datePublished\":\"2026-09-04T13:40:45+00:00\",\"dateModified\":\"2026-09-04T13:40:46+00:00\",\"author\":{\"@id\":\"https:\/\/economiasa.com.br\/blog\/#\/schema\/person\/57f2dfaf8250a36d041a4e4cf0498faf\"},\"breadcrumb\":{\"@id\":\"https:\/\/economiasa.com.br\/blog\/quando-o-medo-de-dar-certo-fala-mais-alto-9-mecanismos-da-autossabotagem-feminina\/#breadcrumb\"},\"inLanguage\":\"pt-BR\",\"potentialAction\":[{\"@type\":\"ReadAction\",\"target\":[\"https:\/\/economiasa.com.br\/blog\/quando-o-medo-de-dar-certo-fala-mais-alto-9-mecanismos-da-autossabotagem-feminina\/\"]}]},{\"@type\":\"ImageObject\",\"inLanguage\":\"pt-BR\",\"@id\":\"https:\/\/economiasa.com.br\/blog\/quando-o-medo-de-dar-certo-fala-mais-alto-9-mecanismos-da-autossabotagem-feminina\/#primaryimage\",\"url\":\"https:\/\/economiasa.com.br\/blog\/wp-content\/uploads\/2026\/09\/ccpx1-4.jpg\",\"contentUrl\":\"https:\/\/economiasa.com.br\/blog\/wp-content\/uploads\/2026\/09\/ccpx1-4.jpg\",\"width\":738,\"height\":694,\"caption\":\"Cr\u00e9ditos da Foto: Divulga\u00e7\u00e3o\"},{\"@type\":\"BreadcrumbList\",\"@id\":\"https:\/\/economiasa.com.br\/blog\/quando-o-medo-de-dar-certo-fala-mais-alto-9-mecanismos-da-autossabotagem-feminina\/#breadcrumb\",\"itemListElement\":[{\"@type\":\"ListItem\",\"position\":1,\"name\":\"In\u00edcio\",\"item\":\"https:\/\/economiasa.com.br\/blog\/\"},{\"@type\":\"ListItem\",\"position\":2,\"name\":\"Quando o medo de dar certo fala mais alto: 9 mecanismos da autossabotagem feminina\"}]},{\"@type\":\"WebSite\",\"@id\":\"https:\/\/economiasa.com.br\/blog\/#website\",\"url\":\"https:\/\/economiasa.com.br\/blog\/\",\"name\":\"Economia S\/A\",\"description\":\"Ler faz bem para os neg\u00f3cios\",\"potentialAction\":[{\"@type\":\"SearchAction\",\"target\":{\"@type\":\"EntryPoint\",\"urlTemplate\":\"https:\/\/economiasa.com.br\/blog\/?s={search_term_string}\"},\"query-input\":{\"@type\":\"PropertyValueSpecification\",\"valueRequired\":true,\"valueName\":\"search_term_string\"}}],\"inLanguage\":\"pt-BR\"},{\"@type\":\"Person\",\"@id\":\"https:\/\/economiasa.com.br\/blog\/#\/schema\/person\/57f2dfaf8250a36d041a4e4cf0498faf\",\"name\":\"Reda\u00e7\u00e3o\",\"image\":{\"@type\":\"ImageObject\",\"inLanguage\":\"pt-BR\",\"@id\":\"https:\/\/secure.gravatar.com\/avatar\/b9a74cf83ab7b387115b660a012a810ba4283a49e2dc1845eacfc09fd7fadd4b?s=96&d=mm&r=g8b4e5e7107f0781ab9bc60df20107da5\",\"url\":\"https:\/\/secure.gravatar.com\/avatar\/b9a74cf83ab7b387115b660a012a810ba4283a49e2dc1845eacfc09fd7fadd4b?s=96&d=mm&r=g\",\"contentUrl\":\"https:\/\/secure.gravatar.com\/avatar\/b9a74cf83ab7b387115b660a012a810ba4283a49e2dc1845eacfc09fd7fadd4b?s=96&d=mm&r=g\",\"caption\":\"Reda\u00e7\u00e3o\"},\"url\":\"https:\/\/economiasa.com.br\/blog\/author\/vhassessoriagmail-com\/\"}]}<\/script>\n<!-- \/ Yoast SEO plugin. -->","yoast_head_json":{"title":"Quando o medo de dar certo fala mais alto: 9 mecanismos da autossabotagem feminina - Economia S\/A","robots":{"index":"index","follow":"follow","max-snippet":"max-snippet:-1","max-image-preview":"max-image-preview:large","max-video-preview":"max-video-preview:-1"},"canonical":"https:\/\/economiasa.com.br\/blog\/quando-o-medo-de-dar-certo-fala-mais-alto-9-mecanismos-da-autossabotagem-feminina\/","og_locale":"pt_BR","og_type":"article","og_title":"Quando o medo de dar certo fala mais alto: 9 mecanismos da autossabotagem feminina - Economia S\/A","og_description":"Para Danieli Wegermann, gestora de pessoas, lideran\u00e7a e carreira, reconhecer esses comportamentos \u00e9 o primeiro passo para evitar que eles interfiram nas...","og_url":"https:\/\/economiasa.com.br\/blog\/quando-o-medo-de-dar-certo-fala-mais-alto-9-mecanismos-da-autossabotagem-feminina\/","og_site_name":"Economia S\/A","article_published_time":"2026-09-04T13:40:45+00:00","article_modified_time":"2026-09-04T13:40:46+00:00","og_image":[{"width":738,"height":694,"url":"https:\/\/economiasa.com.br\/blog\/wp-content\/uploads\/2026\/09\/ccpx1-4.jpg","type":"image\/jpeg"}],"author":"Reda\u00e7\u00e3o","twitter_card":"summary_large_image","twitter_misc":{"Escrito por":"Reda\u00e7\u00e3o","Est. tempo de leitura":"6 minutos"},"schema":{"@context":"https:\/\/schema.org","@graph":[{"@type":"Article","@id":"https:\/\/economiasa.com.br\/blog\/quando-o-medo-de-dar-certo-fala-mais-alto-9-mecanismos-da-autossabotagem-feminina\/#article","isPartOf":{"@id":"https:\/\/economiasa.com.br\/blog\/quando-o-medo-de-dar-certo-fala-mais-alto-9-mecanismos-da-autossabotagem-feminina\/"},"author":{"name":"Reda\u00e7\u00e3o","@id":"https:\/\/economiasa.com.br\/blog\/#\/schema\/person\/57f2dfaf8250a36d041a4e4cf0498faf"},"headline":"Quando o medo de dar certo fala mais alto: 9 mecanismos da autossabotagem feminina","datePublished":"2026-09-04T13:40:45+00:00","dateModified":"2026-09-04T13:40:46+00:00","mainEntityOfPage":{"@id":"https:\/\/economiasa.com.br\/blog\/quando-o-medo-de-dar-certo-fala-mais-alto-9-mecanismos-da-autossabotagem-feminina\/"},"wordCount":1077,"image":{"@id":"https:\/\/economiasa.com.br\/blog\/quando-o-medo-de-dar-certo-fala-mais-alto-9-mecanismos-da-autossabotagem-feminina\/#primaryimage"},"thumbnailUrl":"https:\/\/economiasa.com.br\/blog\/wp-content\/uploads\/2026\/09\/ccpx1-4.jpg","articleSection":["Destaques"],"inLanguage":"pt-BR"},{"@type":"WebPage","@id":"https:\/\/economiasa.com.br\/blog\/quando-o-medo-de-dar-certo-fala-mais-alto-9-mecanismos-da-autossabotagem-feminina\/","url":"https:\/\/economiasa.com.br\/blog\/quando-o-medo-de-dar-certo-fala-mais-alto-9-mecanismos-da-autossabotagem-feminina\/","name":"Quando o medo de dar certo fala mais alto: 9 mecanismos da autossabotagem feminina - Economia S\/A","isPartOf":{"@id":"https:\/\/economiasa.com.br\/blog\/#website"},"primaryImageOfPage":{"@id":"https:\/\/economiasa.com.br\/blog\/quando-o-medo-de-dar-certo-fala-mais-alto-9-mecanismos-da-autossabotagem-feminina\/#primaryimage"},"image":{"@id":"https:\/\/economiasa.com.br\/blog\/quando-o-medo-de-dar-certo-fala-mais-alto-9-mecanismos-da-autossabotagem-feminina\/#primaryimage"},"thumbnailUrl":"https:\/\/economiasa.com.br\/blog\/wp-content\/uploads\/2026\/09\/ccpx1-4.jpg","datePublished":"2026-09-04T13:40:45+00:00","dateModified":"2026-09-04T13:40:46+00:00","author":{"@id":"https:\/\/economiasa.com.br\/blog\/#\/schema\/person\/57f2dfaf8250a36d041a4e4cf0498faf"},"breadcrumb":{"@id":"https:\/\/economiasa.com.br\/blog\/quando-o-medo-de-dar-certo-fala-mais-alto-9-mecanismos-da-autossabotagem-feminina\/#breadcrumb"},"inLanguage":"pt-BR","potentialAction":[{"@type":"ReadAction","target":["https:\/\/economiasa.com.br\/blog\/quando-o-medo-de-dar-certo-fala-mais-alto-9-mecanismos-da-autossabotagem-feminina\/"]}]},{"@type":"ImageObject","inLanguage":"pt-BR","@id":"https:\/\/economiasa.com.br\/blog\/quando-o-medo-de-dar-certo-fala-mais-alto-9-mecanismos-da-autossabotagem-feminina\/#primaryimage","url":"https:\/\/economiasa.com.br\/blog\/wp-content\/uploads\/2026\/09\/ccpx1-4.jpg","contentUrl":"https:\/\/economiasa.com.br\/blog\/wp-content\/uploads\/2026\/09\/ccpx1-4.jpg","width":738,"height":694,"caption":"Cr\u00e9ditos da Foto: Divulga\u00e7\u00e3o"},{"@type":"BreadcrumbList","@id":"https:\/\/economiasa.com.br\/blog\/quando-o-medo-de-dar-certo-fala-mais-alto-9-mecanismos-da-autossabotagem-feminina\/#breadcrumb","itemListElement":[{"@type":"ListItem","position":1,"name":"In\u00edcio","item":"https:\/\/economiasa.com.br\/blog\/"},{"@type":"ListItem","position":2,"name":"Quando o medo de dar certo fala mais alto: 9 mecanismos da autossabotagem feminina"}]},{"@type":"WebSite","@id":"https:\/\/economiasa.com.br\/blog\/#website","url":"https:\/\/economiasa.com.br\/blog\/","name":"Economia S\/A","description":"Ler faz bem para os neg\u00f3cios","potentialAction":[{"@type":"SearchAction","target":{"@type":"EntryPoint","urlTemplate":"https:\/\/economiasa.com.br\/blog\/?s={search_term_string}"},"query-input":{"@type":"PropertyValueSpecification","valueRequired":true,"valueName":"search_term_string"}}],"inLanguage":"pt-BR"},{"@type":"Person","@id":"https:\/\/economiasa.com.br\/blog\/#\/schema\/person\/57f2dfaf8250a36d041a4e4cf0498faf","name":"Reda\u00e7\u00e3o","image":{"@type":"ImageObject","inLanguage":"pt-BR","@id":"https:\/\/secure.gravatar.com\/avatar\/b9a74cf83ab7b387115b660a012a810ba4283a49e2dc1845eacfc09fd7fadd4b?s=96&d=mm&r=g8b4e5e7107f0781ab9bc60df20107da5","url":"https:\/\/secure.gravatar.com\/avatar\/b9a74cf83ab7b387115b660a012a810ba4283a49e2dc1845eacfc09fd7fadd4b?s=96&d=mm&r=g","contentUrl":"https:\/\/secure.gravatar.com\/avatar\/b9a74cf83ab7b387115b660a012a810ba4283a49e2dc1845eacfc09fd7fadd4b?s=96&d=mm&r=g","caption":"Reda\u00e7\u00e3o"},"url":"https:\/\/economiasa.com.br\/blog\/author\/vhassessoriagmail-com\/"}]}},"authors":[{"term_id":13237,"user_id":13,"is_guest":0,"slug":"vhassessoriagmail-com","display_name":"Reda\u00e7\u00e3o","avatar_url":"https:\/\/secure.gravatar.com\/avatar\/b9a74cf83ab7b387115b660a012a810ba4283a49e2dc1845eacfc09fd7fadd4b?s=96&d=mm&r=g","author_category":"","first_name":"Vanessa","last_name":"Reda\u00e7\u00e3o","user_url":"","job_title":"","description":""}],"amp_enabled":true,"_links":{"self":[{"href":"https:\/\/economiasa.com.br\/blog\/wp-json\/wp\/v2\/posts\/85111","targetHints":{"allow":["GET"]}}],"collection":[{"href":"https:\/\/economiasa.com.br\/blog\/wp-json\/wp\/v2\/posts"}],"about":[{"href":"https:\/\/economiasa.com.br\/blog\/wp-json\/wp\/v2\/types\/post"}],"author":[{"embeddable":true,"href":"https:\/\/economiasa.com.br\/blog\/wp-json\/wp\/v2\/users\/13"}],"replies":[{"embeddable":true,"href":"https:\/\/economiasa.com.br\/blog\/wp-json\/wp\/v2\/comments?post=85111"}],"version-history":[{"count":0,"href":"https:\/\/economiasa.com.br\/blog\/wp-json\/wp\/v2\/posts\/85111\/revisions"}],"wp:featuredmedia":[{"embeddable":true,"href":"https:\/\/economiasa.com.br\/blog\/wp-json\/wp\/v2\/media\/85114"}],"wp:attachment":[{"href":"https:\/\/economiasa.com.br\/blog\/wp-json\/wp\/v2\/media?parent=85111"}],"wp:term":[{"taxonomy":"category","embeddable":true,"href":"https:\/\/economiasa.com.br\/blog\/wp-json\/wp\/v2\/categories?post=85111"},{"taxonomy":"post_tag","embeddable":true,"href":"https:\/\/economiasa.com.br\/blog\/wp-json\/wp\/v2\/tags?post=85111"},{"taxonomy":"author","embeddable":true,"href":"https:\/\/economiasa.com.br\/blog\/wp-json\/wp\/v2\/ppma_author?post=85111"}],"curies":[{"name":"wp","href":"https:\/\/api.w.org\/{rel}","templated":true}]}}