{"id":85115,"date":"2026-09-04T10:42:13","date_gmt":"2026-09-04T13:42:13","guid":{"rendered":"https:\/\/economiasa.com.br\/blog\/?p=85115"},"modified":"2026-09-04T10:42:14","modified_gmt":"2026-09-04T13:42:14","slug":"fim-da-escala-6x1-como-a-jornada-de-40-horas-muda-o-mercado-de-trabalho","status":"publish","type":"post","link":"https:\/\/economiasa.com.br\/blog\/fim-da-escala-6x1-como-a-jornada-de-40-horas-muda-o-mercado-de-trabalho\/","title":{"rendered":"Fim da escala 6&#215;1: como a jornada de 40 horas muda o mercado de trabalho"},"content":{"rendered":"\n<p class=\"wp-block-paragraph\"><em>Proposta que reduz jornada de 44 para 40 horas semanais avan\u00e7ou no Senado e prev\u00ea transi\u00e7\u00e3o gradual; especialista explica impactos para trabalhadores e empresas<\/em><\/p>\n\n\n\n<p class=\"wp-block-paragraph\">A poss\u00edvel extin\u00e7\u00e3o da\u00a0<strong>escala 6\u00d71<\/strong>\u00a0no Brasil pode provocar uma das principais mudan\u00e7as na organiza\u00e7\u00e3o da jornada de trabalho desde a Constitui\u00e7\u00e3o de 1988. A Proposta de Emenda \u00e0 Constitui\u00e7\u00e3o (PEC) 221\/2019, aprovada pela Comiss\u00e3o de Constitui\u00e7\u00e3o e Justi\u00e7a (CCJ) do Senado na quarta-feira (2), reduz a jornada m\u00e1xima semanal de 44 para 40 horas, estabelece dois dias de repouso semanal remunerado mantendo os sal\u00e1rios. O texto segue agora para an\u00e1lise do Plen\u00e1rio do Senado. Se aprovada sem altera\u00e7\u00f5es e promulgada, a mudan\u00e7a ocorrer\u00e1 gradativamente. A previs\u00e3o \u00e9 que, dois meses ap\u00f3s a publica\u00e7\u00e3o da emenda, o limite semanal passe de 44 para 42 horas e jornada de 40 horas entraria definitivamente em vigor 14 meses depois da promulga\u00e7\u00e3o.\u00a0<\/p>\n\n\n\n<p class=\"wp-block-paragraph\">Para\u00a0Thaiz\u00a0Nobrega, especialista em Direito do Trabalho do Albuquerque Melo Advogados, o per\u00edodo de transi\u00e7\u00e3o ser\u00e1 determinante para a adapta\u00e7\u00e3o das rela\u00e7\u00f5es trabalhistas. Empresas que atualmente organizam suas opera\u00e7\u00f5es com seis dias de trabalho por semana ter\u00e3o de avaliar como acomodar a redu\u00e7\u00e3o da jornada sem diminuir sal\u00e1rios e preservando as necessidades de funcionamento de cada\u00a0atividade.\u201cMais\u00a0do que uma altera\u00e7\u00e3o de horas trabalhadas, a mudan\u00e7a exigir\u00e1 uma revis\u00e3o da pr\u00f3pria organiza\u00e7\u00e3o do trabalho em muitos setores. Escalas, turnos, contratos e instrumentos coletivos precisar\u00e3o ser analisados para que a redu\u00e7\u00e3o da jornada seja incorporada \u00e0 opera\u00e7\u00e3o sem gerar irregularidades trabalhistas ou comprometer atividades que dependem de funcionamento cont\u00ednuo\u201d, explica.\u00a0<\/p>\n\n\n\n<p class=\"wp-block-paragraph\"><strong>2027 pode ser marcado pela adapta\u00e7\u00e3o \u00e0 nova jornada<\/strong>\u00a0<\/p>\n\n\n\n<p class=\"wp-block-paragraph\">Caso a PEC seja promulgada ainda em 2026, o pr\u00f3ximo ano tende a concentrar boa parte do processo de adequa\u00e7\u00e3o. O intervalo previsto no texto evita uma mudan\u00e7a imediata de quatro horas na jornada m\u00e1xima semanal, mas cria um cronograma que empregadores precisar\u00e3o considerar no planejamento de pessoal. Para as empresas, a prepara\u00e7\u00e3o passa por identificar quais \u00e1reas operam atualmente no limite de 44 horas, quais dependem da escala 6\u00d71 e onde a redu\u00e7\u00e3o poder\u00e1 exigir redistribui\u00e7\u00e3o de equipes ou mudan\u00e7as nos hor\u00e1rios de funcionamento.\u00a0<\/p>\n\n\n\n<p class=\"wp-block-paragraph\">Esse diagn\u00f3stico tamb\u00e9m pode antecipar impactos sobre horas extras e custos de pessoal. Uma opera\u00e7\u00e3o que hoje depende de 44 horas semanais por empregado, por exemplo, precisar\u00e1 avaliar se conseguir\u00e1\u00a0manter a mesma\u00a0cobertura com uma redistribui\u00e7\u00e3o das jornadas ou se haver\u00e1 necessidade de ampliar equipes. Empresas com diferentes unidades, turnos ou modelos de funcionamento ter\u00e3o ainda de verificar se uma mesma solu\u00e7\u00e3o \u00e9 adequada para toda a organiza\u00e7\u00e3o.\u00a0<\/p>\n\n\n\n<p class=\"wp-block-paragraph\">Segundo\u00a0Thaiz, os efeitos poder\u00e3o variar significativamente entre os setores. Empresas com opera\u00e7\u00f5es administrativas, por exemplo, podem ter maior facilidade para reorganizar hor\u00e1rios dentro de cinco dias. J\u00e1 atividades que funcionam durante toda a semana ou por per\u00edodos prolongados podem precisar redistribuir equipes, redesenhar turnos, recorrer \u00e0 negocia\u00e7\u00e3o coletiva ou avaliar a necessidade de novas\u00a0contrata\u00e7\u00f5es.\u201cN\u00e3o\u00a0existe uma \u00fanica solu\u00e7\u00e3o aplic\u00e1vel a todas as empresas. Uma opera\u00e7\u00e3o que precisa funcionar sete dias por semana enfrenta uma equa\u00e7\u00e3o diferente daquela de uma atividade concentrada de segunda a sexta-feira. Por isso, a transi\u00e7\u00e3o prevista no texto \u00e9 relevante: ela permite que cada empregador avalie sua estrutura e encontre um modelo compat\u00edvel com a nova limita\u00e7\u00e3o constitucional\u201d, afirma.\u00a0<\/p>\n\n\n\n<p class=\"wp-block-paragraph\">A especialista ressalta que a redu\u00e7\u00e3o da jornada tamb\u00e9m n\u00e3o permite concluir, isoladamente, que haver\u00e1 aumento de empregos ou de produtividade. Esses efeitos depender\u00e3o de fatores como setor econ\u00f4mico, custo do trabalho, capacidade produtiva e estrat\u00e9gia adotada pelas empresas para reorganizar suas opera\u00e7\u00f5es.\u00a0<\/p>\n\n\n\n<p class=\"wp-block-paragraph\"><strong>Jornada de 40 horas aproxima Brasil de padr\u00e3o internacional<\/strong>\u00a0<\/p>\n\n\n\n<p class=\"wp-block-paragraph\">A eventual redu\u00e7\u00e3o tamb\u00e9m aproxima o limite brasileiro daquele adotado como refer\u00eancia em diferentes economias. Atualmente, a Constitui\u00e7\u00e3o estabelece jornada normal de at\u00e9 oito horas di\u00e1rias e 44 semanais. A Organiza\u00e7\u00e3o Internacional do Trabalho (OIT) possui, entre suas refer\u00eancias hist\u00f3ricas sobre dura\u00e7\u00e3o do trabalho, a redu\u00e7\u00e3o progressiva da jornada para 40 horas semanais.\u00a0<\/p>\n\n\n\n<p class=\"wp-block-paragraph\">Para\u00a0Thaiz, a compara\u00e7\u00e3o internacional precisa considerar diferen\u00e7as de produtividade, estrutura econ\u00f4mica e legisla\u00e7\u00e3o, mas ajuda a dimensionar a mudan\u00e7a.\u00a0\u201cO ponto objetivo \u00e9 que o Brasil ainda permite uma jornada normal de 44 horas semanais. A redu\u00e7\u00e3o\u00a0altera essa refer\u00eancia constitucional e aproxima o pa\u00eds de modelos que trabalham com limites menores de jornada. Isso n\u00e3o significa que os efeitos econ\u00f4micos observados em outros pa\u00edses ser\u00e3o automaticamente reproduzidos aqui, porque cada mercado possui caracter\u00edsticas pr\u00f3prias\u201d, avalia.\u00a0<\/p>\n\n\n\n<p class=\"wp-block-paragraph\"><strong>Empresas precisar\u00e3o olhar al\u00e9m da folha de pagamento<\/strong>\u00a0<\/p>\n\n\n\n<p class=\"wp-block-paragraph\">Para os empregadores, a redu\u00e7\u00e3o da jornada exigir\u00e1 planejamento que considere custos, continuidade da opera\u00e7\u00e3o, controle de jornada e poss\u00edveis impactos sobre horas extras. Em setores intensivos em m\u00e3o de obra, a adequa\u00e7\u00e3o pode ser mais complexa diante da necessidade de manter equipes suficientes para cobrir hor\u00e1rios e per\u00edodos de funcionamento.\u00a0Com a transi\u00e7\u00e3o prevista de aproximadamente 14 meses, as empresas ter\u00e3o um per\u00edodo para avaliar os impactos da mudan\u00e7a e definir como adequar sua estrutura ao novo limite semanal. Para\u00a0Thaiz, as solu\u00e7\u00f5es dever\u00e3o considerar as caracter\u00edsticas de cada atividade e a forma como o trabalho est\u00e1 organizado atualmente.\u00a0<\/p>\n\n\n\n<p class=\"wp-block-paragraph\">Para\u00a0Thaiz,\u00a0o\u00a0processo exige atua\u00e7\u00e3o estrat\u00e9gica\u00a0considerando\u00a0as caracter\u00edsticas e necessidades de cada neg\u00f3cio.\u00a0\u201cA adapta\u00e7\u00e3o n\u00e3o dever\u00e1 ocorrer simplesmente reduzindo quatro horas de uma semana para outra. Empresas ter\u00e3o de rever escalas, turnos, contratos e instrumentos coletivos. Para o trabalhador, a mudan\u00e7a ocorre sem redu\u00e7\u00e3o nominal ou proporcional do sal\u00e1rio, segundo o texto atual. \u00c9 poss\u00edvel tamb\u00e9m que haja maior uso de negocia\u00e7\u00e3o coletiva, automa\u00e7\u00e3o, reorganiza\u00e7\u00e3o de turnos e at\u00e9 novas contrata\u00e7\u00f5es em determinados setores\u201d, afirma.\u00a0<\/p>\n\n\n\n<p class=\"wp-block-paragraph\">J\u00e1 para os trabalhadores, a principal mudan\u00e7a ser\u00e1 a redu\u00e7\u00e3o do limite semanal e a amplia\u00e7\u00e3o do per\u00edodo de descanso, sem diminui\u00e7\u00e3o proporcional da remunera\u00e7\u00e3o.\u00a0\u201cA proposta muda uma refer\u00eancia que est\u00e1 incorporada h\u00e1 d\u00e9cadas ao mercado de trabalho brasileiro. Para o empregado, h\u00e1 um ganho objetivo de tempo dispon\u00edvel. Para as empresas, o desafio ser\u00e1 absorver essa redu\u00e7\u00e3o de maneira juridicamente segura e operacionalmente sustent\u00e1vel. O resultado econ\u00f4mico depender\u00e1 muito de como essa transi\u00e7\u00e3o ser\u00e1 conduzida em cada setor\u201d, conclui.\u00a0<\/p>\n\n\n\n<p class=\"wp-block-paragraph\">Fonte:\u00a0Thaiz\u00a0Nobrega, especialista em direito do trabalho do Albuquerque Melo Advogados.\u00a0\u00a0<\/p>\n","protected":false},"excerpt":{"rendered":"<p>Proposta que reduz jornada de 44 para 40 horas semanais avan\u00e7ou no Senado e prev\u00ea transi\u00e7\u00e3o gradual; especialista explica impactos para trabalhadores&#8230;<\/p>\n","protected":false},"author":47,"featured_media":84040,"comment_status":"closed","ping_status":"open","sticky":false,"template":"","format":"standard","meta":{"footnotes":""},"categories":[661],"tags":[],"ppma_author":[13248],"class_list":["post-85115","post","type-post","status-publish","format-standard","has-post-thumbnail","category-gestao-publica"],"yoast_head":"<!-- This site is optimized with the Yoast SEO plugin v27.2 - https:\/\/yoast.com\/product\/yoast-seo-wordpress\/ -->\n<title>Fim da escala 6x1: como a jornada de 40 horas muda o mercado de trabalho - Economia S\/A<\/title>\n<meta name=\"robots\" content=\"index, follow, max-snippet:-1, max-image-preview:large, max-video-preview:-1\" \/>\n<link rel=\"canonical\" href=\"https:\/\/economiasa.com.br\/blog\/fim-da-escala-6x1-como-a-jornada-de-40-horas-muda-o-mercado-de-trabalho\/\" \/>\n<meta property=\"og:locale\" content=\"pt_BR\" \/>\n<meta property=\"og:type\" content=\"article\" \/>\n<meta property=\"og:title\" content=\"Fim da escala 6x1: como a jornada de 40 horas muda o mercado de trabalho - Economia S\/A\" \/>\n<meta property=\"og:description\" content=\"Proposta que reduz jornada de 44 para 40 horas semanais avan\u00e7ou no Senado e prev\u00ea transi\u00e7\u00e3o gradual; especialista explica impactos para trabalhadores...\" \/>\n<meta property=\"og:url\" content=\"https:\/\/economiasa.com.br\/blog\/fim-da-escala-6x1-como-a-jornada-de-40-horas-muda-o-mercado-de-trabalho\/\" \/>\n<meta property=\"og:site_name\" content=\"Economia S\/A\" \/>\n<meta property=\"article:published_time\" content=\"2026-09-04T13:42:13+00:00\" \/>\n<meta property=\"article:modified_time\" content=\"2026-09-04T13:42:14+00:00\" \/>\n<meta property=\"og:image\" content=\"https:\/\/economiasa.com.br\/blog\/wp-content\/uploads\/2026\/08\/Capturar-134.png\" \/>\n\t<meta property=\"og:image:width\" content=\"389\" \/>\n\t<meta property=\"og:image:height\" content=\"343\" \/>\n\t<meta property=\"og:image:type\" content=\"image\/png\" \/>\n<meta name=\"author\" content=\"Reda\u00e7\u00e3o\" \/>\n<meta name=\"twitter:card\" content=\"summary_large_image\" \/>\n<meta name=\"twitter:label1\" content=\"Escrito por\" \/>\n\t<meta name=\"twitter:data1\" content=\"Reda\u00e7\u00e3o\" \/>\n\t<meta name=\"twitter:label2\" content=\"Est. tempo de leitura\" \/>\n\t<meta name=\"twitter:data2\" content=\"6 minutos\" \/>\n<script type=\"application\/ld+json\" class=\"yoast-schema-graph\">{\"@context\":\"https:\/\/schema.org\",\"@graph\":[{\"@type\":\"Article\",\"@id\":\"https:\/\/economiasa.com.br\/blog\/fim-da-escala-6x1-como-a-jornada-de-40-horas-muda-o-mercado-de-trabalho\/#article\",\"isPartOf\":{\"@id\":\"https:\/\/economiasa.com.br\/blog\/fim-da-escala-6x1-como-a-jornada-de-40-horas-muda-o-mercado-de-trabalho\/\"},\"author\":{\"name\":\"Reda\u00e7\u00e3o\",\"@id\":\"https:\/\/economiasa.com.br\/blog\/#\/schema\/person\/14b8ac2dc25bd63b52bc54e845fa3923\"},\"headline\":\"Fim da escala 6&#215;1: como a jornada de 40 horas muda o mercado de trabalho\",\"datePublished\":\"2026-09-04T13:42:13+00:00\",\"dateModified\":\"2026-09-04T13:42:14+00:00\",\"mainEntityOfPage\":{\"@id\":\"https:\/\/economiasa.com.br\/blog\/fim-da-escala-6x1-como-a-jornada-de-40-horas-muda-o-mercado-de-trabalho\/\"},\"wordCount\":1168,\"image\":{\"@id\":\"https:\/\/economiasa.com.br\/blog\/fim-da-escala-6x1-como-a-jornada-de-40-horas-muda-o-mercado-de-trabalho\/#primaryimage\"},\"thumbnailUrl\":\"https:\/\/economiasa.com.br\/blog\/wp-content\/uploads\/2026\/08\/Capturar-134.png\",\"articleSection\":[\"Gest\u00e3o Publica\"],\"inLanguage\":\"pt-BR\"},{\"@type\":\"WebPage\",\"@id\":\"https:\/\/economiasa.com.br\/blog\/fim-da-escala-6x1-como-a-jornada-de-40-horas-muda-o-mercado-de-trabalho\/\",\"url\":\"https:\/\/economiasa.com.br\/blog\/fim-da-escala-6x1-como-a-jornada-de-40-horas-muda-o-mercado-de-trabalho\/\",\"name\":\"Fim da escala 6x1: como a jornada de 40 horas muda o mercado de trabalho - Economia S\/A\",\"isPartOf\":{\"@id\":\"https:\/\/economiasa.com.br\/blog\/#website\"},\"primaryImageOfPage\":{\"@id\":\"https:\/\/economiasa.com.br\/blog\/fim-da-escala-6x1-como-a-jornada-de-40-horas-muda-o-mercado-de-trabalho\/#primaryimage\"},\"image\":{\"@id\":\"https:\/\/economiasa.com.br\/blog\/fim-da-escala-6x1-como-a-jornada-de-40-horas-muda-o-mercado-de-trabalho\/#primaryimage\"},\"thumbnailUrl\":\"https:\/\/economiasa.com.br\/blog\/wp-content\/uploads\/2026\/08\/Capturar-134.png\",\"datePublished\":\"2026-09-04T13:42:13+00:00\",\"dateModified\":\"2026-09-04T13:42:14+00:00\",\"author\":{\"@id\":\"https:\/\/economiasa.com.br\/blog\/#\/schema\/person\/14b8ac2dc25bd63b52bc54e845fa3923\"},\"breadcrumb\":{\"@id\":\"https:\/\/economiasa.com.br\/blog\/fim-da-escala-6x1-como-a-jornada-de-40-horas-muda-o-mercado-de-trabalho\/#breadcrumb\"},\"inLanguage\":\"pt-BR\",\"potentialAction\":[{\"@type\":\"ReadAction\",\"target\":[\"https:\/\/economiasa.com.br\/blog\/fim-da-escala-6x1-como-a-jornada-de-40-horas-muda-o-mercado-de-trabalho\/\"]}]},{\"@type\":\"ImageObject\",\"inLanguage\":\"pt-BR\",\"@id\":\"https:\/\/economiasa.com.br\/blog\/fim-da-escala-6x1-como-a-jornada-de-40-horas-muda-o-mercado-de-trabalho\/#primaryimage\",\"url\":\"https:\/\/economiasa.com.br\/blog\/wp-content\/uploads\/2026\/08\/Capturar-134.png\",\"contentUrl\":\"https:\/\/economiasa.com.br\/blog\/wp-content\/uploads\/2026\/08\/Capturar-134.png\",\"width\":389,\"height\":343,\"caption\":\"Thaiz Nobrega - Cr\u00e9ditos da foto: Divulga\u00e7\u00e3o\"},{\"@type\":\"BreadcrumbList\",\"@id\":\"https:\/\/economiasa.com.br\/blog\/fim-da-escala-6x1-como-a-jornada-de-40-horas-muda-o-mercado-de-trabalho\/#breadcrumb\",\"itemListElement\":[{\"@type\":\"ListItem\",\"position\":1,\"name\":\"In\u00edcio\",\"item\":\"https:\/\/economiasa.com.br\/blog\/\"},{\"@type\":\"ListItem\",\"position\":2,\"name\":\"Fim da escala 6&#215;1: como a jornada de 40 horas muda o mercado de trabalho\"}]},{\"@type\":\"WebSite\",\"@id\":\"https:\/\/economiasa.com.br\/blog\/#website\",\"url\":\"https:\/\/economiasa.com.br\/blog\/\",\"name\":\"Economia S\/A\",\"description\":\"Ler faz bem para os neg\u00f3cios\",\"potentialAction\":[{\"@type\":\"SearchAction\",\"target\":{\"@type\":\"EntryPoint\",\"urlTemplate\":\"https:\/\/economiasa.com.br\/blog\/?s={search_term_string}\"},\"query-input\":{\"@type\":\"PropertyValueSpecification\",\"valueRequired\":true,\"valueName\":\"search_term_string\"}}],\"inLanguage\":\"pt-BR\"},{\"@type\":\"Person\",\"@id\":\"https:\/\/economiasa.com.br\/blog\/#\/schema\/person\/14b8ac2dc25bd63b52bc54e845fa3923\",\"name\":\"Reda\u00e7\u00e3o\",\"image\":{\"@type\":\"ImageObject\",\"inLanguage\":\"pt-BR\",\"@id\":\"https:\/\/secure.gravatar.com\/avatar\/c8c795261f7f8547b22616a549577db9e450bd5622da3f6eb62b0e2c3e364c4e?s=96&d=mm&r=g0fb5212bc57e2287787936667fbbe0ff\",\"url\":\"https:\/\/secure.gravatar.com\/avatar\/c8c795261f7f8547b22616a549577db9e450bd5622da3f6eb62b0e2c3e364c4e?s=96&d=mm&r=g\",\"contentUrl\":\"https:\/\/secure.gravatar.com\/avatar\/c8c795261f7f8547b22616a549577db9e450bd5622da3f6eb62b0e2c3e364c4e?s=96&d=mm&r=g\",\"caption\":\"Reda\u00e7\u00e3o\"},\"sameAs\":[\"http:\/\/www.economiasa.com.br\"],\"url\":\"https:\/\/economiasa.com.br\/blog\/author\/redacao\/\"}]}<\/script>\n<!-- \/ Yoast SEO plugin. -->","yoast_head_json":{"title":"Fim da escala 6x1: como a jornada de 40 horas muda o mercado de trabalho - Economia S\/A","robots":{"index":"index","follow":"follow","max-snippet":"max-snippet:-1","max-image-preview":"max-image-preview:large","max-video-preview":"max-video-preview:-1"},"canonical":"https:\/\/economiasa.com.br\/blog\/fim-da-escala-6x1-como-a-jornada-de-40-horas-muda-o-mercado-de-trabalho\/","og_locale":"pt_BR","og_type":"article","og_title":"Fim da escala 6x1: como a jornada de 40 horas muda o mercado de trabalho - Economia S\/A","og_description":"Proposta que reduz jornada de 44 para 40 horas semanais avan\u00e7ou no Senado e prev\u00ea transi\u00e7\u00e3o gradual; especialista explica impactos para trabalhadores...","og_url":"https:\/\/economiasa.com.br\/blog\/fim-da-escala-6x1-como-a-jornada-de-40-horas-muda-o-mercado-de-trabalho\/","og_site_name":"Economia S\/A","article_published_time":"2026-09-04T13:42:13+00:00","article_modified_time":"2026-09-04T13:42:14+00:00","og_image":[{"width":389,"height":343,"url":"https:\/\/economiasa.com.br\/blog\/wp-content\/uploads\/2026\/08\/Capturar-134.png","type":"image\/png"}],"author":"Reda\u00e7\u00e3o","twitter_card":"summary_large_image","twitter_misc":{"Escrito por":"Reda\u00e7\u00e3o","Est. tempo de leitura":"6 minutos"},"schema":{"@context":"https:\/\/schema.org","@graph":[{"@type":"Article","@id":"https:\/\/economiasa.com.br\/blog\/fim-da-escala-6x1-como-a-jornada-de-40-horas-muda-o-mercado-de-trabalho\/#article","isPartOf":{"@id":"https:\/\/economiasa.com.br\/blog\/fim-da-escala-6x1-como-a-jornada-de-40-horas-muda-o-mercado-de-trabalho\/"},"author":{"name":"Reda\u00e7\u00e3o","@id":"https:\/\/economiasa.com.br\/blog\/#\/schema\/person\/14b8ac2dc25bd63b52bc54e845fa3923"},"headline":"Fim da escala 6&#215;1: como a jornada de 40 horas muda o mercado de trabalho","datePublished":"2026-09-04T13:42:13+00:00","dateModified":"2026-09-04T13:42:14+00:00","mainEntityOfPage":{"@id":"https:\/\/economiasa.com.br\/blog\/fim-da-escala-6x1-como-a-jornada-de-40-horas-muda-o-mercado-de-trabalho\/"},"wordCount":1168,"image":{"@id":"https:\/\/economiasa.com.br\/blog\/fim-da-escala-6x1-como-a-jornada-de-40-horas-muda-o-mercado-de-trabalho\/#primaryimage"},"thumbnailUrl":"https:\/\/economiasa.com.br\/blog\/wp-content\/uploads\/2026\/08\/Capturar-134.png","articleSection":["Gest\u00e3o Publica"],"inLanguage":"pt-BR"},{"@type":"WebPage","@id":"https:\/\/economiasa.com.br\/blog\/fim-da-escala-6x1-como-a-jornada-de-40-horas-muda-o-mercado-de-trabalho\/","url":"https:\/\/economiasa.com.br\/blog\/fim-da-escala-6x1-como-a-jornada-de-40-horas-muda-o-mercado-de-trabalho\/","name":"Fim da escala 6x1: como a jornada de 40 horas muda o mercado de trabalho - Economia S\/A","isPartOf":{"@id":"https:\/\/economiasa.com.br\/blog\/#website"},"primaryImageOfPage":{"@id":"https:\/\/economiasa.com.br\/blog\/fim-da-escala-6x1-como-a-jornada-de-40-horas-muda-o-mercado-de-trabalho\/#primaryimage"},"image":{"@id":"https:\/\/economiasa.com.br\/blog\/fim-da-escala-6x1-como-a-jornada-de-40-horas-muda-o-mercado-de-trabalho\/#primaryimage"},"thumbnailUrl":"https:\/\/economiasa.com.br\/blog\/wp-content\/uploads\/2026\/08\/Capturar-134.png","datePublished":"2026-09-04T13:42:13+00:00","dateModified":"2026-09-04T13:42:14+00:00","author":{"@id":"https:\/\/economiasa.com.br\/blog\/#\/schema\/person\/14b8ac2dc25bd63b52bc54e845fa3923"},"breadcrumb":{"@id":"https:\/\/economiasa.com.br\/blog\/fim-da-escala-6x1-como-a-jornada-de-40-horas-muda-o-mercado-de-trabalho\/#breadcrumb"},"inLanguage":"pt-BR","potentialAction":[{"@type":"ReadAction","target":["https:\/\/economiasa.com.br\/blog\/fim-da-escala-6x1-como-a-jornada-de-40-horas-muda-o-mercado-de-trabalho\/"]}]},{"@type":"ImageObject","inLanguage":"pt-BR","@id":"https:\/\/economiasa.com.br\/blog\/fim-da-escala-6x1-como-a-jornada-de-40-horas-muda-o-mercado-de-trabalho\/#primaryimage","url":"https:\/\/economiasa.com.br\/blog\/wp-content\/uploads\/2026\/08\/Capturar-134.png","contentUrl":"https:\/\/economiasa.com.br\/blog\/wp-content\/uploads\/2026\/08\/Capturar-134.png","width":389,"height":343,"caption":"Thaiz Nobrega - Cr\u00e9ditos da foto: Divulga\u00e7\u00e3o"},{"@type":"BreadcrumbList","@id":"https:\/\/economiasa.com.br\/blog\/fim-da-escala-6x1-como-a-jornada-de-40-horas-muda-o-mercado-de-trabalho\/#breadcrumb","itemListElement":[{"@type":"ListItem","position":1,"name":"In\u00edcio","item":"https:\/\/economiasa.com.br\/blog\/"},{"@type":"ListItem","position":2,"name":"Fim da escala 6&#215;1: como a jornada de 40 horas muda o mercado de trabalho"}]},{"@type":"WebSite","@id":"https:\/\/economiasa.com.br\/blog\/#website","url":"https:\/\/economiasa.com.br\/blog\/","name":"Economia S\/A","description":"Ler faz bem para os neg\u00f3cios","potentialAction":[{"@type":"SearchAction","target":{"@type":"EntryPoint","urlTemplate":"https:\/\/economiasa.com.br\/blog\/?s={search_term_string}"},"query-input":{"@type":"PropertyValueSpecification","valueRequired":true,"valueName":"search_term_string"}}],"inLanguage":"pt-BR"},{"@type":"Person","@id":"https:\/\/economiasa.com.br\/blog\/#\/schema\/person\/14b8ac2dc25bd63b52bc54e845fa3923","name":"Reda\u00e7\u00e3o","image":{"@type":"ImageObject","inLanguage":"pt-BR","@id":"https:\/\/secure.gravatar.com\/avatar\/c8c795261f7f8547b22616a549577db9e450bd5622da3f6eb62b0e2c3e364c4e?s=96&d=mm&r=g0fb5212bc57e2287787936667fbbe0ff","url":"https:\/\/secure.gravatar.com\/avatar\/c8c795261f7f8547b22616a549577db9e450bd5622da3f6eb62b0e2c3e364c4e?s=96&d=mm&r=g","contentUrl":"https:\/\/secure.gravatar.com\/avatar\/c8c795261f7f8547b22616a549577db9e450bd5622da3f6eb62b0e2c3e364c4e?s=96&d=mm&r=g","caption":"Reda\u00e7\u00e3o"},"sameAs":["http:\/\/www.economiasa.com.br"],"url":"https:\/\/economiasa.com.br\/blog\/author\/redacao\/"}]}},"authors":[{"term_id":13248,"user_id":47,"is_guest":0,"slug":"redacao","display_name":"Reda\u00e7\u00e3o","avatar_url":"https:\/\/secure.gravatar.com\/avatar\/c8c795261f7f8547b22616a549577db9e450bd5622da3f6eb62b0e2c3e364c4e?s=96&d=mm&r=g","author_category":"","first_name":"Reda\u00e7\u00e3o","last_name":"","user_url":"http:\/\/www.economiasa.com.br","job_title":"","description":""}],"amp_enabled":true,"_links":{"self":[{"href":"https:\/\/economiasa.com.br\/blog\/wp-json\/wp\/v2\/posts\/85115","targetHints":{"allow":["GET"]}}],"collection":[{"href":"https:\/\/economiasa.com.br\/blog\/wp-json\/wp\/v2\/posts"}],"about":[{"href":"https:\/\/economiasa.com.br\/blog\/wp-json\/wp\/v2\/types\/post"}],"author":[{"embeddable":true,"href":"https:\/\/economiasa.com.br\/blog\/wp-json\/wp\/v2\/users\/47"}],"replies":[{"embeddable":true,"href":"https:\/\/economiasa.com.br\/blog\/wp-json\/wp\/v2\/comments?post=85115"}],"version-history":[{"count":0,"href":"https:\/\/economiasa.com.br\/blog\/wp-json\/wp\/v2\/posts\/85115\/revisions"}],"wp:featuredmedia":[{"embeddable":true,"href":"https:\/\/economiasa.com.br\/blog\/wp-json\/wp\/v2\/media\/84040"}],"wp:attachment":[{"href":"https:\/\/economiasa.com.br\/blog\/wp-json\/wp\/v2\/media?parent=85115"}],"wp:term":[{"taxonomy":"category","embeddable":true,"href":"https:\/\/economiasa.com.br\/blog\/wp-json\/wp\/v2\/categories?post=85115"},{"taxonomy":"post_tag","embeddable":true,"href":"https:\/\/economiasa.com.br\/blog\/wp-json\/wp\/v2\/tags?post=85115"},{"taxonomy":"author","embeddable":true,"href":"https:\/\/economiasa.com.br\/blog\/wp-json\/wp\/v2\/ppma_author?post=85115"}],"curies":[{"name":"wp","href":"https:\/\/api.w.org\/{rel}","templated":true}]}}