{"id":85116,"date":"2026-09-04T10:43:17","date_gmt":"2026-09-04T13:43:17","guid":{"rendered":"https:\/\/economiasa.com.br\/blog\/?p=85116"},"modified":"2026-09-04T10:43:17","modified_gmt":"2026-09-04T13:43:17","slug":"colegio-almeida-junior-realiza-a-conecta-com-feira-de-profissoes-e-prova-de-bolsas","status":"publish","type":"post","link":"https:\/\/economiasa.com.br\/blog\/colegio-almeida-junior-realiza-a-conecta-com-feira-de-profissoes-e-prova-de-bolsas\/","title":{"rendered":"Col\u00e9gio Almeida J\u00fanior realiza &#8220;A+ Conecta&#8221; com Feira de Profiss\u00f5es e Prova de Bolsas"},"content":{"rendered":"\n<p class=\"wp-block-paragraph\"><em>Evento gratuito acontece no dia 12 de setembro e oferece aos estudantes a oportunidade de conhecer diferentes carreiras, universidades e concorrer a bolsas de estudos de at\u00e9 100% para o Ensino M\u00e9dio<\/em><br>O Col\u00e9gio Almeida J\u00fanior, em Itu\/SP, realiza no s\u00e1bado, dia 12 de setembro, o \u201cA+ Conecta\u201d\u00a0com Feira\u00a0de Profiss\u00f5es e Prova de Bolsas. O evento \u00e9 voltado a estudantes do Ensino M\u00e9dio que desejam explorar novas possibilidades para o futuro, conhecer diferentes profiss\u00f5es e descobrir caminhos para a constru\u00e7\u00e3o de suas carreiras.<\/p>\n\n\n\n<p class=\"wp-block-paragraph\">Com programa\u00e7\u00e3o das 8h \u00e0s 12h, o \u201cA+ Conecta\u201d vai proporcionar aos participantes a oportunidade de entrar em contato com profissionais, universidades e diferentes \u00e1reas de atua\u00e7\u00e3o. A proposta \u00e9 ampliar horizontes e contribuir para que os jovens fa\u00e7am escolhas mais conscientes em rela\u00e7\u00e3o ao futuro acad\u00eamico e profissional.<\/p>\n\n\n\n<p class=\"wp-block-paragraph\">Al\u00e9m da Feira de Profiss\u00f5es, o evento tamb\u00e9m contar\u00e1 com a Prova de Bolsas do Col\u00e9gio Almeida J\u00fanior, oferecendo descontos de 50% a 100% nas mensalidades para alunos do Ensino M\u00e9dio. A avalia\u00e7\u00e3o ser\u00e1 realizada das 8h \u00e0s 9h30.<\/p>\n\n\n\n<p class=\"wp-block-paragraph\">A iniciativa refor\u00e7a a proposta do Col\u00e9gio Almeida J\u00fanior de ir al\u00e9m da sala de aula, promovendo experi\u00eancias que auxiliem os estudantes na descoberta de seus interesses, talentos e possibilidades para o futuro.<\/p>\n\n\n\n<p class=\"wp-block-paragraph\">Para participar, os interessados devem realizar o pr\u00e9-cadastro atrav\u00e9s do link\u00a0<a href=\"https:\/\/docs.google.com\/forms\/d\/e\/1FAIpQLSftlUdfGs4ZzhLbCKIoedn5IaC8Ty4Ztoe5jES1lzHsa8l62Q\/viewform\" target=\"_blank\" rel=\"noreferrer noopener\">https:\/\/docs.google.com\/forms\/d\/e\/1FAIpQLSftlUdfGs4ZzhLbCKIoedn5IaC8Ty4Ztoe5jES1lzHsa8l62Q\/viewform<\/a>, que tamb\u00e9m est\u00e1 que se encontra no bio do Instagram @colegioalmeidajunior e garantir o interesse na atividade. O evento \u00e9 gratuito.<\/p>\n\n\n\n<p class=\"wp-block-paragraph\"><strong>Servi\u00e7o:<br>A+ Conecta \u2013 Feira de Profiss\u00f5es e Prova de Bolsas<\/strong><br>Data: s\u00e1bado, 12 de setembro de 2026<br>Hor\u00e1rio da Prova de Bolsas: das 8h \u00e0s 9h30<br>Hor\u00e1rio do evento: das 8h \u00e0s 12h<br>Local: Col\u00e9gio Almeida J\u00fanior \u2013 Rua Cruz das Almas, 316, Itu<br>Pr\u00e9-cadastro: link na bio do Instagram @colegioalmeidajunior<\/p>\n","protected":false},"excerpt":{"rendered":"<p>Evento gratuito acontece no dia 12 de setembro e oferece aos estudantes a oportunidade de conhecer diferentes carreiras, universidades e concorrer a&#8230;<\/p>\n","protected":false},"author":47,"featured_media":85117,"comment_status":"closed","ping_status":"open","sticky":false,"template":"","format":"standard","meta":{"footnotes":""},"categories":[196],"tags":[],"ppma_author":[13248],"class_list":["post-85116","post","type-post","status-publish","format-standard","has-post-thumbnail","category-educacao"],"yoast_head":"<!-- This site is optimized with the Yoast SEO plugin v27.2 - https:\/\/yoast.com\/product\/yoast-seo-wordpress\/ -->\n<title>Col\u00e9gio Almeida J\u00fanior realiza &quot;A+ Conecta&quot; com Feira de Profiss\u00f5es e Prova de Bolsas - Economia S\/A<\/title>\n<meta name=\"robots\" content=\"index, follow, max-snippet:-1, max-image-preview:large, max-video-preview:-1\" \/>\n<link rel=\"canonical\" href=\"https:\/\/economiasa.com.br\/blog\/colegio-almeida-junior-realiza-a-conecta-com-feira-de-profissoes-e-prova-de-bolsas\/\" \/>\n<meta property=\"og:locale\" content=\"pt_BR\" \/>\n<meta property=\"og:type\" content=\"article\" \/>\n<meta property=\"og:title\" content=\"Col\u00e9gio Almeida J\u00fanior realiza &quot;A+ Conecta&quot; com Feira de Profiss\u00f5es e Prova de Bolsas - Economia S\/A\" \/>\n<meta property=\"og:description\" content=\"Evento gratuito acontece no dia 12 de setembro e oferece aos estudantes a oportunidade de conhecer diferentes carreiras, universidades e concorrer a...\" \/>\n<meta property=\"og:url\" content=\"https:\/\/economiasa.com.br\/blog\/colegio-almeida-junior-realiza-a-conecta-com-feira-de-profissoes-e-prova-de-bolsas\/\" \/>\n<meta property=\"og:site_name\" content=\"Economia S\/A\" \/>\n<meta property=\"article:published_time\" content=\"2026-09-04T13:43:17+00:00\" \/>\n<meta property=\"og:image\" content=\"https:\/\/economiasa.com.br\/blog\/wp-content\/uploads\/2026\/09\/Fachada-colegio-almeida-junior.jpg\" \/>\n\t<meta property=\"og:image:width\" content=\"1600\" \/>\n\t<meta property=\"og:image:height\" content=\"900\" \/>\n\t<meta property=\"og:image:type\" content=\"image\/jpeg\" \/>\n<meta name=\"author\" content=\"Reda\u00e7\u00e3o\" \/>\n<meta name=\"twitter:card\" content=\"summary_large_image\" \/>\n<meta name=\"twitter:label1\" content=\"Escrito por\" \/>\n\t<meta name=\"twitter:data1\" content=\"Reda\u00e7\u00e3o\" \/>\n\t<meta name=\"twitter:label2\" content=\"Est. tempo de leitura\" \/>\n\t<meta name=\"twitter:data2\" content=\"2 minutos\" \/>\n<script type=\"application\/ld+json\" class=\"yoast-schema-graph\">{\"@context\":\"https:\/\/schema.org\",\"@graph\":[{\"@type\":\"Article\",\"@id\":\"https:\/\/economiasa.com.br\/blog\/colegio-almeida-junior-realiza-a-conecta-com-feira-de-profissoes-e-prova-de-bolsas\/#article\",\"isPartOf\":{\"@id\":\"https:\/\/economiasa.com.br\/blog\/colegio-almeida-junior-realiza-a-conecta-com-feira-de-profissoes-e-prova-de-bolsas\/\"},\"author\":{\"name\":\"Reda\u00e7\u00e3o\",\"@id\":\"https:\/\/economiasa.com.br\/blog\/#\/schema\/person\/14b8ac2dc25bd63b52bc54e845fa3923\"},\"headline\":\"Col\u00e9gio Almeida J\u00fanior realiza &#8220;A+ Conecta&#8221; com Feira de Profiss\u00f5es e Prova de Bolsas\",\"datePublished\":\"2026-09-04T13:43:17+00:00\",\"mainEntityOfPage\":{\"@id\":\"https:\/\/economiasa.com.br\/blog\/colegio-almeida-junior-realiza-a-conecta-com-feira-de-profissoes-e-prova-de-bolsas\/\"},\"wordCount\":349,\"image\":{\"@id\":\"https:\/\/economiasa.com.br\/blog\/colegio-almeida-junior-realiza-a-conecta-com-feira-de-profissoes-e-prova-de-bolsas\/#primaryimage\"},\"thumbnailUrl\":\"https:\/\/economiasa.com.br\/blog\/wp-content\/uploads\/2026\/09\/Fachada-colegio-almeida-junior.jpg\",\"articleSection\":[\"Educa\u00e7\u00e3o\"],\"inLanguage\":\"pt-BR\"},{\"@type\":\"WebPage\",\"@id\":\"https:\/\/economiasa.com.br\/blog\/colegio-almeida-junior-realiza-a-conecta-com-feira-de-profissoes-e-prova-de-bolsas\/\",\"url\":\"https:\/\/economiasa.com.br\/blog\/colegio-almeida-junior-realiza-a-conecta-com-feira-de-profissoes-e-prova-de-bolsas\/\",\"name\":\"Col\u00e9gio Almeida J\u00fanior realiza \\\"A+ Conecta\\\" com Feira de Profiss\u00f5es e Prova de Bolsas - Economia S\/A\",\"isPartOf\":{\"@id\":\"https:\/\/economiasa.com.br\/blog\/#website\"},\"primaryImageOfPage\":{\"@id\":\"https:\/\/economiasa.com.br\/blog\/colegio-almeida-junior-realiza-a-conecta-com-feira-de-profissoes-e-prova-de-bolsas\/#primaryimage\"},\"image\":{\"@id\":\"https:\/\/economiasa.com.br\/blog\/colegio-almeida-junior-realiza-a-conecta-com-feira-de-profissoes-e-prova-de-bolsas\/#primaryimage\"},\"thumbnailUrl\":\"https:\/\/economiasa.com.br\/blog\/wp-content\/uploads\/2026\/09\/Fachada-colegio-almeida-junior.jpg\",\"datePublished\":\"2026-09-04T13:43:17+00:00\",\"author\":{\"@id\":\"https:\/\/economiasa.com.br\/blog\/#\/schema\/person\/14b8ac2dc25bd63b52bc54e845fa3923\"},\"breadcrumb\":{\"@id\":\"https:\/\/economiasa.com.br\/blog\/colegio-almeida-junior-realiza-a-conecta-com-feira-de-profissoes-e-prova-de-bolsas\/#breadcrumb\"},\"inLanguage\":\"pt-BR\",\"potentialAction\":[{\"@type\":\"ReadAction\",\"target\":[\"https:\/\/economiasa.com.br\/blog\/colegio-almeida-junior-realiza-a-conecta-com-feira-de-profissoes-e-prova-de-bolsas\/\"]}]},{\"@type\":\"ImageObject\",\"inLanguage\":\"pt-BR\",\"@id\":\"https:\/\/economiasa.com.br\/blog\/colegio-almeida-junior-realiza-a-conecta-com-feira-de-profissoes-e-prova-de-bolsas\/#primaryimage\",\"url\":\"https:\/\/economiasa.com.br\/blog\/wp-content\/uploads\/2026\/09\/Fachada-colegio-almeida-junior.jpg\",\"contentUrl\":\"https:\/\/economiasa.com.br\/blog\/wp-content\/uploads\/2026\/09\/Fachada-colegio-almeida-junior.jpg\",\"width\":1600,\"height\":900,\"caption\":\"Fachada col\u00e9gio almeida j\u00fanior - Cr\u00e9ditos da foto: Divulga\u00e7\u00e3o\"},{\"@type\":\"BreadcrumbList\",\"@id\":\"https:\/\/economiasa.com.br\/blog\/colegio-almeida-junior-realiza-a-conecta-com-feira-de-profissoes-e-prova-de-bolsas\/#breadcrumb\",\"itemListElement\":[{\"@type\":\"ListItem\",\"position\":1,\"name\":\"In\u00edcio\",\"item\":\"https:\/\/economiasa.com.br\/blog\/\"},{\"@type\":\"ListItem\",\"position\":2,\"name\":\"Col\u00e9gio Almeida J\u00fanior realiza &#8220;A+ Conecta&#8221; com Feira de Profiss\u00f5es e Prova de Bolsas\"}]},{\"@type\":\"WebSite\",\"@id\":\"https:\/\/economiasa.com.br\/blog\/#website\",\"url\":\"https:\/\/economiasa.com.br\/blog\/\",\"name\":\"Economia S\/A\",\"description\":\"Ler faz bem para os neg\u00f3cios\",\"potentialAction\":[{\"@type\":\"SearchAction\",\"target\":{\"@type\":\"EntryPoint\",\"urlTemplate\":\"https:\/\/economiasa.com.br\/blog\/?s={search_term_string}\"},\"query-input\":{\"@type\":\"PropertyValueSpecification\",\"valueRequired\":true,\"valueName\":\"search_term_string\"}}],\"inLanguage\":\"pt-BR\"},{\"@type\":\"Person\",\"@id\":\"https:\/\/economiasa.com.br\/blog\/#\/schema\/person\/14b8ac2dc25bd63b52bc54e845fa3923\",\"name\":\"Reda\u00e7\u00e3o\",\"image\":{\"@type\":\"ImageObject\",\"inLanguage\":\"pt-BR\",\"@id\":\"https:\/\/secure.gravatar.com\/avatar\/c8c795261f7f8547b22616a549577db9e450bd5622da3f6eb62b0e2c3e364c4e?s=96&d=mm&r=g0fb5212bc57e2287787936667fbbe0ff\",\"url\":\"https:\/\/secure.gravatar.com\/avatar\/c8c795261f7f8547b22616a549577db9e450bd5622da3f6eb62b0e2c3e364c4e?s=96&d=mm&r=g\",\"contentUrl\":\"https:\/\/secure.gravatar.com\/avatar\/c8c795261f7f8547b22616a549577db9e450bd5622da3f6eb62b0e2c3e364c4e?s=96&d=mm&r=g\",\"caption\":\"Reda\u00e7\u00e3o\"},\"sameAs\":[\"http:\/\/www.economiasa.com.br\"],\"url\":\"https:\/\/economiasa.com.br\/blog\/author\/redacao\/\"}]}<\/script>\n<!-- \/ Yoast SEO plugin. -->","yoast_head_json":{"title":"Col\u00e9gio Almeida J\u00fanior realiza \"A+ Conecta\" com Feira de Profiss\u00f5es e Prova de Bolsas - Economia S\/A","robots":{"index":"index","follow":"follow","max-snippet":"max-snippet:-1","max-image-preview":"max-image-preview:large","max-video-preview":"max-video-preview:-1"},"canonical":"https:\/\/economiasa.com.br\/blog\/colegio-almeida-junior-realiza-a-conecta-com-feira-de-profissoes-e-prova-de-bolsas\/","og_locale":"pt_BR","og_type":"article","og_title":"Col\u00e9gio Almeida J\u00fanior realiza \"A+ Conecta\" com Feira de Profiss\u00f5es e Prova de Bolsas - Economia S\/A","og_description":"Evento gratuito acontece no dia 12 de setembro e oferece aos estudantes a oportunidade de conhecer diferentes carreiras, universidades e concorrer a...","og_url":"https:\/\/economiasa.com.br\/blog\/colegio-almeida-junior-realiza-a-conecta-com-feira-de-profissoes-e-prova-de-bolsas\/","og_site_name":"Economia S\/A","article_published_time":"2026-09-04T13:43:17+00:00","og_image":[{"width":1600,"height":900,"url":"https:\/\/economiasa.com.br\/blog\/wp-content\/uploads\/2026\/09\/Fachada-colegio-almeida-junior.jpg","type":"image\/jpeg"}],"author":"Reda\u00e7\u00e3o","twitter_card":"summary_large_image","twitter_misc":{"Escrito por":"Reda\u00e7\u00e3o","Est. tempo de leitura":"2 minutos"},"schema":{"@context":"https:\/\/schema.org","@graph":[{"@type":"Article","@id":"https:\/\/economiasa.com.br\/blog\/colegio-almeida-junior-realiza-a-conecta-com-feira-de-profissoes-e-prova-de-bolsas\/#article","isPartOf":{"@id":"https:\/\/economiasa.com.br\/blog\/colegio-almeida-junior-realiza-a-conecta-com-feira-de-profissoes-e-prova-de-bolsas\/"},"author":{"name":"Reda\u00e7\u00e3o","@id":"https:\/\/economiasa.com.br\/blog\/#\/schema\/person\/14b8ac2dc25bd63b52bc54e845fa3923"},"headline":"Col\u00e9gio Almeida J\u00fanior realiza &#8220;A+ Conecta&#8221; com Feira de Profiss\u00f5es e Prova de Bolsas","datePublished":"2026-09-04T13:43:17+00:00","mainEntityOfPage":{"@id":"https:\/\/economiasa.com.br\/blog\/colegio-almeida-junior-realiza-a-conecta-com-feira-de-profissoes-e-prova-de-bolsas\/"},"wordCount":349,"image":{"@id":"https:\/\/economiasa.com.br\/blog\/colegio-almeida-junior-realiza-a-conecta-com-feira-de-profissoes-e-prova-de-bolsas\/#primaryimage"},"thumbnailUrl":"https:\/\/economiasa.com.br\/blog\/wp-content\/uploads\/2026\/09\/Fachada-colegio-almeida-junior.jpg","articleSection":["Educa\u00e7\u00e3o"],"inLanguage":"pt-BR"},{"@type":"WebPage","@id":"https:\/\/economiasa.com.br\/blog\/colegio-almeida-junior-realiza-a-conecta-com-feira-de-profissoes-e-prova-de-bolsas\/","url":"https:\/\/economiasa.com.br\/blog\/colegio-almeida-junior-realiza-a-conecta-com-feira-de-profissoes-e-prova-de-bolsas\/","name":"Col\u00e9gio Almeida J\u00fanior realiza \"A+ Conecta\" com Feira de Profiss\u00f5es e Prova de Bolsas - Economia S\/A","isPartOf":{"@id":"https:\/\/economiasa.com.br\/blog\/#website"},"primaryImageOfPage":{"@id":"https:\/\/economiasa.com.br\/blog\/colegio-almeida-junior-realiza-a-conecta-com-feira-de-profissoes-e-prova-de-bolsas\/#primaryimage"},"image":{"@id":"https:\/\/economiasa.com.br\/blog\/colegio-almeida-junior-realiza-a-conecta-com-feira-de-profissoes-e-prova-de-bolsas\/#primaryimage"},"thumbnailUrl":"https:\/\/economiasa.com.br\/blog\/wp-content\/uploads\/2026\/09\/Fachada-colegio-almeida-junior.jpg","datePublished":"2026-09-04T13:43:17+00:00","author":{"@id":"https:\/\/economiasa.com.br\/blog\/#\/schema\/person\/14b8ac2dc25bd63b52bc54e845fa3923"},"breadcrumb":{"@id":"https:\/\/economiasa.com.br\/blog\/colegio-almeida-junior-realiza-a-conecta-com-feira-de-profissoes-e-prova-de-bolsas\/#breadcrumb"},"inLanguage":"pt-BR","potentialAction":[{"@type":"ReadAction","target":["https:\/\/economiasa.com.br\/blog\/colegio-almeida-junior-realiza-a-conecta-com-feira-de-profissoes-e-prova-de-bolsas\/"]}]},{"@type":"ImageObject","inLanguage":"pt-BR","@id":"https:\/\/economiasa.com.br\/blog\/colegio-almeida-junior-realiza-a-conecta-com-feira-de-profissoes-e-prova-de-bolsas\/#primaryimage","url":"https:\/\/economiasa.com.br\/blog\/wp-content\/uploads\/2026\/09\/Fachada-colegio-almeida-junior.jpg","contentUrl":"https:\/\/economiasa.com.br\/blog\/wp-content\/uploads\/2026\/09\/Fachada-colegio-almeida-junior.jpg","width":1600,"height":900,"caption":"Fachada col\u00e9gio almeida j\u00fanior - Cr\u00e9ditos da foto: Divulga\u00e7\u00e3o"},{"@type":"BreadcrumbList","@id":"https:\/\/economiasa.com.br\/blog\/colegio-almeida-junior-realiza-a-conecta-com-feira-de-profissoes-e-prova-de-bolsas\/#breadcrumb","itemListElement":[{"@type":"ListItem","position":1,"name":"In\u00edcio","item":"https:\/\/economiasa.com.br\/blog\/"},{"@type":"ListItem","position":2,"name":"Col\u00e9gio Almeida J\u00fanior realiza &#8220;A+ Conecta&#8221; com Feira de Profiss\u00f5es e Prova de Bolsas"}]},{"@type":"WebSite","@id":"https:\/\/economiasa.com.br\/blog\/#website","url":"https:\/\/economiasa.com.br\/blog\/","name":"Economia S\/A","description":"Ler faz bem para os neg\u00f3cios","potentialAction":[{"@type":"SearchAction","target":{"@type":"EntryPoint","urlTemplate":"https:\/\/economiasa.com.br\/blog\/?s={search_term_string}"},"query-input":{"@type":"PropertyValueSpecification","valueRequired":true,"valueName":"search_term_string"}}],"inLanguage":"pt-BR"},{"@type":"Person","@id":"https:\/\/economiasa.com.br\/blog\/#\/schema\/person\/14b8ac2dc25bd63b52bc54e845fa3923","name":"Reda\u00e7\u00e3o","image":{"@type":"ImageObject","inLanguage":"pt-BR","@id":"https:\/\/secure.gravatar.com\/avatar\/c8c795261f7f8547b22616a549577db9e450bd5622da3f6eb62b0e2c3e364c4e?s=96&d=mm&r=g0fb5212bc57e2287787936667fbbe0ff","url":"https:\/\/secure.gravatar.com\/avatar\/c8c795261f7f8547b22616a549577db9e450bd5622da3f6eb62b0e2c3e364c4e?s=96&d=mm&r=g","contentUrl":"https:\/\/secure.gravatar.com\/avatar\/c8c795261f7f8547b22616a549577db9e450bd5622da3f6eb62b0e2c3e364c4e?s=96&d=mm&r=g","caption":"Reda\u00e7\u00e3o"},"sameAs":["http:\/\/www.economiasa.com.br"],"url":"https:\/\/economiasa.com.br\/blog\/author\/redacao\/"}]}},"authors":[{"term_id":13248,"user_id":47,"is_guest":0,"slug":"redacao","display_name":"Reda\u00e7\u00e3o","avatar_url":"https:\/\/secure.gravatar.com\/avatar\/c8c795261f7f8547b22616a549577db9e450bd5622da3f6eb62b0e2c3e364c4e?s=96&d=mm&r=g","author_category":"","first_name":"Reda\u00e7\u00e3o","last_name":"","user_url":"http:\/\/www.economiasa.com.br","job_title":"","description":""}],"amp_enabled":true,"_links":{"self":[{"href":"https:\/\/economiasa.com.br\/blog\/wp-json\/wp\/v2\/posts\/85116","targetHints":{"allow":["GET"]}}],"collection":[{"href":"https:\/\/economiasa.com.br\/blog\/wp-json\/wp\/v2\/posts"}],"about":[{"href":"https:\/\/economiasa.com.br\/blog\/wp-json\/wp\/v2\/types\/post"}],"author":[{"embeddable":true,"href":"https:\/\/economiasa.com.br\/blog\/wp-json\/wp\/v2\/users\/47"}],"replies":[{"embeddable":true,"href":"https:\/\/economiasa.com.br\/blog\/wp-json\/wp\/v2\/comments?post=85116"}],"version-history":[{"count":0,"href":"https:\/\/economiasa.com.br\/blog\/wp-json\/wp\/v2\/posts\/85116\/revisions"}],"wp:featuredmedia":[{"embeddable":true,"href":"https:\/\/economiasa.com.br\/blog\/wp-json\/wp\/v2\/media\/85117"}],"wp:attachment":[{"href":"https:\/\/economiasa.com.br\/blog\/wp-json\/wp\/v2\/media?parent=85116"}],"wp:term":[{"taxonomy":"category","embeddable":true,"href":"https:\/\/economiasa.com.br\/blog\/wp-json\/wp\/v2\/categories?post=85116"},{"taxonomy":"post_tag","embeddable":true,"href":"https:\/\/economiasa.com.br\/blog\/wp-json\/wp\/v2\/tags?post=85116"},{"taxonomy":"author","embeddable":true,"href":"https:\/\/economiasa.com.br\/blog\/wp-json\/wp\/v2\/ppma_author?post=85116"}],"curies":[{"name":"wp","href":"https:\/\/api.w.org\/{rel}","templated":true}]}}