{"id":85118,"date":"2026-09-04T10:44:46","date_gmt":"2026-09-04T13:44:46","guid":{"rendered":"https:\/\/economiasa.com.br\/blog\/?p=85118"},"modified":"2026-09-04T10:44:47","modified_gmt":"2026-09-04T13:44:47","slug":"enquanto-a-black-friday-nao-chega-a-busca-por-ar-condicionado-no-brasil-ja-dispara-e-especialistas-se-planejam-para-isso","status":"publish","type":"post","link":"https:\/\/economiasa.com.br\/blog\/enquanto-a-black-friday-nao-chega-a-busca-por-ar-condicionado-no-brasil-ja-dispara-e-especialistas-se-planejam-para-isso\/","title":{"rendered":"Enquanto a Black Friday n\u00e3o chega, a busca por ar-condicionado no Brasil j\u00e1 dispara, e especialistas se planejam para isso"},"content":{"rendered":"\n<p class=\"wp-block-paragraph\"><em>Dados p\u00fablicos do Google Trends mostram que o interesse dos brasileiros por \u201car-condicionado\u201d no Google atingiu o maior patamar dos \u00faltimos cinco anos em dezembro de 2025, um m\u00eas depois do pico da Black Friday. Especialistas do varejo recomendam que quem j\u00e1 pretende comprar o aparelho considere antecipar a decis\u00e3o em vez de esperar por uma data promocional.<\/em><\/p>\n\n\n\n<p class=\"wp-block-paragraph\">O interesse por ar-condicionado no Google, medido pelo Google Trends, ferramenta que mostra o volume de busca dos usu\u00e1rios na maior plataforma de pesquisa do mundo, j\u00e1 sobe mais de 60% em outubro, um m\u00eas inteiro antes da Black Friday, na compara\u00e7\u00e3o com a m\u00e9dia do inverno: de 28,5 pontos (escala de 0 a 100) em julho e agosto de 2025 para 46 pontos em outubro. A alta segue da\u00ed em diante, chegando a 58 pontos em novembro e ao recorde de cinco anos em dezembro, com 100 pontos. O padr\u00e3o se repete todos os anos, inclusive em 2026, quando a s\u00e9rie j\u00e1 voltou a subir a partir de julho, e refor\u00e7a a recomenda\u00e7\u00e3o de que o consumidor decidido a comprar n\u00e3o espere a Black Friday, evitando o per\u00edodo de maior press\u00e3o sobre estoque e prazos de instala\u00e7\u00e3o.<\/p>\n\n\n\n<p class=\"wp-block-paragraph\"><strong>Uma sazonalidade que se repete todos os anos<\/strong><\/p>\n\n\n\n<p class=\"wp-block-paragraph\">Felipe Colombo, Gerente Executivo de Compras e Importa\u00e7\u00e3o da\u00a0<a href=\"https:\/\/www.webcontinental.com.br\/\" target=\"_blank\" rel=\"noreferrer noopener\">Webcontinental<\/a>, explica que esse ciclo se reflete na opera\u00e7\u00e3o de todo o varejo do setor: \u201chistoricamente, observamos acelera\u00e7\u00e3o da procura conforme as temperaturas sobem, com maior concentra\u00e7\u00e3o de demanda nos per\u00edodos mais quentes do ano\u201d, afirma. Para ele, \u00e9 justamente esse movimento que torna a antecipa\u00e7\u00e3o vantajosa: \u201c<strong>quem j\u00e1 tem inten\u00e7\u00e3o de compra e encontra uma boa oportunidade pode se beneficiar da antecipa\u00e7\u00e3o,<\/strong>\u00a0garantindo maior variedade de produtos e evitando per\u00edodos de maior concentra\u00e7\u00e3o de demanda, quando prazos de entrega e instala\u00e7\u00e3o tendem a ficar mais pressionados.\u201d<\/p>\n\n\n\n<p class=\"wp-block-paragraph\">O especialista pondera ainda que n\u00e3o h\u00e1 garantia de pre\u00e7o melhor na Black Friday: toda a cadeia est\u00e1 pressionada por aumento de custos, e o varejo opera com margens historicamente baixas, cen\u00e1rio que pode at\u00e9 encarecer produtos at\u00e9 l\u00e1.<\/p>\n\n\n\n<p class=\"wp-block-paragraph\"><strong>Estoque, log\u00edstica e mudan\u00e7a no comportamento do consumidor<\/strong><\/p>\n\n\n\n<p class=\"wp-block-paragraph\">Diante desse ciclo, empresas especializadas em climatiza\u00e7\u00e3o e varejistas do setor costumam antecipar o planejamento de estoque e capacidade log\u00edstica para sustentar os meses de pico. \u00c9 o caso da Webcontinental: segundo Felipe Colombo, Gerente Executivo de Compras e Importa\u00e7\u00e3o da rede, \u201ca tend\u00eancia \u00e9 ampliar a capacidade de armazenagem e o invent\u00e1rio de itens estrat\u00e9gicos, para reduzir prazos de entrega\u201d. A aten\u00e7\u00e3o costuma ser redobrada nessas categorias sazonais, j\u00e1 que muitos clientes dependem do recebimento r\u00e1pido do produto para agendar a instala\u00e7\u00e3o com t\u00e9cnicos especializados.<\/p>\n\n\n\n<p class=\"wp-block-paragraph\">Isso porque, segundo o especialista, o<strong>\u00a0comportamento do consumidor muda nesses per\u00edodos:<\/strong>\u00a0\u201co pre\u00e7o continua relevante, mas fatores como disponibilidade do produto e prazo de entrega passam a ter peso maior na decis\u00e3o de compra\u201d, especialmente em categorias como ar-condicionado, em que o consumidor costuma ter necessidade imediata de uso.<\/p>\n\n\n\n<p class=\"wp-block-paragraph\">Para quem j\u00e1 decidiu pela compra, a recomenda\u00e7\u00e3o \u00e9 aproveitar a janela entre setembro e o in\u00edcio do calor mais intenso, sem apostar em uma promo\u00e7\u00e3o futura. \u201cAntecipar a aquisi\u00e7\u00e3o pode representar uma oportunidade de garantir pre\u00e7o competitivo, maior disponibilidade de estoque e entrega mais r\u00e1pida, al\u00e9m de evitar a concentra\u00e7\u00e3o de demanda t\u00edpica dos per\u00edodos mais quentes\u201d, conclui Colombo.<\/p>\n","protected":false},"excerpt":{"rendered":"<p>Dados p\u00fablicos do Google Trends mostram que o interesse dos brasileiros por \u201car-condicionado\u201d no Google atingiu o maior patamar dos \u00faltimos cinco&#8230;<\/p>\n","protected":false},"author":47,"featured_media":85119,"comment_status":"closed","ping_status":"open","sticky":false,"template":"","format":"standard","meta":{"footnotes":""},"categories":[2017],"tags":[],"ppma_author":[13248],"class_list":["post-85118","post","type-post","status-publish","format-standard","has-post-thumbnail","category-informacoes"],"yoast_head":"<!-- This site is optimized with the Yoast SEO plugin v27.2 - https:\/\/yoast.com\/product\/yoast-seo-wordpress\/ -->\n<title>Enquanto a Black Friday n\u00e3o chega, a busca por ar-condicionado no Brasil j\u00e1 dispara, e especialistas se planejam para isso - Economia S\/A<\/title>\n<meta name=\"robots\" content=\"index, follow, max-snippet:-1, max-image-preview:large, max-video-preview:-1\" \/>\n<link rel=\"canonical\" href=\"https:\/\/economiasa.com.br\/blog\/enquanto-a-black-friday-nao-chega-a-busca-por-ar-condicionado-no-brasil-ja-dispara-e-especialistas-se-planejam-para-isso\/\" \/>\n<meta property=\"og:locale\" content=\"pt_BR\" \/>\n<meta property=\"og:type\" content=\"article\" \/>\n<meta property=\"og:title\" content=\"Enquanto a Black Friday n\u00e3o chega, a busca por ar-condicionado no Brasil j\u00e1 dispara, e especialistas se planejam para isso - Economia S\/A\" \/>\n<meta property=\"og:description\" content=\"Dados p\u00fablicos do Google Trends mostram que o interesse dos brasileiros por \u201car-condicionado\u201d no Google atingiu o maior patamar dos \u00faltimos cinco...\" \/>\n<meta property=\"og:url\" content=\"https:\/\/economiasa.com.br\/blog\/enquanto-a-black-friday-nao-chega-a-busca-por-ar-condicionado-no-brasil-ja-dispara-e-especialistas-se-planejam-para-isso\/\" \/>\n<meta property=\"og:site_name\" content=\"Economia S\/A\" \/>\n<meta property=\"article:published_time\" content=\"2026-09-04T13:44:46+00:00\" \/>\n<meta property=\"article:modified_time\" content=\"2026-09-04T13:44:47+00:00\" \/>\n<meta property=\"og:image\" content=\"https:\/\/economiasa.com.br\/blog\/wp-content\/uploads\/2026\/09\/pexels-rdne-7947757-1024x683.jpg\" \/>\n\t<meta property=\"og:image:width\" content=\"1024\" \/>\n\t<meta property=\"og:image:height\" content=\"683\" \/>\n\t<meta property=\"og:image:type\" content=\"image\/jpeg\" \/>\n<meta name=\"author\" content=\"Reda\u00e7\u00e3o\" \/>\n<meta name=\"twitter:card\" content=\"summary_large_image\" \/>\n<meta name=\"twitter:label1\" content=\"Escrito por\" \/>\n\t<meta name=\"twitter:data1\" content=\"Reda\u00e7\u00e3o\" \/>\n\t<meta name=\"twitter:label2\" content=\"Est. tempo de leitura\" \/>\n\t<meta name=\"twitter:data2\" content=\"4 minutos\" \/>\n<script type=\"application\/ld+json\" class=\"yoast-schema-graph\">{\"@context\":\"https:\/\/schema.org\",\"@graph\":[{\"@type\":\"Article\",\"@id\":\"https:\/\/economiasa.com.br\/blog\/enquanto-a-black-friday-nao-chega-a-busca-por-ar-condicionado-no-brasil-ja-dispara-e-especialistas-se-planejam-para-isso\/#article\",\"isPartOf\":{\"@id\":\"https:\/\/economiasa.com.br\/blog\/enquanto-a-black-friday-nao-chega-a-busca-por-ar-condicionado-no-brasil-ja-dispara-e-especialistas-se-planejam-para-isso\/\"},\"author\":{\"name\":\"Reda\u00e7\u00e3o\",\"@id\":\"https:\/\/economiasa.com.br\/blog\/#\/schema\/person\/14b8ac2dc25bd63b52bc54e845fa3923\"},\"headline\":\"Enquanto a Black Friday n\u00e3o chega, a busca por ar-condicionado no Brasil j\u00e1 dispara, e especialistas se planejam para isso\",\"datePublished\":\"2026-09-04T13:44:46+00:00\",\"dateModified\":\"2026-09-04T13:44:47+00:00\",\"mainEntityOfPage\":{\"@id\":\"https:\/\/economiasa.com.br\/blog\/enquanto-a-black-friday-nao-chega-a-busca-por-ar-condicionado-no-brasil-ja-dispara-e-especialistas-se-planejam-para-isso\/\"},\"wordCount\":608,\"image\":{\"@id\":\"https:\/\/economiasa.com.br\/blog\/enquanto-a-black-friday-nao-chega-a-busca-por-ar-condicionado-no-brasil-ja-dispara-e-especialistas-se-planejam-para-isso\/#primaryimage\"},\"thumbnailUrl\":\"https:\/\/economiasa.com.br\/blog\/wp-content\/uploads\/2026\/09\/pexels-rdne-7947757.jpg\",\"articleSection\":[\"Informa\u00e7\u00f5es\"],\"inLanguage\":\"pt-BR\"},{\"@type\":\"WebPage\",\"@id\":\"https:\/\/economiasa.com.br\/blog\/enquanto-a-black-friday-nao-chega-a-busca-por-ar-condicionado-no-brasil-ja-dispara-e-especialistas-se-planejam-para-isso\/\",\"url\":\"https:\/\/economiasa.com.br\/blog\/enquanto-a-black-friday-nao-chega-a-busca-por-ar-condicionado-no-brasil-ja-dispara-e-especialistas-se-planejam-para-isso\/\",\"name\":\"Enquanto a Black Friday n\u00e3o chega, a busca por ar-condicionado no Brasil j\u00e1 dispara, e especialistas se planejam para isso - Economia S\/A\",\"isPartOf\":{\"@id\":\"https:\/\/economiasa.com.br\/blog\/#website\"},\"primaryImageOfPage\":{\"@id\":\"https:\/\/economiasa.com.br\/blog\/enquanto-a-black-friday-nao-chega-a-busca-por-ar-condicionado-no-brasil-ja-dispara-e-especialistas-se-planejam-para-isso\/#primaryimage\"},\"image\":{\"@id\":\"https:\/\/economiasa.com.br\/blog\/enquanto-a-black-friday-nao-chega-a-busca-por-ar-condicionado-no-brasil-ja-dispara-e-especialistas-se-planejam-para-isso\/#primaryimage\"},\"thumbnailUrl\":\"https:\/\/economiasa.com.br\/blog\/wp-content\/uploads\/2026\/09\/pexels-rdne-7947757.jpg\",\"datePublished\":\"2026-09-04T13:44:46+00:00\",\"dateModified\":\"2026-09-04T13:44:47+00:00\",\"author\":{\"@id\":\"https:\/\/economiasa.com.br\/blog\/#\/schema\/person\/14b8ac2dc25bd63b52bc54e845fa3923\"},\"breadcrumb\":{\"@id\":\"https:\/\/economiasa.com.br\/blog\/enquanto-a-black-friday-nao-chega-a-busca-por-ar-condicionado-no-brasil-ja-dispara-e-especialistas-se-planejam-para-isso\/#breadcrumb\"},\"inLanguage\":\"pt-BR\",\"potentialAction\":[{\"@type\":\"ReadAction\",\"target\":[\"https:\/\/economiasa.com.br\/blog\/enquanto-a-black-friday-nao-chega-a-busca-por-ar-condicionado-no-brasil-ja-dispara-e-especialistas-se-planejam-para-isso\/\"]}]},{\"@type\":\"ImageObject\",\"inLanguage\":\"pt-BR\",\"@id\":\"https:\/\/economiasa.com.br\/blog\/enquanto-a-black-friday-nao-chega-a-busca-por-ar-condicionado-no-brasil-ja-dispara-e-especialistas-se-planejam-para-isso\/#primaryimage\",\"url\":\"https:\/\/economiasa.com.br\/blog\/wp-content\/uploads\/2026\/09\/pexels-rdne-7947757.jpg\",\"contentUrl\":\"https:\/\/economiasa.com.br\/blog\/wp-content\/uploads\/2026\/09\/pexels-rdne-7947757.jpg\",\"width\":6720,\"height\":4480,\"caption\":\"Cr\u00e9ditos da foto: Divulga\u00e7\u00e3o\"},{\"@type\":\"BreadcrumbList\",\"@id\":\"https:\/\/economiasa.com.br\/blog\/enquanto-a-black-friday-nao-chega-a-busca-por-ar-condicionado-no-brasil-ja-dispara-e-especialistas-se-planejam-para-isso\/#breadcrumb\",\"itemListElement\":[{\"@type\":\"ListItem\",\"position\":1,\"name\":\"In\u00edcio\",\"item\":\"https:\/\/economiasa.com.br\/blog\/\"},{\"@type\":\"ListItem\",\"position\":2,\"name\":\"Enquanto a Black Friday n\u00e3o chega, a busca por ar-condicionado no Brasil j\u00e1 dispara, e especialistas se planejam para isso\"}]},{\"@type\":\"WebSite\",\"@id\":\"https:\/\/economiasa.com.br\/blog\/#website\",\"url\":\"https:\/\/economiasa.com.br\/blog\/\",\"name\":\"Economia S\/A\",\"description\":\"Ler faz bem para os neg\u00f3cios\",\"potentialAction\":[{\"@type\":\"SearchAction\",\"target\":{\"@type\":\"EntryPoint\",\"urlTemplate\":\"https:\/\/economiasa.com.br\/blog\/?s={search_term_string}\"},\"query-input\":{\"@type\":\"PropertyValueSpecification\",\"valueRequired\":true,\"valueName\":\"search_term_string\"}}],\"inLanguage\":\"pt-BR\"},{\"@type\":\"Person\",\"@id\":\"https:\/\/economiasa.com.br\/blog\/#\/schema\/person\/14b8ac2dc25bd63b52bc54e845fa3923\",\"name\":\"Reda\u00e7\u00e3o\",\"image\":{\"@type\":\"ImageObject\",\"inLanguage\":\"pt-BR\",\"@id\":\"https:\/\/secure.gravatar.com\/avatar\/c8c795261f7f8547b22616a549577db9e450bd5622da3f6eb62b0e2c3e364c4e?s=96&d=mm&r=g0fb5212bc57e2287787936667fbbe0ff\",\"url\":\"https:\/\/secure.gravatar.com\/avatar\/c8c795261f7f8547b22616a549577db9e450bd5622da3f6eb62b0e2c3e364c4e?s=96&d=mm&r=g\",\"contentUrl\":\"https:\/\/secure.gravatar.com\/avatar\/c8c795261f7f8547b22616a549577db9e450bd5622da3f6eb62b0e2c3e364c4e?s=96&d=mm&r=g\",\"caption\":\"Reda\u00e7\u00e3o\"},\"sameAs\":[\"http:\/\/www.economiasa.com.br\"],\"url\":\"https:\/\/economiasa.com.br\/blog\/author\/redacao\/\"}]}<\/script>\n<!-- \/ Yoast SEO plugin. -->","yoast_head_json":{"title":"Enquanto a Black Friday n\u00e3o chega, a busca por ar-condicionado no Brasil j\u00e1 dispara, e especialistas se planejam para isso - Economia S\/A","robots":{"index":"index","follow":"follow","max-snippet":"max-snippet:-1","max-image-preview":"max-image-preview:large","max-video-preview":"max-video-preview:-1"},"canonical":"https:\/\/economiasa.com.br\/blog\/enquanto-a-black-friday-nao-chega-a-busca-por-ar-condicionado-no-brasil-ja-dispara-e-especialistas-se-planejam-para-isso\/","og_locale":"pt_BR","og_type":"article","og_title":"Enquanto a Black Friday n\u00e3o chega, a busca por ar-condicionado no Brasil j\u00e1 dispara, e especialistas se planejam para isso - Economia S\/A","og_description":"Dados p\u00fablicos do Google Trends mostram que o interesse dos brasileiros por \u201car-condicionado\u201d no Google atingiu o maior patamar dos \u00faltimos cinco...","og_url":"https:\/\/economiasa.com.br\/blog\/enquanto-a-black-friday-nao-chega-a-busca-por-ar-condicionado-no-brasil-ja-dispara-e-especialistas-se-planejam-para-isso\/","og_site_name":"Economia S\/A","article_published_time":"2026-09-04T13:44:46+00:00","article_modified_time":"2026-09-04T13:44:47+00:00","og_image":[{"width":1024,"height":683,"url":"https:\/\/economiasa.com.br\/blog\/wp-content\/uploads\/2026\/09\/pexels-rdne-7947757-1024x683.jpg","type":"image\/jpeg"}],"author":"Reda\u00e7\u00e3o","twitter_card":"summary_large_image","twitter_misc":{"Escrito por":"Reda\u00e7\u00e3o","Est. tempo de leitura":"4 minutos"},"schema":{"@context":"https:\/\/schema.org","@graph":[{"@type":"Article","@id":"https:\/\/economiasa.com.br\/blog\/enquanto-a-black-friday-nao-chega-a-busca-por-ar-condicionado-no-brasil-ja-dispara-e-especialistas-se-planejam-para-isso\/#article","isPartOf":{"@id":"https:\/\/economiasa.com.br\/blog\/enquanto-a-black-friday-nao-chega-a-busca-por-ar-condicionado-no-brasil-ja-dispara-e-especialistas-se-planejam-para-isso\/"},"author":{"name":"Reda\u00e7\u00e3o","@id":"https:\/\/economiasa.com.br\/blog\/#\/schema\/person\/14b8ac2dc25bd63b52bc54e845fa3923"},"headline":"Enquanto a Black Friday n\u00e3o chega, a busca por ar-condicionado no Brasil j\u00e1 dispara, e especialistas se planejam para isso","datePublished":"2026-09-04T13:44:46+00:00","dateModified":"2026-09-04T13:44:47+00:00","mainEntityOfPage":{"@id":"https:\/\/economiasa.com.br\/blog\/enquanto-a-black-friday-nao-chega-a-busca-por-ar-condicionado-no-brasil-ja-dispara-e-especialistas-se-planejam-para-isso\/"},"wordCount":608,"image":{"@id":"https:\/\/economiasa.com.br\/blog\/enquanto-a-black-friday-nao-chega-a-busca-por-ar-condicionado-no-brasil-ja-dispara-e-especialistas-se-planejam-para-isso\/#primaryimage"},"thumbnailUrl":"https:\/\/economiasa.com.br\/blog\/wp-content\/uploads\/2026\/09\/pexels-rdne-7947757.jpg","articleSection":["Informa\u00e7\u00f5es"],"inLanguage":"pt-BR"},{"@type":"WebPage","@id":"https:\/\/economiasa.com.br\/blog\/enquanto-a-black-friday-nao-chega-a-busca-por-ar-condicionado-no-brasil-ja-dispara-e-especialistas-se-planejam-para-isso\/","url":"https:\/\/economiasa.com.br\/blog\/enquanto-a-black-friday-nao-chega-a-busca-por-ar-condicionado-no-brasil-ja-dispara-e-especialistas-se-planejam-para-isso\/","name":"Enquanto a Black Friday n\u00e3o chega, a busca por ar-condicionado no Brasil j\u00e1 dispara, e especialistas se planejam para isso - Economia S\/A","isPartOf":{"@id":"https:\/\/economiasa.com.br\/blog\/#website"},"primaryImageOfPage":{"@id":"https:\/\/economiasa.com.br\/blog\/enquanto-a-black-friday-nao-chega-a-busca-por-ar-condicionado-no-brasil-ja-dispara-e-especialistas-se-planejam-para-isso\/#primaryimage"},"image":{"@id":"https:\/\/economiasa.com.br\/blog\/enquanto-a-black-friday-nao-chega-a-busca-por-ar-condicionado-no-brasil-ja-dispara-e-especialistas-se-planejam-para-isso\/#primaryimage"},"thumbnailUrl":"https:\/\/economiasa.com.br\/blog\/wp-content\/uploads\/2026\/09\/pexels-rdne-7947757.jpg","datePublished":"2026-09-04T13:44:46+00:00","dateModified":"2026-09-04T13:44:47+00:00","author":{"@id":"https:\/\/economiasa.com.br\/blog\/#\/schema\/person\/14b8ac2dc25bd63b52bc54e845fa3923"},"breadcrumb":{"@id":"https:\/\/economiasa.com.br\/blog\/enquanto-a-black-friday-nao-chega-a-busca-por-ar-condicionado-no-brasil-ja-dispara-e-especialistas-se-planejam-para-isso\/#breadcrumb"},"inLanguage":"pt-BR","potentialAction":[{"@type":"ReadAction","target":["https:\/\/economiasa.com.br\/blog\/enquanto-a-black-friday-nao-chega-a-busca-por-ar-condicionado-no-brasil-ja-dispara-e-especialistas-se-planejam-para-isso\/"]}]},{"@type":"ImageObject","inLanguage":"pt-BR","@id":"https:\/\/economiasa.com.br\/blog\/enquanto-a-black-friday-nao-chega-a-busca-por-ar-condicionado-no-brasil-ja-dispara-e-especialistas-se-planejam-para-isso\/#primaryimage","url":"https:\/\/economiasa.com.br\/blog\/wp-content\/uploads\/2026\/09\/pexels-rdne-7947757.jpg","contentUrl":"https:\/\/economiasa.com.br\/blog\/wp-content\/uploads\/2026\/09\/pexels-rdne-7947757.jpg","width":6720,"height":4480,"caption":"Cr\u00e9ditos da foto: Divulga\u00e7\u00e3o"},{"@type":"BreadcrumbList","@id":"https:\/\/economiasa.com.br\/blog\/enquanto-a-black-friday-nao-chega-a-busca-por-ar-condicionado-no-brasil-ja-dispara-e-especialistas-se-planejam-para-isso\/#breadcrumb","itemListElement":[{"@type":"ListItem","position":1,"name":"In\u00edcio","item":"https:\/\/economiasa.com.br\/blog\/"},{"@type":"ListItem","position":2,"name":"Enquanto a Black Friday n\u00e3o chega, a busca por ar-condicionado no Brasil j\u00e1 dispara, e especialistas se planejam para isso"}]},{"@type":"WebSite","@id":"https:\/\/economiasa.com.br\/blog\/#website","url":"https:\/\/economiasa.com.br\/blog\/","name":"Economia S\/A","description":"Ler faz bem para os neg\u00f3cios","potentialAction":[{"@type":"SearchAction","target":{"@type":"EntryPoint","urlTemplate":"https:\/\/economiasa.com.br\/blog\/?s={search_term_string}"},"query-input":{"@type":"PropertyValueSpecification","valueRequired":true,"valueName":"search_term_string"}}],"inLanguage":"pt-BR"},{"@type":"Person","@id":"https:\/\/economiasa.com.br\/blog\/#\/schema\/person\/14b8ac2dc25bd63b52bc54e845fa3923","name":"Reda\u00e7\u00e3o","image":{"@type":"ImageObject","inLanguage":"pt-BR","@id":"https:\/\/secure.gravatar.com\/avatar\/c8c795261f7f8547b22616a549577db9e450bd5622da3f6eb62b0e2c3e364c4e?s=96&d=mm&r=g0fb5212bc57e2287787936667fbbe0ff","url":"https:\/\/secure.gravatar.com\/avatar\/c8c795261f7f8547b22616a549577db9e450bd5622da3f6eb62b0e2c3e364c4e?s=96&d=mm&r=g","contentUrl":"https:\/\/secure.gravatar.com\/avatar\/c8c795261f7f8547b22616a549577db9e450bd5622da3f6eb62b0e2c3e364c4e?s=96&d=mm&r=g","caption":"Reda\u00e7\u00e3o"},"sameAs":["http:\/\/www.economiasa.com.br"],"url":"https:\/\/economiasa.com.br\/blog\/author\/redacao\/"}]}},"authors":[{"term_id":13248,"user_id":47,"is_guest":0,"slug":"redacao","display_name":"Reda\u00e7\u00e3o","avatar_url":"https:\/\/secure.gravatar.com\/avatar\/c8c795261f7f8547b22616a549577db9e450bd5622da3f6eb62b0e2c3e364c4e?s=96&d=mm&r=g","author_category":"","first_name":"Reda\u00e7\u00e3o","last_name":"","user_url":"http:\/\/www.economiasa.com.br","job_title":"","description":""}],"amp_enabled":true,"_links":{"self":[{"href":"https:\/\/economiasa.com.br\/blog\/wp-json\/wp\/v2\/posts\/85118","targetHints":{"allow":["GET"]}}],"collection":[{"href":"https:\/\/economiasa.com.br\/blog\/wp-json\/wp\/v2\/posts"}],"about":[{"href":"https:\/\/economiasa.com.br\/blog\/wp-json\/wp\/v2\/types\/post"}],"author":[{"embeddable":true,"href":"https:\/\/economiasa.com.br\/blog\/wp-json\/wp\/v2\/users\/47"}],"replies":[{"embeddable":true,"href":"https:\/\/economiasa.com.br\/blog\/wp-json\/wp\/v2\/comments?post=85118"}],"version-history":[{"count":0,"href":"https:\/\/economiasa.com.br\/blog\/wp-json\/wp\/v2\/posts\/85118\/revisions"}],"wp:featuredmedia":[{"embeddable":true,"href":"https:\/\/economiasa.com.br\/blog\/wp-json\/wp\/v2\/media\/85119"}],"wp:attachment":[{"href":"https:\/\/economiasa.com.br\/blog\/wp-json\/wp\/v2\/media?parent=85118"}],"wp:term":[{"taxonomy":"category","embeddable":true,"href":"https:\/\/economiasa.com.br\/blog\/wp-json\/wp\/v2\/categories?post=85118"},{"taxonomy":"post_tag","embeddable":true,"href":"https:\/\/economiasa.com.br\/blog\/wp-json\/wp\/v2\/tags?post=85118"},{"taxonomy":"author","embeddable":true,"href":"https:\/\/economiasa.com.br\/blog\/wp-json\/wp\/v2\/ppma_author?post=85118"}],"curies":[{"name":"wp","href":"https:\/\/api.w.org\/{rel}","templated":true}]}}