{"id":85120,"date":"2026-09-04T10:46:27","date_gmt":"2026-09-04T13:46:27","guid":{"rendered":"https:\/\/economiasa.com.br\/blog\/?p=85120"},"modified":"2026-09-04T10:46:28","modified_gmt":"2026-09-04T13:46:28","slug":"expandir-o-ensino-tecnico-nao-basta-e-preciso-medir-sua-qualidade","status":"publish","type":"post","link":"https:\/\/economiasa.com.br\/blog\/expandir-o-ensino-tecnico-nao-basta-e-preciso-medir-sua-qualidade\/","title":{"rendered":"Expandir o ensino t\u00e9cnico n\u00e3o basta. \u00c9 preciso medir sua qualidade"},"content":{"rendered":"\n<p class=\"wp-block-paragraph\"><em>Por C\u00e9sar Silva (*)<\/em><\/p>\n\n\n\n<p class=\"wp-block-paragraph\">A cria\u00e7\u00e3o do Programa de Pleno Pagamento de D\u00edvidas dos Estados (Propag) abriu uma oportunidade pouco comum para a educa\u00e7\u00e3o profissional brasileira. Ao permitir que parte dos recursos relacionados \u00e0s d\u00edvidas estaduais seja direcionada a investimentos estruturantes, o programa criou uma ponte entre o ajuste fiscal e a expans\u00e3o do ensino t\u00e9cnico.<\/p>\n\n\n\n<p class=\"wp-block-paragraph\">Uma das principais iniciativas dentro dessa l\u00f3gica \u00e9 o Juros por Educa\u00e7\u00e3o, que prev\u00ea investimentos dos estados na amplia\u00e7\u00e3o das matr\u00edculas da Educa\u00e7\u00e3o Profissional e Tecnol\u00f3gica (EPT) de n\u00edvel m\u00e9dio. A perspectiva de abertura de novas vagas representa um avan\u00e7o importante para um pa\u00eds que ainda precisa aproximar a forma\u00e7\u00e3o dos jovens das transforma\u00e7\u00f5es do mercado de trabalho.<\/p>\n\n\n\n<p class=\"wp-block-paragraph\">Mas existe uma quest\u00e3o que n\u00e3o pode ficar em segundo plano: n\u00e3o basta aumentar o n\u00famero de matr\u00edculas. \u00c9 preciso saber que educa\u00e7\u00e3o est\u00e1 sendo entregue. Esse ser\u00e1 um dos grandes desafios da expans\u00e3o do ensino t\u00e9cnico nos pr\u00f3ximos anos. Quando pol\u00edticas p\u00fablicas ganham escala rapidamente, existe sempre o risco de concentrar esfor\u00e7os nos indicadores mais f\u00e1ceis de acompanhar, como n\u00famero de vagas, cursos, escolas ou estudantes matriculados, sem medir com a mesma aten\u00e7\u00e3o a qualidade da forma\u00e7\u00e3o oferecida.<\/p>\n\n\n\n<p class=\"wp-block-paragraph\">No caso da educa\u00e7\u00e3o profissional, essa preocupa\u00e7\u00e3o \u00e9 ainda mais relevante. Um curso t\u00e9cnico precisa fazer sentido para o estudante, mas tamb\u00e9m dialogar com a realidade econ\u00f4mica da regi\u00e3o onde est\u00e1 inserido. N\u00e3o adianta ampliar vagas em \u00e1reas que oferecem poucas perspectivas profissionais enquanto empresas locais enfrentam dificuldades para encontrar trabalhadores qualificados em outras atividades.<\/p>\n\n\n\n<p class=\"wp-block-paragraph\">\u00c9 justamente nesse ponto que a avalia\u00e7\u00e3o deixa de ser uma etapa burocr\u00e1tica e passa a ocupar uma posi\u00e7\u00e3o estrat\u00e9gica. Um sistema consistente de avalia\u00e7\u00e3o da Educa\u00e7\u00e3o Profissional e Tecnol\u00f3gica permite acompanhar n\u00e3o apenas a expans\u00e3o das matr\u00edculas, mas aspectos como infraestrutura, perman\u00eancia dos estudantes, qualidade da forma\u00e7\u00e3o e trajet\u00f3ria dos egressos. Mais do que saber quantos jovens entraram em um curso, precisamos entender quantos conclu\u00edram, o que aprenderam e o que aconteceu depois que deixaram a escola.<\/p>\n\n\n\n<p class=\"wp-block-paragraph\">Esse acompanhamento tamb\u00e9m \u00e9 essencial para responder a uma pergunta b\u00e1sica de qualquer pol\u00edtica p\u00fablica: o investimento est\u00e1 produzindo o resultado esperado? No caso do Propag, essa pergunta ganha uma dimens\u00e3o adicional. Recursos que antes estariam associados ao servi\u00e7o da d\u00edvida passam a ter potencial para financiar a forma\u00e7\u00e3o profissional. Isso aumenta a responsabilidade sobre a qualidade da aplica\u00e7\u00e3o desse dinheiro. O objetivo n\u00e3o deve ser apenas cumprir metas de expans\u00e3o, mas transformar investimento educacional em qualifica\u00e7\u00e3o, produtividade, inclus\u00e3o e melhores oportunidades de trabalho.<\/p>\n\n\n\n<p class=\"wp-block-paragraph\">A avalia\u00e7\u00e3o tamb\u00e9m permite identificar diferen\u00e7as regionais. O Brasil possui realidades produtivas muito distintas, e a educa\u00e7\u00e3o profissional precisa refletir essa diversidade. A demanda por forma\u00e7\u00e3o t\u00e9cnica em uma regi\u00e3o industrializada de S\u00e3o Paulo n\u00e3o necessariamente ser\u00e1 a mesma encontrada no agroneg\u00f3cio do Centro-Oeste, na minera\u00e7\u00e3o em Minas Gerais ou nas atividades de energia e servi\u00e7os que avan\u00e7am em diferentes estados do Nordeste. Avaliar resultados ajuda a entender onde os cursos est\u00e3o funcionando, quais forma\u00e7\u00f5es apresentam maior ader\u00eancia \u00e0s economias locais e onde os recursos precisam ser redirecionados.<\/p>\n\n\n\n<p class=\"wp-block-paragraph\">H\u00e1 ainda outro desafio: a velocidade das transforma\u00e7\u00f5es tecnol\u00f3gicas. Intelig\u00eancia artificial, automa\u00e7\u00e3o, digitaliza\u00e7\u00e3o e novas formas de produ\u00e7\u00e3o est\u00e3o alterando profiss\u00f5es e compet\u00eancias em um ritmo muito mais r\u00e1pido do que o tradicional ciclo de atualiza\u00e7\u00e3o dos curr\u00edculos escolares.<\/p>\n\n\n\n<p class=\"wp-block-paragraph\">Uma forma\u00e7\u00e3o profissional criada hoje pode perder parte de sua relev\u00e2ncia em poucos anos se n\u00e3o houver acompanhamento permanente das demandas do mercado. Por isso, a avalia\u00e7\u00e3o n\u00e3o deve funcionar apenas como uma fotografia tirada ao final do processo. Precisa servir como instrumento cont\u00ednuo para corrigir rumos, atualizar curr\u00edculos e orientar decis\u00f5es.<\/p>\n\n\n\n<p class=\"wp-block-paragraph\">Os pr\u00f3prios compromissos assumidos pelos estados dentro do Propag refor\u00e7am essa necessidade. O acompanhamento das metas educacionais e dos planos de aplica\u00e7\u00e3o exige dados confi\u00e1veis para que gestores p\u00fablicos possam saber onde o investimento est\u00e1 produzindo resultados e onde s\u00e3o necess\u00e1rios ajustes.<\/p>\n\n\n\n<p class=\"wp-block-paragraph\">Essa talvez seja uma das maiores oportunidades abertas pelo Juros por Educa\u00e7\u00e3o. O programa pode ajudar o Brasil n\u00e3o apenas a ampliar sua rede de ensino t\u00e9cnico, mas a construir uma cultura de gest\u00e3o baseada em evid\u00eancias para a educa\u00e7\u00e3o profissional.<\/p>\n\n\n\n<p class=\"wp-block-paragraph\">Durante muito tempo, o debate educacional brasileiro foi dominado pela necessidade leg\u00edtima de ampliar o acesso. Na educa\u00e7\u00e3o profissional, temos agora a oportunidade de avan\u00e7ar uma etapa. Precisamos ampliar vagas, mas tamb\u00e9m acompanhar qualidade, conclus\u00e3o, empregabilidade e ader\u00eancia \u00e0s necessidades econ\u00f4micas de cada regi\u00e3o.<\/p>\n\n\n\n<p class=\"wp-block-paragraph\">Transformar d\u00edvida em educa\u00e7\u00e3o \u00e9 uma ideia poderosa. Mas o sucesso dessa transforma\u00e7\u00e3o n\u00e3o ser\u00e1 medido apenas pelo n\u00famero de novas matr\u00edculas. Ser\u00e1 medido pelo que acontecer com os jovens depois delas.<\/p>\n\n\n\n<p class=\"wp-block-paragraph\">\u00c9 por isso que, \u00e0 medida que os investimentos aumentam, a avalia\u00e7\u00e3o precisa crescer junto. A verdadeira medida do sucesso n\u00e3o ser\u00e1 quantas vagas o Brasil conseguiu criar, mas quantas delas efetivamente se transformaram em forma\u00e7\u00e3o de qualidade, oportunidades profissionais e desenvolvimento para o pa\u00eds.<\/p>\n","protected":false},"excerpt":{"rendered":"<p>Por C\u00e9sar Silva (*) A cria\u00e7\u00e3o do Programa de Pleno Pagamento de D\u00edvidas dos Estados (Propag) abriu uma oportunidade pouco comum para&#8230;<\/p>\n","protected":false},"author":47,"featured_media":85121,"comment_status":"closed","ping_status":"open","sticky":false,"template":"","format":"standard","meta":{"footnotes":""},"categories":[2017],"tags":[],"ppma_author":[13248],"class_list":["post-85120","post","type-post","status-publish","format-standard","has-post-thumbnail","category-informacoes"],"yoast_head":"<!-- This site is optimized with the Yoast SEO plugin v27.2 - https:\/\/yoast.com\/product\/yoast-seo-wordpress\/ -->\n<title>Expandir o ensino t\u00e9cnico n\u00e3o basta. \u00c9 preciso medir sua qualidade - Economia S\/A<\/title>\n<meta name=\"robots\" content=\"index, follow, max-snippet:-1, max-image-preview:large, max-video-preview:-1\" \/>\n<link rel=\"canonical\" href=\"https:\/\/economiasa.com.br\/blog\/expandir-o-ensino-tecnico-nao-basta-e-preciso-medir-sua-qualidade\/\" \/>\n<meta property=\"og:locale\" content=\"pt_BR\" \/>\n<meta property=\"og:type\" content=\"article\" \/>\n<meta property=\"og:title\" content=\"Expandir o ensino t\u00e9cnico n\u00e3o basta. \u00c9 preciso medir sua qualidade - Economia S\/A\" \/>\n<meta property=\"og:description\" content=\"Por C\u00e9sar Silva (*) A cria\u00e7\u00e3o do Programa de Pleno Pagamento de D\u00edvidas dos Estados (Propag) abriu uma oportunidade pouco comum para...\" \/>\n<meta property=\"og:url\" content=\"https:\/\/economiasa.com.br\/blog\/expandir-o-ensino-tecnico-nao-basta-e-preciso-medir-sua-qualidade\/\" \/>\n<meta property=\"og:site_name\" content=\"Economia S\/A\" \/>\n<meta property=\"article:published_time\" content=\"2026-09-04T13:46:27+00:00\" \/>\n<meta property=\"article:modified_time\" content=\"2026-09-04T13:46:28+00:00\" \/>\n<meta property=\"og:image\" content=\"https:\/\/economiasa.com.br\/blog\/wp-content\/uploads\/2026\/09\/Capturar-33.png\" \/>\n\t<meta property=\"og:image:width\" content=\"403\" \/>\n\t<meta property=\"og:image:height\" content=\"349\" \/>\n\t<meta property=\"og:image:type\" content=\"image\/png\" \/>\n<meta name=\"author\" content=\"Reda\u00e7\u00e3o\" \/>\n<meta name=\"twitter:card\" content=\"summary_large_image\" \/>\n<meta name=\"twitter:label1\" content=\"Escrito por\" \/>\n\t<meta name=\"twitter:data1\" content=\"Reda\u00e7\u00e3o\" \/>\n\t<meta name=\"twitter:label2\" content=\"Est. tempo de leitura\" \/>\n\t<meta name=\"twitter:data2\" content=\"5 minutos\" \/>\n<script type=\"application\/ld+json\" class=\"yoast-schema-graph\">{\"@context\":\"https:\/\/schema.org\",\"@graph\":[{\"@type\":\"Article\",\"@id\":\"https:\/\/economiasa.com.br\/blog\/expandir-o-ensino-tecnico-nao-basta-e-preciso-medir-sua-qualidade\/#article\",\"isPartOf\":{\"@id\":\"https:\/\/economiasa.com.br\/blog\/expandir-o-ensino-tecnico-nao-basta-e-preciso-medir-sua-qualidade\/\"},\"author\":{\"name\":\"Reda\u00e7\u00e3o\",\"@id\":\"https:\/\/economiasa.com.br\/blog\/#\/schema\/person\/14b8ac2dc25bd63b52bc54e845fa3923\"},\"headline\":\"Expandir o ensino t\u00e9cnico n\u00e3o basta. \u00c9 preciso medir sua qualidade\",\"datePublished\":\"2026-09-04T13:46:27+00:00\",\"dateModified\":\"2026-09-04T13:46:28+00:00\",\"mainEntityOfPage\":{\"@id\":\"https:\/\/economiasa.com.br\/blog\/expandir-o-ensino-tecnico-nao-basta-e-preciso-medir-sua-qualidade\/\"},\"wordCount\":932,\"image\":{\"@id\":\"https:\/\/economiasa.com.br\/blog\/expandir-o-ensino-tecnico-nao-basta-e-preciso-medir-sua-qualidade\/#primaryimage\"},\"thumbnailUrl\":\"https:\/\/economiasa.com.br\/blog\/wp-content\/uploads\/2026\/09\/Capturar-33.png\",\"articleSection\":[\"Informa\u00e7\u00f5es\"],\"inLanguage\":\"pt-BR\"},{\"@type\":\"WebPage\",\"@id\":\"https:\/\/economiasa.com.br\/blog\/expandir-o-ensino-tecnico-nao-basta-e-preciso-medir-sua-qualidade\/\",\"url\":\"https:\/\/economiasa.com.br\/blog\/expandir-o-ensino-tecnico-nao-basta-e-preciso-medir-sua-qualidade\/\",\"name\":\"Expandir o ensino t\u00e9cnico n\u00e3o basta. \u00c9 preciso medir sua qualidade - Economia S\/A\",\"isPartOf\":{\"@id\":\"https:\/\/economiasa.com.br\/blog\/#website\"},\"primaryImageOfPage\":{\"@id\":\"https:\/\/economiasa.com.br\/blog\/expandir-o-ensino-tecnico-nao-basta-e-preciso-medir-sua-qualidade\/#primaryimage\"},\"image\":{\"@id\":\"https:\/\/economiasa.com.br\/blog\/expandir-o-ensino-tecnico-nao-basta-e-preciso-medir-sua-qualidade\/#primaryimage\"},\"thumbnailUrl\":\"https:\/\/economiasa.com.br\/blog\/wp-content\/uploads\/2026\/09\/Capturar-33.png\",\"datePublished\":\"2026-09-04T13:46:27+00:00\",\"dateModified\":\"2026-09-04T13:46:28+00:00\",\"author\":{\"@id\":\"https:\/\/economiasa.com.br\/blog\/#\/schema\/person\/14b8ac2dc25bd63b52bc54e845fa3923\"},\"breadcrumb\":{\"@id\":\"https:\/\/economiasa.com.br\/blog\/expandir-o-ensino-tecnico-nao-basta-e-preciso-medir-sua-qualidade\/#breadcrumb\"},\"inLanguage\":\"pt-BR\",\"potentialAction\":[{\"@type\":\"ReadAction\",\"target\":[\"https:\/\/economiasa.com.br\/blog\/expandir-o-ensino-tecnico-nao-basta-e-preciso-medir-sua-qualidade\/\"]}]},{\"@type\":\"ImageObject\",\"inLanguage\":\"pt-BR\",\"@id\":\"https:\/\/economiasa.com.br\/blog\/expandir-o-ensino-tecnico-nao-basta-e-preciso-medir-sua-qualidade\/#primaryimage\",\"url\":\"https:\/\/economiasa.com.br\/blog\/wp-content\/uploads\/2026\/09\/Capturar-33.png\",\"contentUrl\":\"https:\/\/economiasa.com.br\/blog\/wp-content\/uploads\/2026\/09\/Capturar-33.png\",\"width\":403,\"height\":349,\"caption\":\"C\u00e9sar Silva - Cr\u00e9ditos da foto: Divulga\u00e7\u00e3o\"},{\"@type\":\"BreadcrumbList\",\"@id\":\"https:\/\/economiasa.com.br\/blog\/expandir-o-ensino-tecnico-nao-basta-e-preciso-medir-sua-qualidade\/#breadcrumb\",\"itemListElement\":[{\"@type\":\"ListItem\",\"position\":1,\"name\":\"In\u00edcio\",\"item\":\"https:\/\/economiasa.com.br\/blog\/\"},{\"@type\":\"ListItem\",\"position\":2,\"name\":\"Expandir o ensino t\u00e9cnico n\u00e3o basta. \u00c9 preciso medir sua qualidade\"}]},{\"@type\":\"WebSite\",\"@id\":\"https:\/\/economiasa.com.br\/blog\/#website\",\"url\":\"https:\/\/economiasa.com.br\/blog\/\",\"name\":\"Economia S\/A\",\"description\":\"Ler faz bem para os neg\u00f3cios\",\"potentialAction\":[{\"@type\":\"SearchAction\",\"target\":{\"@type\":\"EntryPoint\",\"urlTemplate\":\"https:\/\/economiasa.com.br\/blog\/?s={search_term_string}\"},\"query-input\":{\"@type\":\"PropertyValueSpecification\",\"valueRequired\":true,\"valueName\":\"search_term_string\"}}],\"inLanguage\":\"pt-BR\"},{\"@type\":\"Person\",\"@id\":\"https:\/\/economiasa.com.br\/blog\/#\/schema\/person\/14b8ac2dc25bd63b52bc54e845fa3923\",\"name\":\"Reda\u00e7\u00e3o\",\"image\":{\"@type\":\"ImageObject\",\"inLanguage\":\"pt-BR\",\"@id\":\"https:\/\/secure.gravatar.com\/avatar\/c8c795261f7f8547b22616a549577db9e450bd5622da3f6eb62b0e2c3e364c4e?s=96&d=mm&r=g0fb5212bc57e2287787936667fbbe0ff\",\"url\":\"https:\/\/secure.gravatar.com\/avatar\/c8c795261f7f8547b22616a549577db9e450bd5622da3f6eb62b0e2c3e364c4e?s=96&d=mm&r=g\",\"contentUrl\":\"https:\/\/secure.gravatar.com\/avatar\/c8c795261f7f8547b22616a549577db9e450bd5622da3f6eb62b0e2c3e364c4e?s=96&d=mm&r=g\",\"caption\":\"Reda\u00e7\u00e3o\"},\"sameAs\":[\"http:\/\/www.economiasa.com.br\"],\"url\":\"https:\/\/economiasa.com.br\/blog\/author\/redacao\/\"}]}<\/script>\n<!-- \/ Yoast SEO plugin. -->","yoast_head_json":{"title":"Expandir o ensino t\u00e9cnico n\u00e3o basta. \u00c9 preciso medir sua qualidade - Economia S\/A","robots":{"index":"index","follow":"follow","max-snippet":"max-snippet:-1","max-image-preview":"max-image-preview:large","max-video-preview":"max-video-preview:-1"},"canonical":"https:\/\/economiasa.com.br\/blog\/expandir-o-ensino-tecnico-nao-basta-e-preciso-medir-sua-qualidade\/","og_locale":"pt_BR","og_type":"article","og_title":"Expandir o ensino t\u00e9cnico n\u00e3o basta. \u00c9 preciso medir sua qualidade - Economia S\/A","og_description":"Por C\u00e9sar Silva (*) A cria\u00e7\u00e3o do Programa de Pleno Pagamento de D\u00edvidas dos Estados (Propag) abriu uma oportunidade pouco comum para...","og_url":"https:\/\/economiasa.com.br\/blog\/expandir-o-ensino-tecnico-nao-basta-e-preciso-medir-sua-qualidade\/","og_site_name":"Economia S\/A","article_published_time":"2026-09-04T13:46:27+00:00","article_modified_time":"2026-09-04T13:46:28+00:00","og_image":[{"width":403,"height":349,"url":"https:\/\/economiasa.com.br\/blog\/wp-content\/uploads\/2026\/09\/Capturar-33.png","type":"image\/png"}],"author":"Reda\u00e7\u00e3o","twitter_card":"summary_large_image","twitter_misc":{"Escrito por":"Reda\u00e7\u00e3o","Est. tempo de leitura":"5 minutos"},"schema":{"@context":"https:\/\/schema.org","@graph":[{"@type":"Article","@id":"https:\/\/economiasa.com.br\/blog\/expandir-o-ensino-tecnico-nao-basta-e-preciso-medir-sua-qualidade\/#article","isPartOf":{"@id":"https:\/\/economiasa.com.br\/blog\/expandir-o-ensino-tecnico-nao-basta-e-preciso-medir-sua-qualidade\/"},"author":{"name":"Reda\u00e7\u00e3o","@id":"https:\/\/economiasa.com.br\/blog\/#\/schema\/person\/14b8ac2dc25bd63b52bc54e845fa3923"},"headline":"Expandir o ensino t\u00e9cnico n\u00e3o basta. \u00c9 preciso medir sua qualidade","datePublished":"2026-09-04T13:46:27+00:00","dateModified":"2026-09-04T13:46:28+00:00","mainEntityOfPage":{"@id":"https:\/\/economiasa.com.br\/blog\/expandir-o-ensino-tecnico-nao-basta-e-preciso-medir-sua-qualidade\/"},"wordCount":932,"image":{"@id":"https:\/\/economiasa.com.br\/blog\/expandir-o-ensino-tecnico-nao-basta-e-preciso-medir-sua-qualidade\/#primaryimage"},"thumbnailUrl":"https:\/\/economiasa.com.br\/blog\/wp-content\/uploads\/2026\/09\/Capturar-33.png","articleSection":["Informa\u00e7\u00f5es"],"inLanguage":"pt-BR"},{"@type":"WebPage","@id":"https:\/\/economiasa.com.br\/blog\/expandir-o-ensino-tecnico-nao-basta-e-preciso-medir-sua-qualidade\/","url":"https:\/\/economiasa.com.br\/blog\/expandir-o-ensino-tecnico-nao-basta-e-preciso-medir-sua-qualidade\/","name":"Expandir o ensino t\u00e9cnico n\u00e3o basta. \u00c9 preciso medir sua qualidade - Economia S\/A","isPartOf":{"@id":"https:\/\/economiasa.com.br\/blog\/#website"},"primaryImageOfPage":{"@id":"https:\/\/economiasa.com.br\/blog\/expandir-o-ensino-tecnico-nao-basta-e-preciso-medir-sua-qualidade\/#primaryimage"},"image":{"@id":"https:\/\/economiasa.com.br\/blog\/expandir-o-ensino-tecnico-nao-basta-e-preciso-medir-sua-qualidade\/#primaryimage"},"thumbnailUrl":"https:\/\/economiasa.com.br\/blog\/wp-content\/uploads\/2026\/09\/Capturar-33.png","datePublished":"2026-09-04T13:46:27+00:00","dateModified":"2026-09-04T13:46:28+00:00","author":{"@id":"https:\/\/economiasa.com.br\/blog\/#\/schema\/person\/14b8ac2dc25bd63b52bc54e845fa3923"},"breadcrumb":{"@id":"https:\/\/economiasa.com.br\/blog\/expandir-o-ensino-tecnico-nao-basta-e-preciso-medir-sua-qualidade\/#breadcrumb"},"inLanguage":"pt-BR","potentialAction":[{"@type":"ReadAction","target":["https:\/\/economiasa.com.br\/blog\/expandir-o-ensino-tecnico-nao-basta-e-preciso-medir-sua-qualidade\/"]}]},{"@type":"ImageObject","inLanguage":"pt-BR","@id":"https:\/\/economiasa.com.br\/blog\/expandir-o-ensino-tecnico-nao-basta-e-preciso-medir-sua-qualidade\/#primaryimage","url":"https:\/\/economiasa.com.br\/blog\/wp-content\/uploads\/2026\/09\/Capturar-33.png","contentUrl":"https:\/\/economiasa.com.br\/blog\/wp-content\/uploads\/2026\/09\/Capturar-33.png","width":403,"height":349,"caption":"C\u00e9sar Silva - Cr\u00e9ditos da foto: Divulga\u00e7\u00e3o"},{"@type":"BreadcrumbList","@id":"https:\/\/economiasa.com.br\/blog\/expandir-o-ensino-tecnico-nao-basta-e-preciso-medir-sua-qualidade\/#breadcrumb","itemListElement":[{"@type":"ListItem","position":1,"name":"In\u00edcio","item":"https:\/\/economiasa.com.br\/blog\/"},{"@type":"ListItem","position":2,"name":"Expandir o ensino t\u00e9cnico n\u00e3o basta. \u00c9 preciso medir sua qualidade"}]},{"@type":"WebSite","@id":"https:\/\/economiasa.com.br\/blog\/#website","url":"https:\/\/economiasa.com.br\/blog\/","name":"Economia S\/A","description":"Ler faz bem para os neg\u00f3cios","potentialAction":[{"@type":"SearchAction","target":{"@type":"EntryPoint","urlTemplate":"https:\/\/economiasa.com.br\/blog\/?s={search_term_string}"},"query-input":{"@type":"PropertyValueSpecification","valueRequired":true,"valueName":"search_term_string"}}],"inLanguage":"pt-BR"},{"@type":"Person","@id":"https:\/\/economiasa.com.br\/blog\/#\/schema\/person\/14b8ac2dc25bd63b52bc54e845fa3923","name":"Reda\u00e7\u00e3o","image":{"@type":"ImageObject","inLanguage":"pt-BR","@id":"https:\/\/secure.gravatar.com\/avatar\/c8c795261f7f8547b22616a549577db9e450bd5622da3f6eb62b0e2c3e364c4e?s=96&d=mm&r=g0fb5212bc57e2287787936667fbbe0ff","url":"https:\/\/secure.gravatar.com\/avatar\/c8c795261f7f8547b22616a549577db9e450bd5622da3f6eb62b0e2c3e364c4e?s=96&d=mm&r=g","contentUrl":"https:\/\/secure.gravatar.com\/avatar\/c8c795261f7f8547b22616a549577db9e450bd5622da3f6eb62b0e2c3e364c4e?s=96&d=mm&r=g","caption":"Reda\u00e7\u00e3o"},"sameAs":["http:\/\/www.economiasa.com.br"],"url":"https:\/\/economiasa.com.br\/blog\/author\/redacao\/"}]}},"authors":[{"term_id":13248,"user_id":47,"is_guest":0,"slug":"redacao","display_name":"Reda\u00e7\u00e3o","avatar_url":"https:\/\/secure.gravatar.com\/avatar\/c8c795261f7f8547b22616a549577db9e450bd5622da3f6eb62b0e2c3e364c4e?s=96&d=mm&r=g","author_category":"","first_name":"Reda\u00e7\u00e3o","last_name":"","user_url":"http:\/\/www.economiasa.com.br","job_title":"","description":""}],"amp_enabled":true,"_links":{"self":[{"href":"https:\/\/economiasa.com.br\/blog\/wp-json\/wp\/v2\/posts\/85120","targetHints":{"allow":["GET"]}}],"collection":[{"href":"https:\/\/economiasa.com.br\/blog\/wp-json\/wp\/v2\/posts"}],"about":[{"href":"https:\/\/economiasa.com.br\/blog\/wp-json\/wp\/v2\/types\/post"}],"author":[{"embeddable":true,"href":"https:\/\/economiasa.com.br\/blog\/wp-json\/wp\/v2\/users\/47"}],"replies":[{"embeddable":true,"href":"https:\/\/economiasa.com.br\/blog\/wp-json\/wp\/v2\/comments?post=85120"}],"version-history":[{"count":0,"href":"https:\/\/economiasa.com.br\/blog\/wp-json\/wp\/v2\/posts\/85120\/revisions"}],"wp:featuredmedia":[{"embeddable":true,"href":"https:\/\/economiasa.com.br\/blog\/wp-json\/wp\/v2\/media\/85121"}],"wp:attachment":[{"href":"https:\/\/economiasa.com.br\/blog\/wp-json\/wp\/v2\/media?parent=85120"}],"wp:term":[{"taxonomy":"category","embeddable":true,"href":"https:\/\/economiasa.com.br\/blog\/wp-json\/wp\/v2\/categories?post=85120"},{"taxonomy":"post_tag","embeddable":true,"href":"https:\/\/economiasa.com.br\/blog\/wp-json\/wp\/v2\/tags?post=85120"},{"taxonomy":"author","embeddable":true,"href":"https:\/\/economiasa.com.br\/blog\/wp-json\/wp\/v2\/ppma_author?post=85120"}],"curies":[{"name":"wp","href":"https:\/\/api.w.org\/{rel}","templated":true}]}}