{"id":85122,"date":"2026-09-04T10:48:32","date_gmt":"2026-09-04T13:48:32","guid":{"rendered":"https:\/\/economiasa.com.br\/blog\/?p=85122"},"modified":"2026-09-04T10:48:33","modified_gmt":"2026-09-04T13:48:33","slug":"clariens-educacao-anuncia-uniao-com-universidade-vila-velha-e-amplia-presenca-nacional","status":"publish","type":"post","link":"https:\/\/economiasa.com.br\/blog\/clariens-educacao-anuncia-uniao-com-universidade-vila-velha-e-amplia-presenca-nacional\/","title":{"rendered":"Clariens Educa\u00e7\u00e3o anuncia uni\u00e3o com Universidade Vila Velha e amplia presen\u00e7a nacional"},"content":{"rendered":"\n<p class=\"wp-block-paragraph\"><em>Entrada da UVV marca chegada do grupo ao Esp\u00edrito Santo e refor\u00e7a estrat\u00e9gia de crescimento baseada na integra\u00e7\u00e3o de institui\u00e7\u00f5es de excel\u00eancia e na preserva\u00e7\u00e3o de suas identidades\u00a0<\/em><\/p>\n\n\n\n<p class=\"wp-block-paragraph\">A Clariens Educa\u00e7\u00e3o anuncia a aquisi\u00e7\u00e3o da Universidade Vila Velha (UVV), uma das mais tradicionais institui\u00e7\u00f5es de ensino superior do Esp\u00edrito Santo. O movimento marca a entrada da Clariens no Estado e a chegada da primeira universidade ao grupo, refor\u00e7ando sua estrat\u00e9gia de construir uma rede nacional de institui\u00e7\u00f5es de excel\u00eancia, com atua\u00e7\u00e3o especialmente relevante na forma\u00e7\u00e3o m\u00e9dica e em sa\u00fade.\u00a0<\/p>\n\n\n\n<p class=\"wp-block-paragraph\">Com cerca de 50 anos de hist\u00f3ria, a UVV construiu uma trajet\u00f3ria reconhecida pela qualidade de seu ensino, de seu corpo docente e de sua produ\u00e7\u00e3o acad\u00eamica. Seu curso de Medicina est\u00e1 entre os mais tradicionais do pa\u00eds, com milhares de m\u00e9dicos formados e que fazem a diferen\u00e7a na sa\u00fade do Brasil.\u00a0<\/p>\n\n\n\n<p class=\"wp-block-paragraph\">A integra\u00e7\u00e3o \u00e0 Clariens preservar\u00e1 a marca e a identidade da UVV. A proposta \u00e9 fortalecer o trabalho j\u00e1 desenvolvido pela Universidade, ampliando sua capacidade de investimento, inova\u00e7\u00e3o, pesquisa e desenvolvimento acad\u00eamico.\u00a0<\/p>\n\n\n\n<p class=\"wp-block-paragraph\">\u201cA UVV construiu uma hist\u00f3ria de excel\u00eancia e uma marca muito forte no Esp\u00edrito Santo. Chegamos para somar. Vamos preservar esse legado e, ao mesmo tempo, ampliar a capacidade de investimento e criar oportunidades para alunos, professores e pesquisadores por meio da integra\u00e7\u00e3o com as demais institui\u00e7\u00f5es da Clariens, levando o nome da UVV para todo Brasil\u201d, afirma Thiago Say\u00e3o, CEO da Clariens Educa\u00e7\u00e3o.\u00a0<\/p>\n\n\n\n<p class=\"wp-block-paragraph\">A opera\u00e7\u00e3o tamb\u00e9m permitir\u00e1 ampliar a troca de conhecimento e melhores pr\u00e1ticas entre as institui\u00e7\u00f5es do grupo, incluindo iniciativas relacionadas a tecnologia, intelig\u00eancia artificial, metodologias de ensino e simula\u00e7\u00e3o real\u00edstica.\u00a0<\/p>\n\n\n\n<p class=\"wp-block-paragraph\">A estrat\u00e9gia \u00e9 coerente com a tese de crescimento da Clariens: reunir institui\u00e7\u00f5es reconhecidas por sua qualidade acad\u00eamica e preservar as caracter\u00edsticas que constru\u00edram sua reputa\u00e7\u00e3o, ao mesmo tempo em que s\u00e3o criadas oportunidades de colabora\u00e7\u00e3o e ganhos de escala em investimentos e inova\u00e7\u00e3o.\u00a0<\/p>\n\n\n\n<p class=\"wp-block-paragraph\">A UVV vinha sendo procurada por diferentes grupos interessados em sua trajet\u00f3ria e posi\u00e7\u00e3o no mercado de educa\u00e7\u00e3o superior. A decis\u00e3o de se unir \u00e0 Clariens levou em considera\u00e7\u00e3o a converg\u00eancia entre os projetos das duas institui\u00e7\u00f5es e a vis\u00e3o de longo prazo para o desenvolvimento da Universidade.\u00a0<\/p>\n\n\n\n<p class=\"wp-block-paragraph\">\u201cEssa uni\u00e3o abre um novo cap\u00edtulo para a UVV, com a possibilidade de levar ainda mais longe o conhecimento e a excel\u00eancia acad\u00eamica que constru\u00edmos ao longo da nossa hist\u00f3ria. Ao lado da Clariens, ganhamos escala e novas possibilidades de colabora\u00e7\u00e3o acad\u00eamica, pesquisa e inova\u00e7\u00e3o, conectando nossa comunidade a um ecossistema mais amplo de educa\u00e7\u00e3o. \u00c9 um movimento que fortalece nossa voca\u00e7\u00e3o de formar profissionais de excel\u00eancia e amplia a contribui\u00e7\u00e3o da UVV para o desenvolvimento do Esp\u00edrito Santo e do pa\u00eds\u201d, refor\u00e7a Jos\u00e9 Luiz Dantas, presidente da UVV.<\/p>\n\n\n\n<p class=\"wp-block-paragraph\">Para alunos, professores e colaboradores, a nova etapa preserva a continuidade da vida acad\u00eamica e institucional. Cursos, estrutura curricular e atividades acad\u00eamicas seguem normalmente, ampliando as possibilidades para todos. O objetivo \u00e9 proporcionar, ao longo do tempo, maior amplitude e mais conhecimento pela participa\u00e7\u00e3o da UVV em uma rede nacional de educa\u00e7\u00e3o.<\/p>\n\n\n\n<p class=\"wp-block-paragraph\">Com a UVV, a Clariens amplia tamb\u00e9m sua atua\u00e7\u00e3o para o Esp\u00edrito Santo, mercado considerado estrat\u00e9gico para o desenvolvimento do grupo.\u00a0<\/p>\n","protected":false},"excerpt":{"rendered":"<p>Entrada da UVV marca chegada do grupo ao Esp\u00edrito Santo e refor\u00e7a estrat\u00e9gia de crescimento baseada na integra\u00e7\u00e3o de institui\u00e7\u00f5es de excel\u00eancia&#8230;<\/p>\n","protected":false},"author":47,"featured_media":85123,"comment_status":"closed","ping_status":"open","sticky":false,"template":"","format":"standard","meta":{"footnotes":""},"categories":[196],"tags":[],"ppma_author":[13248],"class_list":["post-85122","post","type-post","status-publish","format-standard","has-post-thumbnail","category-educacao"],"yoast_head":"<!-- This site is optimized with the Yoast SEO plugin v27.2 - https:\/\/yoast.com\/product\/yoast-seo-wordpress\/ -->\n<title>Clariens Educa\u00e7\u00e3o anuncia uni\u00e3o com Universidade Vila Velha e amplia presen\u00e7a nacional - Economia S\/A<\/title>\n<meta name=\"robots\" content=\"index, follow, max-snippet:-1, max-image-preview:large, max-video-preview:-1\" \/>\n<link rel=\"canonical\" href=\"https:\/\/economiasa.com.br\/blog\/clariens-educacao-anuncia-uniao-com-universidade-vila-velha-e-amplia-presenca-nacional\/\" \/>\n<meta property=\"og:locale\" content=\"pt_BR\" \/>\n<meta property=\"og:type\" content=\"article\" \/>\n<meta property=\"og:title\" content=\"Clariens Educa\u00e7\u00e3o anuncia uni\u00e3o com Universidade Vila Velha e amplia presen\u00e7a nacional - Economia S\/A\" \/>\n<meta property=\"og:description\" content=\"Entrada da UVV marca chegada do grupo ao Esp\u00edrito Santo e refor\u00e7a estrat\u00e9gia de crescimento baseada na integra\u00e7\u00e3o de institui\u00e7\u00f5es de excel\u00eancia...\" \/>\n<meta property=\"og:url\" content=\"https:\/\/economiasa.com.br\/blog\/clariens-educacao-anuncia-uniao-com-universidade-vila-velha-e-amplia-presenca-nacional\/\" \/>\n<meta property=\"og:site_name\" content=\"Economia S\/A\" \/>\n<meta property=\"article:published_time\" content=\"2026-09-04T13:48:32+00:00\" \/>\n<meta property=\"article:modified_time\" content=\"2026-09-04T13:48:33+00:00\" \/>\n<meta property=\"og:image\" content=\"https:\/\/economiasa.com.br\/blog\/wp-content\/uploads\/2026\/09\/Capturar-34.png\" \/>\n\t<meta property=\"og:image:width\" content=\"779\" \/>\n\t<meta property=\"og:image:height\" content=\"516\" \/>\n\t<meta property=\"og:image:type\" content=\"image\/png\" \/>\n<meta name=\"author\" content=\"Reda\u00e7\u00e3o\" \/>\n<meta name=\"twitter:card\" content=\"summary_large_image\" \/>\n<meta name=\"twitter:label1\" content=\"Escrito por\" \/>\n\t<meta name=\"twitter:data1\" content=\"Reda\u00e7\u00e3o\" \/>\n\t<meta name=\"twitter:label2\" content=\"Est. tempo de leitura\" \/>\n\t<meta name=\"twitter:data2\" content=\"4 minutos\" \/>\n<script type=\"application\/ld+json\" class=\"yoast-schema-graph\">{\"@context\":\"https:\/\/schema.org\",\"@graph\":[{\"@type\":\"Article\",\"@id\":\"https:\/\/economiasa.com.br\/blog\/clariens-educacao-anuncia-uniao-com-universidade-vila-velha-e-amplia-presenca-nacional\/#article\",\"isPartOf\":{\"@id\":\"https:\/\/economiasa.com.br\/blog\/clariens-educacao-anuncia-uniao-com-universidade-vila-velha-e-amplia-presenca-nacional\/\"},\"author\":{\"name\":\"Reda\u00e7\u00e3o\",\"@id\":\"https:\/\/economiasa.com.br\/blog\/#\/schema\/person\/14b8ac2dc25bd63b52bc54e845fa3923\"},\"headline\":\"Clariens Educa\u00e7\u00e3o anuncia uni\u00e3o com Universidade Vila Velha e amplia presen\u00e7a nacional\",\"datePublished\":\"2026-09-04T13:48:32+00:00\",\"dateModified\":\"2026-09-04T13:48:33+00:00\",\"mainEntityOfPage\":{\"@id\":\"https:\/\/economiasa.com.br\/blog\/clariens-educacao-anuncia-uniao-com-universidade-vila-velha-e-amplia-presenca-nacional\/\"},\"wordCount\":623,\"image\":{\"@id\":\"https:\/\/economiasa.com.br\/blog\/clariens-educacao-anuncia-uniao-com-universidade-vila-velha-e-amplia-presenca-nacional\/#primaryimage\"},\"thumbnailUrl\":\"https:\/\/economiasa.com.br\/blog\/wp-content\/uploads\/2026\/09\/Capturar-34.png\",\"articleSection\":[\"Educa\u00e7\u00e3o\"],\"inLanguage\":\"pt-BR\"},{\"@type\":\"WebPage\",\"@id\":\"https:\/\/economiasa.com.br\/blog\/clariens-educacao-anuncia-uniao-com-universidade-vila-velha-e-amplia-presenca-nacional\/\",\"url\":\"https:\/\/economiasa.com.br\/blog\/clariens-educacao-anuncia-uniao-com-universidade-vila-velha-e-amplia-presenca-nacional\/\",\"name\":\"Clariens Educa\u00e7\u00e3o anuncia uni\u00e3o com Universidade Vila Velha e amplia presen\u00e7a nacional - Economia S\/A\",\"isPartOf\":{\"@id\":\"https:\/\/economiasa.com.br\/blog\/#website\"},\"primaryImageOfPage\":{\"@id\":\"https:\/\/economiasa.com.br\/blog\/clariens-educacao-anuncia-uniao-com-universidade-vila-velha-e-amplia-presenca-nacional\/#primaryimage\"},\"image\":{\"@id\":\"https:\/\/economiasa.com.br\/blog\/clariens-educacao-anuncia-uniao-com-universidade-vila-velha-e-amplia-presenca-nacional\/#primaryimage\"},\"thumbnailUrl\":\"https:\/\/economiasa.com.br\/blog\/wp-content\/uploads\/2026\/09\/Capturar-34.png\",\"datePublished\":\"2026-09-04T13:48:32+00:00\",\"dateModified\":\"2026-09-04T13:48:33+00:00\",\"author\":{\"@id\":\"https:\/\/economiasa.com.br\/blog\/#\/schema\/person\/14b8ac2dc25bd63b52bc54e845fa3923\"},\"breadcrumb\":{\"@id\":\"https:\/\/economiasa.com.br\/blog\/clariens-educacao-anuncia-uniao-com-universidade-vila-velha-e-amplia-presenca-nacional\/#breadcrumb\"},\"inLanguage\":\"pt-BR\",\"potentialAction\":[{\"@type\":\"ReadAction\",\"target\":[\"https:\/\/economiasa.com.br\/blog\/clariens-educacao-anuncia-uniao-com-universidade-vila-velha-e-amplia-presenca-nacional\/\"]}]},{\"@type\":\"ImageObject\",\"inLanguage\":\"pt-BR\",\"@id\":\"https:\/\/economiasa.com.br\/blog\/clariens-educacao-anuncia-uniao-com-universidade-vila-velha-e-amplia-presenca-nacional\/#primaryimage\",\"url\":\"https:\/\/economiasa.com.br\/blog\/wp-content\/uploads\/2026\/09\/Capturar-34.png\",\"contentUrl\":\"https:\/\/economiasa.com.br\/blog\/wp-content\/uploads\/2026\/09\/Capturar-34.png\",\"width\":779,\"height\":516,\"caption\":\"Fachada da Universidade Vila Velha, no Esp\u00edrito Santo - Cr\u00e9ditos da foto: Divulga\u00e7\u00e3o\"},{\"@type\":\"BreadcrumbList\",\"@id\":\"https:\/\/economiasa.com.br\/blog\/clariens-educacao-anuncia-uniao-com-universidade-vila-velha-e-amplia-presenca-nacional\/#breadcrumb\",\"itemListElement\":[{\"@type\":\"ListItem\",\"position\":1,\"name\":\"In\u00edcio\",\"item\":\"https:\/\/economiasa.com.br\/blog\/\"},{\"@type\":\"ListItem\",\"position\":2,\"name\":\"Clariens Educa\u00e7\u00e3o anuncia uni\u00e3o com Universidade Vila Velha e amplia presen\u00e7a nacional\"}]},{\"@type\":\"WebSite\",\"@id\":\"https:\/\/economiasa.com.br\/blog\/#website\",\"url\":\"https:\/\/economiasa.com.br\/blog\/\",\"name\":\"Economia S\/A\",\"description\":\"Ler faz bem para os neg\u00f3cios\",\"potentialAction\":[{\"@type\":\"SearchAction\",\"target\":{\"@type\":\"EntryPoint\",\"urlTemplate\":\"https:\/\/economiasa.com.br\/blog\/?s={search_term_string}\"},\"query-input\":{\"@type\":\"PropertyValueSpecification\",\"valueRequired\":true,\"valueName\":\"search_term_string\"}}],\"inLanguage\":\"pt-BR\"},{\"@type\":\"Person\",\"@id\":\"https:\/\/economiasa.com.br\/blog\/#\/schema\/person\/14b8ac2dc25bd63b52bc54e845fa3923\",\"name\":\"Reda\u00e7\u00e3o\",\"image\":{\"@type\":\"ImageObject\",\"inLanguage\":\"pt-BR\",\"@id\":\"https:\/\/secure.gravatar.com\/avatar\/c8c795261f7f8547b22616a549577db9e450bd5622da3f6eb62b0e2c3e364c4e?s=96&d=mm&r=g0fb5212bc57e2287787936667fbbe0ff\",\"url\":\"https:\/\/secure.gravatar.com\/avatar\/c8c795261f7f8547b22616a549577db9e450bd5622da3f6eb62b0e2c3e364c4e?s=96&d=mm&r=g\",\"contentUrl\":\"https:\/\/secure.gravatar.com\/avatar\/c8c795261f7f8547b22616a549577db9e450bd5622da3f6eb62b0e2c3e364c4e?s=96&d=mm&r=g\",\"caption\":\"Reda\u00e7\u00e3o\"},\"sameAs\":[\"http:\/\/www.economiasa.com.br\"],\"url\":\"https:\/\/economiasa.com.br\/blog\/author\/redacao\/\"}]}<\/script>\n<!-- \/ Yoast SEO plugin. -->","yoast_head_json":{"title":"Clariens Educa\u00e7\u00e3o anuncia uni\u00e3o com Universidade Vila Velha e amplia presen\u00e7a nacional - Economia S\/A","robots":{"index":"index","follow":"follow","max-snippet":"max-snippet:-1","max-image-preview":"max-image-preview:large","max-video-preview":"max-video-preview:-1"},"canonical":"https:\/\/economiasa.com.br\/blog\/clariens-educacao-anuncia-uniao-com-universidade-vila-velha-e-amplia-presenca-nacional\/","og_locale":"pt_BR","og_type":"article","og_title":"Clariens Educa\u00e7\u00e3o anuncia uni\u00e3o com Universidade Vila Velha e amplia presen\u00e7a nacional - Economia S\/A","og_description":"Entrada da UVV marca chegada do grupo ao Esp\u00edrito Santo e refor\u00e7a estrat\u00e9gia de crescimento baseada na integra\u00e7\u00e3o de institui\u00e7\u00f5es de excel\u00eancia...","og_url":"https:\/\/economiasa.com.br\/blog\/clariens-educacao-anuncia-uniao-com-universidade-vila-velha-e-amplia-presenca-nacional\/","og_site_name":"Economia S\/A","article_published_time":"2026-09-04T13:48:32+00:00","article_modified_time":"2026-09-04T13:48:33+00:00","og_image":[{"width":779,"height":516,"url":"https:\/\/economiasa.com.br\/blog\/wp-content\/uploads\/2026\/09\/Capturar-34.png","type":"image\/png"}],"author":"Reda\u00e7\u00e3o","twitter_card":"summary_large_image","twitter_misc":{"Escrito por":"Reda\u00e7\u00e3o","Est. tempo de leitura":"4 minutos"},"schema":{"@context":"https:\/\/schema.org","@graph":[{"@type":"Article","@id":"https:\/\/economiasa.com.br\/blog\/clariens-educacao-anuncia-uniao-com-universidade-vila-velha-e-amplia-presenca-nacional\/#article","isPartOf":{"@id":"https:\/\/economiasa.com.br\/blog\/clariens-educacao-anuncia-uniao-com-universidade-vila-velha-e-amplia-presenca-nacional\/"},"author":{"name":"Reda\u00e7\u00e3o","@id":"https:\/\/economiasa.com.br\/blog\/#\/schema\/person\/14b8ac2dc25bd63b52bc54e845fa3923"},"headline":"Clariens Educa\u00e7\u00e3o anuncia uni\u00e3o com Universidade Vila Velha e amplia presen\u00e7a nacional","datePublished":"2026-09-04T13:48:32+00:00","dateModified":"2026-09-04T13:48:33+00:00","mainEntityOfPage":{"@id":"https:\/\/economiasa.com.br\/blog\/clariens-educacao-anuncia-uniao-com-universidade-vila-velha-e-amplia-presenca-nacional\/"},"wordCount":623,"image":{"@id":"https:\/\/economiasa.com.br\/blog\/clariens-educacao-anuncia-uniao-com-universidade-vila-velha-e-amplia-presenca-nacional\/#primaryimage"},"thumbnailUrl":"https:\/\/economiasa.com.br\/blog\/wp-content\/uploads\/2026\/09\/Capturar-34.png","articleSection":["Educa\u00e7\u00e3o"],"inLanguage":"pt-BR"},{"@type":"WebPage","@id":"https:\/\/economiasa.com.br\/blog\/clariens-educacao-anuncia-uniao-com-universidade-vila-velha-e-amplia-presenca-nacional\/","url":"https:\/\/economiasa.com.br\/blog\/clariens-educacao-anuncia-uniao-com-universidade-vila-velha-e-amplia-presenca-nacional\/","name":"Clariens Educa\u00e7\u00e3o anuncia uni\u00e3o com Universidade Vila Velha e amplia presen\u00e7a nacional - Economia S\/A","isPartOf":{"@id":"https:\/\/economiasa.com.br\/blog\/#website"},"primaryImageOfPage":{"@id":"https:\/\/economiasa.com.br\/blog\/clariens-educacao-anuncia-uniao-com-universidade-vila-velha-e-amplia-presenca-nacional\/#primaryimage"},"image":{"@id":"https:\/\/economiasa.com.br\/blog\/clariens-educacao-anuncia-uniao-com-universidade-vila-velha-e-amplia-presenca-nacional\/#primaryimage"},"thumbnailUrl":"https:\/\/economiasa.com.br\/blog\/wp-content\/uploads\/2026\/09\/Capturar-34.png","datePublished":"2026-09-04T13:48:32+00:00","dateModified":"2026-09-04T13:48:33+00:00","author":{"@id":"https:\/\/economiasa.com.br\/blog\/#\/schema\/person\/14b8ac2dc25bd63b52bc54e845fa3923"},"breadcrumb":{"@id":"https:\/\/economiasa.com.br\/blog\/clariens-educacao-anuncia-uniao-com-universidade-vila-velha-e-amplia-presenca-nacional\/#breadcrumb"},"inLanguage":"pt-BR","potentialAction":[{"@type":"ReadAction","target":["https:\/\/economiasa.com.br\/blog\/clariens-educacao-anuncia-uniao-com-universidade-vila-velha-e-amplia-presenca-nacional\/"]}]},{"@type":"ImageObject","inLanguage":"pt-BR","@id":"https:\/\/economiasa.com.br\/blog\/clariens-educacao-anuncia-uniao-com-universidade-vila-velha-e-amplia-presenca-nacional\/#primaryimage","url":"https:\/\/economiasa.com.br\/blog\/wp-content\/uploads\/2026\/09\/Capturar-34.png","contentUrl":"https:\/\/economiasa.com.br\/blog\/wp-content\/uploads\/2026\/09\/Capturar-34.png","width":779,"height":516,"caption":"Fachada da Universidade Vila Velha, no Esp\u00edrito Santo - Cr\u00e9ditos da foto: Divulga\u00e7\u00e3o"},{"@type":"BreadcrumbList","@id":"https:\/\/economiasa.com.br\/blog\/clariens-educacao-anuncia-uniao-com-universidade-vila-velha-e-amplia-presenca-nacional\/#breadcrumb","itemListElement":[{"@type":"ListItem","position":1,"name":"In\u00edcio","item":"https:\/\/economiasa.com.br\/blog\/"},{"@type":"ListItem","position":2,"name":"Clariens Educa\u00e7\u00e3o anuncia uni\u00e3o com Universidade Vila Velha e amplia presen\u00e7a nacional"}]},{"@type":"WebSite","@id":"https:\/\/economiasa.com.br\/blog\/#website","url":"https:\/\/economiasa.com.br\/blog\/","name":"Economia S\/A","description":"Ler faz bem para os neg\u00f3cios","potentialAction":[{"@type":"SearchAction","target":{"@type":"EntryPoint","urlTemplate":"https:\/\/economiasa.com.br\/blog\/?s={search_term_string}"},"query-input":{"@type":"PropertyValueSpecification","valueRequired":true,"valueName":"search_term_string"}}],"inLanguage":"pt-BR"},{"@type":"Person","@id":"https:\/\/economiasa.com.br\/blog\/#\/schema\/person\/14b8ac2dc25bd63b52bc54e845fa3923","name":"Reda\u00e7\u00e3o","image":{"@type":"ImageObject","inLanguage":"pt-BR","@id":"https:\/\/secure.gravatar.com\/avatar\/c8c795261f7f8547b22616a549577db9e450bd5622da3f6eb62b0e2c3e364c4e?s=96&d=mm&r=g0fb5212bc57e2287787936667fbbe0ff","url":"https:\/\/secure.gravatar.com\/avatar\/c8c795261f7f8547b22616a549577db9e450bd5622da3f6eb62b0e2c3e364c4e?s=96&d=mm&r=g","contentUrl":"https:\/\/secure.gravatar.com\/avatar\/c8c795261f7f8547b22616a549577db9e450bd5622da3f6eb62b0e2c3e364c4e?s=96&d=mm&r=g","caption":"Reda\u00e7\u00e3o"},"sameAs":["http:\/\/www.economiasa.com.br"],"url":"https:\/\/economiasa.com.br\/blog\/author\/redacao\/"}]}},"authors":[{"term_id":13248,"user_id":47,"is_guest":0,"slug":"redacao","display_name":"Reda\u00e7\u00e3o","avatar_url":"https:\/\/secure.gravatar.com\/avatar\/c8c795261f7f8547b22616a549577db9e450bd5622da3f6eb62b0e2c3e364c4e?s=96&d=mm&r=g","author_category":"","first_name":"Reda\u00e7\u00e3o","last_name":"","user_url":"http:\/\/www.economiasa.com.br","job_title":"","description":""}],"amp_enabled":true,"_links":{"self":[{"href":"https:\/\/economiasa.com.br\/blog\/wp-json\/wp\/v2\/posts\/85122","targetHints":{"allow":["GET"]}}],"collection":[{"href":"https:\/\/economiasa.com.br\/blog\/wp-json\/wp\/v2\/posts"}],"about":[{"href":"https:\/\/economiasa.com.br\/blog\/wp-json\/wp\/v2\/types\/post"}],"author":[{"embeddable":true,"href":"https:\/\/economiasa.com.br\/blog\/wp-json\/wp\/v2\/users\/47"}],"replies":[{"embeddable":true,"href":"https:\/\/economiasa.com.br\/blog\/wp-json\/wp\/v2\/comments?post=85122"}],"version-history":[{"count":0,"href":"https:\/\/economiasa.com.br\/blog\/wp-json\/wp\/v2\/posts\/85122\/revisions"}],"wp:featuredmedia":[{"embeddable":true,"href":"https:\/\/economiasa.com.br\/blog\/wp-json\/wp\/v2\/media\/85123"}],"wp:attachment":[{"href":"https:\/\/economiasa.com.br\/blog\/wp-json\/wp\/v2\/media?parent=85122"}],"wp:term":[{"taxonomy":"category","embeddable":true,"href":"https:\/\/economiasa.com.br\/blog\/wp-json\/wp\/v2\/categories?post=85122"},{"taxonomy":"post_tag","embeddable":true,"href":"https:\/\/economiasa.com.br\/blog\/wp-json\/wp\/v2\/tags?post=85122"},{"taxonomy":"author","embeddable":true,"href":"https:\/\/economiasa.com.br\/blog\/wp-json\/wp\/v2\/ppma_author?post=85122"}],"curies":[{"name":"wp","href":"https:\/\/api.w.org\/{rel}","templated":true}]}}