{"id":85126,"date":"2026-09-04T10:51:07","date_gmt":"2026-09-04T13:51:07","guid":{"rendered":"https:\/\/economiasa.com.br\/blog\/?p=85126"},"modified":"2026-09-04T10:51:07","modified_gmt":"2026-09-04T13:51:07","slug":"viagens-corporativas-crescem-no-brasil-mas-cenario-economico-pode-limitar-avanco-em-2026","status":"publish","type":"post","link":"https:\/\/economiasa.com.br\/blog\/viagens-corporativas-crescem-no-brasil-mas-cenario-economico-pode-limitar-avanco-em-2026\/","title":{"rendered":"Viagens corporativas crescem no Brasil, mas cen\u00e1rio econ\u00f4mico pode limitar avan\u00e7o em 2026"},"content":{"rendered":"\n<p class=\"wp-block-paragraph\"><em>ALAGEV analisa estimativas que v\u00e3o de 5% a 13,8% de proje\u00e7\u00e3o de crescimento no ano e avalia os fatores econ\u00f4micos que podem determinar o desempenho do setor at\u00e9 dezembro<\/em><\/p>\n\n\n\n<p class=\"wp-block-paragraph\">O mercado brasileiro de viagens corporativas chega ao segundo semestre de 2026 com diferentes indicadores apontando crescimento, mas em ritmos distintos. O Levantamento de Viagens Corporativas (LVC), realizado pela FecomercioSP em parceria com a Associa\u00e7\u00e3o Latino-Americana de Gest\u00e3o de Eventos e Viagens Corporativas (ALAGEV), registrou alta de 5,8% no primeiro semestre, com faturamento pr\u00f3ximo de R$ 102 bilh\u00f5es. No cen\u00e1rio internacional, o Business Travel Index (BTI), apresentado pela Global Business Travel Association (GBTA), no come\u00e7o de agosto,\u00a0 projeta expans\u00e3o de 13,8% para o Brasil no ano, a maior taxa entre os 15 principais mercados globais.<\/p>\n\n\n\n<p class=\"wp-block-paragraph\">A diferen\u00e7a entre o desempenho j\u00e1 registrado e as proje\u00e7\u00f5es para o fechamento de 2026 coloca no centro da an\u00e1lise fatores como pre\u00e7os, volume de viagens e o comportamento da economia brasileira. O LVC, que inicialmente estimava crescimento de 7% para o setor neste ano, revisou a sua proje\u00e7\u00e3o para um patamar pr\u00f3ximo de 5%, enquanto a GBTA prev\u00ea expans\u00e3o de 13,8% para o mercado brasileiro, uma taxa quase tr\u00eas vezes superior \u00e0 estimativa dom\u00e9stica.<\/p>\n\n\n\n<p class=\"wp-block-paragraph\">Para a diretora-executiva da ALAGEV, Luana Nogueira, os indicadores oferecem perspectivas complementares para empresas e gestores acompanharem o comportamento do setor. \u201cO Brasil aparece com uma perspectiva de crescimento relevante no cen\u00e1rio internacional e, ao mesmo tempo, temos no LVC uma leitura mensal do que efetivamente vem acontecendo no mercado brasileiro. A combina\u00e7\u00e3o desses indicadores nos permite acompanhar n\u00e3o apenas quanto as empresas est\u00e3o gastando, mas tamb\u00e9m o ambiente econ\u00f4mico que influencia as decis\u00f5es sobre viagens e eventos\u201d, afirma.<\/p>\n\n\n\n<p class=\"wp-block-paragraph\">Em junho, os gastos das empresas com servi\u00e7os relacionados \u00e0s viagens corporativas atingiram R$ 17,3 bilh\u00f5es, crescimento de 3,7% em rela\u00e7\u00e3o ao mesmo m\u00eas de 2025 e novo recorde hist\u00f3rico para o per\u00edodo, segundo os \u00faltimos dados revelados pelo LVC. Apesar do avan\u00e7o do faturamento, a an\u00e1lise da FecomercioSP indica uma influ\u00eancia maior dos pre\u00e7os sobre os resultados, enquanto o volume de atividades apresenta crescimento mais moderado. \u201c Isso n\u00e3o significa necessariamente uma queda no volume de atividades, mas indica que seu crescimento ocorre em ritmo mais lento\u201d, explica Guilherme Dietze, economista da FecomercioSP.<\/p>\n\n\n\n<p class=\"wp-block-paragraph\"><strong>Brasil entre os principais mercados globais<\/strong><\/p>\n\n\n\n<p class=\"wp-block-paragraph\">A proje\u00e7\u00e3o apresentada pela GBTA coloca o Brasil na 10\u00aa posi\u00e7\u00e3o entre os maiores mercados de viagens corporativas do mundo, com previs\u00e3o de US$ 35,8 bilh\u00f5es em gastos em 2026. Entre os 15 principais, o pa\u00eds apresenta a maior expectativa de crescimento, de 13,8%, acima de Jap\u00e3o (10%), Estados Unidos (6,7%) e China (5,9%).<\/p>\n\n\n\n<p class=\"wp-block-paragraph\">Para a ALAGEV, o posicionamento internacional refor\u00e7a a dimens\u00e3o alcan\u00e7ada pelo mercado brasileiro, mas a evolu\u00e7\u00e3o ao longo do segundo semestre depender\u00e1 tamb\u00e9m das condi\u00e7\u00f5es da economia dom\u00e9stica. Juros elevados, infla\u00e7\u00e3o, comportamento do c\u00e2mbio e ritmo da atividade econ\u00f4mica, bem como o per\u00edodo eleitoral, est\u00e3o entre os fatores que podem interferir nas decis\u00f5es das empresas sobre deslocamentos.<\/p>\n\n\n\n<p class=\"wp-block-paragraph\">A compara\u00e7\u00e3o com outros pa\u00edses tamb\u00e9m requer considerar a dimens\u00e3o de cada mercado. Enquanto o Brasil tem previs\u00e3o de US$ 35,8 bilh\u00f5es em gastos neste ano, os Estados Unidos devem movimentar US$ 423 bilh\u00f5es e a China, US$ 403,7 bilh\u00f5es. Mercados que partem de bases menores podem apresentar varia\u00e7\u00f5es percentuais superiores, raz\u00e3o pela qual crescimento e tamanho do mercado precisam ser analisados conjuntamente.<\/p>\n\n\n\n<p class=\"wp-block-paragraph\"><strong>Gastos e n\u00famero de viagens<\/strong><\/p>\n\n\n\n<p class=\"wp-block-paragraph\">No cen\u00e1rio global, a GBTA projeta US$ 1,71 trilh\u00e3o em gastos com viagens corporativas em 2026, crescimento de 7,2% sobre o ano anterior. O n\u00famero de viagens, por sua vez, deve alcan\u00e7ar 1,84 bilh\u00e3o, com avan\u00e7o de 1,3%. A diferen\u00e7a entre os dois indicadores tamb\u00e9m coloca pre\u00e7os, custos e retorno dos deslocamentos entre os temas que ganham espa\u00e7o na gest\u00e3o corporativa.<\/p>\n\n\n\n<p class=\"wp-block-paragraph\">Para Luana, o cen\u00e1rio aumenta a import\u00e2ncia de as empresas acompanharem os indicadores ao longo do ano e incorporarem essas informa\u00e7\u00f5es ao planejamento. \u201cQuando os gastos avan\u00e7am em ritmo diferente do volume de viagens, olhar apenas para o or\u00e7amento n\u00e3o \u00e9 suficiente. \u00c9 preciso entender o que vem de pre\u00e7o, o que vem de demanda e quais deslocamentos efetivamente contribuem para os objetivos da empresa. Esse acompanhamento permite revisar pol\u00edticas, negociar contratos e direcionar os recursos de forma mais alinhada \u00e0s necessidades do neg\u00f3cio\u201d, conclui.<\/p>\n","protected":false},"excerpt":{"rendered":"<p>ALAGEV analisa estimativas que v\u00e3o de 5% a 13,8% de proje\u00e7\u00e3o de crescimento no ano e avalia os fatores econ\u00f4micos que podem&#8230;<\/p>\n","protected":false},"author":47,"featured_media":85127,"comment_status":"closed","ping_status":"open","sticky":false,"template":"","format":"standard","meta":{"footnotes":""},"categories":[2017],"tags":[],"ppma_author":[13248],"class_list":["post-85126","post","type-post","status-publish","format-standard","has-post-thumbnail","category-informacoes"],"yoast_head":"<!-- This site is optimized with the Yoast SEO plugin v27.2 - https:\/\/yoast.com\/product\/yoast-seo-wordpress\/ -->\n<title>Viagens corporativas crescem no Brasil, mas cen\u00e1rio econ\u00f4mico pode limitar avan\u00e7o em 2026 - Economia S\/A<\/title>\n<meta name=\"robots\" content=\"index, follow, max-snippet:-1, max-image-preview:large, max-video-preview:-1\" \/>\n<link rel=\"canonical\" href=\"https:\/\/economiasa.com.br\/blog\/viagens-corporativas-crescem-no-brasil-mas-cenario-economico-pode-limitar-avanco-em-2026\/\" \/>\n<meta property=\"og:locale\" content=\"pt_BR\" \/>\n<meta property=\"og:type\" content=\"article\" \/>\n<meta property=\"og:title\" content=\"Viagens corporativas crescem no Brasil, mas cen\u00e1rio econ\u00f4mico pode limitar avan\u00e7o em 2026 - Economia S\/A\" \/>\n<meta property=\"og:description\" content=\"ALAGEV analisa estimativas que v\u00e3o de 5% a 13,8% de proje\u00e7\u00e3o de crescimento no ano e avalia os fatores econ\u00f4micos que podem...\" \/>\n<meta property=\"og:url\" content=\"https:\/\/economiasa.com.br\/blog\/viagens-corporativas-crescem-no-brasil-mas-cenario-economico-pode-limitar-avanco-em-2026\/\" \/>\n<meta property=\"og:site_name\" content=\"Economia S\/A\" \/>\n<meta property=\"article:published_time\" content=\"2026-09-04T13:51:07+00:00\" \/>\n<meta property=\"og:image\" content=\"https:\/\/economiasa.com.br\/blog\/wp-content\/uploads\/2026\/09\/f520bfcb-cb59-4902-bcaa-b38d3b99e126.jpg\" \/>\n\t<meta property=\"og:image:width\" content=\"1536\" \/>\n\t<meta property=\"og:image:height\" content=\"1024\" \/>\n\t<meta property=\"og:image:type\" content=\"image\/jpeg\" \/>\n<meta name=\"author\" content=\"Reda\u00e7\u00e3o\" \/>\n<meta name=\"twitter:card\" content=\"summary_large_image\" \/>\n<meta name=\"twitter:label1\" content=\"Escrito por\" \/>\n\t<meta name=\"twitter:data1\" content=\"Reda\u00e7\u00e3o\" \/>\n\t<meta name=\"twitter:label2\" content=\"Est. tempo de leitura\" \/>\n\t<meta name=\"twitter:data2\" content=\"5 minutos\" \/>\n<script type=\"application\/ld+json\" class=\"yoast-schema-graph\">{\"@context\":\"https:\/\/schema.org\",\"@graph\":[{\"@type\":\"Article\",\"@id\":\"https:\/\/economiasa.com.br\/blog\/viagens-corporativas-crescem-no-brasil-mas-cenario-economico-pode-limitar-avanco-em-2026\/#article\",\"isPartOf\":{\"@id\":\"https:\/\/economiasa.com.br\/blog\/viagens-corporativas-crescem-no-brasil-mas-cenario-economico-pode-limitar-avanco-em-2026\/\"},\"author\":{\"name\":\"Reda\u00e7\u00e3o\",\"@id\":\"https:\/\/economiasa.com.br\/blog\/#\/schema\/person\/14b8ac2dc25bd63b52bc54e845fa3923\"},\"headline\":\"Viagens corporativas crescem no Brasil, mas cen\u00e1rio econ\u00f4mico pode limitar avan\u00e7o em 2026\",\"datePublished\":\"2026-09-04T13:51:07+00:00\",\"mainEntityOfPage\":{\"@id\":\"https:\/\/economiasa.com.br\/blog\/viagens-corporativas-crescem-no-brasil-mas-cenario-economico-pode-limitar-avanco-em-2026\/\"},\"wordCount\":772,\"image\":{\"@id\":\"https:\/\/economiasa.com.br\/blog\/viagens-corporativas-crescem-no-brasil-mas-cenario-economico-pode-limitar-avanco-em-2026\/#primaryimage\"},\"thumbnailUrl\":\"https:\/\/economiasa.com.br\/blog\/wp-content\/uploads\/2026\/09\/f520bfcb-cb59-4902-bcaa-b38d3b99e126.jpg\",\"articleSection\":[\"Informa\u00e7\u00f5es\"],\"inLanguage\":\"pt-BR\"},{\"@type\":\"WebPage\",\"@id\":\"https:\/\/economiasa.com.br\/blog\/viagens-corporativas-crescem-no-brasil-mas-cenario-economico-pode-limitar-avanco-em-2026\/\",\"url\":\"https:\/\/economiasa.com.br\/blog\/viagens-corporativas-crescem-no-brasil-mas-cenario-economico-pode-limitar-avanco-em-2026\/\",\"name\":\"Viagens corporativas crescem no Brasil, mas cen\u00e1rio econ\u00f4mico pode limitar avan\u00e7o em 2026 - Economia S\/A\",\"isPartOf\":{\"@id\":\"https:\/\/economiasa.com.br\/blog\/#website\"},\"primaryImageOfPage\":{\"@id\":\"https:\/\/economiasa.com.br\/blog\/viagens-corporativas-crescem-no-brasil-mas-cenario-economico-pode-limitar-avanco-em-2026\/#primaryimage\"},\"image\":{\"@id\":\"https:\/\/economiasa.com.br\/blog\/viagens-corporativas-crescem-no-brasil-mas-cenario-economico-pode-limitar-avanco-em-2026\/#primaryimage\"},\"thumbnailUrl\":\"https:\/\/economiasa.com.br\/blog\/wp-content\/uploads\/2026\/09\/f520bfcb-cb59-4902-bcaa-b38d3b99e126.jpg\",\"datePublished\":\"2026-09-04T13:51:07+00:00\",\"author\":{\"@id\":\"https:\/\/economiasa.com.br\/blog\/#\/schema\/person\/14b8ac2dc25bd63b52bc54e845fa3923\"},\"breadcrumb\":{\"@id\":\"https:\/\/economiasa.com.br\/blog\/viagens-corporativas-crescem-no-brasil-mas-cenario-economico-pode-limitar-avanco-em-2026\/#breadcrumb\"},\"inLanguage\":\"pt-BR\",\"potentialAction\":[{\"@type\":\"ReadAction\",\"target\":[\"https:\/\/economiasa.com.br\/blog\/viagens-corporativas-crescem-no-brasil-mas-cenario-economico-pode-limitar-avanco-em-2026\/\"]}]},{\"@type\":\"ImageObject\",\"inLanguage\":\"pt-BR\",\"@id\":\"https:\/\/economiasa.com.br\/blog\/viagens-corporativas-crescem-no-brasil-mas-cenario-economico-pode-limitar-avanco-em-2026\/#primaryimage\",\"url\":\"https:\/\/economiasa.com.br\/blog\/wp-content\/uploads\/2026\/09\/f520bfcb-cb59-4902-bcaa-b38d3b99e126.jpg\",\"contentUrl\":\"https:\/\/economiasa.com.br\/blog\/wp-content\/uploads\/2026\/09\/f520bfcb-cb59-4902-bcaa-b38d3b99e126.jpg\",\"width\":1536,\"height\":1024,\"caption\":\"Cr\u00e9ditos da foto: Divulga\u00e7\u00e3o\"},{\"@type\":\"BreadcrumbList\",\"@id\":\"https:\/\/economiasa.com.br\/blog\/viagens-corporativas-crescem-no-brasil-mas-cenario-economico-pode-limitar-avanco-em-2026\/#breadcrumb\",\"itemListElement\":[{\"@type\":\"ListItem\",\"position\":1,\"name\":\"In\u00edcio\",\"item\":\"https:\/\/economiasa.com.br\/blog\/\"},{\"@type\":\"ListItem\",\"position\":2,\"name\":\"Viagens corporativas crescem no Brasil, mas cen\u00e1rio econ\u00f4mico pode limitar avan\u00e7o em 2026\"}]},{\"@type\":\"WebSite\",\"@id\":\"https:\/\/economiasa.com.br\/blog\/#website\",\"url\":\"https:\/\/economiasa.com.br\/blog\/\",\"name\":\"Economia S\/A\",\"description\":\"Ler faz bem para os neg\u00f3cios\",\"potentialAction\":[{\"@type\":\"SearchAction\",\"target\":{\"@type\":\"EntryPoint\",\"urlTemplate\":\"https:\/\/economiasa.com.br\/blog\/?s={search_term_string}\"},\"query-input\":{\"@type\":\"PropertyValueSpecification\",\"valueRequired\":true,\"valueName\":\"search_term_string\"}}],\"inLanguage\":\"pt-BR\"},{\"@type\":\"Person\",\"@id\":\"https:\/\/economiasa.com.br\/blog\/#\/schema\/person\/14b8ac2dc25bd63b52bc54e845fa3923\",\"name\":\"Reda\u00e7\u00e3o\",\"image\":{\"@type\":\"ImageObject\",\"inLanguage\":\"pt-BR\",\"@id\":\"https:\/\/secure.gravatar.com\/avatar\/c8c795261f7f8547b22616a549577db9e450bd5622da3f6eb62b0e2c3e364c4e?s=96&d=mm&r=g0fb5212bc57e2287787936667fbbe0ff\",\"url\":\"https:\/\/secure.gravatar.com\/avatar\/c8c795261f7f8547b22616a549577db9e450bd5622da3f6eb62b0e2c3e364c4e?s=96&d=mm&r=g\",\"contentUrl\":\"https:\/\/secure.gravatar.com\/avatar\/c8c795261f7f8547b22616a549577db9e450bd5622da3f6eb62b0e2c3e364c4e?s=96&d=mm&r=g\",\"caption\":\"Reda\u00e7\u00e3o\"},\"sameAs\":[\"http:\/\/www.economiasa.com.br\"],\"url\":\"https:\/\/economiasa.com.br\/blog\/author\/redacao\/\"}]}<\/script>\n<!-- \/ Yoast SEO plugin. -->","yoast_head_json":{"title":"Viagens corporativas crescem no Brasil, mas cen\u00e1rio econ\u00f4mico pode limitar avan\u00e7o em 2026 - Economia S\/A","robots":{"index":"index","follow":"follow","max-snippet":"max-snippet:-1","max-image-preview":"max-image-preview:large","max-video-preview":"max-video-preview:-1"},"canonical":"https:\/\/economiasa.com.br\/blog\/viagens-corporativas-crescem-no-brasil-mas-cenario-economico-pode-limitar-avanco-em-2026\/","og_locale":"pt_BR","og_type":"article","og_title":"Viagens corporativas crescem no Brasil, mas cen\u00e1rio econ\u00f4mico pode limitar avan\u00e7o em 2026 - Economia S\/A","og_description":"ALAGEV analisa estimativas que v\u00e3o de 5% a 13,8% de proje\u00e7\u00e3o de crescimento no ano e avalia os fatores econ\u00f4micos que podem...","og_url":"https:\/\/economiasa.com.br\/blog\/viagens-corporativas-crescem-no-brasil-mas-cenario-economico-pode-limitar-avanco-em-2026\/","og_site_name":"Economia S\/A","article_published_time":"2026-09-04T13:51:07+00:00","og_image":[{"width":1536,"height":1024,"url":"https:\/\/economiasa.com.br\/blog\/wp-content\/uploads\/2026\/09\/f520bfcb-cb59-4902-bcaa-b38d3b99e126.jpg","type":"image\/jpeg"}],"author":"Reda\u00e7\u00e3o","twitter_card":"summary_large_image","twitter_misc":{"Escrito por":"Reda\u00e7\u00e3o","Est. tempo de leitura":"5 minutos"},"schema":{"@context":"https:\/\/schema.org","@graph":[{"@type":"Article","@id":"https:\/\/economiasa.com.br\/blog\/viagens-corporativas-crescem-no-brasil-mas-cenario-economico-pode-limitar-avanco-em-2026\/#article","isPartOf":{"@id":"https:\/\/economiasa.com.br\/blog\/viagens-corporativas-crescem-no-brasil-mas-cenario-economico-pode-limitar-avanco-em-2026\/"},"author":{"name":"Reda\u00e7\u00e3o","@id":"https:\/\/economiasa.com.br\/blog\/#\/schema\/person\/14b8ac2dc25bd63b52bc54e845fa3923"},"headline":"Viagens corporativas crescem no Brasil, mas cen\u00e1rio econ\u00f4mico pode limitar avan\u00e7o em 2026","datePublished":"2026-09-04T13:51:07+00:00","mainEntityOfPage":{"@id":"https:\/\/economiasa.com.br\/blog\/viagens-corporativas-crescem-no-brasil-mas-cenario-economico-pode-limitar-avanco-em-2026\/"},"wordCount":772,"image":{"@id":"https:\/\/economiasa.com.br\/blog\/viagens-corporativas-crescem-no-brasil-mas-cenario-economico-pode-limitar-avanco-em-2026\/#primaryimage"},"thumbnailUrl":"https:\/\/economiasa.com.br\/blog\/wp-content\/uploads\/2026\/09\/f520bfcb-cb59-4902-bcaa-b38d3b99e126.jpg","articleSection":["Informa\u00e7\u00f5es"],"inLanguage":"pt-BR"},{"@type":"WebPage","@id":"https:\/\/economiasa.com.br\/blog\/viagens-corporativas-crescem-no-brasil-mas-cenario-economico-pode-limitar-avanco-em-2026\/","url":"https:\/\/economiasa.com.br\/blog\/viagens-corporativas-crescem-no-brasil-mas-cenario-economico-pode-limitar-avanco-em-2026\/","name":"Viagens corporativas crescem no Brasil, mas cen\u00e1rio econ\u00f4mico pode limitar avan\u00e7o em 2026 - Economia S\/A","isPartOf":{"@id":"https:\/\/economiasa.com.br\/blog\/#website"},"primaryImageOfPage":{"@id":"https:\/\/economiasa.com.br\/blog\/viagens-corporativas-crescem-no-brasil-mas-cenario-economico-pode-limitar-avanco-em-2026\/#primaryimage"},"image":{"@id":"https:\/\/economiasa.com.br\/blog\/viagens-corporativas-crescem-no-brasil-mas-cenario-economico-pode-limitar-avanco-em-2026\/#primaryimage"},"thumbnailUrl":"https:\/\/economiasa.com.br\/blog\/wp-content\/uploads\/2026\/09\/f520bfcb-cb59-4902-bcaa-b38d3b99e126.jpg","datePublished":"2026-09-04T13:51:07+00:00","author":{"@id":"https:\/\/economiasa.com.br\/blog\/#\/schema\/person\/14b8ac2dc25bd63b52bc54e845fa3923"},"breadcrumb":{"@id":"https:\/\/economiasa.com.br\/blog\/viagens-corporativas-crescem-no-brasil-mas-cenario-economico-pode-limitar-avanco-em-2026\/#breadcrumb"},"inLanguage":"pt-BR","potentialAction":[{"@type":"ReadAction","target":["https:\/\/economiasa.com.br\/blog\/viagens-corporativas-crescem-no-brasil-mas-cenario-economico-pode-limitar-avanco-em-2026\/"]}]},{"@type":"ImageObject","inLanguage":"pt-BR","@id":"https:\/\/economiasa.com.br\/blog\/viagens-corporativas-crescem-no-brasil-mas-cenario-economico-pode-limitar-avanco-em-2026\/#primaryimage","url":"https:\/\/economiasa.com.br\/blog\/wp-content\/uploads\/2026\/09\/f520bfcb-cb59-4902-bcaa-b38d3b99e126.jpg","contentUrl":"https:\/\/economiasa.com.br\/blog\/wp-content\/uploads\/2026\/09\/f520bfcb-cb59-4902-bcaa-b38d3b99e126.jpg","width":1536,"height":1024,"caption":"Cr\u00e9ditos da foto: Divulga\u00e7\u00e3o"},{"@type":"BreadcrumbList","@id":"https:\/\/economiasa.com.br\/blog\/viagens-corporativas-crescem-no-brasil-mas-cenario-economico-pode-limitar-avanco-em-2026\/#breadcrumb","itemListElement":[{"@type":"ListItem","position":1,"name":"In\u00edcio","item":"https:\/\/economiasa.com.br\/blog\/"},{"@type":"ListItem","position":2,"name":"Viagens corporativas crescem no Brasil, mas cen\u00e1rio econ\u00f4mico pode limitar avan\u00e7o em 2026"}]},{"@type":"WebSite","@id":"https:\/\/economiasa.com.br\/blog\/#website","url":"https:\/\/economiasa.com.br\/blog\/","name":"Economia S\/A","description":"Ler faz bem para os neg\u00f3cios","potentialAction":[{"@type":"SearchAction","target":{"@type":"EntryPoint","urlTemplate":"https:\/\/economiasa.com.br\/blog\/?s={search_term_string}"},"query-input":{"@type":"PropertyValueSpecification","valueRequired":true,"valueName":"search_term_string"}}],"inLanguage":"pt-BR"},{"@type":"Person","@id":"https:\/\/economiasa.com.br\/blog\/#\/schema\/person\/14b8ac2dc25bd63b52bc54e845fa3923","name":"Reda\u00e7\u00e3o","image":{"@type":"ImageObject","inLanguage":"pt-BR","@id":"https:\/\/secure.gravatar.com\/avatar\/c8c795261f7f8547b22616a549577db9e450bd5622da3f6eb62b0e2c3e364c4e?s=96&d=mm&r=g0fb5212bc57e2287787936667fbbe0ff","url":"https:\/\/secure.gravatar.com\/avatar\/c8c795261f7f8547b22616a549577db9e450bd5622da3f6eb62b0e2c3e364c4e?s=96&d=mm&r=g","contentUrl":"https:\/\/secure.gravatar.com\/avatar\/c8c795261f7f8547b22616a549577db9e450bd5622da3f6eb62b0e2c3e364c4e?s=96&d=mm&r=g","caption":"Reda\u00e7\u00e3o"},"sameAs":["http:\/\/www.economiasa.com.br"],"url":"https:\/\/economiasa.com.br\/blog\/author\/redacao\/"}]}},"authors":[{"term_id":13248,"user_id":47,"is_guest":0,"slug":"redacao","display_name":"Reda\u00e7\u00e3o","avatar_url":"https:\/\/secure.gravatar.com\/avatar\/c8c795261f7f8547b22616a549577db9e450bd5622da3f6eb62b0e2c3e364c4e?s=96&d=mm&r=g","author_category":"","first_name":"Reda\u00e7\u00e3o","last_name":"","user_url":"http:\/\/www.economiasa.com.br","job_title":"","description":""}],"amp_enabled":true,"_links":{"self":[{"href":"https:\/\/economiasa.com.br\/blog\/wp-json\/wp\/v2\/posts\/85126","targetHints":{"allow":["GET"]}}],"collection":[{"href":"https:\/\/economiasa.com.br\/blog\/wp-json\/wp\/v2\/posts"}],"about":[{"href":"https:\/\/economiasa.com.br\/blog\/wp-json\/wp\/v2\/types\/post"}],"author":[{"embeddable":true,"href":"https:\/\/economiasa.com.br\/blog\/wp-json\/wp\/v2\/users\/47"}],"replies":[{"embeddable":true,"href":"https:\/\/economiasa.com.br\/blog\/wp-json\/wp\/v2\/comments?post=85126"}],"version-history":[{"count":0,"href":"https:\/\/economiasa.com.br\/blog\/wp-json\/wp\/v2\/posts\/85126\/revisions"}],"wp:featuredmedia":[{"embeddable":true,"href":"https:\/\/economiasa.com.br\/blog\/wp-json\/wp\/v2\/media\/85127"}],"wp:attachment":[{"href":"https:\/\/economiasa.com.br\/blog\/wp-json\/wp\/v2\/media?parent=85126"}],"wp:term":[{"taxonomy":"category","embeddable":true,"href":"https:\/\/economiasa.com.br\/blog\/wp-json\/wp\/v2\/categories?post=85126"},{"taxonomy":"post_tag","embeddable":true,"href":"https:\/\/economiasa.com.br\/blog\/wp-json\/wp\/v2\/tags?post=85126"},{"taxonomy":"author","embeddable":true,"href":"https:\/\/economiasa.com.br\/blog\/wp-json\/wp\/v2\/ppma_author?post=85126"}],"curies":[{"name":"wp","href":"https:\/\/api.w.org\/{rel}","templated":true}]}}