{"id":85128,"date":"2026-09-04T10:52:32","date_gmt":"2026-09-04T13:52:32","guid":{"rendered":"https:\/\/economiasa.com.br\/blog\/?p=85128"},"modified":"2026-09-04T10:52:33","modified_gmt":"2026-09-04T13:52:33","slug":"bankme-dobra-volume-operado-e-alcanca-r-2-bilhoes-em-operacoes-financeiras","status":"publish","type":"post","link":"https:\/\/economiasa.com.br\/blog\/bankme-dobra-volume-operado-e-alcanca-r-2-bilhoes-em-operacoes-financeiras\/","title":{"rendered":"Bankme dobra volume operado e alcan\u00e7a R$ 2 bilh\u00f5es em opera\u00e7\u00f5es financeiras"},"content":{"rendered":"\n<p class=\"wp-block-paragraph\"><em>Fintech paranaense amplia escala em solu\u00e7\u00f5es de cr\u00e9dito para empresas e mira novos ciclos de crescimento<\/em><\/p>\n\n\n\n<p class=\"wp-block-paragraph\">O cr\u00e9dito empresarial ganha novas rotas diante do cen\u00e1rio de juros elevados e da busca por maior efici\u00eancia financeira para as empresas. Um reflexo desse movimento \u00e9 o avan\u00e7o da Bankme, fintech paranaense que acaba de atingir R$ 2 bilh\u00f5es em volume operado, o dobro dos R$ 1 bilh\u00e3o registrados em 2025. O crescimento mostra a expans\u00e3o da demanda por estruturas financeiras alternativas \u00e0s oferecidas tradicionalmente pelos bancos, especialmente entre pequenas e m\u00e9dias empresas.<\/p>\n\n\n\n<p class=\"wp-block-paragraph\">A Bankme estrutura opera\u00e7\u00f5es para que empresas possam criar suas pr\u00f3prias solu\u00e7\u00f5es financeiras e oferecer cr\u00e9dito a clientes, fornecedores e parceiros. O modelo permite antecipar receb\u00edveis, financiar transa\u00e7\u00f5es dentro da pr\u00f3pria cadeia de clientes e fornecedores, e melhorar o fluxo de caixa, reduzindo a depend\u00eancia das linhas tradicionais dos bancos. Com a expans\u00e3o da opera\u00e7\u00e3o, a fintech j\u00e1 soma cerca de 200 solu\u00e7\u00f5es estruturadas em 22 estados brasileiros e atua em mais de 18 segmentos, com ind\u00fastria, distribui\u00e7\u00e3o e varejo entre os principais mercados atendidos.\u00a0<\/p>\n\n\n\n<p class=\"wp-block-paragraph\">\u201cO que estamos vendo \u00e9 uma mudan\u00e7a na rela\u00e7\u00e3o das empresas com o cr\u00e9dito. Elas n\u00e3o querem mais depender de uma \u00fanica fonte de capital e est\u00e3o buscando entender como podem estruturar o dinheiro e manter o spread financeiro dentro do pr\u00f3prio neg\u00f3cio. Quando uma empresa passa a ter uma estrutura financeira pr\u00f3pria, ela consegue transformar rela\u00e7\u00f5es comerciais que j\u00e1 existem em instrumentos de cr\u00e9dito e, muitas vezes, reduzir o custo financeiro e tribut\u00e1rio dessa opera\u00e7\u00e3o\u201d, afirma Andr\u00e9 Bravo, s\u00f3cio-fundador da Bankme.<\/p>\n\n\n\n<p class=\"wp-block-paragraph\">O movimento ocorre em um momento de maior seletividade no mercado de cr\u00e9dito. Para empresas menores, o custo de capital e as exig\u00eancias para acesso a recursos podem pesar diretamente sobre o caixa e limitar investimentos e expans\u00e3o. Nesse cen\u00e1rio, estruturas que conectam cr\u00e9dito, receb\u00edveis e rela\u00e7\u00f5es comerciais ganham espa\u00e7o como alternativa para financiar a opera\u00e7\u00e3o.<\/p>\n\n\n\n<p class=\"wp-block-paragraph\">O movimento ocorre em um cen\u00e1rio de cr\u00e9dito mais caro e escasso para as empresas. Dados do Banco Central mostram que a taxa m\u00e9dia do cr\u00e9dito livre para pessoas jur\u00eddicas chegou a 25% ao ano em dezembro de 2025, alta de 3,3 pontos percentuais em 12 meses, enquanto a inadimpl\u00eancia das empresas atingiu 2,5% da carteira no per\u00edodo. Para micro, pequenas e m\u00e9dias empresas, o pr\u00f3prio BC aponta condi\u00e7\u00f5es espec\u00edficas dos clientes, inadimpl\u00eancia e custo de funding entre os fatores que pressionam a oferta de cr\u00e9dito.<\/p>\n\n\n\n<p class=\"wp-block-paragraph\">\u201cQuando olhamos para os R$ 2 bilh\u00f5es, n\u00e3o estamos falando apenas de um aumento de volume. Estamos falando de mais empresas usando o cr\u00e9dito de forma diferente. Existe uma oportunidade enorme em transformar contas a receber, rela\u00e7\u00f5es com fornecedores e vendas a prazo em ferramentas financeiras mais eficientes\u201d, diz Bravo.<\/p>\n\n\n\n<p class=\"wp-block-paragraph\">A expectativa da Bankme \u00e9 manter o ritmo de expans\u00e3o nos pr\u00f3ximos anos, acompanhando o avan\u00e7o do modelo em que empresas passam a ter estruturas pr\u00f3prias para administrar e ofertar cr\u00e9dito dentro de suas rela\u00e7\u00f5es comerciais. A estimativa da techfin \u00e9 chegar na casa dos R$ 5 bilh\u00f5es de opera\u00e7\u00e3o at\u00e9 2028.\u00a0<\/p>\n\n\n\n<p class=\"wp-block-paragraph\">\u201cNosso pr\u00f3ximo desafio \u00e9 fazer essa l\u00f3gica chegar a cada vez mais empresas. O mercado ainda est\u00e1 no come\u00e7o dessa transforma\u00e7\u00e3o. \u00c0 medida que os empres\u00e1rios percebem que podem ter mais controle sobre o capital que circula no pr\u00f3prio ecossistema e ainda gerar otimiza\u00e7\u00e3o financeira e tribut\u00e1ria com essa solu\u00e7\u00e3o, a tend\u00eancia \u00e9 que essas estruturas deixem de ser uma alternativa e passem a fazer parte da estrat\u00e9gia financeira das empresas, uma vez que o spread financeiro j\u00e1 existe, por\u00e9m, hoje, \u00e9 capturado por terceiros, n\u00e3o pelo empreendedor\u201d, conclui.<\/p>\n","protected":false},"excerpt":{"rendered":"<p>Fintech paranaense amplia escala em solu\u00e7\u00f5es de cr\u00e9dito para empresas e mira novos ciclos de crescimento O cr\u00e9dito empresarial ganha novas rotas&#8230;<\/p>\n","protected":false},"author":47,"featured_media":85129,"comment_status":"closed","ping_status":"open","sticky":false,"template":"","format":"standard","meta":{"footnotes":""},"categories":[2160,101],"tags":[],"ppma_author":[13248],"class_list":["post-85128","post","type-post","status-publish","format-standard","has-post-thumbnail","category-financas","category-negocios"],"yoast_head":"<!-- This site is optimized with the Yoast SEO plugin v27.2 - https:\/\/yoast.com\/product\/yoast-seo-wordpress\/ -->\n<title>Bankme dobra volume operado e alcan\u00e7a R$ 2 bilh\u00f5es em opera\u00e7\u00f5es financeiras - Economia S\/A<\/title>\n<meta name=\"robots\" content=\"index, follow, max-snippet:-1, max-image-preview:large, max-video-preview:-1\" \/>\n<link rel=\"canonical\" href=\"https:\/\/economiasa.com.br\/blog\/bankme-dobra-volume-operado-e-alcanca-r-2-bilhoes-em-operacoes-financeiras\/\" \/>\n<meta property=\"og:locale\" content=\"pt_BR\" \/>\n<meta property=\"og:type\" content=\"article\" \/>\n<meta property=\"og:title\" content=\"Bankme dobra volume operado e alcan\u00e7a R$ 2 bilh\u00f5es em opera\u00e7\u00f5es financeiras - Economia S\/A\" \/>\n<meta property=\"og:description\" content=\"Fintech paranaense amplia escala em solu\u00e7\u00f5es de cr\u00e9dito para empresas e mira novos ciclos de crescimento O cr\u00e9dito empresarial ganha novas rotas...\" \/>\n<meta property=\"og:url\" content=\"https:\/\/economiasa.com.br\/blog\/bankme-dobra-volume-operado-e-alcanca-r-2-bilhoes-em-operacoes-financeiras\/\" \/>\n<meta property=\"og:site_name\" content=\"Economia S\/A\" \/>\n<meta property=\"article:published_time\" content=\"2026-09-04T13:52:32+00:00\" \/>\n<meta property=\"article:modified_time\" content=\"2026-09-04T13:52:33+00:00\" \/>\n<meta property=\"og:image\" content=\"https:\/\/economiasa.com.br\/blog\/wp-content\/uploads\/2026\/09\/andre-bankme.jpg\" \/>\n\t<meta property=\"og:image:width\" content=\"1537\" \/>\n\t<meta property=\"og:image:height\" content=\"1023\" \/>\n\t<meta property=\"og:image:type\" content=\"image\/jpeg\" \/>\n<meta name=\"author\" content=\"Reda\u00e7\u00e3o\" \/>\n<meta name=\"twitter:card\" content=\"summary_large_image\" \/>\n<meta name=\"twitter:label1\" content=\"Escrito por\" \/>\n\t<meta name=\"twitter:data1\" content=\"Reda\u00e7\u00e3o\" \/>\n\t<meta name=\"twitter:label2\" content=\"Est. tempo de leitura\" \/>\n\t<meta name=\"twitter:data2\" content=\"4 minutos\" \/>\n<script type=\"application\/ld+json\" class=\"yoast-schema-graph\">{\"@context\":\"https:\/\/schema.org\",\"@graph\":[{\"@type\":\"Article\",\"@id\":\"https:\/\/economiasa.com.br\/blog\/bankme-dobra-volume-operado-e-alcanca-r-2-bilhoes-em-operacoes-financeiras\/#article\",\"isPartOf\":{\"@id\":\"https:\/\/economiasa.com.br\/blog\/bankme-dobra-volume-operado-e-alcanca-r-2-bilhoes-em-operacoes-financeiras\/\"},\"author\":{\"name\":\"Reda\u00e7\u00e3o\",\"@id\":\"https:\/\/economiasa.com.br\/blog\/#\/schema\/person\/14b8ac2dc25bd63b52bc54e845fa3923\"},\"headline\":\"Bankme dobra volume operado e alcan\u00e7a R$ 2 bilh\u00f5es em opera\u00e7\u00f5es financeiras\",\"datePublished\":\"2026-09-04T13:52:32+00:00\",\"dateModified\":\"2026-09-04T13:52:33+00:00\",\"mainEntityOfPage\":{\"@id\":\"https:\/\/economiasa.com.br\/blog\/bankme-dobra-volume-operado-e-alcanca-r-2-bilhoes-em-operacoes-financeiras\/\"},\"wordCount\":667,\"image\":{\"@id\":\"https:\/\/economiasa.com.br\/blog\/bankme-dobra-volume-operado-e-alcanca-r-2-bilhoes-em-operacoes-financeiras\/#primaryimage\"},\"thumbnailUrl\":\"https:\/\/economiasa.com.br\/blog\/wp-content\/uploads\/2026\/09\/andre-bankme.jpg\",\"articleSection\":[\"Finan\u00e7as\",\"Neg\u00f3cios\"],\"inLanguage\":\"pt-BR\"},{\"@type\":\"WebPage\",\"@id\":\"https:\/\/economiasa.com.br\/blog\/bankme-dobra-volume-operado-e-alcanca-r-2-bilhoes-em-operacoes-financeiras\/\",\"url\":\"https:\/\/economiasa.com.br\/blog\/bankme-dobra-volume-operado-e-alcanca-r-2-bilhoes-em-operacoes-financeiras\/\",\"name\":\"Bankme dobra volume operado e alcan\u00e7a R$ 2 bilh\u00f5es em opera\u00e7\u00f5es financeiras - Economia S\/A\",\"isPartOf\":{\"@id\":\"https:\/\/economiasa.com.br\/blog\/#website\"},\"primaryImageOfPage\":{\"@id\":\"https:\/\/economiasa.com.br\/blog\/bankme-dobra-volume-operado-e-alcanca-r-2-bilhoes-em-operacoes-financeiras\/#primaryimage\"},\"image\":{\"@id\":\"https:\/\/economiasa.com.br\/blog\/bankme-dobra-volume-operado-e-alcanca-r-2-bilhoes-em-operacoes-financeiras\/#primaryimage\"},\"thumbnailUrl\":\"https:\/\/economiasa.com.br\/blog\/wp-content\/uploads\/2026\/09\/andre-bankme.jpg\",\"datePublished\":\"2026-09-04T13:52:32+00:00\",\"dateModified\":\"2026-09-04T13:52:33+00:00\",\"author\":{\"@id\":\"https:\/\/economiasa.com.br\/blog\/#\/schema\/person\/14b8ac2dc25bd63b52bc54e845fa3923\"},\"breadcrumb\":{\"@id\":\"https:\/\/economiasa.com.br\/blog\/bankme-dobra-volume-operado-e-alcanca-r-2-bilhoes-em-operacoes-financeiras\/#breadcrumb\"},\"inLanguage\":\"pt-BR\",\"potentialAction\":[{\"@type\":\"ReadAction\",\"target\":[\"https:\/\/economiasa.com.br\/blog\/bankme-dobra-volume-operado-e-alcanca-r-2-bilhoes-em-operacoes-financeiras\/\"]}]},{\"@type\":\"ImageObject\",\"inLanguage\":\"pt-BR\",\"@id\":\"https:\/\/economiasa.com.br\/blog\/bankme-dobra-volume-operado-e-alcanca-r-2-bilhoes-em-operacoes-financeiras\/#primaryimage\",\"url\":\"https:\/\/economiasa.com.br\/blog\/wp-content\/uploads\/2026\/09\/andre-bankme.jpg\",\"contentUrl\":\"https:\/\/economiasa.com.br\/blog\/wp-content\/uploads\/2026\/09\/andre-bankme.jpg\",\"width\":1537,\"height\":1023,\"caption\":\"Andr\u00e9 Bravo - Cr\u00e9ditos da foto: Divulga\u00e7\u00e3o\"},{\"@type\":\"BreadcrumbList\",\"@id\":\"https:\/\/economiasa.com.br\/blog\/bankme-dobra-volume-operado-e-alcanca-r-2-bilhoes-em-operacoes-financeiras\/#breadcrumb\",\"itemListElement\":[{\"@type\":\"ListItem\",\"position\":1,\"name\":\"In\u00edcio\",\"item\":\"https:\/\/economiasa.com.br\/blog\/\"},{\"@type\":\"ListItem\",\"position\":2,\"name\":\"Bankme dobra volume operado e alcan\u00e7a R$ 2 bilh\u00f5es em opera\u00e7\u00f5es financeiras\"}]},{\"@type\":\"WebSite\",\"@id\":\"https:\/\/economiasa.com.br\/blog\/#website\",\"url\":\"https:\/\/economiasa.com.br\/blog\/\",\"name\":\"Economia S\/A\",\"description\":\"Ler faz bem para os neg\u00f3cios\",\"potentialAction\":[{\"@type\":\"SearchAction\",\"target\":{\"@type\":\"EntryPoint\",\"urlTemplate\":\"https:\/\/economiasa.com.br\/blog\/?s={search_term_string}\"},\"query-input\":{\"@type\":\"PropertyValueSpecification\",\"valueRequired\":true,\"valueName\":\"search_term_string\"}}],\"inLanguage\":\"pt-BR\"},{\"@type\":\"Person\",\"@id\":\"https:\/\/economiasa.com.br\/blog\/#\/schema\/person\/14b8ac2dc25bd63b52bc54e845fa3923\",\"name\":\"Reda\u00e7\u00e3o\",\"image\":{\"@type\":\"ImageObject\",\"inLanguage\":\"pt-BR\",\"@id\":\"https:\/\/secure.gravatar.com\/avatar\/c8c795261f7f8547b22616a549577db9e450bd5622da3f6eb62b0e2c3e364c4e?s=96&d=mm&r=g0fb5212bc57e2287787936667fbbe0ff\",\"url\":\"https:\/\/secure.gravatar.com\/avatar\/c8c795261f7f8547b22616a549577db9e450bd5622da3f6eb62b0e2c3e364c4e?s=96&d=mm&r=g\",\"contentUrl\":\"https:\/\/secure.gravatar.com\/avatar\/c8c795261f7f8547b22616a549577db9e450bd5622da3f6eb62b0e2c3e364c4e?s=96&d=mm&r=g\",\"caption\":\"Reda\u00e7\u00e3o\"},\"sameAs\":[\"http:\/\/www.economiasa.com.br\"],\"url\":\"https:\/\/economiasa.com.br\/blog\/author\/redacao\/\"}]}<\/script>\n<!-- \/ Yoast SEO plugin. -->","yoast_head_json":{"title":"Bankme dobra volume operado e alcan\u00e7a R$ 2 bilh\u00f5es em opera\u00e7\u00f5es financeiras - Economia S\/A","robots":{"index":"index","follow":"follow","max-snippet":"max-snippet:-1","max-image-preview":"max-image-preview:large","max-video-preview":"max-video-preview:-1"},"canonical":"https:\/\/economiasa.com.br\/blog\/bankme-dobra-volume-operado-e-alcanca-r-2-bilhoes-em-operacoes-financeiras\/","og_locale":"pt_BR","og_type":"article","og_title":"Bankme dobra volume operado e alcan\u00e7a R$ 2 bilh\u00f5es em opera\u00e7\u00f5es financeiras - Economia S\/A","og_description":"Fintech paranaense amplia escala em solu\u00e7\u00f5es de cr\u00e9dito para empresas e mira novos ciclos de crescimento O cr\u00e9dito empresarial ganha novas rotas...","og_url":"https:\/\/economiasa.com.br\/blog\/bankme-dobra-volume-operado-e-alcanca-r-2-bilhoes-em-operacoes-financeiras\/","og_site_name":"Economia S\/A","article_published_time":"2026-09-04T13:52:32+00:00","article_modified_time":"2026-09-04T13:52:33+00:00","og_image":[{"width":1537,"height":1023,"url":"https:\/\/economiasa.com.br\/blog\/wp-content\/uploads\/2026\/09\/andre-bankme.jpg","type":"image\/jpeg"}],"author":"Reda\u00e7\u00e3o","twitter_card":"summary_large_image","twitter_misc":{"Escrito por":"Reda\u00e7\u00e3o","Est. tempo de leitura":"4 minutos"},"schema":{"@context":"https:\/\/schema.org","@graph":[{"@type":"Article","@id":"https:\/\/economiasa.com.br\/blog\/bankme-dobra-volume-operado-e-alcanca-r-2-bilhoes-em-operacoes-financeiras\/#article","isPartOf":{"@id":"https:\/\/economiasa.com.br\/blog\/bankme-dobra-volume-operado-e-alcanca-r-2-bilhoes-em-operacoes-financeiras\/"},"author":{"name":"Reda\u00e7\u00e3o","@id":"https:\/\/economiasa.com.br\/blog\/#\/schema\/person\/14b8ac2dc25bd63b52bc54e845fa3923"},"headline":"Bankme dobra volume operado e alcan\u00e7a R$ 2 bilh\u00f5es em opera\u00e7\u00f5es financeiras","datePublished":"2026-09-04T13:52:32+00:00","dateModified":"2026-09-04T13:52:33+00:00","mainEntityOfPage":{"@id":"https:\/\/economiasa.com.br\/blog\/bankme-dobra-volume-operado-e-alcanca-r-2-bilhoes-em-operacoes-financeiras\/"},"wordCount":667,"image":{"@id":"https:\/\/economiasa.com.br\/blog\/bankme-dobra-volume-operado-e-alcanca-r-2-bilhoes-em-operacoes-financeiras\/#primaryimage"},"thumbnailUrl":"https:\/\/economiasa.com.br\/blog\/wp-content\/uploads\/2026\/09\/andre-bankme.jpg","articleSection":["Finan\u00e7as","Neg\u00f3cios"],"inLanguage":"pt-BR"},{"@type":"WebPage","@id":"https:\/\/economiasa.com.br\/blog\/bankme-dobra-volume-operado-e-alcanca-r-2-bilhoes-em-operacoes-financeiras\/","url":"https:\/\/economiasa.com.br\/blog\/bankme-dobra-volume-operado-e-alcanca-r-2-bilhoes-em-operacoes-financeiras\/","name":"Bankme dobra volume operado e alcan\u00e7a R$ 2 bilh\u00f5es em opera\u00e7\u00f5es financeiras - Economia S\/A","isPartOf":{"@id":"https:\/\/economiasa.com.br\/blog\/#website"},"primaryImageOfPage":{"@id":"https:\/\/economiasa.com.br\/blog\/bankme-dobra-volume-operado-e-alcanca-r-2-bilhoes-em-operacoes-financeiras\/#primaryimage"},"image":{"@id":"https:\/\/economiasa.com.br\/blog\/bankme-dobra-volume-operado-e-alcanca-r-2-bilhoes-em-operacoes-financeiras\/#primaryimage"},"thumbnailUrl":"https:\/\/economiasa.com.br\/blog\/wp-content\/uploads\/2026\/09\/andre-bankme.jpg","datePublished":"2026-09-04T13:52:32+00:00","dateModified":"2026-09-04T13:52:33+00:00","author":{"@id":"https:\/\/economiasa.com.br\/blog\/#\/schema\/person\/14b8ac2dc25bd63b52bc54e845fa3923"},"breadcrumb":{"@id":"https:\/\/economiasa.com.br\/blog\/bankme-dobra-volume-operado-e-alcanca-r-2-bilhoes-em-operacoes-financeiras\/#breadcrumb"},"inLanguage":"pt-BR","potentialAction":[{"@type":"ReadAction","target":["https:\/\/economiasa.com.br\/blog\/bankme-dobra-volume-operado-e-alcanca-r-2-bilhoes-em-operacoes-financeiras\/"]}]},{"@type":"ImageObject","inLanguage":"pt-BR","@id":"https:\/\/economiasa.com.br\/blog\/bankme-dobra-volume-operado-e-alcanca-r-2-bilhoes-em-operacoes-financeiras\/#primaryimage","url":"https:\/\/economiasa.com.br\/blog\/wp-content\/uploads\/2026\/09\/andre-bankme.jpg","contentUrl":"https:\/\/economiasa.com.br\/blog\/wp-content\/uploads\/2026\/09\/andre-bankme.jpg","width":1537,"height":1023,"caption":"Andr\u00e9 Bravo - Cr\u00e9ditos da foto: Divulga\u00e7\u00e3o"},{"@type":"BreadcrumbList","@id":"https:\/\/economiasa.com.br\/blog\/bankme-dobra-volume-operado-e-alcanca-r-2-bilhoes-em-operacoes-financeiras\/#breadcrumb","itemListElement":[{"@type":"ListItem","position":1,"name":"In\u00edcio","item":"https:\/\/economiasa.com.br\/blog\/"},{"@type":"ListItem","position":2,"name":"Bankme dobra volume operado e alcan\u00e7a R$ 2 bilh\u00f5es em opera\u00e7\u00f5es financeiras"}]},{"@type":"WebSite","@id":"https:\/\/economiasa.com.br\/blog\/#website","url":"https:\/\/economiasa.com.br\/blog\/","name":"Economia S\/A","description":"Ler faz bem para os neg\u00f3cios","potentialAction":[{"@type":"SearchAction","target":{"@type":"EntryPoint","urlTemplate":"https:\/\/economiasa.com.br\/blog\/?s={search_term_string}"},"query-input":{"@type":"PropertyValueSpecification","valueRequired":true,"valueName":"search_term_string"}}],"inLanguage":"pt-BR"},{"@type":"Person","@id":"https:\/\/economiasa.com.br\/blog\/#\/schema\/person\/14b8ac2dc25bd63b52bc54e845fa3923","name":"Reda\u00e7\u00e3o","image":{"@type":"ImageObject","inLanguage":"pt-BR","@id":"https:\/\/secure.gravatar.com\/avatar\/c8c795261f7f8547b22616a549577db9e450bd5622da3f6eb62b0e2c3e364c4e?s=96&d=mm&r=g0fb5212bc57e2287787936667fbbe0ff","url":"https:\/\/secure.gravatar.com\/avatar\/c8c795261f7f8547b22616a549577db9e450bd5622da3f6eb62b0e2c3e364c4e?s=96&d=mm&r=g","contentUrl":"https:\/\/secure.gravatar.com\/avatar\/c8c795261f7f8547b22616a549577db9e450bd5622da3f6eb62b0e2c3e364c4e?s=96&d=mm&r=g","caption":"Reda\u00e7\u00e3o"},"sameAs":["http:\/\/www.economiasa.com.br"],"url":"https:\/\/economiasa.com.br\/blog\/author\/redacao\/"}]}},"authors":[{"term_id":13248,"user_id":47,"is_guest":0,"slug":"redacao","display_name":"Reda\u00e7\u00e3o","avatar_url":"https:\/\/secure.gravatar.com\/avatar\/c8c795261f7f8547b22616a549577db9e450bd5622da3f6eb62b0e2c3e364c4e?s=96&d=mm&r=g","author_category":"","first_name":"Reda\u00e7\u00e3o","last_name":"","user_url":"http:\/\/www.economiasa.com.br","job_title":"","description":""}],"amp_enabled":true,"_links":{"self":[{"href":"https:\/\/economiasa.com.br\/blog\/wp-json\/wp\/v2\/posts\/85128","targetHints":{"allow":["GET"]}}],"collection":[{"href":"https:\/\/economiasa.com.br\/blog\/wp-json\/wp\/v2\/posts"}],"about":[{"href":"https:\/\/economiasa.com.br\/blog\/wp-json\/wp\/v2\/types\/post"}],"author":[{"embeddable":true,"href":"https:\/\/economiasa.com.br\/blog\/wp-json\/wp\/v2\/users\/47"}],"replies":[{"embeddable":true,"href":"https:\/\/economiasa.com.br\/blog\/wp-json\/wp\/v2\/comments?post=85128"}],"version-history":[{"count":0,"href":"https:\/\/economiasa.com.br\/blog\/wp-json\/wp\/v2\/posts\/85128\/revisions"}],"wp:featuredmedia":[{"embeddable":true,"href":"https:\/\/economiasa.com.br\/blog\/wp-json\/wp\/v2\/media\/85129"}],"wp:attachment":[{"href":"https:\/\/economiasa.com.br\/blog\/wp-json\/wp\/v2\/media?parent=85128"}],"wp:term":[{"taxonomy":"category","embeddable":true,"href":"https:\/\/economiasa.com.br\/blog\/wp-json\/wp\/v2\/categories?post=85128"},{"taxonomy":"post_tag","embeddable":true,"href":"https:\/\/economiasa.com.br\/blog\/wp-json\/wp\/v2\/tags?post=85128"},{"taxonomy":"author","embeddable":true,"href":"https:\/\/economiasa.com.br\/blog\/wp-json\/wp\/v2\/ppma_author?post=85128"}],"curies":[{"name":"wp","href":"https:\/\/api.w.org\/{rel}","templated":true}]}}