{"id":85132,"date":"2026-09-04T10:55:24","date_gmt":"2026-09-04T13:55:24","guid":{"rendered":"https:\/\/economiasa.com.br\/blog\/?p=85132"},"modified":"2026-09-04T10:55:24","modified_gmt":"2026-09-04T13:55:24","slug":"green-card-muda-de-regra-em-18-de-setembro-eua-amplia-analise-financeira-de-imigrantes","status":"publish","type":"post","link":"https:\/\/economiasa.com.br\/blog\/green-card-muda-de-regra-em-18-de-setembro-eua-amplia-analise-financeira-de-imigrantes\/","title":{"rendered":"Green Card muda de regra\u00a0 em 18 de setembro:\u00a0 EUA amplia an\u00e1lise financeira de imigrantes"},"content":{"rendered":"\n<p class=\"wp-block-paragraph\"><em>Mudan\u00e7a amplia os crit\u00e9rios de avalia\u00e7\u00e3o sobre renda, patrim\u00f4nio e benef\u00edcios p\u00fablicos; Cerca de 588 mil solicitantes de ajuste de status por ano estejam sujeitos \u00e0 an\u00e1lise de \u201ccarga p\u00fablica<\/em><\/p>\n\n\n\n<p class=\"wp-block-paragraph\">Os Estados Unidos v\u00e3o ampliar, a partir de 18 de setembro de 2026, a an\u00e1lise sobre a situa\u00e7\u00e3o financeira de estrangeiros que buscam resid\u00eancia permanente no pa\u00eds. A nova regulamenta\u00e7\u00e3o do Departamento de Seguran\u00e7a Interna (DHS) revoga a regra adotada em 2022 para o chamado \u201cpublic<em>\u00a0charge\u201d<\/em>, ou \u201ccarga p\u00fablica\u201d, e aumenta a margem dos agentes migrat\u00f3rios para avaliar se um solicitante poder\u00e1 depender de determinados recursos governamentais.<\/p>\n\n\n\n<p class=\"wp-block-paragraph\">A mudan\u00e7a atinge principalmente estrangeiros submetidos \u00e0 an\u00e1lise de inadmissibilidade ao solicitar o Green Card, incluindo parte daqueles que apresentam o formul\u00e1rio I-485 para realizar o ajuste de status dentro dos Estados Unidos.<\/p>\n\n\n\n<p class=\"wp-block-paragraph\">Segundo estimativa apresentada pelo pr\u00f3prio DHS na regulamenta\u00e7\u00e3o publicada em julho, uma m\u00e9dia anual de 587.706 solicitantes esteve sujeita ao crit\u00e9rio de inadmissibilidade por carga p\u00fablica entre os anos fiscais de 2019 e 2024. O n\u00famero n\u00e3o representa pessoas que ter\u00e3o o Green Card negado, mas ajuda a dimensionar o universo de processos que pode passar por esse tipo de avalia\u00e7\u00e3o.<\/p>\n\n\n\n<p class=\"wp-block-paragraph\">Para\u00a0<a href=\"https:\/\/www.danieltoledo.com\/\" target=\"_blank\" rel=\"noreferrer noopener\">Daniel Toledo<\/a>, advogado especializado em Direito Internacional, fundador da\u00a0<a href=\"https:\/\/toledoeassociados.com.br\/\" target=\"_blank\" rel=\"noreferrer noopener\">Toledo e Advogados Associados<\/a>\u00a0e s\u00f3cio da LeeToledo PLLC, a principal mudan\u00e7a est\u00e1 no peso que a situa\u00e7\u00e3o econ\u00f4mica poder\u00e1 assumir durante o processo migrat\u00f3rio.<\/p>\n\n\n\n<p class=\"wp-block-paragraph\">\u201cN\u00e3o significa que uma pessoa ser\u00e1 automaticamente impedida de receber o Green Card porque utilizou determinado benef\u00edcio. O que muda \u00e9 que o agente passa a ter um campo mais amplo para avaliar a situa\u00e7\u00e3o econ\u00f4mica do solicitante, seu hist\u00f3rico e a capacidade real de autossufici\u00eancia. Para quem pretende buscar a resid\u00eancia permanente, o planejamento financeiro passa a exigir ainda mais aten\u00e7\u00e3o\u201d, afirma Toledo.<\/p>\n\n\n\n<p class=\"wp-block-paragraph\"><strong>Benef\u00edcios p\u00fablicos entram no radar<\/strong><\/p>\n\n\n\n<p class=\"wp-block-paragraph\">A regulamenta\u00e7\u00e3o de 2022 delimitava de forma mais restrita quais benef\u00edcios poderiam ser considerados na an\u00e1lise de carga p\u00fablica. Com a mudan\u00e7a, os agentes poder\u00e3o avaliar, dentro do conjunto das circunst\u00e2ncias de cada caso, benef\u00edcios p\u00fablicos condicionados \u00e0 renda, inclusive programas anteriormente exclu\u00eddos dessa an\u00e1lise.<\/p>\n\n\n\n<p class=\"wp-block-paragraph\">Entre eles est\u00e3o modalidades do Medicaid e o SNAP, programa de assist\u00eancia alimentar conhecido como\u00a0<em>food stamps<\/em>.<\/p>\n\n\n\n<p class=\"wp-block-paragraph\">Isso n\u00e3o significa, por\u00e9m, que a utiliza\u00e7\u00e3o de qualquer servi\u00e7o p\u00fablico leve automaticamente \u00e0 negativa de um Green Card. O recebimento de um benef\u00edcio ser\u00e1 apenas um dos fatores considerados. Idade, sa\u00fade, composi\u00e7\u00e3o familiar, patrim\u00f4nio, recursos financeiros, educa\u00e7\u00e3o e qualifica\u00e7\u00f5es profissionais tamb\u00e9m fazem parte da avalia\u00e7\u00e3o.<\/p>\n\n\n\n<p class=\"wp-block-paragraph\">A regra ainda estabelece uma importante divis\u00e3o temporal. Benef\u00edcios que estavam fora da an\u00e1lise sob a regulamenta\u00e7\u00e3o de 2022 poder\u00e3o ser considerados sob os novos crit\u00e9rios quando solicitados, aprovados ou recebidos a partir de 18 de setembro de 2026.<\/p>\n\n\n\n<p class=\"wp-block-paragraph\">\u201c\u00c9 justamente por isso que quem j\u00e1 est\u00e1 nos Estados Unidos e pretende pedir resid\u00eancia permanente precisa revisar sua situa\u00e7\u00e3o antes de tomar decis\u00f5es financeiras ou solicitar determinados benef\u00edcios. N\u00e3o \u00e9 uma quest\u00e3o de criar p\u00e2nico, mas de entender que as regras de an\u00e1lise est\u00e3o mudando\u201d, diz Toledo.<\/p>\n\n\n\n<p class=\"wp-block-paragraph\"><strong>Renda e patrim\u00f4nio ganham import\u00e2ncia<\/strong><\/p>\n\n\n\n<p class=\"wp-block-paragraph\">A mudan\u00e7a tamb\u00e9m chama aten\u00e7\u00e3o para os processos em que existe um patrocinador financeiro, como ocorre em determinadas categorias de imigra\u00e7\u00e3o familiar.<\/p>\n\n\n\n<p class=\"wp-block-paragraph\">A apresenta\u00e7\u00e3o do formul\u00e1rio I-864, o\u00a0<em>Affidavit of Support<\/em>, continua sendo exigida nos casos previstos em lei, mas a exist\u00eancia de um patrocinador que cumpra os requisitos m\u00ednimos n\u00e3o significa aprova\u00e7\u00e3o autom\u00e1tica do Green Card.<\/p>\n\n\n\n<p class=\"wp-block-paragraph\">\u201cO patrocinador continua sendo importante, mas o candidato precisa entender que o processo pode olhar para um cen\u00e1rio mais amplo. Renda, patrim\u00f4nio, emprego, tamanho da fam\u00edlia, perspectivas profissionais e capacidade de manuten\u00e7\u00e3o nos Estados Unidos podem fazer parte dessa avalia\u00e7\u00e3o\u201d, explica Toledo.<\/p>\n\n\n\n<p class=\"wp-block-paragraph\">O DHS tamb\u00e9m prev\u00ea mudan\u00e7as na coleta de informa\u00e7\u00f5es relacionadas \u00e0 situa\u00e7\u00e3o econ\u00f4mica dos candidatos, aumentando a import\u00e2ncia de documentos capazes de demonstrar renda, patrim\u00f4nio e condi\u00e7\u00f5es de sustento durante o processo.<\/p>\n\n\n\n<p class=\"wp-block-paragraph\"><strong>Quem j\u00e1 tem Green Card ser\u00e1 afetado?<\/strong><\/p>\n\n\n\n<p class=\"wp-block-paragraph\">Para quem j\u00e1 possui resid\u00eancia permanente, a mudan\u00e7a n\u00e3o significa perda autom\u00e1tica do Green Card nem cria uma revis\u00e3o generalizada dos documentos j\u00e1 concedidos.<\/p>\n\n\n\n<p class=\"wp-block-paragraph\">A nova regulamenta\u00e7\u00e3o est\u00e1 direcionada principalmente \u00e0 an\u00e1lise de admissibilidade e aos estrangeiros que buscam obter resid\u00eancia permanente. A simples renova\u00e7\u00e3o do cart\u00e3o de residente permanente ou um processo de naturaliza\u00e7\u00e3o n\u00e3o passa automaticamente a ser uma nova avalia\u00e7\u00e3o de carga p\u00fablica.<\/p>\n\n\n\n<p class=\"wp-block-paragraph\">Tamb\u00e9m \u00e9 importante diferenciar o ajuste de status para Green Card de uma mudan\u00e7a entre categorias tempor\u00e1rias. Uma solicita\u00e7\u00e3o para mudar de turista para estudante, por exemplo, n\u00e3o se transforma automaticamente em um processo sujeito \u00e0 nova regra de carga p\u00fablica.<\/p>\n\n\n\n<p class=\"wp-block-paragraph\">\u201cN\u00e3o d\u00e1 para colocar todos os imigrantes na mesma situa\u00e7\u00e3o. Quem j\u00e1 tem Green Card, quem est\u00e1 buscando resid\u00eancia permanente e quem possui apenas um visto tempor\u00e1rio enfrenta regras diferentes. O primeiro passo \u00e9 identificar exatamente qual \u00e9 o status migrat\u00f3rio da pessoa\u201d, afirma Toledo.<\/p>\n\n\n\n<p class=\"wp-block-paragraph\"><strong>Mudan\u00e7a ocorre em cen\u00e1rio de maior rigor migrat\u00f3rio<\/strong><\/p>\n\n\n\n<p class=\"wp-block-paragraph\">A altera\u00e7\u00e3o faz parte de um movimento mais amplo de refor\u00e7o da fiscaliza\u00e7\u00e3o migrat\u00f3ria nos Estados Unidos, mas n\u00e3o representa o fechamento das vias legais de imigra\u00e7\u00e3o.<\/p>\n\n\n\n<p class=\"wp-block-paragraph\">Os dados mais recentes do USCIS tamb\u00e9m mostram que o sistema continua processando pedidos de resid\u00eancia permanente. No ano fiscal de 2026, considerando informa\u00e7\u00f5es dispon\u00edveis at\u00e9 31 de maio, o tempo mediano de processamento de pedidos I-485 baseados em emprego estava em 5,7 meses; nos processos familiares, em 5,8 meses.<\/p>\n\n\n\n<p class=\"wp-block-paragraph\">Para Toledo, o cen\u00e1rio exige que o planejamento financeiro seja tratado com a mesma aten\u00e7\u00e3o dada \u00e0 escolha da categoria migrat\u00f3ria e \u00e0 documenta\u00e7\u00e3o apresentada.<\/p>\n\n\n\n<p class=\"wp-block-paragraph\">\u201cQuem pretende morar nos Estados Unidos precisa entender que capacidade financeira tamb\u00e9m faz parte da estrat\u00e9gia migrat\u00f3ria. N\u00e3o basta olhar apenas para curr\u00edculo, documentos ou categoria de visto. A pessoa precisa demonstrar que possui condi\u00e7\u00f5es reais de se manter e estruturar a vida no pa\u00eds\u201d, conclui.<\/p>\n","protected":false},"excerpt":{"rendered":"<p>Mudan\u00e7a amplia os crit\u00e9rios de avalia\u00e7\u00e3o sobre renda, patrim\u00f4nio e benef\u00edcios p\u00fablicos; Cerca de 588 mil solicitantes de ajuste de status por&#8230;<\/p>\n","protected":false},"author":47,"featured_media":78135,"comment_status":"closed","ping_status":"open","sticky":false,"template":"","format":"standard","meta":{"footnotes":""},"categories":[2160],"tags":[],"ppma_author":[13248],"class_list":["post-85132","post","type-post","status-publish","format-standard","has-post-thumbnail","category-financas"],"yoast_head":"<!-- This site is optimized with the Yoast SEO plugin v27.2 - https:\/\/yoast.com\/product\/yoast-seo-wordpress\/ -->\n<title>Green Card muda de regra\u00a0 em 18 de setembro:\u00a0 EUA amplia an\u00e1lise financeira de imigrantes - Economia S\/A<\/title>\n<meta name=\"robots\" content=\"index, follow, max-snippet:-1, max-image-preview:large, max-video-preview:-1\" \/>\n<link rel=\"canonical\" href=\"https:\/\/economiasa.com.br\/blog\/green-card-muda-de-regra-em-18-de-setembro-eua-amplia-analise-financeira-de-imigrantes\/\" \/>\n<meta property=\"og:locale\" content=\"pt_BR\" \/>\n<meta property=\"og:type\" content=\"article\" \/>\n<meta property=\"og:title\" content=\"Green Card muda de regra\u00a0 em 18 de setembro:\u00a0 EUA amplia an\u00e1lise financeira de imigrantes - Economia S\/A\" \/>\n<meta property=\"og:description\" content=\"Mudan\u00e7a amplia os crit\u00e9rios de avalia\u00e7\u00e3o sobre renda, patrim\u00f4nio e benef\u00edcios p\u00fablicos; Cerca de 588 mil solicitantes de ajuste de status por...\" \/>\n<meta property=\"og:url\" content=\"https:\/\/economiasa.com.br\/blog\/green-card-muda-de-regra-em-18-de-setembro-eua-amplia-analise-financeira-de-imigrantes\/\" \/>\n<meta property=\"og:site_name\" content=\"Economia S\/A\" \/>\n<meta property=\"article:published_time\" content=\"2026-09-04T13:55:24+00:00\" \/>\n<meta property=\"og:image\" content=\"https:\/\/economiasa.com.br\/blog\/wp-content\/uploads\/2026\/04\/DANIEL-12-2025-92.png\" \/>\n\t<meta property=\"og:image:width\" content=\"800\" \/>\n\t<meta property=\"og:image:height\" content=\"533\" \/>\n\t<meta property=\"og:image:type\" content=\"image\/png\" \/>\n<meta name=\"author\" content=\"Reda\u00e7\u00e3o\" \/>\n<meta name=\"twitter:card\" content=\"summary_large_image\" \/>\n<meta name=\"twitter:label1\" content=\"Escrito por\" \/>\n\t<meta name=\"twitter:data1\" content=\"Reda\u00e7\u00e3o\" \/>\n\t<meta name=\"twitter:label2\" content=\"Est. tempo de leitura\" \/>\n\t<meta name=\"twitter:data2\" content=\"6 minutos\" \/>\n<script type=\"application\/ld+json\" class=\"yoast-schema-graph\">{\"@context\":\"https:\/\/schema.org\",\"@graph\":[{\"@type\":\"Article\",\"@id\":\"https:\/\/economiasa.com.br\/blog\/green-card-muda-de-regra-em-18-de-setembro-eua-amplia-analise-financeira-de-imigrantes\/#article\",\"isPartOf\":{\"@id\":\"https:\/\/economiasa.com.br\/blog\/green-card-muda-de-regra-em-18-de-setembro-eua-amplia-analise-financeira-de-imigrantes\/\"},\"author\":{\"name\":\"Reda\u00e7\u00e3o\",\"@id\":\"https:\/\/economiasa.com.br\/blog\/#\/schema\/person\/14b8ac2dc25bd63b52bc54e845fa3923\"},\"headline\":\"Green Card muda de regra\u00a0 em 18 de setembro:\u00a0 EUA amplia an\u00e1lise financeira de imigrantes\",\"datePublished\":\"2026-09-04T13:55:24+00:00\",\"mainEntityOfPage\":{\"@id\":\"https:\/\/economiasa.com.br\/blog\/green-card-muda-de-regra-em-18-de-setembro-eua-amplia-analise-financeira-de-imigrantes\/\"},\"wordCount\":1093,\"image\":{\"@id\":\"https:\/\/economiasa.com.br\/blog\/green-card-muda-de-regra-em-18-de-setembro-eua-amplia-analise-financeira-de-imigrantes\/#primaryimage\"},\"thumbnailUrl\":\"https:\/\/economiasa.com.br\/blog\/wp-content\/uploads\/2026\/04\/DANIEL-12-2025-92.png\",\"articleSection\":[\"Finan\u00e7as\"],\"inLanguage\":\"pt-BR\"},{\"@type\":\"WebPage\",\"@id\":\"https:\/\/economiasa.com.br\/blog\/green-card-muda-de-regra-em-18-de-setembro-eua-amplia-analise-financeira-de-imigrantes\/\",\"url\":\"https:\/\/economiasa.com.br\/blog\/green-card-muda-de-regra-em-18-de-setembro-eua-amplia-analise-financeira-de-imigrantes\/\",\"name\":\"Green Card muda de regra\u00a0 em 18 de setembro:\u00a0 EUA amplia an\u00e1lise financeira de imigrantes - Economia S\/A\",\"isPartOf\":{\"@id\":\"https:\/\/economiasa.com.br\/blog\/#website\"},\"primaryImageOfPage\":{\"@id\":\"https:\/\/economiasa.com.br\/blog\/green-card-muda-de-regra-em-18-de-setembro-eua-amplia-analise-financeira-de-imigrantes\/#primaryimage\"},\"image\":{\"@id\":\"https:\/\/economiasa.com.br\/blog\/green-card-muda-de-regra-em-18-de-setembro-eua-amplia-analise-financeira-de-imigrantes\/#primaryimage\"},\"thumbnailUrl\":\"https:\/\/economiasa.com.br\/blog\/wp-content\/uploads\/2026\/04\/DANIEL-12-2025-92.png\",\"datePublished\":\"2026-09-04T13:55:24+00:00\",\"author\":{\"@id\":\"https:\/\/economiasa.com.br\/blog\/#\/schema\/person\/14b8ac2dc25bd63b52bc54e845fa3923\"},\"breadcrumb\":{\"@id\":\"https:\/\/economiasa.com.br\/blog\/green-card-muda-de-regra-em-18-de-setembro-eua-amplia-analise-financeira-de-imigrantes\/#breadcrumb\"},\"inLanguage\":\"pt-BR\",\"potentialAction\":[{\"@type\":\"ReadAction\",\"target\":[\"https:\/\/economiasa.com.br\/blog\/green-card-muda-de-regra-em-18-de-setembro-eua-amplia-analise-financeira-de-imigrantes\/\"]}]},{\"@type\":\"ImageObject\",\"inLanguage\":\"pt-BR\",\"@id\":\"https:\/\/economiasa.com.br\/blog\/green-card-muda-de-regra-em-18-de-setembro-eua-amplia-analise-financeira-de-imigrantes\/#primaryimage\",\"url\":\"https:\/\/economiasa.com.br\/blog\/wp-content\/uploads\/2026\/04\/DANIEL-12-2025-92.png\",\"contentUrl\":\"https:\/\/economiasa.com.br\/blog\/wp-content\/uploads\/2026\/04\/DANIEL-12-2025-92.png\",\"width\":800,\"height\":533,\"caption\":\"Daniel Toledo - Cr\u00e9ditos da foto: Divulga\u00e7\u00e3o\"},{\"@type\":\"BreadcrumbList\",\"@id\":\"https:\/\/economiasa.com.br\/blog\/green-card-muda-de-regra-em-18-de-setembro-eua-amplia-analise-financeira-de-imigrantes\/#breadcrumb\",\"itemListElement\":[{\"@type\":\"ListItem\",\"position\":1,\"name\":\"In\u00edcio\",\"item\":\"https:\/\/economiasa.com.br\/blog\/\"},{\"@type\":\"ListItem\",\"position\":2,\"name\":\"Green Card muda de regra\u00a0 em 18 de setembro:\u00a0 EUA amplia an\u00e1lise financeira de imigrantes\"}]},{\"@type\":\"WebSite\",\"@id\":\"https:\/\/economiasa.com.br\/blog\/#website\",\"url\":\"https:\/\/economiasa.com.br\/blog\/\",\"name\":\"Economia S\/A\",\"description\":\"Ler faz bem para os neg\u00f3cios\",\"potentialAction\":[{\"@type\":\"SearchAction\",\"target\":{\"@type\":\"EntryPoint\",\"urlTemplate\":\"https:\/\/economiasa.com.br\/blog\/?s={search_term_string}\"},\"query-input\":{\"@type\":\"PropertyValueSpecification\",\"valueRequired\":true,\"valueName\":\"search_term_string\"}}],\"inLanguage\":\"pt-BR\"},{\"@type\":\"Person\",\"@id\":\"https:\/\/economiasa.com.br\/blog\/#\/schema\/person\/14b8ac2dc25bd63b52bc54e845fa3923\",\"name\":\"Reda\u00e7\u00e3o\",\"image\":{\"@type\":\"ImageObject\",\"inLanguage\":\"pt-BR\",\"@id\":\"https:\/\/secure.gravatar.com\/avatar\/c8c795261f7f8547b22616a549577db9e450bd5622da3f6eb62b0e2c3e364c4e?s=96&d=mm&r=g0fb5212bc57e2287787936667fbbe0ff\",\"url\":\"https:\/\/secure.gravatar.com\/avatar\/c8c795261f7f8547b22616a549577db9e450bd5622da3f6eb62b0e2c3e364c4e?s=96&d=mm&r=g\",\"contentUrl\":\"https:\/\/secure.gravatar.com\/avatar\/c8c795261f7f8547b22616a549577db9e450bd5622da3f6eb62b0e2c3e364c4e?s=96&d=mm&r=g\",\"caption\":\"Reda\u00e7\u00e3o\"},\"sameAs\":[\"http:\/\/www.economiasa.com.br\"],\"url\":\"https:\/\/economiasa.com.br\/blog\/author\/redacao\/\"}]}<\/script>\n<!-- \/ Yoast SEO plugin. -->","yoast_head_json":{"title":"Green Card muda de regra\u00a0 em 18 de setembro:\u00a0 EUA amplia an\u00e1lise financeira de imigrantes - Economia S\/A","robots":{"index":"index","follow":"follow","max-snippet":"max-snippet:-1","max-image-preview":"max-image-preview:large","max-video-preview":"max-video-preview:-1"},"canonical":"https:\/\/economiasa.com.br\/blog\/green-card-muda-de-regra-em-18-de-setembro-eua-amplia-analise-financeira-de-imigrantes\/","og_locale":"pt_BR","og_type":"article","og_title":"Green Card muda de regra\u00a0 em 18 de setembro:\u00a0 EUA amplia an\u00e1lise financeira de imigrantes - Economia S\/A","og_description":"Mudan\u00e7a amplia os crit\u00e9rios de avalia\u00e7\u00e3o sobre renda, patrim\u00f4nio e benef\u00edcios p\u00fablicos; Cerca de 588 mil solicitantes de ajuste de status por...","og_url":"https:\/\/economiasa.com.br\/blog\/green-card-muda-de-regra-em-18-de-setembro-eua-amplia-analise-financeira-de-imigrantes\/","og_site_name":"Economia S\/A","article_published_time":"2026-09-04T13:55:24+00:00","og_image":[{"width":800,"height":533,"url":"https:\/\/economiasa.com.br\/blog\/wp-content\/uploads\/2026\/04\/DANIEL-12-2025-92.png","type":"image\/png"}],"author":"Reda\u00e7\u00e3o","twitter_card":"summary_large_image","twitter_misc":{"Escrito por":"Reda\u00e7\u00e3o","Est. tempo de leitura":"6 minutos"},"schema":{"@context":"https:\/\/schema.org","@graph":[{"@type":"Article","@id":"https:\/\/economiasa.com.br\/blog\/green-card-muda-de-regra-em-18-de-setembro-eua-amplia-analise-financeira-de-imigrantes\/#article","isPartOf":{"@id":"https:\/\/economiasa.com.br\/blog\/green-card-muda-de-regra-em-18-de-setembro-eua-amplia-analise-financeira-de-imigrantes\/"},"author":{"name":"Reda\u00e7\u00e3o","@id":"https:\/\/economiasa.com.br\/blog\/#\/schema\/person\/14b8ac2dc25bd63b52bc54e845fa3923"},"headline":"Green Card muda de regra\u00a0 em 18 de setembro:\u00a0 EUA amplia an\u00e1lise financeira de imigrantes","datePublished":"2026-09-04T13:55:24+00:00","mainEntityOfPage":{"@id":"https:\/\/economiasa.com.br\/blog\/green-card-muda-de-regra-em-18-de-setembro-eua-amplia-analise-financeira-de-imigrantes\/"},"wordCount":1093,"image":{"@id":"https:\/\/economiasa.com.br\/blog\/green-card-muda-de-regra-em-18-de-setembro-eua-amplia-analise-financeira-de-imigrantes\/#primaryimage"},"thumbnailUrl":"https:\/\/economiasa.com.br\/blog\/wp-content\/uploads\/2026\/04\/DANIEL-12-2025-92.png","articleSection":["Finan\u00e7as"],"inLanguage":"pt-BR"},{"@type":"WebPage","@id":"https:\/\/economiasa.com.br\/blog\/green-card-muda-de-regra-em-18-de-setembro-eua-amplia-analise-financeira-de-imigrantes\/","url":"https:\/\/economiasa.com.br\/blog\/green-card-muda-de-regra-em-18-de-setembro-eua-amplia-analise-financeira-de-imigrantes\/","name":"Green Card muda de regra\u00a0 em 18 de setembro:\u00a0 EUA amplia an\u00e1lise financeira de imigrantes - Economia S\/A","isPartOf":{"@id":"https:\/\/economiasa.com.br\/blog\/#website"},"primaryImageOfPage":{"@id":"https:\/\/economiasa.com.br\/blog\/green-card-muda-de-regra-em-18-de-setembro-eua-amplia-analise-financeira-de-imigrantes\/#primaryimage"},"image":{"@id":"https:\/\/economiasa.com.br\/blog\/green-card-muda-de-regra-em-18-de-setembro-eua-amplia-analise-financeira-de-imigrantes\/#primaryimage"},"thumbnailUrl":"https:\/\/economiasa.com.br\/blog\/wp-content\/uploads\/2026\/04\/DANIEL-12-2025-92.png","datePublished":"2026-09-04T13:55:24+00:00","author":{"@id":"https:\/\/economiasa.com.br\/blog\/#\/schema\/person\/14b8ac2dc25bd63b52bc54e845fa3923"},"breadcrumb":{"@id":"https:\/\/economiasa.com.br\/blog\/green-card-muda-de-regra-em-18-de-setembro-eua-amplia-analise-financeira-de-imigrantes\/#breadcrumb"},"inLanguage":"pt-BR","potentialAction":[{"@type":"ReadAction","target":["https:\/\/economiasa.com.br\/blog\/green-card-muda-de-regra-em-18-de-setembro-eua-amplia-analise-financeira-de-imigrantes\/"]}]},{"@type":"ImageObject","inLanguage":"pt-BR","@id":"https:\/\/economiasa.com.br\/blog\/green-card-muda-de-regra-em-18-de-setembro-eua-amplia-analise-financeira-de-imigrantes\/#primaryimage","url":"https:\/\/economiasa.com.br\/blog\/wp-content\/uploads\/2026\/04\/DANIEL-12-2025-92.png","contentUrl":"https:\/\/economiasa.com.br\/blog\/wp-content\/uploads\/2026\/04\/DANIEL-12-2025-92.png","width":800,"height":533,"caption":"Daniel Toledo - Cr\u00e9ditos da foto: Divulga\u00e7\u00e3o"},{"@type":"BreadcrumbList","@id":"https:\/\/economiasa.com.br\/blog\/green-card-muda-de-regra-em-18-de-setembro-eua-amplia-analise-financeira-de-imigrantes\/#breadcrumb","itemListElement":[{"@type":"ListItem","position":1,"name":"In\u00edcio","item":"https:\/\/economiasa.com.br\/blog\/"},{"@type":"ListItem","position":2,"name":"Green Card muda de regra\u00a0 em 18 de setembro:\u00a0 EUA amplia an\u00e1lise financeira de imigrantes"}]},{"@type":"WebSite","@id":"https:\/\/economiasa.com.br\/blog\/#website","url":"https:\/\/economiasa.com.br\/blog\/","name":"Economia S\/A","description":"Ler faz bem para os neg\u00f3cios","potentialAction":[{"@type":"SearchAction","target":{"@type":"EntryPoint","urlTemplate":"https:\/\/economiasa.com.br\/blog\/?s={search_term_string}"},"query-input":{"@type":"PropertyValueSpecification","valueRequired":true,"valueName":"search_term_string"}}],"inLanguage":"pt-BR"},{"@type":"Person","@id":"https:\/\/economiasa.com.br\/blog\/#\/schema\/person\/14b8ac2dc25bd63b52bc54e845fa3923","name":"Reda\u00e7\u00e3o","image":{"@type":"ImageObject","inLanguage":"pt-BR","@id":"https:\/\/secure.gravatar.com\/avatar\/c8c795261f7f8547b22616a549577db9e450bd5622da3f6eb62b0e2c3e364c4e?s=96&d=mm&r=g0fb5212bc57e2287787936667fbbe0ff","url":"https:\/\/secure.gravatar.com\/avatar\/c8c795261f7f8547b22616a549577db9e450bd5622da3f6eb62b0e2c3e364c4e?s=96&d=mm&r=g","contentUrl":"https:\/\/secure.gravatar.com\/avatar\/c8c795261f7f8547b22616a549577db9e450bd5622da3f6eb62b0e2c3e364c4e?s=96&d=mm&r=g","caption":"Reda\u00e7\u00e3o"},"sameAs":["http:\/\/www.economiasa.com.br"],"url":"https:\/\/economiasa.com.br\/blog\/author\/redacao\/"}]}},"authors":[{"term_id":13248,"user_id":47,"is_guest":0,"slug":"redacao","display_name":"Reda\u00e7\u00e3o","avatar_url":"https:\/\/secure.gravatar.com\/avatar\/c8c795261f7f8547b22616a549577db9e450bd5622da3f6eb62b0e2c3e364c4e?s=96&d=mm&r=g","author_category":"","first_name":"Reda\u00e7\u00e3o","last_name":"","user_url":"http:\/\/www.economiasa.com.br","job_title":"","description":""}],"amp_enabled":true,"_links":{"self":[{"href":"https:\/\/economiasa.com.br\/blog\/wp-json\/wp\/v2\/posts\/85132","targetHints":{"allow":["GET"]}}],"collection":[{"href":"https:\/\/economiasa.com.br\/blog\/wp-json\/wp\/v2\/posts"}],"about":[{"href":"https:\/\/economiasa.com.br\/blog\/wp-json\/wp\/v2\/types\/post"}],"author":[{"embeddable":true,"href":"https:\/\/economiasa.com.br\/blog\/wp-json\/wp\/v2\/users\/47"}],"replies":[{"embeddable":true,"href":"https:\/\/economiasa.com.br\/blog\/wp-json\/wp\/v2\/comments?post=85132"}],"version-history":[{"count":0,"href":"https:\/\/economiasa.com.br\/blog\/wp-json\/wp\/v2\/posts\/85132\/revisions"}],"wp:featuredmedia":[{"embeddable":true,"href":"https:\/\/economiasa.com.br\/blog\/wp-json\/wp\/v2\/media\/78135"}],"wp:attachment":[{"href":"https:\/\/economiasa.com.br\/blog\/wp-json\/wp\/v2\/media?parent=85132"}],"wp:term":[{"taxonomy":"category","embeddable":true,"href":"https:\/\/economiasa.com.br\/blog\/wp-json\/wp\/v2\/categories?post=85132"},{"taxonomy":"post_tag","embeddable":true,"href":"https:\/\/economiasa.com.br\/blog\/wp-json\/wp\/v2\/tags?post=85132"},{"taxonomy":"author","embeddable":true,"href":"https:\/\/economiasa.com.br\/blog\/wp-json\/wp\/v2\/ppma_author?post=85132"}],"curies":[{"name":"wp","href":"https:\/\/api.w.org\/{rel}","templated":true}]}}