{"id":85136,"date":"2026-09-04T11:02:45","date_gmt":"2026-09-04T14:02:45","guid":{"rendered":"https:\/\/economiasa.com.br\/blog\/?p=85136"},"modified":"2026-09-04T11:02:46","modified_gmt":"2026-09-04T14:02:46","slug":"dia-do-veterinario-acende-alerta-sobre-a-saude-mental","status":"publish","type":"post","link":"https:\/\/economiasa.com.br\/blog\/dia-do-veterinario-acende-alerta-sobre-a-saude-mental\/","title":{"rendered":"DIA DO VETERIN\u00c1RIO ACENDE ALERTA SOBRE A SA\u00daDE MENTAL"},"content":{"rendered":"\n<p class=\"wp-block-paragraph\">DESSES PROFISSIONAIS<\/p>\n\n\n\n<p class=\"wp-block-paragraph\"><em>Psic\u00f3loga alerta sobre os impactos emocionais de uma profiss\u00e3o que diariamente lida com sofrimento, perdas e decis\u00f5es dif\u00edceis<\/em><\/p>\n\n\n\n<p class=\"wp-block-paragraph\">No Dia do Veterin\u00e1rio, celebrado em 9 de setembro, \u00e9 comum destacar a dedica\u00e7\u00e3o de profissionais que cuidam da sa\u00fade e do bem-estar dos animais. Mas existe uma dimens\u00e3o dessa rotina que ainda recebe pouca aten\u00e7\u00e3o: o impacto emocional de quem est\u00e1 diariamente diante da doen\u00e7a, do sofrimento, da morte e tamb\u00e9m da dor dos respons\u00e1veis.<\/p>\n\n\n\n<p class=\"wp-block-paragraph\"><a><\/a>Um estudo publicado em 2025 na revista cient\u00edfica\u00a0<em>Veterinary Sciences<\/em>, da MDPI (Multidisciplinary Digital Publishing Institute) ajuda a dimensionar o problema. A pesquisa avaliou 1.992 veterin\u00e1rios brasileiros e identificou que 32,8% apresentaram n\u00edveis elevados de sofrimento psicol\u00f3gico, segundo a escala K6, instrumento utilizado para avaliar sintomas relacionados a ansiedade e depress\u00e3o. Entre os principais fatores associados ao sofrimento est\u00e3o a sobrecarga de trabalho, a insatisfa\u00e7\u00e3o com a carreira e o desequil\u00edbrio entre vida profissional e pessoal.<\/p>\n\n\n\n<p class=\"wp-block-paragraph\">Para\u00a0a psic\u00f3loga Juliana Sato, especializada em luto, v\u00ednculo humano-animal e em sa\u00fade mental no universo PetVet, esses dados precisam ser analisados tamb\u00e9m sob a perspectiva da natureza emocional do trabalho.\u00a0 \u201cO veterin\u00e1rio n\u00e3o lida apenas com protocolos, diagn\u00f3sticos e tratamentos: frequentemente precisa comunicar m\u00e1s not\u00edcias, acompanhar processos de adoecimento, participar de decis\u00f5es de fim de vida e, ao mesmo tempo, acolher respons\u00e1veis que est\u00e3o enfrentando a possibilidade ou a concretiza\u00e7\u00e3o de uma perda\u201d, relata.<\/p>\n\n\n\n<p class=\"wp-block-paragraph\">At\u00e9 porque numa mesma consulta, o veterin\u00e1rio pode precisar ocupar o lugar de autoridade t\u00e9cnica e, poucos minutos depois, assumir uma postura de acolhimento emocional. \u201cEssa altern\u00e2ncia constante exige muito do profissional e pode fazer com que ele deixe as pr\u00f3prias emo\u00e7\u00f5es em segundo plano\u201d, explica Juliana.<\/p>\n\n\n\n<p class=\"wp-block-paragraph\">O luto tamb\u00e9m faz parte dessa realidade. A perda de um paciente pode representar uma experi\u00eancia significativa para o profissional, especialmente quando houve v\u00ednculo constru\u00eddo ao longo de anos. H\u00e1 ainda outras perdas menos evidentes: casos que n\u00e3o evoluem como esperado, insucessos em tratamentos ou resgates, a sensa\u00e7\u00e3o de impot\u00eancia diante do sofrimento e at\u00e9 situa\u00e7\u00f5es vivenciadas pela equipe que nunca encontram espa\u00e7o para serem reconhecidas e elaboradas.<\/p>\n\n\n\n<p class=\"wp-block-paragraph\">\u201cLuto \u00e9 um processo natural diante da perda de um v\u00ednculo significativo e, no ambiente veterin\u00e1rio, ele pode aparecer de muitas maneiras. O problema \u00e9 que nem sempre existe tempo ou espa\u00e7o para que o profissional reconhe\u00e7a o que est\u00e1 sentindo antes de seguir para o pr\u00f3ximo atendimento\u201d, observa a psic\u00f3loga.<\/p>\n\n\n\n<p class=\"wp-block-paragraph\">A situa\u00e7\u00e3o ganha um significado especial em setembro, quando a discuss\u00e3o sobre preven\u00e7\u00e3o e preserva\u00e7\u00e3o \u00e0 vida ganha maior visibilidade. Para Juliana, falar sobre o bem-estar psicol\u00f3gico dos veterin\u00e1rios \u00e9 tamb\u00e9m uma forma de discutir a sustentabilidade da pr\u00f3pria profiss\u00e3o. A exposi\u00e7\u00e3o cont\u00ednua ao sofrimento, aliada \u00e0 necessidade de manter uma postura t\u00e9cnica e acolhedora, pode favorecer exaust\u00e3o emocional, redu\u00e7\u00e3o da empatia, irritabilidade e distanciamento afetivo.<\/p>\n\n\n\n<p class=\"wp-block-paragraph\">\u201cO cuidado com a sa\u00fade mental do veterin\u00e1rio n\u00e3o deve ser visto como algo separado da pr\u00e1tica profissional. Quando o profissional encontra recursos para reconhecer seus limites, elaborar as perdas e buscar apoio, ele tamb\u00e9m consegue oferecer um cuidado mais consistente ao respons\u00e1vel e ao animal\u201d, afirma Juliana.<\/p>\n","protected":false},"excerpt":{"rendered":"<p>DESSES PROFISSIONAIS Psic\u00f3loga alerta sobre os impactos emocionais de uma profiss\u00e3o que diariamente lida com sofrimento, perdas e decis\u00f5es dif\u00edceis No Dia&#8230;<\/p>\n","protected":false},"author":47,"featured_media":85137,"comment_status":"closed","ping_status":"open","sticky":false,"template":"","format":"standard","meta":{"footnotes":""},"categories":[3105],"tags":[],"ppma_author":[13248],"class_list":["post-85136","post","type-post","status-publish","format-standard","has-post-thumbnail","category-pets"],"yoast_head":"<!-- This site is optimized with the Yoast SEO plugin v27.2 - https:\/\/yoast.com\/product\/yoast-seo-wordpress\/ -->\n<title>DIA DO VETERIN\u00c1RIO ACENDE ALERTA SOBRE A SA\u00daDE MENTAL - Economia S\/A<\/title>\n<meta name=\"robots\" content=\"index, follow, max-snippet:-1, max-image-preview:large, max-video-preview:-1\" \/>\n<link rel=\"canonical\" href=\"https:\/\/economiasa.com.br\/blog\/dia-do-veterinario-acende-alerta-sobre-a-saude-mental\/\" \/>\n<meta property=\"og:locale\" content=\"pt_BR\" \/>\n<meta property=\"og:type\" content=\"article\" \/>\n<meta property=\"og:title\" content=\"DIA DO VETERIN\u00c1RIO ACENDE ALERTA SOBRE A SA\u00daDE MENTAL - Economia S\/A\" \/>\n<meta property=\"og:description\" content=\"DESSES PROFISSIONAIS Psic\u00f3loga alerta sobre os impactos emocionais de uma profiss\u00e3o que diariamente lida com sofrimento, perdas e decis\u00f5es dif\u00edceis No Dia...\" \/>\n<meta property=\"og:url\" content=\"https:\/\/economiasa.com.br\/blog\/dia-do-veterinario-acende-alerta-sobre-a-saude-mental\/\" \/>\n<meta property=\"og:site_name\" content=\"Economia S\/A\" \/>\n<meta property=\"article:published_time\" content=\"2026-09-04T14:02:45+00:00\" \/>\n<meta property=\"article:modified_time\" content=\"2026-09-04T14:02:46+00:00\" \/>\n<meta property=\"og:image\" content=\"https:\/\/economiasa.com.br\/blog\/wp-content\/uploads\/2026\/09\/Dia-do-Veterinario.jpeg\" \/>\n\t<meta property=\"og:image:width\" content=\"1206\" \/>\n\t<meta property=\"og:image:height\" content=\"801\" \/>\n\t<meta property=\"og:image:type\" content=\"image\/jpeg\" \/>\n<meta name=\"author\" content=\"Reda\u00e7\u00e3o\" \/>\n<meta name=\"twitter:card\" content=\"summary_large_image\" \/>\n<meta name=\"twitter:label1\" content=\"Escrito por\" \/>\n\t<meta name=\"twitter:data1\" content=\"Reda\u00e7\u00e3o\" \/>\n\t<meta name=\"twitter:label2\" content=\"Est. tempo de leitura\" \/>\n\t<meta name=\"twitter:data2\" content=\"4 minutos\" \/>\n<script type=\"application\/ld+json\" class=\"yoast-schema-graph\">{\"@context\":\"https:\/\/schema.org\",\"@graph\":[{\"@type\":\"Article\",\"@id\":\"https:\/\/economiasa.com.br\/blog\/dia-do-veterinario-acende-alerta-sobre-a-saude-mental\/#article\",\"isPartOf\":{\"@id\":\"https:\/\/economiasa.com.br\/blog\/dia-do-veterinario-acende-alerta-sobre-a-saude-mental\/\"},\"author\":{\"name\":\"Reda\u00e7\u00e3o\",\"@id\":\"https:\/\/economiasa.com.br\/blog\/#\/schema\/person\/14b8ac2dc25bd63b52bc54e845fa3923\"},\"headline\":\"DIA DO VETERIN\u00c1RIO ACENDE ALERTA SOBRE A SA\u00daDE MENTAL\",\"datePublished\":\"2026-09-04T14:02:45+00:00\",\"dateModified\":\"2026-09-04T14:02:46+00:00\",\"mainEntityOfPage\":{\"@id\":\"https:\/\/economiasa.com.br\/blog\/dia-do-veterinario-acende-alerta-sobre-a-saude-mental\/\"},\"wordCount\":584,\"image\":{\"@id\":\"https:\/\/economiasa.com.br\/blog\/dia-do-veterinario-acende-alerta-sobre-a-saude-mental\/#primaryimage\"},\"thumbnailUrl\":\"https:\/\/economiasa.com.br\/blog\/wp-content\/uploads\/2026\/09\/Dia-do-Veterinario.jpeg\",\"articleSection\":[\"Pets\"],\"inLanguage\":\"pt-BR\"},{\"@type\":\"WebPage\",\"@id\":\"https:\/\/economiasa.com.br\/blog\/dia-do-veterinario-acende-alerta-sobre-a-saude-mental\/\",\"url\":\"https:\/\/economiasa.com.br\/blog\/dia-do-veterinario-acende-alerta-sobre-a-saude-mental\/\",\"name\":\"DIA DO VETERIN\u00c1RIO ACENDE ALERTA SOBRE A SA\u00daDE MENTAL - Economia S\/A\",\"isPartOf\":{\"@id\":\"https:\/\/economiasa.com.br\/blog\/#website\"},\"primaryImageOfPage\":{\"@id\":\"https:\/\/economiasa.com.br\/blog\/dia-do-veterinario-acende-alerta-sobre-a-saude-mental\/#primaryimage\"},\"image\":{\"@id\":\"https:\/\/economiasa.com.br\/blog\/dia-do-veterinario-acende-alerta-sobre-a-saude-mental\/#primaryimage\"},\"thumbnailUrl\":\"https:\/\/economiasa.com.br\/blog\/wp-content\/uploads\/2026\/09\/Dia-do-Veterinario.jpeg\",\"datePublished\":\"2026-09-04T14:02:45+00:00\",\"dateModified\":\"2026-09-04T14:02:46+00:00\",\"author\":{\"@id\":\"https:\/\/economiasa.com.br\/blog\/#\/schema\/person\/14b8ac2dc25bd63b52bc54e845fa3923\"},\"breadcrumb\":{\"@id\":\"https:\/\/economiasa.com.br\/blog\/dia-do-veterinario-acende-alerta-sobre-a-saude-mental\/#breadcrumb\"},\"inLanguage\":\"pt-BR\",\"potentialAction\":[{\"@type\":\"ReadAction\",\"target\":[\"https:\/\/economiasa.com.br\/blog\/dia-do-veterinario-acende-alerta-sobre-a-saude-mental\/\"]}]},{\"@type\":\"ImageObject\",\"inLanguage\":\"pt-BR\",\"@id\":\"https:\/\/economiasa.com.br\/blog\/dia-do-veterinario-acende-alerta-sobre-a-saude-mental\/#primaryimage\",\"url\":\"https:\/\/economiasa.com.br\/blog\/wp-content\/uploads\/2026\/09\/Dia-do-Veterinario.jpeg\",\"contentUrl\":\"https:\/\/economiasa.com.br\/blog\/wp-content\/uploads\/2026\/09\/Dia-do-Veterinario.jpeg\",\"width\":1206,\"height\":801,\"caption\":\"Dia do Veterin\u00e1rio - Cr\u00e9ditos da foto: Divulga\u00e7\u00e3o\"},{\"@type\":\"BreadcrumbList\",\"@id\":\"https:\/\/economiasa.com.br\/blog\/dia-do-veterinario-acende-alerta-sobre-a-saude-mental\/#breadcrumb\",\"itemListElement\":[{\"@type\":\"ListItem\",\"position\":1,\"name\":\"In\u00edcio\",\"item\":\"https:\/\/economiasa.com.br\/blog\/\"},{\"@type\":\"ListItem\",\"position\":2,\"name\":\"DIA DO VETERIN\u00c1RIO ACENDE ALERTA SOBRE A SA\u00daDE MENTAL\"}]},{\"@type\":\"WebSite\",\"@id\":\"https:\/\/economiasa.com.br\/blog\/#website\",\"url\":\"https:\/\/economiasa.com.br\/blog\/\",\"name\":\"Economia S\/A\",\"description\":\"Ler faz bem para os neg\u00f3cios\",\"potentialAction\":[{\"@type\":\"SearchAction\",\"target\":{\"@type\":\"EntryPoint\",\"urlTemplate\":\"https:\/\/economiasa.com.br\/blog\/?s={search_term_string}\"},\"query-input\":{\"@type\":\"PropertyValueSpecification\",\"valueRequired\":true,\"valueName\":\"search_term_string\"}}],\"inLanguage\":\"pt-BR\"},{\"@type\":\"Person\",\"@id\":\"https:\/\/economiasa.com.br\/blog\/#\/schema\/person\/14b8ac2dc25bd63b52bc54e845fa3923\",\"name\":\"Reda\u00e7\u00e3o\",\"image\":{\"@type\":\"ImageObject\",\"inLanguage\":\"pt-BR\",\"@id\":\"https:\/\/secure.gravatar.com\/avatar\/c8c795261f7f8547b22616a549577db9e450bd5622da3f6eb62b0e2c3e364c4e?s=96&d=mm&r=g0fb5212bc57e2287787936667fbbe0ff\",\"url\":\"https:\/\/secure.gravatar.com\/avatar\/c8c795261f7f8547b22616a549577db9e450bd5622da3f6eb62b0e2c3e364c4e?s=96&d=mm&r=g\",\"contentUrl\":\"https:\/\/secure.gravatar.com\/avatar\/c8c795261f7f8547b22616a549577db9e450bd5622da3f6eb62b0e2c3e364c4e?s=96&d=mm&r=g\",\"caption\":\"Reda\u00e7\u00e3o\"},\"sameAs\":[\"http:\/\/www.economiasa.com.br\"],\"url\":\"https:\/\/economiasa.com.br\/blog\/author\/redacao\/\"}]}<\/script>\n<!-- \/ Yoast SEO plugin. -->","yoast_head_json":{"title":"DIA DO VETERIN\u00c1RIO ACENDE ALERTA SOBRE A SA\u00daDE MENTAL - Economia S\/A","robots":{"index":"index","follow":"follow","max-snippet":"max-snippet:-1","max-image-preview":"max-image-preview:large","max-video-preview":"max-video-preview:-1"},"canonical":"https:\/\/economiasa.com.br\/blog\/dia-do-veterinario-acende-alerta-sobre-a-saude-mental\/","og_locale":"pt_BR","og_type":"article","og_title":"DIA DO VETERIN\u00c1RIO ACENDE ALERTA SOBRE A SA\u00daDE MENTAL - Economia S\/A","og_description":"DESSES PROFISSIONAIS Psic\u00f3loga alerta sobre os impactos emocionais de uma profiss\u00e3o que diariamente lida com sofrimento, perdas e decis\u00f5es dif\u00edceis No Dia...","og_url":"https:\/\/economiasa.com.br\/blog\/dia-do-veterinario-acende-alerta-sobre-a-saude-mental\/","og_site_name":"Economia S\/A","article_published_time":"2026-09-04T14:02:45+00:00","article_modified_time":"2026-09-04T14:02:46+00:00","og_image":[{"width":1206,"height":801,"url":"https:\/\/economiasa.com.br\/blog\/wp-content\/uploads\/2026\/09\/Dia-do-Veterinario.jpeg","type":"image\/jpeg"}],"author":"Reda\u00e7\u00e3o","twitter_card":"summary_large_image","twitter_misc":{"Escrito por":"Reda\u00e7\u00e3o","Est. tempo de leitura":"4 minutos"},"schema":{"@context":"https:\/\/schema.org","@graph":[{"@type":"Article","@id":"https:\/\/economiasa.com.br\/blog\/dia-do-veterinario-acende-alerta-sobre-a-saude-mental\/#article","isPartOf":{"@id":"https:\/\/economiasa.com.br\/blog\/dia-do-veterinario-acende-alerta-sobre-a-saude-mental\/"},"author":{"name":"Reda\u00e7\u00e3o","@id":"https:\/\/economiasa.com.br\/blog\/#\/schema\/person\/14b8ac2dc25bd63b52bc54e845fa3923"},"headline":"DIA DO VETERIN\u00c1RIO ACENDE ALERTA SOBRE A SA\u00daDE MENTAL","datePublished":"2026-09-04T14:02:45+00:00","dateModified":"2026-09-04T14:02:46+00:00","mainEntityOfPage":{"@id":"https:\/\/economiasa.com.br\/blog\/dia-do-veterinario-acende-alerta-sobre-a-saude-mental\/"},"wordCount":584,"image":{"@id":"https:\/\/economiasa.com.br\/blog\/dia-do-veterinario-acende-alerta-sobre-a-saude-mental\/#primaryimage"},"thumbnailUrl":"https:\/\/economiasa.com.br\/blog\/wp-content\/uploads\/2026\/09\/Dia-do-Veterinario.jpeg","articleSection":["Pets"],"inLanguage":"pt-BR"},{"@type":"WebPage","@id":"https:\/\/economiasa.com.br\/blog\/dia-do-veterinario-acende-alerta-sobre-a-saude-mental\/","url":"https:\/\/economiasa.com.br\/blog\/dia-do-veterinario-acende-alerta-sobre-a-saude-mental\/","name":"DIA DO VETERIN\u00c1RIO ACENDE ALERTA SOBRE A SA\u00daDE MENTAL - Economia S\/A","isPartOf":{"@id":"https:\/\/economiasa.com.br\/blog\/#website"},"primaryImageOfPage":{"@id":"https:\/\/economiasa.com.br\/blog\/dia-do-veterinario-acende-alerta-sobre-a-saude-mental\/#primaryimage"},"image":{"@id":"https:\/\/economiasa.com.br\/blog\/dia-do-veterinario-acende-alerta-sobre-a-saude-mental\/#primaryimage"},"thumbnailUrl":"https:\/\/economiasa.com.br\/blog\/wp-content\/uploads\/2026\/09\/Dia-do-Veterinario.jpeg","datePublished":"2026-09-04T14:02:45+00:00","dateModified":"2026-09-04T14:02:46+00:00","author":{"@id":"https:\/\/economiasa.com.br\/blog\/#\/schema\/person\/14b8ac2dc25bd63b52bc54e845fa3923"},"breadcrumb":{"@id":"https:\/\/economiasa.com.br\/blog\/dia-do-veterinario-acende-alerta-sobre-a-saude-mental\/#breadcrumb"},"inLanguage":"pt-BR","potentialAction":[{"@type":"ReadAction","target":["https:\/\/economiasa.com.br\/blog\/dia-do-veterinario-acende-alerta-sobre-a-saude-mental\/"]}]},{"@type":"ImageObject","inLanguage":"pt-BR","@id":"https:\/\/economiasa.com.br\/blog\/dia-do-veterinario-acende-alerta-sobre-a-saude-mental\/#primaryimage","url":"https:\/\/economiasa.com.br\/blog\/wp-content\/uploads\/2026\/09\/Dia-do-Veterinario.jpeg","contentUrl":"https:\/\/economiasa.com.br\/blog\/wp-content\/uploads\/2026\/09\/Dia-do-Veterinario.jpeg","width":1206,"height":801,"caption":"Dia do Veterin\u00e1rio - Cr\u00e9ditos da foto: Divulga\u00e7\u00e3o"},{"@type":"BreadcrumbList","@id":"https:\/\/economiasa.com.br\/blog\/dia-do-veterinario-acende-alerta-sobre-a-saude-mental\/#breadcrumb","itemListElement":[{"@type":"ListItem","position":1,"name":"In\u00edcio","item":"https:\/\/economiasa.com.br\/blog\/"},{"@type":"ListItem","position":2,"name":"DIA DO VETERIN\u00c1RIO ACENDE ALERTA SOBRE A SA\u00daDE MENTAL"}]},{"@type":"WebSite","@id":"https:\/\/economiasa.com.br\/blog\/#website","url":"https:\/\/economiasa.com.br\/blog\/","name":"Economia S\/A","description":"Ler faz bem para os neg\u00f3cios","potentialAction":[{"@type":"SearchAction","target":{"@type":"EntryPoint","urlTemplate":"https:\/\/economiasa.com.br\/blog\/?s={search_term_string}"},"query-input":{"@type":"PropertyValueSpecification","valueRequired":true,"valueName":"search_term_string"}}],"inLanguage":"pt-BR"},{"@type":"Person","@id":"https:\/\/economiasa.com.br\/blog\/#\/schema\/person\/14b8ac2dc25bd63b52bc54e845fa3923","name":"Reda\u00e7\u00e3o","image":{"@type":"ImageObject","inLanguage":"pt-BR","@id":"https:\/\/secure.gravatar.com\/avatar\/c8c795261f7f8547b22616a549577db9e450bd5622da3f6eb62b0e2c3e364c4e?s=96&d=mm&r=g0fb5212bc57e2287787936667fbbe0ff","url":"https:\/\/secure.gravatar.com\/avatar\/c8c795261f7f8547b22616a549577db9e450bd5622da3f6eb62b0e2c3e364c4e?s=96&d=mm&r=g","contentUrl":"https:\/\/secure.gravatar.com\/avatar\/c8c795261f7f8547b22616a549577db9e450bd5622da3f6eb62b0e2c3e364c4e?s=96&d=mm&r=g","caption":"Reda\u00e7\u00e3o"},"sameAs":["http:\/\/www.economiasa.com.br"],"url":"https:\/\/economiasa.com.br\/blog\/author\/redacao\/"}]}},"authors":[{"term_id":13248,"user_id":47,"is_guest":0,"slug":"redacao","display_name":"Reda\u00e7\u00e3o","avatar_url":"https:\/\/secure.gravatar.com\/avatar\/c8c795261f7f8547b22616a549577db9e450bd5622da3f6eb62b0e2c3e364c4e?s=96&d=mm&r=g","author_category":"","first_name":"Reda\u00e7\u00e3o","last_name":"","user_url":"http:\/\/www.economiasa.com.br","job_title":"","description":""}],"amp_enabled":true,"_links":{"self":[{"href":"https:\/\/economiasa.com.br\/blog\/wp-json\/wp\/v2\/posts\/85136","targetHints":{"allow":["GET"]}}],"collection":[{"href":"https:\/\/economiasa.com.br\/blog\/wp-json\/wp\/v2\/posts"}],"about":[{"href":"https:\/\/economiasa.com.br\/blog\/wp-json\/wp\/v2\/types\/post"}],"author":[{"embeddable":true,"href":"https:\/\/economiasa.com.br\/blog\/wp-json\/wp\/v2\/users\/47"}],"replies":[{"embeddable":true,"href":"https:\/\/economiasa.com.br\/blog\/wp-json\/wp\/v2\/comments?post=85136"}],"version-history":[{"count":0,"href":"https:\/\/economiasa.com.br\/blog\/wp-json\/wp\/v2\/posts\/85136\/revisions"}],"wp:featuredmedia":[{"embeddable":true,"href":"https:\/\/economiasa.com.br\/blog\/wp-json\/wp\/v2\/media\/85137"}],"wp:attachment":[{"href":"https:\/\/economiasa.com.br\/blog\/wp-json\/wp\/v2\/media?parent=85136"}],"wp:term":[{"taxonomy":"category","embeddable":true,"href":"https:\/\/economiasa.com.br\/blog\/wp-json\/wp\/v2\/categories?post=85136"},{"taxonomy":"post_tag","embeddable":true,"href":"https:\/\/economiasa.com.br\/blog\/wp-json\/wp\/v2\/tags?post=85136"},{"taxonomy":"author","embeddable":true,"href":"https:\/\/economiasa.com.br\/blog\/wp-json\/wp\/v2\/ppma_author?post=85136"}],"curies":[{"name":"wp","href":"https:\/\/api.w.org\/{rel}","templated":true}]}}