{"id":85138,"date":"2026-09-04T13:12:07","date_gmt":"2026-09-04T16:12:07","guid":{"rendered":"https:\/\/economiasa.com.br\/blog\/?p=85138"},"modified":"2026-09-04T13:12:10","modified_gmt":"2026-09-04T16:12:10","slug":"saidas-fiscais-crescem-80-mas-regularizacao-ainda-e-desafio-para-brasileiros","status":"publish","type":"post","link":"https:\/\/economiasa.com.br\/blog\/saidas-fiscais-crescem-80-mas-regularizacao-ainda-e-desafio-para-brasileiros\/","title":{"rendered":"Sa\u00eddas fiscais crescem 80%, mas regulariza\u00e7\u00e3o ainda \u00e9 desafio para brasileiros"},"content":{"rendered":"\n<p class=\"wp-block-paragraph\">Declara\u00e7\u00f5es passaram de 25,6 mil para 46,1 mil em cinco anos; falta de planejamento pode manter contribuinte sujeito a obriga\u00e7\u00f5es no Brasil e elevar o risco de bitributa\u00e7\u00e3o<\/p>\n\n\n\n<p class=\"wp-block-paragraph\">O n\u00famero de brasileiros que formalizaram ou regularizaram a sa\u00edda fiscal do pa\u00eds cresceu quase 80% nos \u00faltimos cinco anos. Dados do Painel de Declara\u00e7\u00e3o de Sa\u00edda Definitiva da Receita Federal mostram que foram registradas 46.188 declara\u00e7\u00f5es at\u00e9 agosto de 2026, diante de 25.680 em 2021.<\/p>\n\n\n\n<p class=\"wp-block-paragraph\">O avan\u00e7o acompanha o crescimento da comunidade brasileira no exterior. A estimativa mais recente divulgada pelo Minist\u00e9rio das Rela\u00e7\u00f5es Exteriores aponta aproximadamente 4,9 milh\u00f5es de brasileiros vivendo em outros pa\u00edses em 2023, aumento de 8,8% em rela\u00e7\u00e3o ao ano anterior. Os Estados Unidos concentravam o maior contingente, com cerca de 1,8 milh\u00e3o de pessoas.<\/p>\n\n\n\n<p class=\"wp-block-paragraph\">Os n\u00fameros, no entanto, precisam ser interpretados com cautela. A pr\u00f3pria Receita Federal esclareceu que o crescimento das declara\u00e7\u00f5es n\u00e3o representa necessariamente pessoas que deixaram o Brasil no mesmo per\u00edodo. Parte do aumento pode ser explicada pela regulariza\u00e7\u00e3o tardia de contribuintes que j\u00e1 viviam no exterior.<\/p>\n\n\n\n<p class=\"wp-block-paragraph\">Ainda assim, o movimento chama a aten\u00e7\u00e3o para uma situa\u00e7\u00e3o comum: brasileiros que mudam de pa\u00eds, mas n\u00e3o organizam adequadamente sua resid\u00eancia fiscal. A mudan\u00e7a f\u00edsica, por si s\u00f3, n\u00e3o resolve todas as obriga\u00e7\u00f5es perante a Receita.<\/p>\n\n\n\n<p class=\"wp-block-paragraph\">\u201cO maior risco \u00e9 criar uma situa\u00e7\u00e3o em que a vida real da pessoa est\u00e1 em um pa\u00eds, mas a vida fiscal continua em outro\u201d, explica o advogado tributarista e CEO da Alldax, William Almeida.<\/p>\n\n\n\n<p class=\"wp-block-paragraph\">Enquanto \u00e9 considerado residente fiscal, o contribuinte pode estar sujeito, em regra, \u00e0 tributa\u00e7\u00e3o brasileira sobre rendimentos recebidos tanto no Brasil quanto no exterior. Quando passa efetivamente \u00e0 condi\u00e7\u00e3o de n\u00e3o residente, o pa\u00eds come\u00e7a a observar principalmente os rendimentos que continuam sendo produzidos em territ\u00f3rio brasileiro, aplicando as regras espec\u00edficas para essa condi\u00e7\u00e3o.<\/p>\n\n\n\n<p class=\"wp-block-paragraph\">A formaliza\u00e7\u00e3o, entretanto, deve corresponder \u00e0 realidade do contribuinte. Declarar a sa\u00edda apenas no papel, mantendo resid\u00eancia e rotina no Brasil com o objetivo de buscar uma tributa\u00e7\u00e3o menor, pode gerar questionamentos e um passivo tribut\u00e1rio.<\/p>\n\n\n\n<p class=\"wp-block-paragraph\">\u201cSa\u00edda definitiva n\u00e3o \u00e9 uma escolha de onde eu quero pagar menos imposto. Ela precisa refletir onde, de fato, est\u00e1 a minha resid\u00eancia fiscal\u201d, afirma William Almeida.<\/p>\n\n\n\n<p class=\"wp-block-paragraph\">RISCO DE TRIBUTA\u00c7\u00c3O EM DOIS PA\u00cdSES<\/p>\n\n\n\n<p class=\"wp-block-paragraph\">Outro problema pode surgir quando a pessoa j\u00e1 \u00e9 considerada residente fiscal no pa\u00eds de destino, mas continua mantendo obriga\u00e7\u00f5es de residente no Brasil. Dependendo do caso, rendimentos e movimenta\u00e7\u00f5es patrimoniais podem ser analisados pelas duas jurisdi\u00e7\u00f5es.<\/p>\n\n\n\n<p class=\"wp-block-paragraph\">\u201c\u00c9 justamente a\u00ed que aparece um dos maiores riscos: a bitributa\u00e7\u00e3o. A pessoa pode acabar sendo considerada residente ou tendo rendimentos tribut\u00e1veis nas duas jurisdi\u00e7\u00f5es e ter que discutir onde determinado rendimento deveria ser tributado, se existe acordo para evitar a dupla tributa\u00e7\u00e3o e se o imposto pago em um pa\u00eds pode ser compensado no outro\u201d, explica o advogado.<\/p>\n\n\n\n<p class=\"wp-block-paragraph\">A sa\u00edda definitiva tamb\u00e9m n\u00e3o significa o encerramento autom\u00e1tico de toda tributa\u00e7\u00e3o no Brasil. Im\u00f3veis, alugu\u00e9is, aplica\u00e7\u00f5es financeiras, participa\u00e7\u00f5es em empresas e outros rendimentos mantidos no pa\u00eds podem continuar sujeitos \u00e0 cobran\u00e7a de impostos, mas pelas regras aplic\u00e1veis aos n\u00e3o residentes.<\/p>\n\n\n\n<p class=\"wp-block-paragraph\">O tratamento varia conforme o tipo de ativo e o pa\u00eds escolhido como destino. At\u00e9 opera\u00e7\u00f5es futuras, como a venda de um im\u00f3vel no Brasil, podem receber um enquadramento tribut\u00e1rio diferente ap\u00f3s a mudan\u00e7a de resid\u00eancia fiscal.<\/p>\n\n\n\n<p class=\"wp-block-paragraph\">PLANEJAMENTO DEVE COME\u00c7AR ANTES DA MUDAN\u00c7A<\/p>\n\n\n\n<p class=\"wp-block-paragraph\">Para William Almeida, advogado tributarista e CEO da Alldax, a an\u00e1lise deve ser realizada antes de o contribuinte deixar o pa\u00eds. O primeiro passo \u00e9 identificar todo o patrim\u00f4nio e todas as fontes de renda que permanecer\u00e3o no Brasil, incluindo im\u00f3veis, alugu\u00e9is, contas banc\u00e1rias, investimentos e participa\u00e7\u00f5es societ\u00e1rias.<\/p>\n\n\n\n<p class=\"wp-block-paragraph\">Tamb\u00e9m \u00e9 necess\u00e1rio entender em que momento o pa\u00eds de destino passa a considerar a pessoa como residente fiscal, como ele tributa renda e patrim\u00f4nio e se existe algum acordo com o Brasil para evitar a dupla tributa\u00e7\u00e3o.<\/p>\n\n\n\n<p class=\"wp-block-paragraph\">\u201cEu sempre digo que a mudan\u00e7a da resid\u00eancia fiscal deve ser planejada antes da mudan\u00e7a f\u00edsica\u201d, destaca.<\/p>\n\n\n\n<p class=\"wp-block-paragraph\">Antes de sair, o contribuinte deve responder quatro perguntas: onde ser\u00e1 considerado residente fiscal; quais ativos permanecer\u00e3o no Brasil; como esses bens e rendimentos ser\u00e3o tributados depois da sa\u00edda; e como o pa\u00eds de destino tratar\u00e1 o mesmo patrim\u00f4nio e a mesma renda.<\/p>\n\n\n\n<p class=\"wp-block-paragraph\">\u201cQuando isso \u00e9 feito antes, voc\u00ea consegue planejar. Quando \u00e9 feito depois, normalmente voc\u00ea j\u00e1 est\u00e1 trabalhando para corrigir um problema que poderia ter sido evitado\u201d, conclui William Almeida.<\/p>\n\n\n\n<p class=\"wp-block-paragraph\">A Receita Federal orienta que quem deixa o Brasil em car\u00e1ter permanente fa\u00e7a primeiro a Comunica\u00e7\u00e3o de Sa\u00edda Definitiva e, posteriormente, entregue a Declara\u00e7\u00e3o de Sa\u00edda Definitiva do Pa\u00eds. Os procedimentos s\u00e3o distintos, e a comunica\u00e7\u00e3o inicial n\u00e3o substitui a declara\u00e7\u00e3o apresentada no prazo do Imposto de Renda.<\/p>\n\n\n\n<figure class=\"wp-block-image size-large\"><img loading=\"lazy\" decoding=\"async\" width=\"684\" height=\"1024\" src=\"https:\/\/economiasa.com.br\/blog\/wp-content\/uploads\/2026\/09\/WhatsApp-Image-2026-09-04-at-09.24.08-684x1024.jpeg\" alt=\"\" class=\"wp-image-85139\" srcset=\"https:\/\/economiasa.com.br\/blog\/wp-content\/uploads\/2026\/09\/WhatsApp-Image-2026-09-04-at-09.24.08-684x1024.jpeg 684w, https:\/\/economiasa.com.br\/blog\/wp-content\/uploads\/2026\/09\/WhatsApp-Image-2026-09-04-at-09.24.08-200x300.jpeg 200w, https:\/\/economiasa.com.br\/blog\/wp-content\/uploads\/2026\/09\/WhatsApp-Image-2026-09-04-at-09.24.08-768x1151.jpeg 768w, https:\/\/economiasa.com.br\/blog\/wp-content\/uploads\/2026\/09\/WhatsApp-Image-2026-09-04-at-09.24.08-1025x1536.jpeg 1025w, https:\/\/economiasa.com.br\/blog\/wp-content\/uploads\/2026\/09\/WhatsApp-Image-2026-09-04-at-09.24.08-360x539.jpeg 360w, https:\/\/economiasa.com.br\/blog\/wp-content\/uploads\/2026\/09\/WhatsApp-Image-2026-09-04-at-09.24.08.jpeg 1068w\" sizes=\"auto, (max-width: 684px) 100vw, 684px\" \/><\/figure>\n\n\n\n<p class=\"wp-block-paragraph\">William Almeida<\/p>\n","protected":false},"excerpt":{"rendered":"<p>Declara\u00e7\u00f5es passaram de 25,6 mil para 46,1 mil em cinco anos; falta de planejamento pode manter contribuinte sujeito a obriga\u00e7\u00f5es no Brasil&#8230;<\/p>\n","protected":false},"author":13,"featured_media":85140,"comment_status":"closed","ping_status":"open","sticky":false,"template":"","format":"standard","meta":{"footnotes":""},"categories":[1],"tags":[],"ppma_author":[13237],"class_list":["post-85138","post","type-post","status-publish","format-standard","has-post-thumbnail","category-viral"],"yoast_head":"<!-- This site is optimized with the Yoast SEO plugin v27.2 - https:\/\/yoast.com\/product\/yoast-seo-wordpress\/ -->\n<title>Sa\u00eddas fiscais crescem 80%, mas regulariza\u00e7\u00e3o ainda \u00e9 desafio para brasileiros - Economia S\/A<\/title>\n<meta name=\"robots\" content=\"index, follow, max-snippet:-1, max-image-preview:large, max-video-preview:-1\" \/>\n<link rel=\"canonical\" href=\"https:\/\/economiasa.com.br\/blog\/saidas-fiscais-crescem-80-mas-regularizacao-ainda-e-desafio-para-brasileiros\/\" \/>\n<meta property=\"og:locale\" content=\"pt_BR\" \/>\n<meta property=\"og:type\" content=\"article\" \/>\n<meta property=\"og:title\" content=\"Sa\u00eddas fiscais crescem 80%, mas regulariza\u00e7\u00e3o ainda \u00e9 desafio para brasileiros - Economia S\/A\" \/>\n<meta property=\"og:description\" content=\"Declara\u00e7\u00f5es passaram de 25,6 mil para 46,1 mil em cinco anos; falta de planejamento pode manter contribuinte sujeito a obriga\u00e7\u00f5es no Brasil...\" \/>\n<meta property=\"og:url\" content=\"https:\/\/economiasa.com.br\/blog\/saidas-fiscais-crescem-80-mas-regularizacao-ainda-e-desafio-para-brasileiros\/\" \/>\n<meta property=\"og:site_name\" content=\"Economia S\/A\" \/>\n<meta property=\"article:published_time\" content=\"2026-09-04T16:12:07+00:00\" \/>\n<meta property=\"article:modified_time\" content=\"2026-09-04T16:12:10+00:00\" \/>\n<meta property=\"og:image\" content=\"https:\/\/economiasa.com.br\/blog\/wp-content\/uploads\/2026\/09\/ChatGPT-Image-Sep-4-2026-12_11_30-PM-1024x683.png\" \/>\n\t<meta property=\"og:image:width\" content=\"1024\" \/>\n\t<meta property=\"og:image:height\" content=\"683\" \/>\n\t<meta property=\"og:image:type\" content=\"image\/png\" \/>\n<meta name=\"author\" content=\"Reda\u00e7\u00e3o\" \/>\n<meta name=\"twitter:card\" content=\"summary_large_image\" \/>\n<meta name=\"twitter:label1\" content=\"Escrito por\" \/>\n\t<meta name=\"twitter:data1\" content=\"Reda\u00e7\u00e3o\" \/>\n\t<meta name=\"twitter:label2\" content=\"Est. tempo de leitura\" \/>\n\t<meta name=\"twitter:data2\" content=\"5 minutos\" \/>\n<script type=\"application\/ld+json\" class=\"yoast-schema-graph\">{\"@context\":\"https:\/\/schema.org\",\"@graph\":[{\"@type\":\"Article\",\"@id\":\"https:\/\/economiasa.com.br\/blog\/saidas-fiscais-crescem-80-mas-regularizacao-ainda-e-desafio-para-brasileiros\/#article\",\"isPartOf\":{\"@id\":\"https:\/\/economiasa.com.br\/blog\/saidas-fiscais-crescem-80-mas-regularizacao-ainda-e-desafio-para-brasileiros\/\"},\"author\":{\"name\":\"Reda\u00e7\u00e3o\",\"@id\":\"https:\/\/economiasa.com.br\/blog\/#\/schema\/person\/57f2dfaf8250a36d041a4e4cf0498faf\"},\"headline\":\"Sa\u00eddas fiscais crescem 80%, mas regulariza\u00e7\u00e3o ainda \u00e9 desafio para brasileiros\",\"datePublished\":\"2026-09-04T16:12:07+00:00\",\"dateModified\":\"2026-09-04T16:12:10+00:00\",\"mainEntityOfPage\":{\"@id\":\"https:\/\/economiasa.com.br\/blog\/saidas-fiscais-crescem-80-mas-regularizacao-ainda-e-desafio-para-brasileiros\/\"},\"wordCount\":877,\"image\":{\"@id\":\"https:\/\/economiasa.com.br\/blog\/saidas-fiscais-crescem-80-mas-regularizacao-ainda-e-desafio-para-brasileiros\/#primaryimage\"},\"thumbnailUrl\":\"https:\/\/economiasa.com.br\/blog\/wp-content\/uploads\/2026\/09\/ChatGPT-Image-Sep-4-2026-12_11_30-PM.png\",\"articleSection\":[\"Viral\"],\"inLanguage\":\"pt-BR\"},{\"@type\":\"WebPage\",\"@id\":\"https:\/\/economiasa.com.br\/blog\/saidas-fiscais-crescem-80-mas-regularizacao-ainda-e-desafio-para-brasileiros\/\",\"url\":\"https:\/\/economiasa.com.br\/blog\/saidas-fiscais-crescem-80-mas-regularizacao-ainda-e-desafio-para-brasileiros\/\",\"name\":\"Sa\u00eddas fiscais crescem 80%, mas regulariza\u00e7\u00e3o ainda \u00e9 desafio para brasileiros - Economia S\/A\",\"isPartOf\":{\"@id\":\"https:\/\/economiasa.com.br\/blog\/#website\"},\"primaryImageOfPage\":{\"@id\":\"https:\/\/economiasa.com.br\/blog\/saidas-fiscais-crescem-80-mas-regularizacao-ainda-e-desafio-para-brasileiros\/#primaryimage\"},\"image\":{\"@id\":\"https:\/\/economiasa.com.br\/blog\/saidas-fiscais-crescem-80-mas-regularizacao-ainda-e-desafio-para-brasileiros\/#primaryimage\"},\"thumbnailUrl\":\"https:\/\/economiasa.com.br\/blog\/wp-content\/uploads\/2026\/09\/ChatGPT-Image-Sep-4-2026-12_11_30-PM.png\",\"datePublished\":\"2026-09-04T16:12:07+00:00\",\"dateModified\":\"2026-09-04T16:12:10+00:00\",\"author\":{\"@id\":\"https:\/\/economiasa.com.br\/blog\/#\/schema\/person\/57f2dfaf8250a36d041a4e4cf0498faf\"},\"breadcrumb\":{\"@id\":\"https:\/\/economiasa.com.br\/blog\/saidas-fiscais-crescem-80-mas-regularizacao-ainda-e-desafio-para-brasileiros\/#breadcrumb\"},\"inLanguage\":\"pt-BR\",\"potentialAction\":[{\"@type\":\"ReadAction\",\"target\":[\"https:\/\/economiasa.com.br\/blog\/saidas-fiscais-crescem-80-mas-regularizacao-ainda-e-desafio-para-brasileiros\/\"]}]},{\"@type\":\"ImageObject\",\"inLanguage\":\"pt-BR\",\"@id\":\"https:\/\/economiasa.com.br\/blog\/saidas-fiscais-crescem-80-mas-regularizacao-ainda-e-desafio-para-brasileiros\/#primaryimage\",\"url\":\"https:\/\/economiasa.com.br\/blog\/wp-content\/uploads\/2026\/09\/ChatGPT-Image-Sep-4-2026-12_11_30-PM.png\",\"contentUrl\":\"https:\/\/economiasa.com.br\/blog\/wp-content\/uploads\/2026\/09\/ChatGPT-Image-Sep-4-2026-12_11_30-PM.png\",\"width\":1536,\"height\":1024},{\"@type\":\"BreadcrumbList\",\"@id\":\"https:\/\/economiasa.com.br\/blog\/saidas-fiscais-crescem-80-mas-regularizacao-ainda-e-desafio-para-brasileiros\/#breadcrumb\",\"itemListElement\":[{\"@type\":\"ListItem\",\"position\":1,\"name\":\"In\u00edcio\",\"item\":\"https:\/\/economiasa.com.br\/blog\/\"},{\"@type\":\"ListItem\",\"position\":2,\"name\":\"Sa\u00eddas fiscais crescem 80%, mas regulariza\u00e7\u00e3o ainda \u00e9 desafio para brasileiros\"}]},{\"@type\":\"WebSite\",\"@id\":\"https:\/\/economiasa.com.br\/blog\/#website\",\"url\":\"https:\/\/economiasa.com.br\/blog\/\",\"name\":\"Economia S\/A\",\"description\":\"Ler faz bem para os neg\u00f3cios\",\"potentialAction\":[{\"@type\":\"SearchAction\",\"target\":{\"@type\":\"EntryPoint\",\"urlTemplate\":\"https:\/\/economiasa.com.br\/blog\/?s={search_term_string}\"},\"query-input\":{\"@type\":\"PropertyValueSpecification\",\"valueRequired\":true,\"valueName\":\"search_term_string\"}}],\"inLanguage\":\"pt-BR\"},{\"@type\":\"Person\",\"@id\":\"https:\/\/economiasa.com.br\/blog\/#\/schema\/person\/57f2dfaf8250a36d041a4e4cf0498faf\",\"name\":\"Reda\u00e7\u00e3o\",\"image\":{\"@type\":\"ImageObject\",\"inLanguage\":\"pt-BR\",\"@id\":\"https:\/\/secure.gravatar.com\/avatar\/b9a74cf83ab7b387115b660a012a810ba4283a49e2dc1845eacfc09fd7fadd4b?s=96&d=mm&r=g8b4e5e7107f0781ab9bc60df20107da5\",\"url\":\"https:\/\/secure.gravatar.com\/avatar\/b9a74cf83ab7b387115b660a012a810ba4283a49e2dc1845eacfc09fd7fadd4b?s=96&d=mm&r=g\",\"contentUrl\":\"https:\/\/secure.gravatar.com\/avatar\/b9a74cf83ab7b387115b660a012a810ba4283a49e2dc1845eacfc09fd7fadd4b?s=96&d=mm&r=g\",\"caption\":\"Reda\u00e7\u00e3o\"},\"url\":\"https:\/\/economiasa.com.br\/blog\/author\/vhassessoriagmail-com\/\"}]}<\/script>\n<!-- \/ Yoast SEO plugin. -->","yoast_head_json":{"title":"Sa\u00eddas fiscais crescem 80%, mas regulariza\u00e7\u00e3o ainda \u00e9 desafio para brasileiros - Economia S\/A","robots":{"index":"index","follow":"follow","max-snippet":"max-snippet:-1","max-image-preview":"max-image-preview:large","max-video-preview":"max-video-preview:-1"},"canonical":"https:\/\/economiasa.com.br\/blog\/saidas-fiscais-crescem-80-mas-regularizacao-ainda-e-desafio-para-brasileiros\/","og_locale":"pt_BR","og_type":"article","og_title":"Sa\u00eddas fiscais crescem 80%, mas regulariza\u00e7\u00e3o ainda \u00e9 desafio para brasileiros - Economia S\/A","og_description":"Declara\u00e7\u00f5es passaram de 25,6 mil para 46,1 mil em cinco anos; falta de planejamento pode manter contribuinte sujeito a obriga\u00e7\u00f5es no Brasil...","og_url":"https:\/\/economiasa.com.br\/blog\/saidas-fiscais-crescem-80-mas-regularizacao-ainda-e-desafio-para-brasileiros\/","og_site_name":"Economia S\/A","article_published_time":"2026-09-04T16:12:07+00:00","article_modified_time":"2026-09-04T16:12:10+00:00","og_image":[{"width":1024,"height":683,"url":"https:\/\/economiasa.com.br\/blog\/wp-content\/uploads\/2026\/09\/ChatGPT-Image-Sep-4-2026-12_11_30-PM-1024x683.png","type":"image\/png"}],"author":"Reda\u00e7\u00e3o","twitter_card":"summary_large_image","twitter_misc":{"Escrito por":"Reda\u00e7\u00e3o","Est. tempo de leitura":"5 minutos"},"schema":{"@context":"https:\/\/schema.org","@graph":[{"@type":"Article","@id":"https:\/\/economiasa.com.br\/blog\/saidas-fiscais-crescem-80-mas-regularizacao-ainda-e-desafio-para-brasileiros\/#article","isPartOf":{"@id":"https:\/\/economiasa.com.br\/blog\/saidas-fiscais-crescem-80-mas-regularizacao-ainda-e-desafio-para-brasileiros\/"},"author":{"name":"Reda\u00e7\u00e3o","@id":"https:\/\/economiasa.com.br\/blog\/#\/schema\/person\/57f2dfaf8250a36d041a4e4cf0498faf"},"headline":"Sa\u00eddas fiscais crescem 80%, mas regulariza\u00e7\u00e3o ainda \u00e9 desafio para brasileiros","datePublished":"2026-09-04T16:12:07+00:00","dateModified":"2026-09-04T16:12:10+00:00","mainEntityOfPage":{"@id":"https:\/\/economiasa.com.br\/blog\/saidas-fiscais-crescem-80-mas-regularizacao-ainda-e-desafio-para-brasileiros\/"},"wordCount":877,"image":{"@id":"https:\/\/economiasa.com.br\/blog\/saidas-fiscais-crescem-80-mas-regularizacao-ainda-e-desafio-para-brasileiros\/#primaryimage"},"thumbnailUrl":"https:\/\/economiasa.com.br\/blog\/wp-content\/uploads\/2026\/09\/ChatGPT-Image-Sep-4-2026-12_11_30-PM.png","articleSection":["Viral"],"inLanguage":"pt-BR"},{"@type":"WebPage","@id":"https:\/\/economiasa.com.br\/blog\/saidas-fiscais-crescem-80-mas-regularizacao-ainda-e-desafio-para-brasileiros\/","url":"https:\/\/economiasa.com.br\/blog\/saidas-fiscais-crescem-80-mas-regularizacao-ainda-e-desafio-para-brasileiros\/","name":"Sa\u00eddas fiscais crescem 80%, mas regulariza\u00e7\u00e3o ainda \u00e9 desafio para brasileiros - Economia S\/A","isPartOf":{"@id":"https:\/\/economiasa.com.br\/blog\/#website"},"primaryImageOfPage":{"@id":"https:\/\/economiasa.com.br\/blog\/saidas-fiscais-crescem-80-mas-regularizacao-ainda-e-desafio-para-brasileiros\/#primaryimage"},"image":{"@id":"https:\/\/economiasa.com.br\/blog\/saidas-fiscais-crescem-80-mas-regularizacao-ainda-e-desafio-para-brasileiros\/#primaryimage"},"thumbnailUrl":"https:\/\/economiasa.com.br\/blog\/wp-content\/uploads\/2026\/09\/ChatGPT-Image-Sep-4-2026-12_11_30-PM.png","datePublished":"2026-09-04T16:12:07+00:00","dateModified":"2026-09-04T16:12:10+00:00","author":{"@id":"https:\/\/economiasa.com.br\/blog\/#\/schema\/person\/57f2dfaf8250a36d041a4e4cf0498faf"},"breadcrumb":{"@id":"https:\/\/economiasa.com.br\/blog\/saidas-fiscais-crescem-80-mas-regularizacao-ainda-e-desafio-para-brasileiros\/#breadcrumb"},"inLanguage":"pt-BR","potentialAction":[{"@type":"ReadAction","target":["https:\/\/economiasa.com.br\/blog\/saidas-fiscais-crescem-80-mas-regularizacao-ainda-e-desafio-para-brasileiros\/"]}]},{"@type":"ImageObject","inLanguage":"pt-BR","@id":"https:\/\/economiasa.com.br\/blog\/saidas-fiscais-crescem-80-mas-regularizacao-ainda-e-desafio-para-brasileiros\/#primaryimage","url":"https:\/\/economiasa.com.br\/blog\/wp-content\/uploads\/2026\/09\/ChatGPT-Image-Sep-4-2026-12_11_30-PM.png","contentUrl":"https:\/\/economiasa.com.br\/blog\/wp-content\/uploads\/2026\/09\/ChatGPT-Image-Sep-4-2026-12_11_30-PM.png","width":1536,"height":1024},{"@type":"BreadcrumbList","@id":"https:\/\/economiasa.com.br\/blog\/saidas-fiscais-crescem-80-mas-regularizacao-ainda-e-desafio-para-brasileiros\/#breadcrumb","itemListElement":[{"@type":"ListItem","position":1,"name":"In\u00edcio","item":"https:\/\/economiasa.com.br\/blog\/"},{"@type":"ListItem","position":2,"name":"Sa\u00eddas fiscais crescem 80%, mas regulariza\u00e7\u00e3o ainda \u00e9 desafio para brasileiros"}]},{"@type":"WebSite","@id":"https:\/\/economiasa.com.br\/blog\/#website","url":"https:\/\/economiasa.com.br\/blog\/","name":"Economia S\/A","description":"Ler faz bem para os neg\u00f3cios","potentialAction":[{"@type":"SearchAction","target":{"@type":"EntryPoint","urlTemplate":"https:\/\/economiasa.com.br\/blog\/?s={search_term_string}"},"query-input":{"@type":"PropertyValueSpecification","valueRequired":true,"valueName":"search_term_string"}}],"inLanguage":"pt-BR"},{"@type":"Person","@id":"https:\/\/economiasa.com.br\/blog\/#\/schema\/person\/57f2dfaf8250a36d041a4e4cf0498faf","name":"Reda\u00e7\u00e3o","image":{"@type":"ImageObject","inLanguage":"pt-BR","@id":"https:\/\/secure.gravatar.com\/avatar\/b9a74cf83ab7b387115b660a012a810ba4283a49e2dc1845eacfc09fd7fadd4b?s=96&d=mm&r=g8b4e5e7107f0781ab9bc60df20107da5","url":"https:\/\/secure.gravatar.com\/avatar\/b9a74cf83ab7b387115b660a012a810ba4283a49e2dc1845eacfc09fd7fadd4b?s=96&d=mm&r=g","contentUrl":"https:\/\/secure.gravatar.com\/avatar\/b9a74cf83ab7b387115b660a012a810ba4283a49e2dc1845eacfc09fd7fadd4b?s=96&d=mm&r=g","caption":"Reda\u00e7\u00e3o"},"url":"https:\/\/economiasa.com.br\/blog\/author\/vhassessoriagmail-com\/"}]}},"authors":[{"term_id":13237,"user_id":13,"is_guest":0,"slug":"vhassessoriagmail-com","display_name":"Reda\u00e7\u00e3o","avatar_url":"https:\/\/secure.gravatar.com\/avatar\/b9a74cf83ab7b387115b660a012a810ba4283a49e2dc1845eacfc09fd7fadd4b?s=96&d=mm&r=g","author_category":"","first_name":"Vanessa","last_name":"Reda\u00e7\u00e3o","user_url":"","job_title":"","description":""}],"amp_enabled":true,"_links":{"self":[{"href":"https:\/\/economiasa.com.br\/blog\/wp-json\/wp\/v2\/posts\/85138","targetHints":{"allow":["GET"]}}],"collection":[{"href":"https:\/\/economiasa.com.br\/blog\/wp-json\/wp\/v2\/posts"}],"about":[{"href":"https:\/\/economiasa.com.br\/blog\/wp-json\/wp\/v2\/types\/post"}],"author":[{"embeddable":true,"href":"https:\/\/economiasa.com.br\/blog\/wp-json\/wp\/v2\/users\/13"}],"replies":[{"embeddable":true,"href":"https:\/\/economiasa.com.br\/blog\/wp-json\/wp\/v2\/comments?post=85138"}],"version-history":[{"count":0,"href":"https:\/\/economiasa.com.br\/blog\/wp-json\/wp\/v2\/posts\/85138\/revisions"}],"wp:featuredmedia":[{"embeddable":true,"href":"https:\/\/economiasa.com.br\/blog\/wp-json\/wp\/v2\/media\/85140"}],"wp:attachment":[{"href":"https:\/\/economiasa.com.br\/blog\/wp-json\/wp\/v2\/media?parent=85138"}],"wp:term":[{"taxonomy":"category","embeddable":true,"href":"https:\/\/economiasa.com.br\/blog\/wp-json\/wp\/v2\/categories?post=85138"},{"taxonomy":"post_tag","embeddable":true,"href":"https:\/\/economiasa.com.br\/blog\/wp-json\/wp\/v2\/tags?post=85138"},{"taxonomy":"author","embeddable":true,"href":"https:\/\/economiasa.com.br\/blog\/wp-json\/wp\/v2\/ppma_author?post=85138"}],"curies":[{"name":"wp","href":"https:\/\/api.w.org\/{rel}","templated":true}]}}