{"id":85143,"date":"2026-09-04T17:42:36","date_gmt":"2026-09-04T20:42:36","guid":{"rendered":"https:\/\/economiasa.com.br\/blog\/?p=85143"},"modified":"2026-09-04T17:50:53","modified_gmt":"2026-09-04T20:50:53","slug":"aos-13-anos-atleta-de-colombo-soma-sete-titulos-no-jiu-jitsu-em-primeiro-ano-de-competicoes","status":"publish","type":"post","link":"https:\/\/economiasa.com.br\/blog\/aos-13-anos-atleta-de-colombo-soma-sete-titulos-no-jiu-jitsu-em-primeiro-ano-de-competicoes\/","title":{"rendered":"Aos 13 anos, atleta de Colombo soma sete t\u00edtulos no jiu-j\u00edtsu em primeiro ano de competi\u00e7\u00f5es"},"content":{"rendered":"\n<p class=\"wp-block-paragraph\">Com apenas um ano de pr\u00e1tica no jiu-j\u00edtsu, o atleta Enzo Vin\u00edcius Cleto Ribeiro, de 13 anos, j\u00e1 acumula sete medalhas de ouro em competi\u00e7\u00f5es realizadas em 2026. Natural de Colombo, no Paran\u00e1, o lutador tamb\u00e9m conquistou duas medalhas de prata e uma de bronze ao longo da temporada e volta aos tatames nos dias 12 e 13 de setembro, em S\u00e3o Jos\u00e9 dos Pinhais (PR).<\/p>\n\n\n\n<figure class=\"wp-block-image size-large\"><img loading=\"lazy\" decoding=\"async\" width=\"769\" height=\"1024\" src=\"https:\/\/economiasa.com.br\/blog\/wp-content\/uploads\/2026\/09\/WhatsApp-Image-2026-09-04-at-4.31.48-PM-769x1024.jpeg\" alt=\"Cr\u00e9ditos da Foto: Divulga\u00e7\u00e3o\" class=\"wp-image-85147\" srcset=\"https:\/\/economiasa.com.br\/blog\/wp-content\/uploads\/2026\/09\/WhatsApp-Image-2026-09-04-at-4.31.48-PM-769x1024.jpeg 769w, https:\/\/economiasa.com.br\/blog\/wp-content\/uploads\/2026\/09\/WhatsApp-Image-2026-09-04-at-4.31.48-PM-225x300.jpeg 225w, https:\/\/economiasa.com.br\/blog\/wp-content\/uploads\/2026\/09\/WhatsApp-Image-2026-09-04-at-4.31.48-PM-768x1023.jpeg 768w, https:\/\/economiasa.com.br\/blog\/wp-content\/uploads\/2026\/09\/WhatsApp-Image-2026-09-04-at-4.31.48-PM-1154x1536.jpeg 1154w, https:\/\/economiasa.com.br\/blog\/wp-content\/uploads\/2026\/09\/WhatsApp-Image-2026-09-04-at-4.31.48-PM-360x479.jpeg 360w, https:\/\/economiasa.com.br\/blog\/wp-content\/uploads\/2026\/09\/WhatsApp-Image-2026-09-04-at-4.31.48-PM.jpeg 1201w\" sizes=\"auto, (max-width: 769px) 100vw, 769px\" \/><figcaption class=\"wp-element-caption\">Cr\u00e9ditos da Foto: Divulga\u00e7\u00e3o<\/figcaption><\/figure>\n\n\n\n<p class=\"wp-block-paragraph\">Faixa cinza e integrante da equipe Dojo Coelho, Enzo vem participando de competi\u00e7\u00f5es em diferentes cidades e estados desde que iniciou no esporte. Entre os resultados deste ano est\u00e3o t\u00edtulos na segunda etapa do Circuito Paranaense de Jiu-J\u00edtsu, na terceira e na quarta edi\u00e7\u00f5es da Copa Colombo de Jiu-J\u00edtsu, na Copa Anjos de Guerra, na Copa Colombo Kids & Teens e no S\u00e3o Paulo Internacional Open.<\/p>\n\n\n\n<figure class=\"wp-block-image size-large\"><img loading=\"lazy\" decoding=\"async\" width=\"683\" height=\"1024\" src=\"https:\/\/economiasa.com.br\/blog\/wp-content\/uploads\/2026\/09\/WhatsApp-Image-2026-09-04-at-4.31.49-PM-683x1024.jpeg\" alt=\"Cr\u00e9ditos da Foto: Divulga\u00e7\u00e3o\" class=\"wp-image-85148\" srcset=\"https:\/\/economiasa.com.br\/blog\/wp-content\/uploads\/2026\/09\/WhatsApp-Image-2026-09-04-at-4.31.49-PM-683x1024.jpeg 683w, https:\/\/economiasa.com.br\/blog\/wp-content\/uploads\/2026\/09\/WhatsApp-Image-2026-09-04-at-4.31.49-PM-200x300.jpeg 200w, https:\/\/economiasa.com.br\/blog\/wp-content\/uploads\/2026\/09\/WhatsApp-Image-2026-09-04-at-4.31.49-PM-768x1152.jpeg 768w, https:\/\/economiasa.com.br\/blog\/wp-content\/uploads\/2026\/09\/WhatsApp-Image-2026-09-04-at-4.31.49-PM-360x540.jpeg 360w, https:\/\/economiasa.com.br\/blog\/wp-content\/uploads\/2026\/09\/WhatsApp-Image-2026-09-04-at-4.31.49-PM.jpeg 1024w\" sizes=\"auto, (max-width: 683px) 100vw, 683px\" \/><figcaption class=\"wp-element-caption\">Cr\u00e9ditos da Foto: Divulga\u00e7\u00e3o<\/figcaption><\/figure>\n\n\n\n<figure class=\"wp-block-image size-large\"><img loading=\"lazy\" decoding=\"async\" width=\"742\" height=\"1024\" src=\"https:\/\/economiasa.com.br\/blog\/wp-content\/uploads\/2026\/09\/WhatsApp-Image-2026-09-04-at-4.31.58-PM-742x1024.jpeg\" alt=\"Cr\u00e9ditos da Foto: Divulga\u00e7\u00e3o\" class=\"wp-image-85149\" srcset=\"https:\/\/economiasa.com.br\/blog\/wp-content\/uploads\/2026\/09\/WhatsApp-Image-2026-09-04-at-4.31.58-PM-742x1024.jpeg 742w, https:\/\/economiasa.com.br\/blog\/wp-content\/uploads\/2026\/09\/WhatsApp-Image-2026-09-04-at-4.31.58-PM-218x300.jpeg 218w, https:\/\/economiasa.com.br\/blog\/wp-content\/uploads\/2026\/09\/WhatsApp-Image-2026-09-04-at-4.31.58-PM-768x1059.jpeg 768w, https:\/\/economiasa.com.br\/blog\/wp-content\/uploads\/2026\/09\/WhatsApp-Image-2026-09-04-at-4.31.58-PM-360x497.jpeg 360w, https:\/\/economiasa.com.br\/blog\/wp-content\/uploads\/2026\/09\/WhatsApp-Image-2026-09-04-at-4.31.58-PM.jpeg 1068w\" sizes=\"auto, (max-width: 742px) 100vw, 742px\" \/><figcaption class=\"wp-element-caption\">Cr\u00e9ditos da Foto: Divulga\u00e7\u00e3o<\/figcaption><\/figure>\n\n\n\n<p class=\"wp-block-paragraph\">Outro resultado veio no World Pro Grappling No Gi 2026 CBJJC, no qual o atleta terminou em primeiro lugar na categoria e em terceiro no absoluto. Nas quarta e quinta etapas do Circuito Paranaense de Jiu-J\u00edtsu, ficou com a segunda coloca\u00e7\u00e3o.<\/p>\n\n\n\n<figure class=\"wp-block-image size-large\"><img loading=\"lazy\" decoding=\"async\" width=\"683\" height=\"1024\" src=\"https:\/\/economiasa.com.br\/blog\/wp-content\/uploads\/2026\/09\/WhatsApp-Image-2026-09-04-at-4.31.46-PM-683x1024.jpeg\" alt=\"Cr\u00e9ditos da Foto: Divulga\u00e7\u00e3o\" class=\"wp-image-85162\" srcset=\"https:\/\/economiasa.com.br\/blog\/wp-content\/uploads\/2026\/09\/WhatsApp-Image-2026-09-04-at-4.31.46-PM-683x1024.jpeg 683w, https:\/\/economiasa.com.br\/blog\/wp-content\/uploads\/2026\/09\/WhatsApp-Image-2026-09-04-at-4.31.46-PM-200x300.jpeg 200w, https:\/\/economiasa.com.br\/blog\/wp-content\/uploads\/2026\/09\/WhatsApp-Image-2026-09-04-at-4.31.46-PM-768x1152.jpeg 768w, https:\/\/economiasa.com.br\/blog\/wp-content\/uploads\/2026\/09\/WhatsApp-Image-2026-09-04-at-4.31.46-PM-1024x1536.jpeg 1024w, https:\/\/economiasa.com.br\/blog\/wp-content\/uploads\/2026\/09\/WhatsApp-Image-2026-09-04-at-4.31.46-PM-360x540.jpeg 360w, https:\/\/economiasa.com.br\/blog\/wp-content\/uploads\/2026\/09\/WhatsApp-Image-2026-09-04-at-4.31.46-PM.jpeg 1066w\" sizes=\"auto, (max-width: 683px) 100vw, 683px\" \/><figcaption class=\"wp-element-caption\">Cr\u00e9ditos da Foto: Divulga\u00e7\u00e3o<\/figcaption><\/figure>\n\n\n\n<p class=\"wp-block-paragraph\">Os resultados mais expressivos, segundo Enzo, est\u00e3o justamente entre essas competi\u00e7\u00f5es, especialmente pelas caracter\u00edsticas dos confrontos. Para o atleta, os campeonatos realizados no Paran\u00e1, em Santa Catarina e em S\u00e3o Paulo reuniram alguns dos advers\u00e1rios mais fortes que enfrentou at\u00e9 agora.<\/p>\n\n\n\n<figure class=\"wp-block-image size-large\"><img loading=\"lazy\" decoding=\"async\" width=\"768\" height=\"1024\" src=\"https:\/\/economiasa.com.br\/blog\/wp-content\/uploads\/2026\/09\/WhatsApp-Image-2026-09-04-at-4.31.50-PM-768x1024.jpeg\" alt=\"Cr\u00e9ditos da Foto: Divulga\u00e7\u00e3o\" class=\"wp-image-85152\" srcset=\"https:\/\/economiasa.com.br\/blog\/wp-content\/uploads\/2026\/09\/WhatsApp-Image-2026-09-04-at-4.31.50-PM-768x1024.jpeg 768w, https:\/\/economiasa.com.br\/blog\/wp-content\/uploads\/2026\/09\/WhatsApp-Image-2026-09-04-at-4.31.50-PM-225x300.jpeg 225w, https:\/\/economiasa.com.br\/blog\/wp-content\/uploads\/2026\/09\/WhatsApp-Image-2026-09-04-at-4.31.50-PM-1152x1536.jpeg 1152w, https:\/\/economiasa.com.br\/blog\/wp-content\/uploads\/2026\/09\/WhatsApp-Image-2026-09-04-at-4.31.50-PM-360x480.jpeg 360w, https:\/\/economiasa.com.br\/blog\/wp-content\/uploads\/2026\/09\/WhatsApp-Image-2026-09-04-at-4.31.50-PM.jpeg 1200w\" sizes=\"auto, (max-width: 768px) 100vw, 768px\" \/><figcaption class=\"wp-element-caption\">Cr\u00e9ditos da Foto: Divulga\u00e7\u00e3o<\/figcaption><\/figure>\n\n\n\n<figure class=\"wp-block-image size-large\"><img loading=\"lazy\" decoding=\"async\" width=\"1024\" height=\"736\" src=\"https:\/\/economiasa.com.br\/blog\/wp-content\/uploads\/2026\/09\/WhatsApp-Image-2026-09-04-at-4.32.04-PM-1024x736.jpeg\" alt=\"Cr\u00e9ditos da Foto: Divulga\u00e7\u00e3o\" class=\"wp-image-85153\" srcset=\"https:\/\/economiasa.com.br\/blog\/wp-content\/uploads\/2026\/09\/WhatsApp-Image-2026-09-04-at-4.32.04-PM-1024x736.jpeg 1024w, https:\/\/economiasa.com.br\/blog\/wp-content\/uploads\/2026\/09\/WhatsApp-Image-2026-09-04-at-4.32.04-PM-300x216.jpeg 300w, https:\/\/economiasa.com.br\/blog\/wp-content\/uploads\/2026\/09\/WhatsApp-Image-2026-09-04-at-4.32.04-PM-768x552.jpeg 768w, https:\/\/economiasa.com.br\/blog\/wp-content\/uploads\/2026\/09\/WhatsApp-Image-2026-09-04-at-4.32.04-PM-1536x1104.jpeg 1536w, https:\/\/economiasa.com.br\/blog\/wp-content\/uploads\/2026\/09\/WhatsApp-Image-2026-09-04-at-4.32.04-PM-360x259.jpeg 360w, https:\/\/economiasa.com.br\/blog\/wp-content\/uploads\/2026\/09\/WhatsApp-Image-2026-09-04-at-4.32.04-PM.jpeg 1600w\" sizes=\"auto, (max-width: 1024px) 100vw, 1024px\" \/><figcaption class=\"wp-element-caption\">Cr\u00e9ditos da Foto: Divulga\u00e7\u00e3o<\/figcaption><\/figure>\n\n\n\n<p class=\"wp-block-paragraph\">A experi\u00eancia competitiva come\u00e7ou depois de Enzo conhecer o jiu-j\u00edtsu por meio de um projeto social desenvolvido na comunidade. No Le\u00f5es do Tatame, orientado pelo pastor e professor Samuel Roberto, ele teve os primeiros contatos com a modalidade. Os treinos, por\u00e9m, eram realizados duas vezes por semana. Em busca de uma rotina maior de prepara\u00e7\u00e3o, passou posteriormente a treinar na academia Dojo Coelho, sob orienta\u00e7\u00e3o do sensei Guilherme Kauan Coelho.<\/p>\n\n\n\n<figure class=\"wp-block-image size-large\"><img loading=\"lazy\" decoding=\"async\" width=\"768\" height=\"1024\" src=\"https:\/\/economiasa.com.br\/blog\/wp-content\/uploads\/2026\/09\/WhatsApp-Image-2026-09-04-at-4.32.06-PM-768x1024.jpeg\" alt=\"Cr\u00e9ditos da Foto: Divulga\u00e7\u00e3o\" class=\"wp-image-85154\" srcset=\"https:\/\/economiasa.com.br\/blog\/wp-content\/uploads\/2026\/09\/WhatsApp-Image-2026-09-04-at-4.32.06-PM-768x1024.jpeg 768w, https:\/\/economiasa.com.br\/blog\/wp-content\/uploads\/2026\/09\/WhatsApp-Image-2026-09-04-at-4.32.06-PM-225x300.jpeg 225w, https:\/\/economiasa.com.br\/blog\/wp-content\/uploads\/2026\/09\/WhatsApp-Image-2026-09-04-at-4.32.06-PM-360x480.jpeg 360w, https:\/\/economiasa.com.br\/blog\/wp-content\/uploads\/2026\/09\/WhatsApp-Image-2026-09-04-at-4.32.06-PM.jpeg 960w\" sizes=\"auto, (max-width: 768px) 100vw, 768px\" \/><figcaption class=\"wp-element-caption\">Cr\u00e9ditos da Foto: Divulga\u00e7\u00e3o<\/figcaption><\/figure>\n\n\n\n<figure class=\"wp-block-image size-large\"><img loading=\"lazy\" decoding=\"async\" width=\"768\" height=\"1024\" src=\"https:\/\/economiasa.com.br\/blog\/wp-content\/uploads\/2026\/09\/WhatsApp-Image-2026-09-04-at-4.31.55-PM-768x1024.jpeg\" alt=\"Cr\u00e9ditos da Foto: Divulga\u00e7\u00e3o\" class=\"wp-image-85156\" srcset=\"https:\/\/economiasa.com.br\/blog\/wp-content\/uploads\/2026\/09\/WhatsApp-Image-2026-09-04-at-4.31.55-PM-768x1024.jpeg 768w, https:\/\/economiasa.com.br\/blog\/wp-content\/uploads\/2026\/09\/WhatsApp-Image-2026-09-04-at-4.31.55-PM-225x300.jpeg 225w, https:\/\/economiasa.com.br\/blog\/wp-content\/uploads\/2026\/09\/WhatsApp-Image-2026-09-04-at-4.31.55-PM-1152x1536.jpeg 1152w, https:\/\/economiasa.com.br\/blog\/wp-content\/uploads\/2026\/09\/WhatsApp-Image-2026-09-04-at-4.31.55-PM-1536x2048.jpeg 1536w, https:\/\/economiasa.com.br\/blog\/wp-content\/uploads\/2026\/09\/WhatsApp-Image-2026-09-04-at-4.31.55-PM-360x480.jpeg 360w\" sizes=\"auto, (max-width: 768px) 100vw, 768px\" \/><figcaption class=\"wp-element-caption\">Cr\u00e9ditos da Foto: Divulga\u00e7\u00e3o<\/figcaption><\/figure>\n\n\n\n<p class=\"wp-block-paragraph\">A mudan\u00e7a ampliou a frequ\u00eancia dos treinamentos e acompanhou a entrada do atleta no circuito de competi\u00e7\u00f5es. Em apenas um ano de pr\u00e1tica, Enzo passou a disputar torneios em diferentes localidades e a subir regularmente ao p\u00f3dio.<\/p>\n\n\n\n<figure class=\"wp-block-image size-large\"><img loading=\"lazy\" decoding=\"async\" width=\"682\" height=\"1024\" src=\"https:\/\/economiasa.com.br\/blog\/wp-content\/uploads\/2026\/09\/WhatsApp-Image-2026-09-04-at-4.31.59-PM-682x1024.jpeg\" alt=\"Cr\u00e9ditos da Foto: Divulga\u00e7\u00e3o\" class=\"wp-image-85160\" srcset=\"https:\/\/economiasa.com.br\/blog\/wp-content\/uploads\/2026\/09\/WhatsApp-Image-2026-09-04-at-4.31.59-PM-682x1024.jpeg 682w, https:\/\/economiasa.com.br\/blog\/wp-content\/uploads\/2026\/09\/WhatsApp-Image-2026-09-04-at-4.31.59-PM-200x300.jpeg 200w, https:\/\/economiasa.com.br\/blog\/wp-content\/uploads\/2026\/09\/WhatsApp-Image-2026-09-04-at-4.31.59-PM-768x1154.jpeg 768w, https:\/\/economiasa.com.br\/blog\/wp-content\/uploads\/2026\/09\/WhatsApp-Image-2026-09-04-at-4.31.59-PM-360x541.jpeg 360w, https:\/\/economiasa.com.br\/blog\/wp-content\/uploads\/2026\/09\/WhatsApp-Image-2026-09-04-at-4.31.59-PM.jpeg 1023w\" sizes=\"auto, (max-width: 682px) 100vw, 682px\" \/><figcaption class=\"wp-element-caption\">Cr\u00e9ditos da Foto: Divulga\u00e7\u00e3o<\/figcaption><\/figure>\n\n\n\n<p class=\"wp-block-paragraph\">Agora, a pr\u00f3xima disputa est\u00e1 marcada para os dias 12 e 13 de setembro, no Centro de Esporte e Lazer Max Rosenmann, em S\u00e3o Jos\u00e9 dos Pinhais. O evento \u00e9 o AJP Tour S\u00e3o Jos\u00e9 dos Pinhais International Jiu-Jitsu Championship Gi & No-Gi 2026. A competi\u00e7\u00e3o ser\u00e1 a pr\u00f3xima oportunidade para Enzo voltar aos tatames ap\u00f3s a sequ\u00eancia de resultados obtidos ao longo da temporada.<\/p>\n\n\n\n<figure class=\"wp-block-image size-large\"><img loading=\"lazy\" decoding=\"async\" width=\"769\" height=\"1024\" src=\"https:\/\/economiasa.com.br\/blog\/wp-content\/uploads\/2026\/09\/WhatsApp-Image-2026-09-04-at-4.31.53-PM-769x1024.jpeg\" alt=\"Cr\u00e9ditos da Foto: Divulga\u00e7\u00e3o\" class=\"wp-image-85157\" srcset=\"https:\/\/economiasa.com.br\/blog\/wp-content\/uploads\/2026\/09\/WhatsApp-Image-2026-09-04-at-4.31.53-PM-769x1024.jpeg 769w, https:\/\/economiasa.com.br\/blog\/wp-content\/uploads\/2026\/09\/WhatsApp-Image-2026-09-04-at-4.31.53-PM-225x300.jpeg 225w, https:\/\/economiasa.com.br\/blog\/wp-content\/uploads\/2026\/09\/WhatsApp-Image-2026-09-04-at-4.31.53-PM-768x1023.jpeg 768w, https:\/\/economiasa.com.br\/blog\/wp-content\/uploads\/2026\/09\/WhatsApp-Image-2026-09-04-at-4.31.53-PM-1154x1536.jpeg 1154w, https:\/\/economiasa.com.br\/blog\/wp-content\/uploads\/2026\/09\/WhatsApp-Image-2026-09-04-at-4.31.53-PM-360x479.jpeg 360w, https:\/\/economiasa.com.br\/blog\/wp-content\/uploads\/2026\/09\/WhatsApp-Image-2026-09-04-at-4.31.53-PM.jpeg 1201w\" sizes=\"auto, (max-width: 769px) 100vw, 769px\" \/><figcaption class=\"wp-element-caption\">Cr\u00e9ditos da Foto: Divulga\u00e7\u00e3o<\/figcaption><\/figure>\n\n\n\n<figure class=\"wp-block-video\"><video height=\"368\" style=\"aspect-ratio: 368 \/ 368;\" width=\"368\" controls src=\"https:\/\/economiasa.com.br\/blog\/wp-content\/uploads\/2026\/09\/WhatsApp-Video-2026-09-04-at-4.31.52-PM.mp4\"><\/video><figcaption class=\"wp-element-caption\">Cr\u00e9ditos do v\u00eddeo: Divulga\u00e7\u00e3o<\/figcaption><\/figure>\n\n\n\n<p class=\"wp-block-paragraph\">Para o atleta, os resultados obtidos at\u00e9 aqui tamb\u00e9m est\u00e3o relacionados ao suporte recebido fora dos tatames. Ele destaca o apoio da m\u00e3e, Joice, da irm\u00e3 Dhieiny, do cunhado Carlos Andreas, do pastor Samuel de Souza e do sensei Guilherme Kauan Coelho. Atualmente, Enzo tamb\u00e9m conta com o patroc\u00ednio da Business Group Events, Dr. Lucas Minari e Ideli Gazarra.<\/p>\n\n\n\n<figure class=\"wp-block-image size-large\"><img loading=\"lazy\" decoding=\"async\" width=\"769\" height=\"1024\" src=\"https:\/\/economiasa.com.br\/blog\/wp-content\/uploads\/2026\/09\/WhatsApp-Image-2026-09-04-at-4.31.57-PM-769x1024.jpeg\" alt=\"Cr\u00e9ditos da Foto: Divulga\u00e7\u00e3o\" class=\"wp-image-85159\" srcset=\"https:\/\/economiasa.com.br\/blog\/wp-content\/uploads\/2026\/09\/WhatsApp-Image-2026-09-04-at-4.31.57-PM-769x1024.jpeg 769w, https:\/\/economiasa.com.br\/blog\/wp-content\/uploads\/2026\/09\/WhatsApp-Image-2026-09-04-at-4.31.57-PM-225x300.jpeg 225w, https:\/\/economiasa.com.br\/blog\/wp-content\/uploads\/2026\/09\/WhatsApp-Image-2026-09-04-at-4.31.57-PM-768x1023.jpeg 768w, https:\/\/economiasa.com.br\/blog\/wp-content\/uploads\/2026\/09\/WhatsApp-Image-2026-09-04-at-4.31.57-PM-1154x1536.jpeg 1154w, https:\/\/economiasa.com.br\/blog\/wp-content\/uploads\/2026\/09\/WhatsApp-Image-2026-09-04-at-4.31.57-PM-360x479.jpeg 360w, https:\/\/economiasa.com.br\/blog\/wp-content\/uploads\/2026\/09\/WhatsApp-Image-2026-09-04-at-4.31.57-PM.jpeg 1201w\" sizes=\"auto, (max-width: 769px) 100vw, 769px\" \/><figcaption class=\"wp-element-caption\">Cr\u00e9ditos da Foto: Divulga\u00e7\u00e3o<\/figcaption><\/figure>\n\n\n\n<p class=\"wp-block-paragraph\">\u201cSou muito grato \u00e0 minha m\u00e3e, que sempre me apoiou nos meus sonhos. Mesmo com in\u00fameras dificuldades pessoais e financeiras, ela foi atr\u00e1s e nunca me deixou de fora dos campeonatos que quis participar\u201d, afirma.<\/p>\n\n\n\n<figure class=\"wp-block-video\"><video height=\"392\" style=\"aspect-ratio: 848 \/ 392;\" width=\"848\" controls src=\"https:\/\/economiasa.com.br\/blog\/wp-content\/uploads\/2026\/09\/whatsapp-video-2026-09-04-at-43151-pm_s8ocHMKN-1.mp4\"><\/video><figcaption class=\"wp-element-caption\">Cr\u00e9ditos do v\u00eddeo: Divulga\u00e7\u00e3o<\/figcaption><\/figure>\n\n\n\n<p class=\"wp-block-paragraph\">A trajet\u00f3ria de Enzo pode ser acompanhada pelo Instagram <a href=\"https:\/\/www.instagram.com\/e.viniciusjj\/\">@e.viniciusjj<\/a>, onde s\u00e3o publicados registros dos treinamentos, competi\u00e7\u00f5es e resultados do atleta.<\/p>\n","protected":false},"excerpt":{"rendered":"<p>Com apenas um ano de pr\u00e1tica no jiu-j\u00edtsu, o atleta Enzo Vin\u00edcius Cleto Ribeiro, de 13 anos, j\u00e1 acumula sete medalhas de&#8230;<\/p>\n","protected":false},"author":13,"featured_media":85163,"comment_status":"closed","ping_status":"open","sticky":false,"template":"","format":"standard","meta":{"footnotes":""},"categories":[1176],"tags":[],"ppma_author":[13237],"class_list":["post-85143","post","type-post","status-publish","format-standard","has-post-thumbnail","category-esportes"],"yoast_head":"<!-- This site is optimized with the Yoast SEO plugin v27.2 - https:\/\/yoast.com\/product\/yoast-seo-wordpress\/ -->\n<title>Aos 13 anos, atleta de Colombo soma sete t\u00edtulos no jiu-j\u00edtsu em primeiro ano de competi\u00e7\u00f5es - Economia S\/A<\/title>\n<meta name=\"robots\" content=\"index, follow, max-snippet:-1, max-image-preview:large, max-video-preview:-1\" \/>\n<link rel=\"canonical\" href=\"https:\/\/economiasa.com.br\/blog\/aos-13-anos-atleta-de-colombo-soma-sete-titulos-no-jiu-jitsu-em-primeiro-ano-de-competicoes\/\" \/>\n<meta property=\"og:locale\" content=\"pt_BR\" \/>\n<meta property=\"og:type\" content=\"article\" \/>\n<meta property=\"og:title\" content=\"Aos 13 anos, atleta de Colombo soma sete t\u00edtulos no jiu-j\u00edtsu em primeiro ano de competi\u00e7\u00f5es - Economia S\/A\" \/>\n<meta property=\"og:description\" content=\"Com apenas um ano de pr\u00e1tica no jiu-j\u00edtsu, o atleta Enzo Vin\u00edcius Cleto Ribeiro, de 13 anos, j\u00e1 acumula sete medalhas de...\" \/>\n<meta property=\"og:url\" content=\"https:\/\/economiasa.com.br\/blog\/aos-13-anos-atleta-de-colombo-soma-sete-titulos-no-jiu-jitsu-em-primeiro-ano-de-competicoes\/\" \/>\n<meta property=\"og:site_name\" content=\"Economia S\/A\" \/>\n<meta property=\"article:published_time\" content=\"2026-09-04T20:42:36+00:00\" \/>\n<meta property=\"article:modified_time\" content=\"2026-09-04T20:50:53+00:00\" \/>\n<meta property=\"og:image\" content=\"https:\/\/economiasa.com.br\/blog\/wp-content\/uploads\/2026\/09\/ccpx2.jpeg\" \/>\n\t<meta property=\"og:image:width\" content=\"1599\" \/>\n\t<meta property=\"og:image:height\" content=\"1201\" \/>\n\t<meta property=\"og:image:type\" content=\"image\/jpeg\" \/>\n<meta name=\"author\" content=\"Reda\u00e7\u00e3o\" \/>\n<meta name=\"twitter:card\" content=\"summary_large_image\" \/>\n<meta name=\"twitter:label1\" content=\"Escrito por\" \/>\n\t<meta name=\"twitter:data1\" content=\"Reda\u00e7\u00e3o\" \/>\n\t<meta name=\"twitter:label2\" content=\"Est. tempo de leitura\" \/>\n\t<meta name=\"twitter:data2\" content=\"6 minutos\" \/>\n<script type=\"application\/ld+json\" class=\"yoast-schema-graph\">{\"@context\":\"https:\/\/schema.org\",\"@graph\":[{\"@type\":\"Article\",\"@id\":\"https:\/\/economiasa.com.br\/blog\/aos-13-anos-atleta-de-colombo-soma-sete-titulos-no-jiu-jitsu-em-primeiro-ano-de-competicoes\/#article\",\"isPartOf\":{\"@id\":\"https:\/\/economiasa.com.br\/blog\/aos-13-anos-atleta-de-colombo-soma-sete-titulos-no-jiu-jitsu-em-primeiro-ano-de-competicoes\/\"},\"author\":{\"name\":\"Reda\u00e7\u00e3o\",\"@id\":\"https:\/\/economiasa.com.br\/blog\/#\/schema\/person\/57f2dfaf8250a36d041a4e4cf0498faf\"},\"headline\":\"Aos 13 anos, atleta de Colombo soma sete t\u00edtulos no jiu-j\u00edtsu em primeiro ano de competi\u00e7\u00f5es\",\"datePublished\":\"2026-09-04T20:42:36+00:00\",\"dateModified\":\"2026-09-04T20:50:53+00:00\",\"mainEntityOfPage\":{\"@id\":\"https:\/\/economiasa.com.br\/blog\/aos-13-anos-atleta-de-colombo-soma-sete-titulos-no-jiu-jitsu-em-primeiro-ano-de-competicoes\/\"},\"wordCount\":640,\"image\":{\"@id\":\"https:\/\/economiasa.com.br\/blog\/aos-13-anos-atleta-de-colombo-soma-sete-titulos-no-jiu-jitsu-em-primeiro-ano-de-competicoes\/#primaryimage\"},\"thumbnailUrl\":\"https:\/\/economiasa.com.br\/blog\/wp-content\/uploads\/2026\/09\/ccpx2.jpeg\",\"articleSection\":[\"Esportes\"],\"inLanguage\":\"pt-BR\"},{\"@type\":\"WebPage\",\"@id\":\"https:\/\/economiasa.com.br\/blog\/aos-13-anos-atleta-de-colombo-soma-sete-titulos-no-jiu-jitsu-em-primeiro-ano-de-competicoes\/\",\"url\":\"https:\/\/economiasa.com.br\/blog\/aos-13-anos-atleta-de-colombo-soma-sete-titulos-no-jiu-jitsu-em-primeiro-ano-de-competicoes\/\",\"name\":\"Aos 13 anos, atleta de Colombo soma sete t\u00edtulos no jiu-j\u00edtsu em primeiro ano de competi\u00e7\u00f5es - Economia S\/A\",\"isPartOf\":{\"@id\":\"https:\/\/economiasa.com.br\/blog\/#website\"},\"primaryImageOfPage\":{\"@id\":\"https:\/\/economiasa.com.br\/blog\/aos-13-anos-atleta-de-colombo-soma-sete-titulos-no-jiu-jitsu-em-primeiro-ano-de-competicoes\/#primaryimage\"},\"image\":{\"@id\":\"https:\/\/economiasa.com.br\/blog\/aos-13-anos-atleta-de-colombo-soma-sete-titulos-no-jiu-jitsu-em-primeiro-ano-de-competicoes\/#primaryimage\"},\"thumbnailUrl\":\"https:\/\/economiasa.com.br\/blog\/wp-content\/uploads\/2026\/09\/ccpx2.jpeg\",\"datePublished\":\"2026-09-04T20:42:36+00:00\",\"dateModified\":\"2026-09-04T20:50:53+00:00\",\"author\":{\"@id\":\"https:\/\/economiasa.com.br\/blog\/#\/schema\/person\/57f2dfaf8250a36d041a4e4cf0498faf\"},\"breadcrumb\":{\"@id\":\"https:\/\/economiasa.com.br\/blog\/aos-13-anos-atleta-de-colombo-soma-sete-titulos-no-jiu-jitsu-em-primeiro-ano-de-competicoes\/#breadcrumb\"},\"inLanguage\":\"pt-BR\",\"potentialAction\":[{\"@type\":\"ReadAction\",\"target\":[\"https:\/\/economiasa.com.br\/blog\/aos-13-anos-atleta-de-colombo-soma-sete-titulos-no-jiu-jitsu-em-primeiro-ano-de-competicoes\/\"]}]},{\"@type\":\"ImageObject\",\"inLanguage\":\"pt-BR\",\"@id\":\"https:\/\/economiasa.com.br\/blog\/aos-13-anos-atleta-de-colombo-soma-sete-titulos-no-jiu-jitsu-em-primeiro-ano-de-competicoes\/#primaryimage\",\"url\":\"https:\/\/economiasa.com.br\/blog\/wp-content\/uploads\/2026\/09\/ccpx2.jpeg\",\"contentUrl\":\"https:\/\/economiasa.com.br\/blog\/wp-content\/uploads\/2026\/09\/ccpx2.jpeg\",\"width\":1599,\"height\":1201,\"caption\":\"Cr\u00e9ditos da Foto: Divulga\u00e7\u00e3o\"},{\"@type\":\"BreadcrumbList\",\"@id\":\"https:\/\/economiasa.com.br\/blog\/aos-13-anos-atleta-de-colombo-soma-sete-titulos-no-jiu-jitsu-em-primeiro-ano-de-competicoes\/#breadcrumb\",\"itemListElement\":[{\"@type\":\"ListItem\",\"position\":1,\"name\":\"In\u00edcio\",\"item\":\"https:\/\/economiasa.com.br\/blog\/\"},{\"@type\":\"ListItem\",\"position\":2,\"name\":\"Aos 13 anos, atleta de Colombo soma sete t\u00edtulos no jiu-j\u00edtsu em primeiro ano de competi\u00e7\u00f5es\"}]},{\"@type\":\"WebSite\",\"@id\":\"https:\/\/economiasa.com.br\/blog\/#website\",\"url\":\"https:\/\/economiasa.com.br\/blog\/\",\"name\":\"Economia S\/A\",\"description\":\"Ler faz bem para os neg\u00f3cios\",\"potentialAction\":[{\"@type\":\"SearchAction\",\"target\":{\"@type\":\"EntryPoint\",\"urlTemplate\":\"https:\/\/economiasa.com.br\/blog\/?s={search_term_string}\"},\"query-input\":{\"@type\":\"PropertyValueSpecification\",\"valueRequired\":true,\"valueName\":\"search_term_string\"}}],\"inLanguage\":\"pt-BR\"},{\"@type\":\"Person\",\"@id\":\"https:\/\/economiasa.com.br\/blog\/#\/schema\/person\/57f2dfaf8250a36d041a4e4cf0498faf\",\"name\":\"Reda\u00e7\u00e3o\",\"image\":{\"@type\":\"ImageObject\",\"inLanguage\":\"pt-BR\",\"@id\":\"https:\/\/secure.gravatar.com\/avatar\/b9a74cf83ab7b387115b660a012a810ba4283a49e2dc1845eacfc09fd7fadd4b?s=96&d=mm&r=g8b4e5e7107f0781ab9bc60df20107da5\",\"url\":\"https:\/\/secure.gravatar.com\/avatar\/b9a74cf83ab7b387115b660a012a810ba4283a49e2dc1845eacfc09fd7fadd4b?s=96&d=mm&r=g\",\"contentUrl\":\"https:\/\/secure.gravatar.com\/avatar\/b9a74cf83ab7b387115b660a012a810ba4283a49e2dc1845eacfc09fd7fadd4b?s=96&d=mm&r=g\",\"caption\":\"Reda\u00e7\u00e3o\"},\"url\":\"https:\/\/economiasa.com.br\/blog\/author\/vhassessoriagmail-com\/\"}]}<\/script>\n<!-- \/ Yoast SEO plugin. -->","yoast_head_json":{"title":"Aos 13 anos, atleta de Colombo soma sete t\u00edtulos no jiu-j\u00edtsu em primeiro ano de competi\u00e7\u00f5es - Economia S\/A","robots":{"index":"index","follow":"follow","max-snippet":"max-snippet:-1","max-image-preview":"max-image-preview:large","max-video-preview":"max-video-preview:-1"},"canonical":"https:\/\/economiasa.com.br\/blog\/aos-13-anos-atleta-de-colombo-soma-sete-titulos-no-jiu-jitsu-em-primeiro-ano-de-competicoes\/","og_locale":"pt_BR","og_type":"article","og_title":"Aos 13 anos, atleta de Colombo soma sete t\u00edtulos no jiu-j\u00edtsu em primeiro ano de competi\u00e7\u00f5es - Economia S\/A","og_description":"Com apenas um ano de pr\u00e1tica no jiu-j\u00edtsu, o atleta Enzo Vin\u00edcius Cleto Ribeiro, de 13 anos, j\u00e1 acumula sete medalhas de...","og_url":"https:\/\/economiasa.com.br\/blog\/aos-13-anos-atleta-de-colombo-soma-sete-titulos-no-jiu-jitsu-em-primeiro-ano-de-competicoes\/","og_site_name":"Economia S\/A","article_published_time":"2026-09-04T20:42:36+00:00","article_modified_time":"2026-09-04T20:50:53+00:00","og_image":[{"width":1599,"height":1201,"url":"https:\/\/economiasa.com.br\/blog\/wp-content\/uploads\/2026\/09\/ccpx2.jpeg","type":"image\/jpeg"}],"author":"Reda\u00e7\u00e3o","twitter_card":"summary_large_image","twitter_misc":{"Escrito por":"Reda\u00e7\u00e3o","Est. tempo de leitura":"6 minutos"},"schema":{"@context":"https:\/\/schema.org","@graph":[{"@type":"Article","@id":"https:\/\/economiasa.com.br\/blog\/aos-13-anos-atleta-de-colombo-soma-sete-titulos-no-jiu-jitsu-em-primeiro-ano-de-competicoes\/#article","isPartOf":{"@id":"https:\/\/economiasa.com.br\/blog\/aos-13-anos-atleta-de-colombo-soma-sete-titulos-no-jiu-jitsu-em-primeiro-ano-de-competicoes\/"},"author":{"name":"Reda\u00e7\u00e3o","@id":"https:\/\/economiasa.com.br\/blog\/#\/schema\/person\/57f2dfaf8250a36d041a4e4cf0498faf"},"headline":"Aos 13 anos, atleta de Colombo soma sete t\u00edtulos no jiu-j\u00edtsu em primeiro ano de competi\u00e7\u00f5es","datePublished":"2026-09-04T20:42:36+00:00","dateModified":"2026-09-04T20:50:53+00:00","mainEntityOfPage":{"@id":"https:\/\/economiasa.com.br\/blog\/aos-13-anos-atleta-de-colombo-soma-sete-titulos-no-jiu-jitsu-em-primeiro-ano-de-competicoes\/"},"wordCount":640,"image":{"@id":"https:\/\/economiasa.com.br\/blog\/aos-13-anos-atleta-de-colombo-soma-sete-titulos-no-jiu-jitsu-em-primeiro-ano-de-competicoes\/#primaryimage"},"thumbnailUrl":"https:\/\/economiasa.com.br\/blog\/wp-content\/uploads\/2026\/09\/ccpx2.jpeg","articleSection":["Esportes"],"inLanguage":"pt-BR"},{"@type":"WebPage","@id":"https:\/\/economiasa.com.br\/blog\/aos-13-anos-atleta-de-colombo-soma-sete-titulos-no-jiu-jitsu-em-primeiro-ano-de-competicoes\/","url":"https:\/\/economiasa.com.br\/blog\/aos-13-anos-atleta-de-colombo-soma-sete-titulos-no-jiu-jitsu-em-primeiro-ano-de-competicoes\/","name":"Aos 13 anos, atleta de Colombo soma sete t\u00edtulos no jiu-j\u00edtsu em primeiro ano de competi\u00e7\u00f5es - Economia S\/A","isPartOf":{"@id":"https:\/\/economiasa.com.br\/blog\/#website"},"primaryImageOfPage":{"@id":"https:\/\/economiasa.com.br\/blog\/aos-13-anos-atleta-de-colombo-soma-sete-titulos-no-jiu-jitsu-em-primeiro-ano-de-competicoes\/#primaryimage"},"image":{"@id":"https:\/\/economiasa.com.br\/blog\/aos-13-anos-atleta-de-colombo-soma-sete-titulos-no-jiu-jitsu-em-primeiro-ano-de-competicoes\/#primaryimage"},"thumbnailUrl":"https:\/\/economiasa.com.br\/blog\/wp-content\/uploads\/2026\/09\/ccpx2.jpeg","datePublished":"2026-09-04T20:42:36+00:00","dateModified":"2026-09-04T20:50:53+00:00","author":{"@id":"https:\/\/economiasa.com.br\/blog\/#\/schema\/person\/57f2dfaf8250a36d041a4e4cf0498faf"},"breadcrumb":{"@id":"https:\/\/economiasa.com.br\/blog\/aos-13-anos-atleta-de-colombo-soma-sete-titulos-no-jiu-jitsu-em-primeiro-ano-de-competicoes\/#breadcrumb"},"inLanguage":"pt-BR","potentialAction":[{"@type":"ReadAction","target":["https:\/\/economiasa.com.br\/blog\/aos-13-anos-atleta-de-colombo-soma-sete-titulos-no-jiu-jitsu-em-primeiro-ano-de-competicoes\/"]}]},{"@type":"ImageObject","inLanguage":"pt-BR","@id":"https:\/\/economiasa.com.br\/blog\/aos-13-anos-atleta-de-colombo-soma-sete-titulos-no-jiu-jitsu-em-primeiro-ano-de-competicoes\/#primaryimage","url":"https:\/\/economiasa.com.br\/blog\/wp-content\/uploads\/2026\/09\/ccpx2.jpeg","contentUrl":"https:\/\/economiasa.com.br\/blog\/wp-content\/uploads\/2026\/09\/ccpx2.jpeg","width":1599,"height":1201,"caption":"Cr\u00e9ditos da Foto: Divulga\u00e7\u00e3o"},{"@type":"BreadcrumbList","@id":"https:\/\/economiasa.com.br\/blog\/aos-13-anos-atleta-de-colombo-soma-sete-titulos-no-jiu-jitsu-em-primeiro-ano-de-competicoes\/#breadcrumb","itemListElement":[{"@type":"ListItem","position":1,"name":"In\u00edcio","item":"https:\/\/economiasa.com.br\/blog\/"},{"@type":"ListItem","position":2,"name":"Aos 13 anos, atleta de Colombo soma sete t\u00edtulos no jiu-j\u00edtsu em primeiro ano de competi\u00e7\u00f5es"}]},{"@type":"WebSite","@id":"https:\/\/economiasa.com.br\/blog\/#website","url":"https:\/\/economiasa.com.br\/blog\/","name":"Economia S\/A","description":"Ler faz bem para os neg\u00f3cios","potentialAction":[{"@type":"SearchAction","target":{"@type":"EntryPoint","urlTemplate":"https:\/\/economiasa.com.br\/blog\/?s={search_term_string}"},"query-input":{"@type":"PropertyValueSpecification","valueRequired":true,"valueName":"search_term_string"}}],"inLanguage":"pt-BR"},{"@type":"Person","@id":"https:\/\/economiasa.com.br\/blog\/#\/schema\/person\/57f2dfaf8250a36d041a4e4cf0498faf","name":"Reda\u00e7\u00e3o","image":{"@type":"ImageObject","inLanguage":"pt-BR","@id":"https:\/\/secure.gravatar.com\/avatar\/b9a74cf83ab7b387115b660a012a810ba4283a49e2dc1845eacfc09fd7fadd4b?s=96&d=mm&r=g8b4e5e7107f0781ab9bc60df20107da5","url":"https:\/\/secure.gravatar.com\/avatar\/b9a74cf83ab7b387115b660a012a810ba4283a49e2dc1845eacfc09fd7fadd4b?s=96&d=mm&r=g","contentUrl":"https:\/\/secure.gravatar.com\/avatar\/b9a74cf83ab7b387115b660a012a810ba4283a49e2dc1845eacfc09fd7fadd4b?s=96&d=mm&r=g","caption":"Reda\u00e7\u00e3o"},"url":"https:\/\/economiasa.com.br\/blog\/author\/vhassessoriagmail-com\/"}]}},"authors":[{"term_id":13237,"user_id":13,"is_guest":0,"slug":"vhassessoriagmail-com","display_name":"Reda\u00e7\u00e3o","avatar_url":"https:\/\/secure.gravatar.com\/avatar\/b9a74cf83ab7b387115b660a012a810ba4283a49e2dc1845eacfc09fd7fadd4b?s=96&d=mm&r=g","author_category":"","first_name":"Vanessa","last_name":"Reda\u00e7\u00e3o","user_url":"","job_title":"","description":""}],"amp_enabled":true,"_links":{"self":[{"href":"https:\/\/economiasa.com.br\/blog\/wp-json\/wp\/v2\/posts\/85143","targetHints":{"allow":["GET"]}}],"collection":[{"href":"https:\/\/economiasa.com.br\/blog\/wp-json\/wp\/v2\/posts"}],"about":[{"href":"https:\/\/economiasa.com.br\/blog\/wp-json\/wp\/v2\/types\/post"}],"author":[{"embeddable":true,"href":"https:\/\/economiasa.com.br\/blog\/wp-json\/wp\/v2\/users\/13"}],"replies":[{"embeddable":true,"href":"https:\/\/economiasa.com.br\/blog\/wp-json\/wp\/v2\/comments?post=85143"}],"version-history":[{"count":0,"href":"https:\/\/economiasa.com.br\/blog\/wp-json\/wp\/v2\/posts\/85143\/revisions"}],"wp:featuredmedia":[{"embeddable":true,"href":"https:\/\/economiasa.com.br\/blog\/wp-json\/wp\/v2\/media\/85163"}],"wp:attachment":[{"href":"https:\/\/economiasa.com.br\/blog\/wp-json\/wp\/v2\/media?parent=85143"}],"wp:term":[{"taxonomy":"category","embeddable":true,"href":"https:\/\/economiasa.com.br\/blog\/wp-json\/wp\/v2\/categories?post=85143"},{"taxonomy":"post_tag","embeddable":true,"href":"https:\/\/economiasa.com.br\/blog\/wp-json\/wp\/v2\/tags?post=85143"},{"taxonomy":"author","embeddable":true,"href":"https:\/\/economiasa.com.br\/blog\/wp-json\/wp\/v2\/ppma_author?post=85143"}],"curies":[{"name":"wp","href":"https:\/\/api.w.org\/{rel}","templated":true}]}}