{"id":85165,"date":"2026-09-04T17:45:12","date_gmt":"2026-09-04T20:45:12","guid":{"rendered":"https:\/\/economiasa.com.br\/blog\/?p=85165"},"modified":"2026-09-04T17:45:12","modified_gmt":"2026-09-04T20:45:12","slug":"por-que-depois-dos-40-o-rosto-muda-mais-rapido-entenda-o-que-esta-por-tras-da-flacidez-facial","status":"publish","type":"post","link":"https:\/\/economiasa.com.br\/blog\/por-que-depois-dos-40-o-rosto-muda-mais-rapido-entenda-o-que-esta-por-tras-da-flacidez-facial\/","title":{"rendered":"Por que depois dos 40, o rosto muda mais r\u00e1pido? Entenda o que est\u00e1 por tr\u00e1s da flacidez facial"},"content":{"rendered":"\n<p class=\"wp-block-paragraph\"><em>Popularmente chamado de \u201crosto derretido\u201d, o efeito pode ficar mais evidente com a queda do estrog\u00eanio, a redu\u00e7\u00e3o do col\u00e1geno e o emagrecimento acelerado. M\u00e9dica especialista em est\u00e9tica explica como cuidar da pele e preservar o contorno facial<\/em><\/p>\n\n\n\n<p class=\"wp-block-paragraph\">Para muitas mulheres, a chegada dos 40 anos traz uma percep\u00e7\u00e3o diferente diante do espelho. As rugas podem at\u00e9 n\u00e3o ser a principal preocupa\u00e7\u00e3o, o que chama a aten\u00e7\u00e3o \u00e9 a mudan\u00e7a no contorno do rosto, a perda de defini\u00e7\u00e3o da mand\u00edbula, a flacidez e aquele aspecto popularmente chamado de \u201crosto derretido\u201d.<\/p>\n\n\n\n<p class=\"wp-block-paragraph\">O fen\u00f4meno, embora fa\u00e7a parte do processo natural de envelhecimento, pode se tornar mais percept\u00edvel a partir dos 40 anos, especialmente diante das mudan\u00e7as hormonais que acompanham a transi\u00e7\u00e3o para a menopausa. O emagrecimento acelerado tamb\u00e9m pode contribuir para acentuar a perda de volume e de sustenta\u00e7\u00e3o facial.<\/p>\n\n\n\n<p class=\"wp-block-paragraph\">Segundo a m\u00e9dica especialista em est\u00e9tica Dra. Vanessa Penteado, o envelhecimento facial n\u00e3o acontece apenas na superf\u00edcie da pele. Ao longo dos anos, diferentes estruturas do rosto sofrem altera\u00e7\u00f5es: h\u00e1 redu\u00e7\u00e3o da densidade \u00f3ssea, mudan\u00e7as nos compartimentos de gordura respons\u00e1veis pelo contorno facial e queda progressiva na produ\u00e7\u00e3o de col\u00e1geno e elastina. \u201cO envelhecimento \u00e9 um processo que acontece em diferentes camadas do rosto. N\u00e3o estamos falando apenas de rugas. Existe uma perda de sustenta\u00e7\u00e3o, de volume e de qualidade da pele, que acaba modificando o contorno facial\u201d, explica a m\u00e9dica.<\/p>\n\n\n\n<p class=\"wp-block-paragraph\">E por que os 40 anos s\u00e3o uma fase de aten\u00e7\u00e3o? Segundo a especialista, a partir dessa faixa et\u00e1ria, as transforma\u00e7\u00f5es hormonais ganham import\u00e2ncia. Com a redu\u00e7\u00e3o do estrog\u00eanio, especialmente durante a transi\u00e7\u00e3o para a menopausa, a pele pode ficar mais fina, menos hidratada e com menor capacidade de produzir col\u00e1geno. E \u00e9 justamente nesse per\u00edodo que muitas mulheres come\u00e7am a perceber que os cuidados que antes funcionavam aos 30 anos, j\u00e1 n\u00e3o entregam os mesmos resultados. \u201cO estrog\u00eanio tem uma rela\u00e7\u00e3o importante com a qualidade dos tecidos. Quando seus n\u00edveis caem, percebemos altera\u00e7\u00f5es na pele, na hidrata\u00e7\u00e3o, na elasticidade e na produ\u00e7\u00e3o de col\u00e1geno. Por isso, os cuidados precisam acompanhar essa nova fase da mulher\u201d, afirma.\u00a0<\/p>\n\n\n\n<p class=\"wp-block-paragraph\">Outro fator que ganhou destaque nos \u00faltimos anos \u00e9 a perda de peso significativa em um curto per\u00edodo. Com a redu\u00e7\u00e3o r\u00e1pida da gordura corporal, inclusive nos compartimentos de gordura da face, algumas mulheres percebem uma apar\u00eancia mais envelhecida ou uma perda maior de sustenta\u00e7\u00e3o. \u201cQuando existe uma perda de gordura muito r\u00e1pida, o rosto tamb\u00e9m perde volume. \u00c9 como uma bexiga: quando retiramos o conte\u00fado, o material que estava esticado perde tens\u00e3o. No rosto, isso pode contribuir para que a flacidez fique mais evidente\u201d, compara a especialista.<\/p>\n\n\n\n<p class=\"wp-block-paragraph\">A situa\u00e7\u00e3o merece aten\u00e7\u00e3o principalmente porque o objetivo do emagrecimento \u00e9 melhorar a sa\u00fade, e n\u00e3o comprometer a autoestima. Por isso, a m\u00e9dica refor\u00e7a a import\u00e2ncia de um processo acompanhado e individualizado.<\/p>\n\n\n\n<p class=\"wp-block-paragraph\">Ela destaca ainda que apesar dos tratamentos est\u00e9ticos fazerem parte das possibilidades para mulheres que desejam melhorar a qualidade da pele e o contorno facial, o cuidado come\u00e7a muito antes do consult\u00f3rio. Alimenta\u00e7\u00e3o equilibrada, atividade f\u00edsica, sono adequado, hidrata\u00e7\u00e3o, uso de antioxidantes quando indicados e, principalmente, prote\u00e7\u00e3o solar s\u00e3o importantes para preservar a qualidade da pele ao longo dos anos. \u201cO protetor solar continua sendo um dos maiores aliados contra o envelhecimento precoce. Al\u00e9m disso, precisamos olhar para a paciente como um todo. N\u00e3o existe uma rotina universal. O que funciona para uma mulher de 42 anos pode n\u00e3o ser o mais adequado para outra de 50\u201d, explica.<\/p>\n\n\n\n<p class=\"wp-block-paragraph\">Entre os recursos que podem ser indicados, de acordo com a avalia\u00e7\u00e3o individual, est\u00e3o tecnologias como ultrassom microfocado e radiofrequ\u00eancia, al\u00e9m de bioestimuladores de col\u00e1geno e outros procedimentos. A m\u00e9dica ressalta, por\u00e9m, que o diagn\u00f3stico deve vir antes da escolha do tratamento. \u201cN\u00e3o existe um procedimento que seja melhor para todas as mulheres. Primeiro precisamos entender o que est\u00e1 acontecendo: se existe perda de volume, flacidez, altera\u00e7\u00e3o na qualidade da pele ou uma combina\u00e7\u00e3o desses fatores. A partir da\u00ed, constru\u00edmos uma estrat\u00e9gia\u201d, diz.<\/p>\n\n\n\n<p class=\"wp-block-paragraph\">Mais do que buscar uma apar\u00eancia mais jovem, a proposta \u00e9 acompanhar as transforma\u00e7\u00f5es do rosto sem perder a identidade.<\/p>\n\n\n\n<p class=\"wp-block-paragraph\">\u201cA ideia n\u00e3o \u00e9 lutar contra a idade, mas fazer com que a mulher atravesse cada fase se sentindo bem, saud\u00e1vel e bonita dentro da sua pr\u00f3pria maturidade\u201d, conclui Dra. Vanessa.<\/p>\n","protected":false},"excerpt":{"rendered":"<p>Popularmente chamado de \u201crosto derretido\u201d, o efeito pode ficar mais evidente com a queda do estrog\u00eanio, a redu\u00e7\u00e3o do col\u00e1geno e o&#8230;<\/p>\n","protected":false},"author":47,"featured_media":85166,"comment_status":"closed","ping_status":"open","sticky":false,"template":"","format":"standard","meta":{"footnotes":""},"categories":[2047],"tags":[],"ppma_author":[13248],"class_list":["post-85165","post","type-post","status-publish","format-standard","has-post-thumbnail","category-beleza"],"yoast_head":"<!-- This site is optimized with the Yoast SEO plugin v27.2 - https:\/\/yoast.com\/product\/yoast-seo-wordpress\/ -->\n<title>Por que depois dos 40, o rosto muda mais r\u00e1pido? Entenda o que est\u00e1 por tr\u00e1s da flacidez facial - Economia S\/A<\/title>\n<meta name=\"robots\" content=\"index, follow, max-snippet:-1, max-image-preview:large, max-video-preview:-1\" \/>\n<link rel=\"canonical\" href=\"https:\/\/economiasa.com.br\/blog\/por-que-depois-dos-40-o-rosto-muda-mais-rapido-entenda-o-que-esta-por-tras-da-flacidez-facial\/\" \/>\n<meta property=\"og:locale\" content=\"pt_BR\" \/>\n<meta property=\"og:type\" content=\"article\" \/>\n<meta property=\"og:title\" content=\"Por que depois dos 40, o rosto muda mais r\u00e1pido? Entenda o que est\u00e1 por tr\u00e1s da flacidez facial - Economia S\/A\" \/>\n<meta property=\"og:description\" content=\"Popularmente chamado de \u201crosto derretido\u201d, o efeito pode ficar mais evidente com a queda do estrog\u00eanio, a redu\u00e7\u00e3o do col\u00e1geno e o...\" \/>\n<meta property=\"og:url\" content=\"https:\/\/economiasa.com.br\/blog\/por-que-depois-dos-40-o-rosto-muda-mais-rapido-entenda-o-que-esta-por-tras-da-flacidez-facial\/\" \/>\n<meta property=\"og:site_name\" content=\"Economia S\/A\" \/>\n<meta property=\"article:published_time\" content=\"2026-09-04T20:45:12+00:00\" \/>\n<meta property=\"og:image\" content=\"https:\/\/economiasa.com.br\/blog\/wp-content\/uploads\/2026\/09\/Capturar-38.png\" \/>\n\t<meta property=\"og:image:width\" content=\"800\" \/>\n\t<meta property=\"og:image:height\" content=\"535\" \/>\n\t<meta property=\"og:image:type\" content=\"image\/png\" \/>\n<meta name=\"author\" content=\"Reda\u00e7\u00e3o\" \/>\n<meta name=\"twitter:card\" content=\"summary_large_image\" \/>\n<meta name=\"twitter:label1\" content=\"Escrito por\" \/>\n\t<meta name=\"twitter:data1\" content=\"Reda\u00e7\u00e3o\" \/>\n\t<meta name=\"twitter:label2\" content=\"Est. tempo de leitura\" \/>\n\t<meta name=\"twitter:data2\" content=\"5 minutos\" \/>\n<script type=\"application\/ld+json\" class=\"yoast-schema-graph\">{\"@context\":\"https:\/\/schema.org\",\"@graph\":[{\"@type\":\"Article\",\"@id\":\"https:\/\/economiasa.com.br\/blog\/por-que-depois-dos-40-o-rosto-muda-mais-rapido-entenda-o-que-esta-por-tras-da-flacidez-facial\/#article\",\"isPartOf\":{\"@id\":\"https:\/\/economiasa.com.br\/blog\/por-que-depois-dos-40-o-rosto-muda-mais-rapido-entenda-o-que-esta-por-tras-da-flacidez-facial\/\"},\"author\":{\"name\":\"Reda\u00e7\u00e3o\",\"@id\":\"https:\/\/economiasa.com.br\/blog\/#\/schema\/person\/14b8ac2dc25bd63b52bc54e845fa3923\"},\"headline\":\"Por que depois dos 40, o rosto muda mais r\u00e1pido? Entenda o que est\u00e1 por tr\u00e1s da flacidez facial\",\"datePublished\":\"2026-09-04T20:45:12+00:00\",\"mainEntityOfPage\":{\"@id\":\"https:\/\/economiasa.com.br\/blog\/por-que-depois-dos-40-o-rosto-muda-mais-rapido-entenda-o-que-esta-por-tras-da-flacidez-facial\/\"},\"wordCount\":811,\"image\":{\"@id\":\"https:\/\/economiasa.com.br\/blog\/por-que-depois-dos-40-o-rosto-muda-mais-rapido-entenda-o-que-esta-por-tras-da-flacidez-facial\/#primaryimage\"},\"thumbnailUrl\":\"https:\/\/economiasa.com.br\/blog\/wp-content\/uploads\/2026\/09\/Capturar-38.png\",\"articleSection\":[\"Beleza\"],\"inLanguage\":\"pt-BR\"},{\"@type\":\"WebPage\",\"@id\":\"https:\/\/economiasa.com.br\/blog\/por-que-depois-dos-40-o-rosto-muda-mais-rapido-entenda-o-que-esta-por-tras-da-flacidez-facial\/\",\"url\":\"https:\/\/economiasa.com.br\/blog\/por-que-depois-dos-40-o-rosto-muda-mais-rapido-entenda-o-que-esta-por-tras-da-flacidez-facial\/\",\"name\":\"Por que depois dos 40, o rosto muda mais r\u00e1pido? Entenda o que est\u00e1 por tr\u00e1s da flacidez facial - Economia S\/A\",\"isPartOf\":{\"@id\":\"https:\/\/economiasa.com.br\/blog\/#website\"},\"primaryImageOfPage\":{\"@id\":\"https:\/\/economiasa.com.br\/blog\/por-que-depois-dos-40-o-rosto-muda-mais-rapido-entenda-o-que-esta-por-tras-da-flacidez-facial\/#primaryimage\"},\"image\":{\"@id\":\"https:\/\/economiasa.com.br\/blog\/por-que-depois-dos-40-o-rosto-muda-mais-rapido-entenda-o-que-esta-por-tras-da-flacidez-facial\/#primaryimage\"},\"thumbnailUrl\":\"https:\/\/economiasa.com.br\/blog\/wp-content\/uploads\/2026\/09\/Capturar-38.png\",\"datePublished\":\"2026-09-04T20:45:12+00:00\",\"author\":{\"@id\":\"https:\/\/economiasa.com.br\/blog\/#\/schema\/person\/14b8ac2dc25bd63b52bc54e845fa3923\"},\"breadcrumb\":{\"@id\":\"https:\/\/economiasa.com.br\/blog\/por-que-depois-dos-40-o-rosto-muda-mais-rapido-entenda-o-que-esta-por-tras-da-flacidez-facial\/#breadcrumb\"},\"inLanguage\":\"pt-BR\",\"potentialAction\":[{\"@type\":\"ReadAction\",\"target\":[\"https:\/\/economiasa.com.br\/blog\/por-que-depois-dos-40-o-rosto-muda-mais-rapido-entenda-o-que-esta-por-tras-da-flacidez-facial\/\"]}]},{\"@type\":\"ImageObject\",\"inLanguage\":\"pt-BR\",\"@id\":\"https:\/\/economiasa.com.br\/blog\/por-que-depois-dos-40-o-rosto-muda-mais-rapido-entenda-o-que-esta-por-tras-da-flacidez-facial\/#primaryimage\",\"url\":\"https:\/\/economiasa.com.br\/blog\/wp-content\/uploads\/2026\/09\/Capturar-38.png\",\"contentUrl\":\"https:\/\/economiasa.com.br\/blog\/wp-content\/uploads\/2026\/09\/Capturar-38.png\",\"width\":800,\"height\":535,\"caption\":\"SergioPhotone - Cr\u00e9ditos da foto: Divulga\u00e7\u00e3o\"},{\"@type\":\"BreadcrumbList\",\"@id\":\"https:\/\/economiasa.com.br\/blog\/por-que-depois-dos-40-o-rosto-muda-mais-rapido-entenda-o-que-esta-por-tras-da-flacidez-facial\/#breadcrumb\",\"itemListElement\":[{\"@type\":\"ListItem\",\"position\":1,\"name\":\"In\u00edcio\",\"item\":\"https:\/\/economiasa.com.br\/blog\/\"},{\"@type\":\"ListItem\",\"position\":2,\"name\":\"Por que depois dos 40, o rosto muda mais r\u00e1pido? Entenda o que est\u00e1 por tr\u00e1s da flacidez facial\"}]},{\"@type\":\"WebSite\",\"@id\":\"https:\/\/economiasa.com.br\/blog\/#website\",\"url\":\"https:\/\/economiasa.com.br\/blog\/\",\"name\":\"Economia S\/A\",\"description\":\"Ler faz bem para os neg\u00f3cios\",\"potentialAction\":[{\"@type\":\"SearchAction\",\"target\":{\"@type\":\"EntryPoint\",\"urlTemplate\":\"https:\/\/economiasa.com.br\/blog\/?s={search_term_string}\"},\"query-input\":{\"@type\":\"PropertyValueSpecification\",\"valueRequired\":true,\"valueName\":\"search_term_string\"}}],\"inLanguage\":\"pt-BR\"},{\"@type\":\"Person\",\"@id\":\"https:\/\/economiasa.com.br\/blog\/#\/schema\/person\/14b8ac2dc25bd63b52bc54e845fa3923\",\"name\":\"Reda\u00e7\u00e3o\",\"image\":{\"@type\":\"ImageObject\",\"inLanguage\":\"pt-BR\",\"@id\":\"https:\/\/secure.gravatar.com\/avatar\/c8c795261f7f8547b22616a549577db9e450bd5622da3f6eb62b0e2c3e364c4e?s=96&d=mm&r=g0fb5212bc57e2287787936667fbbe0ff\",\"url\":\"https:\/\/secure.gravatar.com\/avatar\/c8c795261f7f8547b22616a549577db9e450bd5622da3f6eb62b0e2c3e364c4e?s=96&d=mm&r=g\",\"contentUrl\":\"https:\/\/secure.gravatar.com\/avatar\/c8c795261f7f8547b22616a549577db9e450bd5622da3f6eb62b0e2c3e364c4e?s=96&d=mm&r=g\",\"caption\":\"Reda\u00e7\u00e3o\"},\"sameAs\":[\"http:\/\/www.economiasa.com.br\"],\"url\":\"https:\/\/economiasa.com.br\/blog\/author\/redacao\/\"}]}<\/script>\n<!-- \/ Yoast SEO plugin. -->","yoast_head_json":{"title":"Por que depois dos 40, o rosto muda mais r\u00e1pido? Entenda o que est\u00e1 por tr\u00e1s da flacidez facial - Economia S\/A","robots":{"index":"index","follow":"follow","max-snippet":"max-snippet:-1","max-image-preview":"max-image-preview:large","max-video-preview":"max-video-preview:-1"},"canonical":"https:\/\/economiasa.com.br\/blog\/por-que-depois-dos-40-o-rosto-muda-mais-rapido-entenda-o-que-esta-por-tras-da-flacidez-facial\/","og_locale":"pt_BR","og_type":"article","og_title":"Por que depois dos 40, o rosto muda mais r\u00e1pido? Entenda o que est\u00e1 por tr\u00e1s da flacidez facial - Economia S\/A","og_description":"Popularmente chamado de \u201crosto derretido\u201d, o efeito pode ficar mais evidente com a queda do estrog\u00eanio, a redu\u00e7\u00e3o do col\u00e1geno e o...","og_url":"https:\/\/economiasa.com.br\/blog\/por-que-depois-dos-40-o-rosto-muda-mais-rapido-entenda-o-que-esta-por-tras-da-flacidez-facial\/","og_site_name":"Economia S\/A","article_published_time":"2026-09-04T20:45:12+00:00","og_image":[{"width":800,"height":535,"url":"https:\/\/economiasa.com.br\/blog\/wp-content\/uploads\/2026\/09\/Capturar-38.png","type":"image\/png"}],"author":"Reda\u00e7\u00e3o","twitter_card":"summary_large_image","twitter_misc":{"Escrito por":"Reda\u00e7\u00e3o","Est. tempo de leitura":"5 minutos"},"schema":{"@context":"https:\/\/schema.org","@graph":[{"@type":"Article","@id":"https:\/\/economiasa.com.br\/blog\/por-que-depois-dos-40-o-rosto-muda-mais-rapido-entenda-o-que-esta-por-tras-da-flacidez-facial\/#article","isPartOf":{"@id":"https:\/\/economiasa.com.br\/blog\/por-que-depois-dos-40-o-rosto-muda-mais-rapido-entenda-o-que-esta-por-tras-da-flacidez-facial\/"},"author":{"name":"Reda\u00e7\u00e3o","@id":"https:\/\/economiasa.com.br\/blog\/#\/schema\/person\/14b8ac2dc25bd63b52bc54e845fa3923"},"headline":"Por que depois dos 40, o rosto muda mais r\u00e1pido? Entenda o que est\u00e1 por tr\u00e1s da flacidez facial","datePublished":"2026-09-04T20:45:12+00:00","mainEntityOfPage":{"@id":"https:\/\/economiasa.com.br\/blog\/por-que-depois-dos-40-o-rosto-muda-mais-rapido-entenda-o-que-esta-por-tras-da-flacidez-facial\/"},"wordCount":811,"image":{"@id":"https:\/\/economiasa.com.br\/blog\/por-que-depois-dos-40-o-rosto-muda-mais-rapido-entenda-o-que-esta-por-tras-da-flacidez-facial\/#primaryimage"},"thumbnailUrl":"https:\/\/economiasa.com.br\/blog\/wp-content\/uploads\/2026\/09\/Capturar-38.png","articleSection":["Beleza"],"inLanguage":"pt-BR"},{"@type":"WebPage","@id":"https:\/\/economiasa.com.br\/blog\/por-que-depois-dos-40-o-rosto-muda-mais-rapido-entenda-o-que-esta-por-tras-da-flacidez-facial\/","url":"https:\/\/economiasa.com.br\/blog\/por-que-depois-dos-40-o-rosto-muda-mais-rapido-entenda-o-que-esta-por-tras-da-flacidez-facial\/","name":"Por que depois dos 40, o rosto muda mais r\u00e1pido? Entenda o que est\u00e1 por tr\u00e1s da flacidez facial - Economia S\/A","isPartOf":{"@id":"https:\/\/economiasa.com.br\/blog\/#website"},"primaryImageOfPage":{"@id":"https:\/\/economiasa.com.br\/blog\/por-que-depois-dos-40-o-rosto-muda-mais-rapido-entenda-o-que-esta-por-tras-da-flacidez-facial\/#primaryimage"},"image":{"@id":"https:\/\/economiasa.com.br\/blog\/por-que-depois-dos-40-o-rosto-muda-mais-rapido-entenda-o-que-esta-por-tras-da-flacidez-facial\/#primaryimage"},"thumbnailUrl":"https:\/\/economiasa.com.br\/blog\/wp-content\/uploads\/2026\/09\/Capturar-38.png","datePublished":"2026-09-04T20:45:12+00:00","author":{"@id":"https:\/\/economiasa.com.br\/blog\/#\/schema\/person\/14b8ac2dc25bd63b52bc54e845fa3923"},"breadcrumb":{"@id":"https:\/\/economiasa.com.br\/blog\/por-que-depois-dos-40-o-rosto-muda-mais-rapido-entenda-o-que-esta-por-tras-da-flacidez-facial\/#breadcrumb"},"inLanguage":"pt-BR","potentialAction":[{"@type":"ReadAction","target":["https:\/\/economiasa.com.br\/blog\/por-que-depois-dos-40-o-rosto-muda-mais-rapido-entenda-o-que-esta-por-tras-da-flacidez-facial\/"]}]},{"@type":"ImageObject","inLanguage":"pt-BR","@id":"https:\/\/economiasa.com.br\/blog\/por-que-depois-dos-40-o-rosto-muda-mais-rapido-entenda-o-que-esta-por-tras-da-flacidez-facial\/#primaryimage","url":"https:\/\/economiasa.com.br\/blog\/wp-content\/uploads\/2026\/09\/Capturar-38.png","contentUrl":"https:\/\/economiasa.com.br\/blog\/wp-content\/uploads\/2026\/09\/Capturar-38.png","width":800,"height":535,"caption":"SergioPhotone - Cr\u00e9ditos da foto: Divulga\u00e7\u00e3o"},{"@type":"BreadcrumbList","@id":"https:\/\/economiasa.com.br\/blog\/por-que-depois-dos-40-o-rosto-muda-mais-rapido-entenda-o-que-esta-por-tras-da-flacidez-facial\/#breadcrumb","itemListElement":[{"@type":"ListItem","position":1,"name":"In\u00edcio","item":"https:\/\/economiasa.com.br\/blog\/"},{"@type":"ListItem","position":2,"name":"Por que depois dos 40, o rosto muda mais r\u00e1pido? Entenda o que est\u00e1 por tr\u00e1s da flacidez facial"}]},{"@type":"WebSite","@id":"https:\/\/economiasa.com.br\/blog\/#website","url":"https:\/\/economiasa.com.br\/blog\/","name":"Economia S\/A","description":"Ler faz bem para os neg\u00f3cios","potentialAction":[{"@type":"SearchAction","target":{"@type":"EntryPoint","urlTemplate":"https:\/\/economiasa.com.br\/blog\/?s={search_term_string}"},"query-input":{"@type":"PropertyValueSpecification","valueRequired":true,"valueName":"search_term_string"}}],"inLanguage":"pt-BR"},{"@type":"Person","@id":"https:\/\/economiasa.com.br\/blog\/#\/schema\/person\/14b8ac2dc25bd63b52bc54e845fa3923","name":"Reda\u00e7\u00e3o","image":{"@type":"ImageObject","inLanguage":"pt-BR","@id":"https:\/\/secure.gravatar.com\/avatar\/c8c795261f7f8547b22616a549577db9e450bd5622da3f6eb62b0e2c3e364c4e?s=96&d=mm&r=g0fb5212bc57e2287787936667fbbe0ff","url":"https:\/\/secure.gravatar.com\/avatar\/c8c795261f7f8547b22616a549577db9e450bd5622da3f6eb62b0e2c3e364c4e?s=96&d=mm&r=g","contentUrl":"https:\/\/secure.gravatar.com\/avatar\/c8c795261f7f8547b22616a549577db9e450bd5622da3f6eb62b0e2c3e364c4e?s=96&d=mm&r=g","caption":"Reda\u00e7\u00e3o"},"sameAs":["http:\/\/www.economiasa.com.br"],"url":"https:\/\/economiasa.com.br\/blog\/author\/redacao\/"}]}},"authors":[{"term_id":13248,"user_id":47,"is_guest":0,"slug":"redacao","display_name":"Reda\u00e7\u00e3o","avatar_url":"https:\/\/secure.gravatar.com\/avatar\/c8c795261f7f8547b22616a549577db9e450bd5622da3f6eb62b0e2c3e364c4e?s=96&d=mm&r=g","author_category":"","first_name":"Reda\u00e7\u00e3o","last_name":"","user_url":"http:\/\/www.economiasa.com.br","job_title":"","description":""}],"amp_enabled":true,"_links":{"self":[{"href":"https:\/\/economiasa.com.br\/blog\/wp-json\/wp\/v2\/posts\/85165","targetHints":{"allow":["GET"]}}],"collection":[{"href":"https:\/\/economiasa.com.br\/blog\/wp-json\/wp\/v2\/posts"}],"about":[{"href":"https:\/\/economiasa.com.br\/blog\/wp-json\/wp\/v2\/types\/post"}],"author":[{"embeddable":true,"href":"https:\/\/economiasa.com.br\/blog\/wp-json\/wp\/v2\/users\/47"}],"replies":[{"embeddable":true,"href":"https:\/\/economiasa.com.br\/blog\/wp-json\/wp\/v2\/comments?post=85165"}],"version-history":[{"count":0,"href":"https:\/\/economiasa.com.br\/blog\/wp-json\/wp\/v2\/posts\/85165\/revisions"}],"wp:featuredmedia":[{"embeddable":true,"href":"https:\/\/economiasa.com.br\/blog\/wp-json\/wp\/v2\/media\/85166"}],"wp:attachment":[{"href":"https:\/\/economiasa.com.br\/blog\/wp-json\/wp\/v2\/media?parent=85165"}],"wp:term":[{"taxonomy":"category","embeddable":true,"href":"https:\/\/economiasa.com.br\/blog\/wp-json\/wp\/v2\/categories?post=85165"},{"taxonomy":"post_tag","embeddable":true,"href":"https:\/\/economiasa.com.br\/blog\/wp-json\/wp\/v2\/tags?post=85165"},{"taxonomy":"author","embeddable":true,"href":"https:\/\/economiasa.com.br\/blog\/wp-json\/wp\/v2\/ppma_author?post=85165"}],"curies":[{"name":"wp","href":"https:\/\/api.w.org\/{rel}","templated":true}]}}