{"id":85167,"date":"2026-09-04T17:47:05","date_gmt":"2026-09-04T20:47:05","guid":{"rendered":"https:\/\/economiasa.com.br\/blog\/?p=85167"},"modified":"2026-09-04T17:47:05","modified_gmt":"2026-09-04T20:47:05","slug":"entre-recorde-de-producao-e-atraso-nas-compras-produtor-rural-corre-contra-o-tempo-na-safra-2026-27","status":"publish","type":"post","link":"https:\/\/economiasa.com.br\/blog\/entre-recorde-de-producao-e-atraso-nas-compras-produtor-rural-corre-contra-o-tempo-na-safra-2026-27\/","title":{"rendered":"Entre recorde de produ\u00e7\u00e3o e atraso nas compras, produtor rural corre contra o tempo na safra 2026\/27"},"content":{"rendered":"\n<p class=\"wp-block-paragraph\"><em>Alta nos custos internacionais de fertilizantes, demanda chinesa por soja, avan\u00e7o do etanol de milho e novas exig\u00eancias europeias de rastreabilidade redesenham o calend\u00e1rio de compras da safra 2026\/27<\/em><\/p>\n\n\n\n<p class=\"wp-block-paragraph\">O agroneg\u00f3cio brasileiro fecha a safra 2025\/26 com n\u00fameros recordes, mas entra no planejamento do ciclo 2026\/27 sob um cen\u00e1rio de custos mais vol\u00e1teis, cr\u00e9dito delimitado, c\u00e2mbio pressionado e exig\u00eancias internacionais mais r\u00edgidas. Segundo o mais recente levantamento da\u00a0<a href=\"https:\/\/www.gov.br\/conab\/pt-br\/estimativa-aponta-para-uma-producao-de-360-8-milhoes-de-toneladas-na-safra-2025-26-2\" target=\"_blank\" rel=\"noreferrer noopener\">Companhia Nacional de Abastecimento (Conab)<\/a>, o pa\u00eds deve colher cerca de 360 milh\u00f5es de toneladas de gr\u00e3os na safra que se encerra, puxado por uma produ\u00e7\u00e3o recorde de soja, pr\u00f3xima de 180 milh\u00f5es de toneladas, e por uma safra de milho que soma 141,7 milh\u00f5es de toneladas somadas as tr\u00eas safras. O caf\u00e9 tamb\u00e9m caminha para um novo recorde em 2026\/27, com estimativas de diferentes consultorias variando entre 66 milh\u00f5es e mais de 75 milh\u00f5es de sacas.<\/p>\n\n\n\n<p class=\"wp-block-paragraph\">Apesar do otimismo com a produ\u00e7\u00e3o, o custo dos insumos segue no centro das aten\u00e7\u00f5es. O mercado internacional de fertilizantes voltou a ficar tenso neste ano, pressionado pela instabilidade geopol\u00edtica no Oriente M\u00e9dio e por gargalos log\u00edsticos que encareceram fretes e o g\u00e1s natural, mat\u00e9ria-prima essencial para os nitrogenados. Ainda que o \u00cdndice de Poder de Compra de Fertilizantes tenha recuado em junho, refletindo a queda nas commodities agr\u00edcolas e nos pre\u00e7os m\u00e9dios de insumos, o produtor segue mais cauteloso nas negocia\u00e7\u00f5es para 2026\/27. Dados do setor apontam que pouco mais da metade do volume de fertilizantes necess\u00e1rio para a pr\u00f3xima safra havia sido contratada at\u00e9 o momento, patamar abaixo do hist\u00f3rico para a \u00e9poca, o que acende o alerta para uma poss\u00edvel concentra\u00e7\u00e3o de compras no gargalo log\u00edstico pr\u00f3ximo ao plantio.<\/p>\n\n\n\n<p class=\"wp-block-paragraph\">Segundo Marcos Dallagnese, diretor Comercial da Orbia, a maior plataforma digital integrada do agroneg\u00f3cio na Am\u00e9rica Latina, cada cultura vive um momento distinto de mercado, o que exige estrat\u00e9gias diferentes de compra e gest\u00e3o de insumos ao longo da safra. \u201cA soja segue em ritmo de recupera\u00e7\u00e3o de pre\u00e7os de olho na demanda e safra americana, mas isso tamb\u00e9m exige do produtor aten\u00e7\u00e3o redobrada ao c\u00e2mbio e ao timing entre a venda do gr\u00e3o e a compra de insumos. J\u00e1 o milho vive uma transforma\u00e7\u00e3o estrutural, com a expans\u00e3o acelerada das usinas de etanol ampliando a disputa pelo gr\u00e3o e tornando o planejamento log\u00edstico ainda mais estrat\u00e9gico. O caf\u00e9, por sua vez, segue em um bom momento de pre\u00e7os e volatilidade, mesmo diante da expectativa de safra recorde, o que exige acompanhamento constante do mercado por parte do produtor\u201d, afirma.<\/p>\n\n\n\n<p class=\"wp-block-paragraph\">De fato, o etanol de milho deve consumir cerca de 37,7 milh\u00f5es de toneladas do cereal na safra 2026\/27, avan\u00e7o de 36% sobre o ciclo anterior, elevando a participa\u00e7\u00e3o do biocombust\u00edvel para cerca de 34% da demanda dom\u00e9stica por milho, segundo levantamento do Ita\u00fa BBA. O movimento amplia a disputa pelo gr\u00e3o entre ind\u00fastria de biocombust\u00edveis, exporta\u00e7\u00e3o e prote\u00edna animal, e tende a aumentar a sensibilidade dos pre\u00e7os dom\u00e9sticos em momentos de menor oferta.<\/p>\n\n\n\n<p class=\"wp-block-paragraph\">J\u00e1 no caf\u00e9, apesar da previs\u00e3o de colheita recorde para 2026\/27, o mercado f\u00edsico segue pressionado: pra\u00e7as produtoras de Minas Gerais, como Guaxup\u00e9 e Varginha, acumularam valoriza\u00e7\u00e3o importantes em julho, reflexo de estoques certificados apertados e do ritmo ainda lento de comercializa\u00e7\u00e3o antecipada da nova safra, hoje bem abaixo da m\u00e9dia hist\u00f3rica para a \u00e9poca.<\/p>\n\n\n\n<p class=\"wp-block-paragraph\">Ainda de acordo com Dallagnese, o produtor rural brasileiro vem adotando um perfil cada vez mais estrat\u00e9gico na tomada de decis\u00e3o, deixando de comprar apenas com base em oportunidade pontual para analisar timing, condi\u00e7\u00f5es comerciais, cr\u00e9dito e previsibilidade operacional. \u201cHoje, o produtor precisa olhar para a compra de insumos como parte da gest\u00e3o financeira da propriedade. N\u00e3o basta apenas garantir produto, \u00e9 preciso buscar efici\u00eancia, previsibilidade com parceiros confi\u00e1veis e ferramentas que ajudem na tomada de decis\u00e3o ao longo da safra\u201d, explica.<\/p>\n\n\n\n<p class=\"wp-block-paragraph\">Nesse movimento, as plataformas digitais v\u00eam ganhando espa\u00e7o dentro do agro brasileiro. A Orbia, que nasceu como um programa de fidelidade e hoje re\u00fane solu\u00e7\u00f5es completas para a cadeia agr\u00edcola, conecta produtores rurais a uma ampla rede de revendas, distribuidores e cooperativas em todo o pa\u00eds, permitindo cota\u00e7\u00e3o, compra e pagamento online de insumos agr\u00edcolas.<\/p>\n\n\n\n<p class=\"wp-block-paragraph\">\u201cA digitaliza\u00e7\u00e3o trouxe mais agilidade e transpar\u00eancia para o mercado. Na Orbia, o produtor consegue comparar ofertas, acompanhar condi\u00e7\u00f5es comerciais e acessar diferentes fornecedores em um s\u00f3 lugar, o que contribui diretamente para um planejamento mais eficiente das compras\u201d, destaca Dallagnese.<\/p>\n\n\n\n<p class=\"wp-block-paragraph\">Al\u00e9m das quest\u00f5es operacionais, o mercado agr\u00edcola tamb\u00e9m passa por uma transforma\u00e7\u00e3o ligada \u00e0s exig\u00eancias globais de rastreabilidade, sustentabilidade e conformidade regulat\u00f3ria. Um dos temas que mais deve pautar 2026 e 2027 \u00e9 o Regulamento Europeu de Desmatamento (EUDR), que passa a valer de forma gradual a partir de dezembro de 2026 para grandes e m\u00e9dios produtores, e a partir de junho de 2027 para pequenos produtores.\u00a0<\/p>\n\n\n\n<p class=\"wp-block-paragraph\">Entre as commodities mais expostas \u00e0 nova regra est\u00e1 justamente o caf\u00e9, uma vez que mais da metade da safra brasileira segue para a Uni\u00e3o Europeia, mas a soja tamb\u00e9m figura entre os produtos citados como relevantes pela regula\u00e7\u00e3o, refor\u00e7ando a necessidade de sistemas robustos de rastreabilidade e comprova\u00e7\u00e3o de origem ao longo de toda a cadeia produtiva.<\/p>\n\n\n\n<p class=\"wp-block-paragraph\">\u201cO agro brasileiro continua extremamente forte e competitivo, mas o cen\u00e1rio atual exige cada vez mais profissionaliza\u00e7\u00e3o. Quem conseguir unir planejamento, tecnologia e gest\u00e3o, ter\u00e1 mais capacidade de enfrentar um ambiente de margens apertadas e maior press\u00e3o do mercado global\u201d, finaliza Dallagnese.<\/p>\n","protected":false},"excerpt":{"rendered":"<p>Alta nos custos internacionais de fertilizantes, demanda chinesa por soja, avan\u00e7o do etanol de milho e novas exig\u00eancias europeias de rastreabilidade redesenham&#8230;<\/p>\n","protected":false},"author":47,"featured_media":85168,"comment_status":"closed","ping_status":"open","sticky":false,"template":"","format":"standard","meta":{"footnotes":""},"categories":[10190],"tags":[],"ppma_author":[13248],"class_list":["post-85167","post","type-post","status-publish","format-standard","has-post-thumbnail","category-agricultura"],"yoast_head":"<!-- This site is optimized with the Yoast SEO plugin v27.2 - https:\/\/yoast.com\/product\/yoast-seo-wordpress\/ -->\n<title>Entre recorde de produ\u00e7\u00e3o e atraso nas compras, produtor rural corre contra o tempo na safra 2026\/27 - Economia S\/A<\/title>\n<meta name=\"robots\" content=\"index, follow, max-snippet:-1, max-image-preview:large, max-video-preview:-1\" \/>\n<link rel=\"canonical\" href=\"https:\/\/economiasa.com.br\/blog\/entre-recorde-de-producao-e-atraso-nas-compras-produtor-rural-corre-contra-o-tempo-na-safra-2026-27\/\" \/>\n<meta property=\"og:locale\" content=\"pt_BR\" \/>\n<meta property=\"og:type\" content=\"article\" \/>\n<meta property=\"og:title\" content=\"Entre recorde de produ\u00e7\u00e3o e atraso nas compras, produtor rural corre contra o tempo na safra 2026\/27 - Economia S\/A\" \/>\n<meta property=\"og:description\" content=\"Alta nos custos internacionais de fertilizantes, demanda chinesa por soja, avan\u00e7o do etanol de milho e novas exig\u00eancias europeias de rastreabilidade redesenham...\" \/>\n<meta property=\"og:url\" content=\"https:\/\/economiasa.com.br\/blog\/entre-recorde-de-producao-e-atraso-nas-compras-produtor-rural-corre-contra-o-tempo-na-safra-2026-27\/\" \/>\n<meta property=\"og:site_name\" content=\"Economia S\/A\" \/>\n<meta property=\"article:published_time\" content=\"2026-09-04T20:47:05+00:00\" \/>\n<meta property=\"og:image\" content=\"https:\/\/economiasa.com.br\/blog\/wp-content\/uploads\/2026\/09\/Capturar-39.png\" \/>\n\t<meta property=\"og:image:width\" content=\"798\" \/>\n\t<meta property=\"og:image:height\" content=\"532\" \/>\n\t<meta property=\"og:image:type\" content=\"image\/png\" \/>\n<meta name=\"author\" content=\"Reda\u00e7\u00e3o\" \/>\n<meta name=\"twitter:card\" content=\"summary_large_image\" \/>\n<meta name=\"twitter:label1\" content=\"Escrito por\" \/>\n\t<meta name=\"twitter:data1\" content=\"Reda\u00e7\u00e3o\" \/>\n\t<meta name=\"twitter:label2\" content=\"Est. tempo de leitura\" \/>\n\t<meta name=\"twitter:data2\" content=\"6 minutos\" \/>\n<script type=\"application\/ld+json\" class=\"yoast-schema-graph\">{\"@context\":\"https:\/\/schema.org\",\"@graph\":[{\"@type\":\"Article\",\"@id\":\"https:\/\/economiasa.com.br\/blog\/entre-recorde-de-producao-e-atraso-nas-compras-produtor-rural-corre-contra-o-tempo-na-safra-2026-27\/#article\",\"isPartOf\":{\"@id\":\"https:\/\/economiasa.com.br\/blog\/entre-recorde-de-producao-e-atraso-nas-compras-produtor-rural-corre-contra-o-tempo-na-safra-2026-27\/\"},\"author\":{\"name\":\"Reda\u00e7\u00e3o\",\"@id\":\"https:\/\/economiasa.com.br\/blog\/#\/schema\/person\/14b8ac2dc25bd63b52bc54e845fa3923\"},\"headline\":\"Entre recorde de produ\u00e7\u00e3o e atraso nas compras, produtor rural corre contra o tempo na safra 2026\/27\",\"datePublished\":\"2026-09-04T20:47:05+00:00\",\"mainEntityOfPage\":{\"@id\":\"https:\/\/economiasa.com.br\/blog\/entre-recorde-de-producao-e-atraso-nas-compras-produtor-rural-corre-contra-o-tempo-na-safra-2026-27\/\"},\"wordCount\":1000,\"image\":{\"@id\":\"https:\/\/economiasa.com.br\/blog\/entre-recorde-de-producao-e-atraso-nas-compras-produtor-rural-corre-contra-o-tempo-na-safra-2026-27\/#primaryimage\"},\"thumbnailUrl\":\"https:\/\/economiasa.com.br\/blog\/wp-content\/uploads\/2026\/09\/Capturar-39.png\",\"articleSection\":[\"Agricultura\"],\"inLanguage\":\"pt-BR\"},{\"@type\":\"WebPage\",\"@id\":\"https:\/\/economiasa.com.br\/blog\/entre-recorde-de-producao-e-atraso-nas-compras-produtor-rural-corre-contra-o-tempo-na-safra-2026-27\/\",\"url\":\"https:\/\/economiasa.com.br\/blog\/entre-recorde-de-producao-e-atraso-nas-compras-produtor-rural-corre-contra-o-tempo-na-safra-2026-27\/\",\"name\":\"Entre recorde de produ\u00e7\u00e3o e atraso nas compras, produtor rural corre contra o tempo na safra 2026\/27 - Economia S\/A\",\"isPartOf\":{\"@id\":\"https:\/\/economiasa.com.br\/blog\/#website\"},\"primaryImageOfPage\":{\"@id\":\"https:\/\/economiasa.com.br\/blog\/entre-recorde-de-producao-e-atraso-nas-compras-produtor-rural-corre-contra-o-tempo-na-safra-2026-27\/#primaryimage\"},\"image\":{\"@id\":\"https:\/\/economiasa.com.br\/blog\/entre-recorde-de-producao-e-atraso-nas-compras-produtor-rural-corre-contra-o-tempo-na-safra-2026-27\/#primaryimage\"},\"thumbnailUrl\":\"https:\/\/economiasa.com.br\/blog\/wp-content\/uploads\/2026\/09\/Capturar-39.png\",\"datePublished\":\"2026-09-04T20:47:05+00:00\",\"author\":{\"@id\":\"https:\/\/economiasa.com.br\/blog\/#\/schema\/person\/14b8ac2dc25bd63b52bc54e845fa3923\"},\"breadcrumb\":{\"@id\":\"https:\/\/economiasa.com.br\/blog\/entre-recorde-de-producao-e-atraso-nas-compras-produtor-rural-corre-contra-o-tempo-na-safra-2026-27\/#breadcrumb\"},\"inLanguage\":\"pt-BR\",\"potentialAction\":[{\"@type\":\"ReadAction\",\"target\":[\"https:\/\/economiasa.com.br\/blog\/entre-recorde-de-producao-e-atraso-nas-compras-produtor-rural-corre-contra-o-tempo-na-safra-2026-27\/\"]}]},{\"@type\":\"ImageObject\",\"inLanguage\":\"pt-BR\",\"@id\":\"https:\/\/economiasa.com.br\/blog\/entre-recorde-de-producao-e-atraso-nas-compras-produtor-rural-corre-contra-o-tempo-na-safra-2026-27\/#primaryimage\",\"url\":\"https:\/\/economiasa.com.br\/blog\/wp-content\/uploads\/2026\/09\/Capturar-39.png\",\"contentUrl\":\"https:\/\/economiasa.com.br\/blog\/wp-content\/uploads\/2026\/09\/Capturar-39.png\",\"width\":798,\"height\":532,\"caption\":\"Cr\u00e9ditos da foto: Divulga\u00e7\u00e3o\"},{\"@type\":\"BreadcrumbList\",\"@id\":\"https:\/\/economiasa.com.br\/blog\/entre-recorde-de-producao-e-atraso-nas-compras-produtor-rural-corre-contra-o-tempo-na-safra-2026-27\/#breadcrumb\",\"itemListElement\":[{\"@type\":\"ListItem\",\"position\":1,\"name\":\"In\u00edcio\",\"item\":\"https:\/\/economiasa.com.br\/blog\/\"},{\"@type\":\"ListItem\",\"position\":2,\"name\":\"Entre recorde de produ\u00e7\u00e3o e atraso nas compras, produtor rural corre contra o tempo na safra 2026\/27\"}]},{\"@type\":\"WebSite\",\"@id\":\"https:\/\/economiasa.com.br\/blog\/#website\",\"url\":\"https:\/\/economiasa.com.br\/blog\/\",\"name\":\"Economia S\/A\",\"description\":\"Ler faz bem para os neg\u00f3cios\",\"potentialAction\":[{\"@type\":\"SearchAction\",\"target\":{\"@type\":\"EntryPoint\",\"urlTemplate\":\"https:\/\/economiasa.com.br\/blog\/?s={search_term_string}\"},\"query-input\":{\"@type\":\"PropertyValueSpecification\",\"valueRequired\":true,\"valueName\":\"search_term_string\"}}],\"inLanguage\":\"pt-BR\"},{\"@type\":\"Person\",\"@id\":\"https:\/\/economiasa.com.br\/blog\/#\/schema\/person\/14b8ac2dc25bd63b52bc54e845fa3923\",\"name\":\"Reda\u00e7\u00e3o\",\"image\":{\"@type\":\"ImageObject\",\"inLanguage\":\"pt-BR\",\"@id\":\"https:\/\/secure.gravatar.com\/avatar\/c8c795261f7f8547b22616a549577db9e450bd5622da3f6eb62b0e2c3e364c4e?s=96&d=mm&r=g0fb5212bc57e2287787936667fbbe0ff\",\"url\":\"https:\/\/secure.gravatar.com\/avatar\/c8c795261f7f8547b22616a549577db9e450bd5622da3f6eb62b0e2c3e364c4e?s=96&d=mm&r=g\",\"contentUrl\":\"https:\/\/secure.gravatar.com\/avatar\/c8c795261f7f8547b22616a549577db9e450bd5622da3f6eb62b0e2c3e364c4e?s=96&d=mm&r=g\",\"caption\":\"Reda\u00e7\u00e3o\"},\"sameAs\":[\"http:\/\/www.economiasa.com.br\"],\"url\":\"https:\/\/economiasa.com.br\/blog\/author\/redacao\/\"}]}<\/script>\n<!-- \/ Yoast SEO plugin. -->","yoast_head_json":{"title":"Entre recorde de produ\u00e7\u00e3o e atraso nas compras, produtor rural corre contra o tempo na safra 2026\/27 - Economia S\/A","robots":{"index":"index","follow":"follow","max-snippet":"max-snippet:-1","max-image-preview":"max-image-preview:large","max-video-preview":"max-video-preview:-1"},"canonical":"https:\/\/economiasa.com.br\/blog\/entre-recorde-de-producao-e-atraso-nas-compras-produtor-rural-corre-contra-o-tempo-na-safra-2026-27\/","og_locale":"pt_BR","og_type":"article","og_title":"Entre recorde de produ\u00e7\u00e3o e atraso nas compras, produtor rural corre contra o tempo na safra 2026\/27 - Economia S\/A","og_description":"Alta nos custos internacionais de fertilizantes, demanda chinesa por soja, avan\u00e7o do etanol de milho e novas exig\u00eancias europeias de rastreabilidade redesenham...","og_url":"https:\/\/economiasa.com.br\/blog\/entre-recorde-de-producao-e-atraso-nas-compras-produtor-rural-corre-contra-o-tempo-na-safra-2026-27\/","og_site_name":"Economia S\/A","article_published_time":"2026-09-04T20:47:05+00:00","og_image":[{"width":798,"height":532,"url":"https:\/\/economiasa.com.br\/blog\/wp-content\/uploads\/2026\/09\/Capturar-39.png","type":"image\/png"}],"author":"Reda\u00e7\u00e3o","twitter_card":"summary_large_image","twitter_misc":{"Escrito por":"Reda\u00e7\u00e3o","Est. tempo de leitura":"6 minutos"},"schema":{"@context":"https:\/\/schema.org","@graph":[{"@type":"Article","@id":"https:\/\/economiasa.com.br\/blog\/entre-recorde-de-producao-e-atraso-nas-compras-produtor-rural-corre-contra-o-tempo-na-safra-2026-27\/#article","isPartOf":{"@id":"https:\/\/economiasa.com.br\/blog\/entre-recorde-de-producao-e-atraso-nas-compras-produtor-rural-corre-contra-o-tempo-na-safra-2026-27\/"},"author":{"name":"Reda\u00e7\u00e3o","@id":"https:\/\/economiasa.com.br\/blog\/#\/schema\/person\/14b8ac2dc25bd63b52bc54e845fa3923"},"headline":"Entre recorde de produ\u00e7\u00e3o e atraso nas compras, produtor rural corre contra o tempo na safra 2026\/27","datePublished":"2026-09-04T20:47:05+00:00","mainEntityOfPage":{"@id":"https:\/\/economiasa.com.br\/blog\/entre-recorde-de-producao-e-atraso-nas-compras-produtor-rural-corre-contra-o-tempo-na-safra-2026-27\/"},"wordCount":1000,"image":{"@id":"https:\/\/economiasa.com.br\/blog\/entre-recorde-de-producao-e-atraso-nas-compras-produtor-rural-corre-contra-o-tempo-na-safra-2026-27\/#primaryimage"},"thumbnailUrl":"https:\/\/economiasa.com.br\/blog\/wp-content\/uploads\/2026\/09\/Capturar-39.png","articleSection":["Agricultura"],"inLanguage":"pt-BR"},{"@type":"WebPage","@id":"https:\/\/economiasa.com.br\/blog\/entre-recorde-de-producao-e-atraso-nas-compras-produtor-rural-corre-contra-o-tempo-na-safra-2026-27\/","url":"https:\/\/economiasa.com.br\/blog\/entre-recorde-de-producao-e-atraso-nas-compras-produtor-rural-corre-contra-o-tempo-na-safra-2026-27\/","name":"Entre recorde de produ\u00e7\u00e3o e atraso nas compras, produtor rural corre contra o tempo na safra 2026\/27 - Economia S\/A","isPartOf":{"@id":"https:\/\/economiasa.com.br\/blog\/#website"},"primaryImageOfPage":{"@id":"https:\/\/economiasa.com.br\/blog\/entre-recorde-de-producao-e-atraso-nas-compras-produtor-rural-corre-contra-o-tempo-na-safra-2026-27\/#primaryimage"},"image":{"@id":"https:\/\/economiasa.com.br\/blog\/entre-recorde-de-producao-e-atraso-nas-compras-produtor-rural-corre-contra-o-tempo-na-safra-2026-27\/#primaryimage"},"thumbnailUrl":"https:\/\/economiasa.com.br\/blog\/wp-content\/uploads\/2026\/09\/Capturar-39.png","datePublished":"2026-09-04T20:47:05+00:00","author":{"@id":"https:\/\/economiasa.com.br\/blog\/#\/schema\/person\/14b8ac2dc25bd63b52bc54e845fa3923"},"breadcrumb":{"@id":"https:\/\/economiasa.com.br\/blog\/entre-recorde-de-producao-e-atraso-nas-compras-produtor-rural-corre-contra-o-tempo-na-safra-2026-27\/#breadcrumb"},"inLanguage":"pt-BR","potentialAction":[{"@type":"ReadAction","target":["https:\/\/economiasa.com.br\/blog\/entre-recorde-de-producao-e-atraso-nas-compras-produtor-rural-corre-contra-o-tempo-na-safra-2026-27\/"]}]},{"@type":"ImageObject","inLanguage":"pt-BR","@id":"https:\/\/economiasa.com.br\/blog\/entre-recorde-de-producao-e-atraso-nas-compras-produtor-rural-corre-contra-o-tempo-na-safra-2026-27\/#primaryimage","url":"https:\/\/economiasa.com.br\/blog\/wp-content\/uploads\/2026\/09\/Capturar-39.png","contentUrl":"https:\/\/economiasa.com.br\/blog\/wp-content\/uploads\/2026\/09\/Capturar-39.png","width":798,"height":532,"caption":"Cr\u00e9ditos da foto: Divulga\u00e7\u00e3o"},{"@type":"BreadcrumbList","@id":"https:\/\/economiasa.com.br\/blog\/entre-recorde-de-producao-e-atraso-nas-compras-produtor-rural-corre-contra-o-tempo-na-safra-2026-27\/#breadcrumb","itemListElement":[{"@type":"ListItem","position":1,"name":"In\u00edcio","item":"https:\/\/economiasa.com.br\/blog\/"},{"@type":"ListItem","position":2,"name":"Entre recorde de produ\u00e7\u00e3o e atraso nas compras, produtor rural corre contra o tempo na safra 2026\/27"}]},{"@type":"WebSite","@id":"https:\/\/economiasa.com.br\/blog\/#website","url":"https:\/\/economiasa.com.br\/blog\/","name":"Economia S\/A","description":"Ler faz bem para os neg\u00f3cios","potentialAction":[{"@type":"SearchAction","target":{"@type":"EntryPoint","urlTemplate":"https:\/\/economiasa.com.br\/blog\/?s={search_term_string}"},"query-input":{"@type":"PropertyValueSpecification","valueRequired":true,"valueName":"search_term_string"}}],"inLanguage":"pt-BR"},{"@type":"Person","@id":"https:\/\/economiasa.com.br\/blog\/#\/schema\/person\/14b8ac2dc25bd63b52bc54e845fa3923","name":"Reda\u00e7\u00e3o","image":{"@type":"ImageObject","inLanguage":"pt-BR","@id":"https:\/\/secure.gravatar.com\/avatar\/c8c795261f7f8547b22616a549577db9e450bd5622da3f6eb62b0e2c3e364c4e?s=96&d=mm&r=g0fb5212bc57e2287787936667fbbe0ff","url":"https:\/\/secure.gravatar.com\/avatar\/c8c795261f7f8547b22616a549577db9e450bd5622da3f6eb62b0e2c3e364c4e?s=96&d=mm&r=g","contentUrl":"https:\/\/secure.gravatar.com\/avatar\/c8c795261f7f8547b22616a549577db9e450bd5622da3f6eb62b0e2c3e364c4e?s=96&d=mm&r=g","caption":"Reda\u00e7\u00e3o"},"sameAs":["http:\/\/www.economiasa.com.br"],"url":"https:\/\/economiasa.com.br\/blog\/author\/redacao\/"}]}},"authors":[{"term_id":13248,"user_id":47,"is_guest":0,"slug":"redacao","display_name":"Reda\u00e7\u00e3o","avatar_url":"https:\/\/secure.gravatar.com\/avatar\/c8c795261f7f8547b22616a549577db9e450bd5622da3f6eb62b0e2c3e364c4e?s=96&d=mm&r=g","author_category":"","first_name":"Reda\u00e7\u00e3o","last_name":"","user_url":"http:\/\/www.economiasa.com.br","job_title":"","description":""}],"amp_enabled":true,"_links":{"self":[{"href":"https:\/\/economiasa.com.br\/blog\/wp-json\/wp\/v2\/posts\/85167","targetHints":{"allow":["GET"]}}],"collection":[{"href":"https:\/\/economiasa.com.br\/blog\/wp-json\/wp\/v2\/posts"}],"about":[{"href":"https:\/\/economiasa.com.br\/blog\/wp-json\/wp\/v2\/types\/post"}],"author":[{"embeddable":true,"href":"https:\/\/economiasa.com.br\/blog\/wp-json\/wp\/v2\/users\/47"}],"replies":[{"embeddable":true,"href":"https:\/\/economiasa.com.br\/blog\/wp-json\/wp\/v2\/comments?post=85167"}],"version-history":[{"count":0,"href":"https:\/\/economiasa.com.br\/blog\/wp-json\/wp\/v2\/posts\/85167\/revisions"}],"wp:featuredmedia":[{"embeddable":true,"href":"https:\/\/economiasa.com.br\/blog\/wp-json\/wp\/v2\/media\/85168"}],"wp:attachment":[{"href":"https:\/\/economiasa.com.br\/blog\/wp-json\/wp\/v2\/media?parent=85167"}],"wp:term":[{"taxonomy":"category","embeddable":true,"href":"https:\/\/economiasa.com.br\/blog\/wp-json\/wp\/v2\/categories?post=85167"},{"taxonomy":"post_tag","embeddable":true,"href":"https:\/\/economiasa.com.br\/blog\/wp-json\/wp\/v2\/tags?post=85167"},{"taxonomy":"author","embeddable":true,"href":"https:\/\/economiasa.com.br\/blog\/wp-json\/wp\/v2\/ppma_author?post=85167"}],"curies":[{"name":"wp","href":"https:\/\/api.w.org\/{rel}","templated":true}]}}