{"id":85169,"date":"2026-09-04T17:52:34","date_gmt":"2026-09-04T20:52:34","guid":{"rendered":"https:\/\/economiasa.com.br\/blog\/?p=85169"},"modified":"2026-09-04T17:52:34","modified_gmt":"2026-09-04T20:52:34","slug":"nina-makeup-chega-a-beauty-fair-2026-com-dois-estandes-especiais-para-celebrar-seus-dez-anos","status":"publish","type":"post","link":"https:\/\/economiasa.com.br\/blog\/nina-makeup-chega-a-beauty-fair-2026-com-dois-estandes-especiais-para-celebrar-seus-dez-anos\/","title":{"rendered":"Nina Makeup chega \u00e0 Beauty Fair 2026 com dois estandes especiais para celebrar seus dez anos"},"content":{"rendered":"\n<p class=\"wp-block-paragraph\">De 5 a 8 de setembro, no Expo Center Norte, marca celebra uma d\u00e9cada democratizando o acesso \u00e0 maquiagem profissional<\/p>\n\n\n\n<p class=\"wp-block-paragraph\">H\u00e1 10 anos democratizando o acesso \u00e0 maquiagem profissional, a\u00a0<strong>Nina Makeup\u00a0<\/strong>chega \u00e0\u00a0<strong>Beauty Fair 2026<\/strong>\u00a0marcando essa trajet\u00f3ria com alta qualidade a um pre\u00e7o justo. Para celebrar a data, a marca vai ocupar dois espa\u00e7os na feira, no Expo Center Norte, entre os dias 5 e 8 de setembro, um no Setor de Neg\u00f3cios (Rua K\/9) e outro no Setor de Varejo (Rua F\/12).<\/p>\n\n\n\n<p class=\"wp-block-paragraph\"><strong>Dois estandes, dois prop\u00f3sitos<br><\/strong><strong>O estande do setor de neg\u00f3cios, de 129 m\u00b2, foi concebido principalmente para receber reuni\u00f5es e fortalecer relacionamentos com parceiros comerciais. O espa\u00e7o conta com salas de reuni\u00e3o reservadas, \u00e1rea de caf\u00e9 e ambienta\u00e7\u00e3o que remete \u00e0 identidade visual de Nina Makeup, unindo o clima comemorativo dos 10 anos a uma estrutura pensada para negocia\u00e7\u00f5es r\u00e1pidas e objetivas ao longo dos quatro dias de evento.<br><br>\u00c9 nele que ser\u00e1 sediado o\u00a0<\/strong><strong>Skin Lab<\/strong><strong>, ativa\u00e7\u00e3o dedicada \u00e0 categoria de pele da marca, com foco nas linhas Basic e Hyaluronic. As influenciadoras e convidados que participarem da a\u00e7\u00e3o v\u00e3o responder um quiz, que, por fim, indicar\u00e1 quais s\u00e3o os melhores produtos de acabamento da pele.<br><br>O ambiente conta ainda com duas \u00e1reas instagram\u00e1veis, uma externa e outra interna, que contribuem para uma melhor organiza\u00e7\u00e3o do fluxo entre comerciantes, produtores de conte\u00fado, imprensa e demais presentes.\u00a0<\/strong><\/p>\n\n\n\n<p class=\"wp-block-paragraph\">J\u00e1 o estande do setor de varejo, de 40 m\u00b2, tem como foco o contato direto com o p\u00fablico, servindo tamb\u00e9m como espa\u00e7o promocional. Alguns produtos do portf\u00f3lio estar\u00e3o com descontos de at\u00e9 80% no evento e a pop-up tempor\u00e1ria promover\u00e1 diversas iniciativas de compre e ganhe.<\/p>\n\n\n\n<p class=\"wp-block-paragraph\">A oportunidade ao consumidor faz parte de uma das miss\u00f5es de Nina Makeup, que \u00e9 a de\u00a0<em>democratizar o acesso \u00e0 maquiagem de performance profissional, com pre\u00e7os justos e alt\u00edssima qualidade<\/em>.<\/p>\n\n\n\n<p class=\"wp-block-paragraph\"><strong>Blindafix: a estrela dos lan\u00e7amentos<br><\/strong>Entre as novidades apresentadas na Beauty Fair 2026, o Blindafix \u00e9 a estrela. \u00c9 o lan\u00e7amento da blindagem em Tecnologia Filme Shield, nova gera\u00e7\u00e3o de um produto que j\u00e1 era sucesso entre a comunidade da marca, agora reformulado com mais tecnologia, performance e durabilidade.<\/p>\n\n\n\n<p class=\"wp-block-paragraph\">A nova f\u00f3rmula \u00e9 constru\u00edda sobre a Tecnologia Filme Shield, uma pel\u00edcula invis\u00edvel e flex\u00edvel que se forma sobre a pele antes da maquiagem. O resultado \u00e9 uma camada de prote\u00e7\u00e3o sobre a qual a make \u00e9 constru\u00edda, o que garante mais resist\u00eancia e durabilidade ao longo do dia. A textura seca em segundos, tem toque seco e sedoso, n\u00e3o deixa res\u00edduo oleoso e acompanha a express\u00e3o da pele sem craquelar. A f\u00f3rmula conta ainda com \u00f3leo de rosa mosqueta, que garante conforto durante o uso.<\/p>\n\n\n\n<p class=\"wp-block-paragraph\">Al\u00e9m de preparar e blindar a pele antes da maquiagem, o Blindafix \u00e9 multifuncional: tamb\u00e9m pode ser usado como diluidor, misturado a sombras, p\u00f3s e pigmentos que ressecaram, devolvendo textura e facilitando a aplica\u00e7\u00e3o sem alterar a cor dos produtos.<\/p>\n\n\n\n<p class=\"wp-block-paragraph\">O modo de uso \u00e9 simples. Basta aplicar uma camada fina e uniforme sobre a pele limpa e seca, espalhar com as m\u00e3os ou com um pincel e aguardar a secagem, que leva apenas alguns instantes, antes de seguir normalmente com a maquiagem.<\/p>\n\n\n\n<p class=\"wp-block-paragraph\"><strong>Linha Basic completa o portf\u00f3lio<br><\/strong><strong>Ao lado do Blindafix, a Nina Makeup tamb\u00e9m destaca na Beauty Fair 2026 a Linha Basic, composta por Base L\u00edquida Matte Basic, Corretivo Basic e P\u00f3 Compacto Basic. A linha campe\u00e3 de vendas refor\u00e7a o posicionamento da marca de entregar alta qualidade a pre\u00e7os justos, com itens de base para a produ\u00e7\u00e3o do dia a dia que dialogam diretamente com o conceito dos 10 anos de Nina Makeup.<\/strong><\/p>\n\n\n\n<p class=\"wp-block-paragraph\">Os principais produtos do portf\u00f3lio aclamado da marca tamb\u00e9m estar\u00e3o presentes na feira, para testes, apresenta\u00e7\u00e3o e venda final.<\/p>\n","protected":false},"excerpt":{"rendered":"<p>De 5 a 8 de setembro, no Expo Center Norte, marca celebra uma d\u00e9cada democratizando o acesso \u00e0 maquiagem profissional H\u00e1 10&#8230;<\/p>\n","protected":false},"author":47,"featured_media":85170,"comment_status":"closed","ping_status":"open","sticky":false,"template":"","format":"standard","meta":{"footnotes":""},"categories":[1973],"tags":[],"ppma_author":[13248],"class_list":["post-85169","post","type-post","status-publish","format-standard","has-post-thumbnail","category-eventos"],"yoast_head":"<!-- This site is optimized with the Yoast SEO plugin v27.2 - https:\/\/yoast.com\/product\/yoast-seo-wordpress\/ -->\n<title>Nina Makeup chega \u00e0 Beauty Fair 2026 com dois estandes especiais para celebrar seus dez anos - Economia S\/A<\/title>\n<meta name=\"robots\" content=\"index, follow, max-snippet:-1, max-image-preview:large, max-video-preview:-1\" \/>\n<link rel=\"canonical\" href=\"https:\/\/economiasa.com.br\/blog\/nina-makeup-chega-a-beauty-fair-2026-com-dois-estandes-especiais-para-celebrar-seus-dez-anos\/\" \/>\n<meta property=\"og:locale\" content=\"pt_BR\" \/>\n<meta property=\"og:type\" content=\"article\" \/>\n<meta property=\"og:title\" content=\"Nina Makeup chega \u00e0 Beauty Fair 2026 com dois estandes especiais para celebrar seus dez anos - Economia S\/A\" \/>\n<meta property=\"og:description\" content=\"De 5 a 8 de setembro, no Expo Center Norte, marca celebra uma d\u00e9cada democratizando o acesso \u00e0 maquiagem profissional H\u00e1 10...\" \/>\n<meta property=\"og:url\" content=\"https:\/\/economiasa.com.br\/blog\/nina-makeup-chega-a-beauty-fair-2026-com-dois-estandes-especiais-para-celebrar-seus-dez-anos\/\" \/>\n<meta property=\"og:site_name\" content=\"Economia S\/A\" \/>\n<meta property=\"article:published_time\" content=\"2026-09-04T20:52:34+00:00\" \/>\n<meta property=\"og:image\" content=\"https:\/\/economiasa.com.br\/blog\/wp-content\/uploads\/2026\/09\/Capturar-40.png\" \/>\n\t<meta property=\"og:image:width\" content=\"585\" \/>\n\t<meta property=\"og:image:height\" content=\"325\" \/>\n\t<meta property=\"og:image:type\" content=\"image\/png\" \/>\n<meta name=\"author\" content=\"Reda\u00e7\u00e3o\" \/>\n<meta name=\"twitter:card\" content=\"summary_large_image\" \/>\n<meta name=\"twitter:label1\" content=\"Escrito por\" \/>\n\t<meta name=\"twitter:data1\" content=\"Reda\u00e7\u00e3o\" \/>\n\t<meta name=\"twitter:label2\" content=\"Est. tempo de leitura\" \/>\n\t<meta name=\"twitter:data2\" content=\"4 minutos\" \/>\n<script type=\"application\/ld+json\" class=\"yoast-schema-graph\">{\"@context\":\"https:\/\/schema.org\",\"@graph\":[{\"@type\":\"Article\",\"@id\":\"https:\/\/economiasa.com.br\/blog\/nina-makeup-chega-a-beauty-fair-2026-com-dois-estandes-especiais-para-celebrar-seus-dez-anos\/#article\",\"isPartOf\":{\"@id\":\"https:\/\/economiasa.com.br\/blog\/nina-makeup-chega-a-beauty-fair-2026-com-dois-estandes-especiais-para-celebrar-seus-dez-anos\/\"},\"author\":{\"name\":\"Reda\u00e7\u00e3o\",\"@id\":\"https:\/\/economiasa.com.br\/blog\/#\/schema\/person\/14b8ac2dc25bd63b52bc54e845fa3923\"},\"headline\":\"Nina Makeup chega \u00e0 Beauty Fair 2026 com dois estandes especiais para celebrar seus dez anos\",\"datePublished\":\"2026-09-04T20:52:34+00:00\",\"mainEntityOfPage\":{\"@id\":\"https:\/\/economiasa.com.br\/blog\/nina-makeup-chega-a-beauty-fair-2026-com-dois-estandes-especiais-para-celebrar-seus-dez-anos\/\"},\"wordCount\":673,\"image\":{\"@id\":\"https:\/\/economiasa.com.br\/blog\/nina-makeup-chega-a-beauty-fair-2026-com-dois-estandes-especiais-para-celebrar-seus-dez-anos\/#primaryimage\"},\"thumbnailUrl\":\"https:\/\/economiasa.com.br\/blog\/wp-content\/uploads\/2026\/09\/Capturar-40.png\",\"articleSection\":[\"Eventos\"],\"inLanguage\":\"pt-BR\"},{\"@type\":\"WebPage\",\"@id\":\"https:\/\/economiasa.com.br\/blog\/nina-makeup-chega-a-beauty-fair-2026-com-dois-estandes-especiais-para-celebrar-seus-dez-anos\/\",\"url\":\"https:\/\/economiasa.com.br\/blog\/nina-makeup-chega-a-beauty-fair-2026-com-dois-estandes-especiais-para-celebrar-seus-dez-anos\/\",\"name\":\"Nina Makeup chega \u00e0 Beauty Fair 2026 com dois estandes especiais para celebrar seus dez anos - Economia S\/A\",\"isPartOf\":{\"@id\":\"https:\/\/economiasa.com.br\/blog\/#website\"},\"primaryImageOfPage\":{\"@id\":\"https:\/\/economiasa.com.br\/blog\/nina-makeup-chega-a-beauty-fair-2026-com-dois-estandes-especiais-para-celebrar-seus-dez-anos\/#primaryimage\"},\"image\":{\"@id\":\"https:\/\/economiasa.com.br\/blog\/nina-makeup-chega-a-beauty-fair-2026-com-dois-estandes-especiais-para-celebrar-seus-dez-anos\/#primaryimage\"},\"thumbnailUrl\":\"https:\/\/economiasa.com.br\/blog\/wp-content\/uploads\/2026\/09\/Capturar-40.png\",\"datePublished\":\"2026-09-04T20:52:34+00:00\",\"author\":{\"@id\":\"https:\/\/economiasa.com.br\/blog\/#\/schema\/person\/14b8ac2dc25bd63b52bc54e845fa3923\"},\"breadcrumb\":{\"@id\":\"https:\/\/economiasa.com.br\/blog\/nina-makeup-chega-a-beauty-fair-2026-com-dois-estandes-especiais-para-celebrar-seus-dez-anos\/#breadcrumb\"},\"inLanguage\":\"pt-BR\",\"potentialAction\":[{\"@type\":\"ReadAction\",\"target\":[\"https:\/\/economiasa.com.br\/blog\/nina-makeup-chega-a-beauty-fair-2026-com-dois-estandes-especiais-para-celebrar-seus-dez-anos\/\"]}]},{\"@type\":\"ImageObject\",\"inLanguage\":\"pt-BR\",\"@id\":\"https:\/\/economiasa.com.br\/blog\/nina-makeup-chega-a-beauty-fair-2026-com-dois-estandes-especiais-para-celebrar-seus-dez-anos\/#primaryimage\",\"url\":\"https:\/\/economiasa.com.br\/blog\/wp-content\/uploads\/2026\/09\/Capturar-40.png\",\"contentUrl\":\"https:\/\/economiasa.com.br\/blog\/wp-content\/uploads\/2026\/09\/Capturar-40.png\",\"width\":585,\"height\":325,\"caption\":\"Cr\u00e9ditos da foto: Divulga\u00e7\u00e3o\"},{\"@type\":\"BreadcrumbList\",\"@id\":\"https:\/\/economiasa.com.br\/blog\/nina-makeup-chega-a-beauty-fair-2026-com-dois-estandes-especiais-para-celebrar-seus-dez-anos\/#breadcrumb\",\"itemListElement\":[{\"@type\":\"ListItem\",\"position\":1,\"name\":\"In\u00edcio\",\"item\":\"https:\/\/economiasa.com.br\/blog\/\"},{\"@type\":\"ListItem\",\"position\":2,\"name\":\"Nina Makeup chega \u00e0 Beauty Fair 2026 com dois estandes especiais para celebrar seus dez anos\"}]},{\"@type\":\"WebSite\",\"@id\":\"https:\/\/economiasa.com.br\/blog\/#website\",\"url\":\"https:\/\/economiasa.com.br\/blog\/\",\"name\":\"Economia S\/A\",\"description\":\"Ler faz bem para os neg\u00f3cios\",\"potentialAction\":[{\"@type\":\"SearchAction\",\"target\":{\"@type\":\"EntryPoint\",\"urlTemplate\":\"https:\/\/economiasa.com.br\/blog\/?s={search_term_string}\"},\"query-input\":{\"@type\":\"PropertyValueSpecification\",\"valueRequired\":true,\"valueName\":\"search_term_string\"}}],\"inLanguage\":\"pt-BR\"},{\"@type\":\"Person\",\"@id\":\"https:\/\/economiasa.com.br\/blog\/#\/schema\/person\/14b8ac2dc25bd63b52bc54e845fa3923\",\"name\":\"Reda\u00e7\u00e3o\",\"image\":{\"@type\":\"ImageObject\",\"inLanguage\":\"pt-BR\",\"@id\":\"https:\/\/secure.gravatar.com\/avatar\/c8c795261f7f8547b22616a549577db9e450bd5622da3f6eb62b0e2c3e364c4e?s=96&d=mm&r=g0fb5212bc57e2287787936667fbbe0ff\",\"url\":\"https:\/\/secure.gravatar.com\/avatar\/c8c795261f7f8547b22616a549577db9e450bd5622da3f6eb62b0e2c3e364c4e?s=96&d=mm&r=g\",\"contentUrl\":\"https:\/\/secure.gravatar.com\/avatar\/c8c795261f7f8547b22616a549577db9e450bd5622da3f6eb62b0e2c3e364c4e?s=96&d=mm&r=g\",\"caption\":\"Reda\u00e7\u00e3o\"},\"sameAs\":[\"http:\/\/www.economiasa.com.br\"],\"url\":\"https:\/\/economiasa.com.br\/blog\/author\/redacao\/\"}]}<\/script>\n<!-- \/ Yoast SEO plugin. -->","yoast_head_json":{"title":"Nina Makeup chega \u00e0 Beauty Fair 2026 com dois estandes especiais para celebrar seus dez anos - Economia S\/A","robots":{"index":"index","follow":"follow","max-snippet":"max-snippet:-1","max-image-preview":"max-image-preview:large","max-video-preview":"max-video-preview:-1"},"canonical":"https:\/\/economiasa.com.br\/blog\/nina-makeup-chega-a-beauty-fair-2026-com-dois-estandes-especiais-para-celebrar-seus-dez-anos\/","og_locale":"pt_BR","og_type":"article","og_title":"Nina Makeup chega \u00e0 Beauty Fair 2026 com dois estandes especiais para celebrar seus dez anos - Economia S\/A","og_description":"De 5 a 8 de setembro, no Expo Center Norte, marca celebra uma d\u00e9cada democratizando o acesso \u00e0 maquiagem profissional H\u00e1 10...","og_url":"https:\/\/economiasa.com.br\/blog\/nina-makeup-chega-a-beauty-fair-2026-com-dois-estandes-especiais-para-celebrar-seus-dez-anos\/","og_site_name":"Economia S\/A","article_published_time":"2026-09-04T20:52:34+00:00","og_image":[{"width":585,"height":325,"url":"https:\/\/economiasa.com.br\/blog\/wp-content\/uploads\/2026\/09\/Capturar-40.png","type":"image\/png"}],"author":"Reda\u00e7\u00e3o","twitter_card":"summary_large_image","twitter_misc":{"Escrito por":"Reda\u00e7\u00e3o","Est. tempo de leitura":"4 minutos"},"schema":{"@context":"https:\/\/schema.org","@graph":[{"@type":"Article","@id":"https:\/\/economiasa.com.br\/blog\/nina-makeup-chega-a-beauty-fair-2026-com-dois-estandes-especiais-para-celebrar-seus-dez-anos\/#article","isPartOf":{"@id":"https:\/\/economiasa.com.br\/blog\/nina-makeup-chega-a-beauty-fair-2026-com-dois-estandes-especiais-para-celebrar-seus-dez-anos\/"},"author":{"name":"Reda\u00e7\u00e3o","@id":"https:\/\/economiasa.com.br\/blog\/#\/schema\/person\/14b8ac2dc25bd63b52bc54e845fa3923"},"headline":"Nina Makeup chega \u00e0 Beauty Fair 2026 com dois estandes especiais para celebrar seus dez anos","datePublished":"2026-09-04T20:52:34+00:00","mainEntityOfPage":{"@id":"https:\/\/economiasa.com.br\/blog\/nina-makeup-chega-a-beauty-fair-2026-com-dois-estandes-especiais-para-celebrar-seus-dez-anos\/"},"wordCount":673,"image":{"@id":"https:\/\/economiasa.com.br\/blog\/nina-makeup-chega-a-beauty-fair-2026-com-dois-estandes-especiais-para-celebrar-seus-dez-anos\/#primaryimage"},"thumbnailUrl":"https:\/\/economiasa.com.br\/blog\/wp-content\/uploads\/2026\/09\/Capturar-40.png","articleSection":["Eventos"],"inLanguage":"pt-BR"},{"@type":"WebPage","@id":"https:\/\/economiasa.com.br\/blog\/nina-makeup-chega-a-beauty-fair-2026-com-dois-estandes-especiais-para-celebrar-seus-dez-anos\/","url":"https:\/\/economiasa.com.br\/blog\/nina-makeup-chega-a-beauty-fair-2026-com-dois-estandes-especiais-para-celebrar-seus-dez-anos\/","name":"Nina Makeup chega \u00e0 Beauty Fair 2026 com dois estandes especiais para celebrar seus dez anos - Economia S\/A","isPartOf":{"@id":"https:\/\/economiasa.com.br\/blog\/#website"},"primaryImageOfPage":{"@id":"https:\/\/economiasa.com.br\/blog\/nina-makeup-chega-a-beauty-fair-2026-com-dois-estandes-especiais-para-celebrar-seus-dez-anos\/#primaryimage"},"image":{"@id":"https:\/\/economiasa.com.br\/blog\/nina-makeup-chega-a-beauty-fair-2026-com-dois-estandes-especiais-para-celebrar-seus-dez-anos\/#primaryimage"},"thumbnailUrl":"https:\/\/economiasa.com.br\/blog\/wp-content\/uploads\/2026\/09\/Capturar-40.png","datePublished":"2026-09-04T20:52:34+00:00","author":{"@id":"https:\/\/economiasa.com.br\/blog\/#\/schema\/person\/14b8ac2dc25bd63b52bc54e845fa3923"},"breadcrumb":{"@id":"https:\/\/economiasa.com.br\/blog\/nina-makeup-chega-a-beauty-fair-2026-com-dois-estandes-especiais-para-celebrar-seus-dez-anos\/#breadcrumb"},"inLanguage":"pt-BR","potentialAction":[{"@type":"ReadAction","target":["https:\/\/economiasa.com.br\/blog\/nina-makeup-chega-a-beauty-fair-2026-com-dois-estandes-especiais-para-celebrar-seus-dez-anos\/"]}]},{"@type":"ImageObject","inLanguage":"pt-BR","@id":"https:\/\/economiasa.com.br\/blog\/nina-makeup-chega-a-beauty-fair-2026-com-dois-estandes-especiais-para-celebrar-seus-dez-anos\/#primaryimage","url":"https:\/\/economiasa.com.br\/blog\/wp-content\/uploads\/2026\/09\/Capturar-40.png","contentUrl":"https:\/\/economiasa.com.br\/blog\/wp-content\/uploads\/2026\/09\/Capturar-40.png","width":585,"height":325,"caption":"Cr\u00e9ditos da foto: Divulga\u00e7\u00e3o"},{"@type":"BreadcrumbList","@id":"https:\/\/economiasa.com.br\/blog\/nina-makeup-chega-a-beauty-fair-2026-com-dois-estandes-especiais-para-celebrar-seus-dez-anos\/#breadcrumb","itemListElement":[{"@type":"ListItem","position":1,"name":"In\u00edcio","item":"https:\/\/economiasa.com.br\/blog\/"},{"@type":"ListItem","position":2,"name":"Nina Makeup chega \u00e0 Beauty Fair 2026 com dois estandes especiais para celebrar seus dez anos"}]},{"@type":"WebSite","@id":"https:\/\/economiasa.com.br\/blog\/#website","url":"https:\/\/economiasa.com.br\/blog\/","name":"Economia S\/A","description":"Ler faz bem para os neg\u00f3cios","potentialAction":[{"@type":"SearchAction","target":{"@type":"EntryPoint","urlTemplate":"https:\/\/economiasa.com.br\/blog\/?s={search_term_string}"},"query-input":{"@type":"PropertyValueSpecification","valueRequired":true,"valueName":"search_term_string"}}],"inLanguage":"pt-BR"},{"@type":"Person","@id":"https:\/\/economiasa.com.br\/blog\/#\/schema\/person\/14b8ac2dc25bd63b52bc54e845fa3923","name":"Reda\u00e7\u00e3o","image":{"@type":"ImageObject","inLanguage":"pt-BR","@id":"https:\/\/secure.gravatar.com\/avatar\/c8c795261f7f8547b22616a549577db9e450bd5622da3f6eb62b0e2c3e364c4e?s=96&d=mm&r=g0fb5212bc57e2287787936667fbbe0ff","url":"https:\/\/secure.gravatar.com\/avatar\/c8c795261f7f8547b22616a549577db9e450bd5622da3f6eb62b0e2c3e364c4e?s=96&d=mm&r=g","contentUrl":"https:\/\/secure.gravatar.com\/avatar\/c8c795261f7f8547b22616a549577db9e450bd5622da3f6eb62b0e2c3e364c4e?s=96&d=mm&r=g","caption":"Reda\u00e7\u00e3o"},"sameAs":["http:\/\/www.economiasa.com.br"],"url":"https:\/\/economiasa.com.br\/blog\/author\/redacao\/"}]}},"authors":[{"term_id":13248,"user_id":47,"is_guest":0,"slug":"redacao","display_name":"Reda\u00e7\u00e3o","avatar_url":"https:\/\/secure.gravatar.com\/avatar\/c8c795261f7f8547b22616a549577db9e450bd5622da3f6eb62b0e2c3e364c4e?s=96&d=mm&r=g","author_category":"","first_name":"Reda\u00e7\u00e3o","last_name":"","user_url":"http:\/\/www.economiasa.com.br","job_title":"","description":""}],"amp_enabled":true,"_links":{"self":[{"href":"https:\/\/economiasa.com.br\/blog\/wp-json\/wp\/v2\/posts\/85169","targetHints":{"allow":["GET"]}}],"collection":[{"href":"https:\/\/economiasa.com.br\/blog\/wp-json\/wp\/v2\/posts"}],"about":[{"href":"https:\/\/economiasa.com.br\/blog\/wp-json\/wp\/v2\/types\/post"}],"author":[{"embeddable":true,"href":"https:\/\/economiasa.com.br\/blog\/wp-json\/wp\/v2\/users\/47"}],"replies":[{"embeddable":true,"href":"https:\/\/economiasa.com.br\/blog\/wp-json\/wp\/v2\/comments?post=85169"}],"version-history":[{"count":0,"href":"https:\/\/economiasa.com.br\/blog\/wp-json\/wp\/v2\/posts\/85169\/revisions"}],"wp:featuredmedia":[{"embeddable":true,"href":"https:\/\/economiasa.com.br\/blog\/wp-json\/wp\/v2\/media\/85170"}],"wp:attachment":[{"href":"https:\/\/economiasa.com.br\/blog\/wp-json\/wp\/v2\/media?parent=85169"}],"wp:term":[{"taxonomy":"category","embeddable":true,"href":"https:\/\/economiasa.com.br\/blog\/wp-json\/wp\/v2\/categories?post=85169"},{"taxonomy":"post_tag","embeddable":true,"href":"https:\/\/economiasa.com.br\/blog\/wp-json\/wp\/v2\/tags?post=85169"},{"taxonomy":"author","embeddable":true,"href":"https:\/\/economiasa.com.br\/blog\/wp-json\/wp\/v2\/ppma_author?post=85169"}],"curies":[{"name":"wp","href":"https:\/\/api.w.org\/{rel}","templated":true}]}}