{"id":85178,"date":"2026-09-04T18:01:18","date_gmt":"2026-09-04T21:01:18","guid":{"rendered":"https:\/\/economiasa.com.br\/blog\/?p=85178"},"modified":"2026-09-04T18:01:18","modified_gmt":"2026-09-04T21:01:18","slug":"demanda-e-mudancas-regulatorias-impulsionam-acoes-e-carreiras-em-compliance-aponta-especialista","status":"publish","type":"post","link":"https:\/\/economiasa.com.br\/blog\/demanda-e-mudancas-regulatorias-impulsionam-acoes-e-carreiras-em-compliance-aponta-especialista\/","title":{"rendered":"Demanda e mudan\u00e7as regulat\u00f3rias impulsionam a\u00e7\u00f5es e carreiras em compliance, aponta especialista"},"content":{"rendered":"\n<p class=\"wp-block-paragraph\"><em>S\u00f3cios da CLA Brasil avaliam que compliance e GRC deixaram de ser fun\u00e7\u00f5es de controle para se tornarem disciplinas estrat\u00e9gicas nas decis\u00f5es de neg\u00f3cio<\/em><\/p>\n\n\n\n<p class=\"wp-block-paragraph\">Criado, inicialmente, para estipular c\u00f3digos de conduta e prevenir a corrup\u00e7\u00e3o em institui\u00e7\u00f5es financeiras, o compliance deve alcan\u00e7ar uma posi\u00e7\u00e3o ainda mais estrat\u00e9gica nas empresas nos pr\u00f3ximos anos, impulsionado por mudan\u00e7as regulat\u00f3rias, evolu\u00e7\u00e3o tecnol\u00f3gica e maior press\u00e3o de consumidores, investidores e \u00f3rg\u00e3os fiscalizadores. A avalia\u00e7\u00e3o \u00e9 do s\u00f3cio l\u00edder de Auditoria e de People Solutions da CLA Brasil, Thiago Brehmer.<\/p>\n\n\n\n<p class=\"wp-block-paragraph\">Segundo o executivo, a tend\u00eancia \u00e9 que os profissionais do setor comecem a atuar cada vez mais nas tomadas de decis\u00f5es relacionadas a aquisi\u00e7\u00f5es, expans\u00f5es, parcerias e iniciativas de inova\u00e7\u00e3o nas companhias. \u201cO compliance que vai definir os pr\u00f3ximos anos n\u00e3o \u00e9 o compliance de checklist, \u00e9 o que se senta \u00e0 mesa das decis\u00f5es estrat\u00e9gicas. Vemos isso na pr\u00e1tica: empresas que estruturaram seus programas de integridade com seriedade passaram a ser preferidas em processos de M&A, em licita\u00e7\u00f5es e na capta\u00e7\u00e3o de capital. A governan\u00e7a deixou de ser custo e virou crit\u00e9rio de sele\u00e7\u00e3o\u201d, afirma.<\/p>\n\n\n\n<p class=\"wp-block-paragraph\">Brehmer avalia que o setor est\u00e1 mais maduro, mas que a maturidade ainda n\u00e3o alcan\u00e7ou todas as empresas. O especialista tamb\u00e9m acrescenta que \u201cn\u00e3o \u00e9 mais uma quest\u00e3o de boas pr\u00e1ticas, \u00e9 uma quest\u00e3o de acesso a mercado. E esse movimento est\u00e1 chegando nas empresas de todos os portes, n\u00e3o apenas nas grandes corpora\u00e7\u00f5es. O profissional de compliance que liderar\u00e1 nos pr\u00f3ximos anos n\u00e3o \u00e9 o especialista em normas, \u00e9 o especialista em trazer uma nova perspectiva para o processo de tomada de decis\u00e3o de neg\u00f3cios\u201d, completa.<\/p>\n\n\n\n<p class=\"wp-block-paragraph\">Para Cl\u00e1udio Castro, S\u00f3cio-l\u00edder de GRC da CLA Brasil, a integra\u00e7\u00e3o entre governan\u00e7a, risco e compliance deixou de ser um modelo aspiracional para se tornar uma exig\u00eancia operacional. \u201cAs empresas que ainda tratam essas tr\u00eas disciplinas como silos separados est\u00e3o acumulando risco sem perceber. A pergunta que os conselhos e comit\u00eas de auditoria est\u00e3o fazendo agora n\u00e3o \u00e9 se a empresa tem um programa de compliance, \u00e9 se esse programa est\u00e1 conectado \u00e0 estrat\u00e9gia, aos dados e \u00e0s decis\u00f5es que realmente importam. Quem n\u00e3o souber responder a essa pergunta com evid\u00eancias vai ter dificuldade crescente de operar em mercados regulados, de acessar capital e de construir reputa\u00e7\u00e3o de longo prazo\u201d, afirma.<\/p>\n","protected":false},"excerpt":{"rendered":"<p>S\u00f3cios da CLA Brasil avaliam que compliance e GRC deixaram de ser fun\u00e7\u00f5es de controle para se tornarem disciplinas estrat\u00e9gicas nas decis\u00f5es&#8230;<\/p>\n","protected":false},"author":47,"featured_media":85180,"comment_status":"closed","ping_status":"open","sticky":false,"template":"","format":"standard","meta":{"footnotes":""},"categories":[2017],"tags":[],"ppma_author":[13248],"class_list":["post-85178","post","type-post","status-publish","format-standard","has-post-thumbnail","category-informacoes"],"yoast_head":"<!-- This site is optimized with the Yoast SEO plugin v27.2 - https:\/\/yoast.com\/product\/yoast-seo-wordpress\/ -->\n<title>Demanda e mudan\u00e7as regulat\u00f3rias impulsionam a\u00e7\u00f5es e carreiras em compliance, aponta especialista - Economia S\/A<\/title>\n<meta name=\"robots\" content=\"index, follow, max-snippet:-1, max-image-preview:large, max-video-preview:-1\" \/>\n<link rel=\"canonical\" href=\"https:\/\/economiasa.com.br\/blog\/demanda-e-mudancas-regulatorias-impulsionam-acoes-e-carreiras-em-compliance-aponta-especialista\/\" \/>\n<meta property=\"og:locale\" content=\"pt_BR\" \/>\n<meta property=\"og:type\" content=\"article\" \/>\n<meta property=\"og:title\" content=\"Demanda e mudan\u00e7as regulat\u00f3rias impulsionam a\u00e7\u00f5es e carreiras em compliance, aponta especialista - Economia S\/A\" \/>\n<meta property=\"og:description\" content=\"S\u00f3cios da CLA Brasil avaliam que compliance e GRC deixaram de ser fun\u00e7\u00f5es de controle para se tornarem disciplinas estrat\u00e9gicas nas decis\u00f5es...\" \/>\n<meta property=\"og:url\" content=\"https:\/\/economiasa.com.br\/blog\/demanda-e-mudancas-regulatorias-impulsionam-acoes-e-carreiras-em-compliance-aponta-especialista\/\" \/>\n<meta property=\"og:site_name\" content=\"Economia S\/A\" \/>\n<meta property=\"article:published_time\" content=\"2026-09-04T21:01:18+00:00\" \/>\n<meta property=\"og:image\" content=\"https:\/\/economiasa.com.br\/blog\/wp-content\/uploads\/2026\/09\/glenn-carstens-peters-npxXWgQ33ZQ-unsplash.jpg\" \/>\n\t<meta property=\"og:image:width\" content=\"4076\" \/>\n\t<meta property=\"og:image:height\" content=\"2712\" \/>\n\t<meta property=\"og:image:type\" content=\"image\/jpeg\" \/>\n<meta name=\"author\" content=\"Reda\u00e7\u00e3o\" \/>\n<meta name=\"twitter:card\" content=\"summary_large_image\" \/>\n<meta name=\"twitter:label1\" content=\"Escrito por\" \/>\n\t<meta name=\"twitter:data1\" content=\"Reda\u00e7\u00e3o\" \/>\n\t<meta name=\"twitter:label2\" content=\"Est. tempo de leitura\" \/>\n\t<meta name=\"twitter:data2\" content=\"3 minutos\" \/>\n<script type=\"application\/ld+json\" class=\"yoast-schema-graph\">{\"@context\":\"https:\/\/schema.org\",\"@graph\":[{\"@type\":\"Article\",\"@id\":\"https:\/\/economiasa.com.br\/blog\/demanda-e-mudancas-regulatorias-impulsionam-acoes-e-carreiras-em-compliance-aponta-especialista\/#article\",\"isPartOf\":{\"@id\":\"https:\/\/economiasa.com.br\/blog\/demanda-e-mudancas-regulatorias-impulsionam-acoes-e-carreiras-em-compliance-aponta-especialista\/\"},\"author\":{\"name\":\"Reda\u00e7\u00e3o\",\"@id\":\"https:\/\/economiasa.com.br\/blog\/#\/schema\/person\/14b8ac2dc25bd63b52bc54e845fa3923\"},\"headline\":\"Demanda e mudan\u00e7as regulat\u00f3rias impulsionam a\u00e7\u00f5es e carreiras em compliance, aponta especialista\",\"datePublished\":\"2026-09-04T21:01:18+00:00\",\"mainEntityOfPage\":{\"@id\":\"https:\/\/economiasa.com.br\/blog\/demanda-e-mudancas-regulatorias-impulsionam-acoes-e-carreiras-em-compliance-aponta-especialista\/\"},\"wordCount\":448,\"image\":{\"@id\":\"https:\/\/economiasa.com.br\/blog\/demanda-e-mudancas-regulatorias-impulsionam-acoes-e-carreiras-em-compliance-aponta-especialista\/#primaryimage\"},\"thumbnailUrl\":\"https:\/\/economiasa.com.br\/blog\/wp-content\/uploads\/2026\/09\/glenn-carstens-peters-npxXWgQ33ZQ-unsplash.jpg\",\"articleSection\":[\"Informa\u00e7\u00f5es\"],\"inLanguage\":\"pt-BR\"},{\"@type\":\"WebPage\",\"@id\":\"https:\/\/economiasa.com.br\/blog\/demanda-e-mudancas-regulatorias-impulsionam-acoes-e-carreiras-em-compliance-aponta-especialista\/\",\"url\":\"https:\/\/economiasa.com.br\/blog\/demanda-e-mudancas-regulatorias-impulsionam-acoes-e-carreiras-em-compliance-aponta-especialista\/\",\"name\":\"Demanda e mudan\u00e7as regulat\u00f3rias impulsionam a\u00e7\u00f5es e carreiras em compliance, aponta especialista - Economia S\/A\",\"isPartOf\":{\"@id\":\"https:\/\/economiasa.com.br\/blog\/#website\"},\"primaryImageOfPage\":{\"@id\":\"https:\/\/economiasa.com.br\/blog\/demanda-e-mudancas-regulatorias-impulsionam-acoes-e-carreiras-em-compliance-aponta-especialista\/#primaryimage\"},\"image\":{\"@id\":\"https:\/\/economiasa.com.br\/blog\/demanda-e-mudancas-regulatorias-impulsionam-acoes-e-carreiras-em-compliance-aponta-especialista\/#primaryimage\"},\"thumbnailUrl\":\"https:\/\/economiasa.com.br\/blog\/wp-content\/uploads\/2026\/09\/glenn-carstens-peters-npxXWgQ33ZQ-unsplash.jpg\",\"datePublished\":\"2026-09-04T21:01:18+00:00\",\"author\":{\"@id\":\"https:\/\/economiasa.com.br\/blog\/#\/schema\/person\/14b8ac2dc25bd63b52bc54e845fa3923\"},\"breadcrumb\":{\"@id\":\"https:\/\/economiasa.com.br\/blog\/demanda-e-mudancas-regulatorias-impulsionam-acoes-e-carreiras-em-compliance-aponta-especialista\/#breadcrumb\"},\"inLanguage\":\"pt-BR\",\"potentialAction\":[{\"@type\":\"ReadAction\",\"target\":[\"https:\/\/economiasa.com.br\/blog\/demanda-e-mudancas-regulatorias-impulsionam-acoes-e-carreiras-em-compliance-aponta-especialista\/\"]}]},{\"@type\":\"ImageObject\",\"inLanguage\":\"pt-BR\",\"@id\":\"https:\/\/economiasa.com.br\/blog\/demanda-e-mudancas-regulatorias-impulsionam-acoes-e-carreiras-em-compliance-aponta-especialista\/#primaryimage\",\"url\":\"https:\/\/economiasa.com.br\/blog\/wp-content\/uploads\/2026\/09\/glenn-carstens-peters-npxXWgQ33ZQ-unsplash.jpg\",\"contentUrl\":\"https:\/\/economiasa.com.br\/blog\/wp-content\/uploads\/2026\/09\/glenn-carstens-peters-npxXWgQ33ZQ-unsplash.jpg\",\"width\":4076,\"height\":2712,\"caption\":\"Cr\u00e9ditos da foto: Divulga\u00e7\u00e3o\"},{\"@type\":\"BreadcrumbList\",\"@id\":\"https:\/\/economiasa.com.br\/blog\/demanda-e-mudancas-regulatorias-impulsionam-acoes-e-carreiras-em-compliance-aponta-especialista\/#breadcrumb\",\"itemListElement\":[{\"@type\":\"ListItem\",\"position\":1,\"name\":\"In\u00edcio\",\"item\":\"https:\/\/economiasa.com.br\/blog\/\"},{\"@type\":\"ListItem\",\"position\":2,\"name\":\"Demanda e mudan\u00e7as regulat\u00f3rias impulsionam a\u00e7\u00f5es e carreiras em compliance, aponta especialista\"}]},{\"@type\":\"WebSite\",\"@id\":\"https:\/\/economiasa.com.br\/blog\/#website\",\"url\":\"https:\/\/economiasa.com.br\/blog\/\",\"name\":\"Economia S\/A\",\"description\":\"Ler faz bem para os neg\u00f3cios\",\"potentialAction\":[{\"@type\":\"SearchAction\",\"target\":{\"@type\":\"EntryPoint\",\"urlTemplate\":\"https:\/\/economiasa.com.br\/blog\/?s={search_term_string}\"},\"query-input\":{\"@type\":\"PropertyValueSpecification\",\"valueRequired\":true,\"valueName\":\"search_term_string\"}}],\"inLanguage\":\"pt-BR\"},{\"@type\":\"Person\",\"@id\":\"https:\/\/economiasa.com.br\/blog\/#\/schema\/person\/14b8ac2dc25bd63b52bc54e845fa3923\",\"name\":\"Reda\u00e7\u00e3o\",\"image\":{\"@type\":\"ImageObject\",\"inLanguage\":\"pt-BR\",\"@id\":\"https:\/\/secure.gravatar.com\/avatar\/c8c795261f7f8547b22616a549577db9e450bd5622da3f6eb62b0e2c3e364c4e?s=96&d=mm&r=g0fb5212bc57e2287787936667fbbe0ff\",\"url\":\"https:\/\/secure.gravatar.com\/avatar\/c8c795261f7f8547b22616a549577db9e450bd5622da3f6eb62b0e2c3e364c4e?s=96&d=mm&r=g\",\"contentUrl\":\"https:\/\/secure.gravatar.com\/avatar\/c8c795261f7f8547b22616a549577db9e450bd5622da3f6eb62b0e2c3e364c4e?s=96&d=mm&r=g\",\"caption\":\"Reda\u00e7\u00e3o\"},\"sameAs\":[\"http:\/\/www.economiasa.com.br\"],\"url\":\"https:\/\/economiasa.com.br\/blog\/author\/redacao\/\"}]}<\/script>\n<!-- \/ Yoast SEO plugin. -->","yoast_head_json":{"title":"Demanda e mudan\u00e7as regulat\u00f3rias impulsionam a\u00e7\u00f5es e carreiras em compliance, aponta especialista - Economia S\/A","robots":{"index":"index","follow":"follow","max-snippet":"max-snippet:-1","max-image-preview":"max-image-preview:large","max-video-preview":"max-video-preview:-1"},"canonical":"https:\/\/economiasa.com.br\/blog\/demanda-e-mudancas-regulatorias-impulsionam-acoes-e-carreiras-em-compliance-aponta-especialista\/","og_locale":"pt_BR","og_type":"article","og_title":"Demanda e mudan\u00e7as regulat\u00f3rias impulsionam a\u00e7\u00f5es e carreiras em compliance, aponta especialista - Economia S\/A","og_description":"S\u00f3cios da CLA Brasil avaliam que compliance e GRC deixaram de ser fun\u00e7\u00f5es de controle para se tornarem disciplinas estrat\u00e9gicas nas decis\u00f5es...","og_url":"https:\/\/economiasa.com.br\/blog\/demanda-e-mudancas-regulatorias-impulsionam-acoes-e-carreiras-em-compliance-aponta-especialista\/","og_site_name":"Economia S\/A","article_published_time":"2026-09-04T21:01:18+00:00","og_image":[{"width":4076,"height":2712,"url":"https:\/\/economiasa.com.br\/blog\/wp-content\/uploads\/2026\/09\/glenn-carstens-peters-npxXWgQ33ZQ-unsplash.jpg","type":"image\/jpeg"}],"author":"Reda\u00e7\u00e3o","twitter_card":"summary_large_image","twitter_misc":{"Escrito por":"Reda\u00e7\u00e3o","Est. tempo de leitura":"3 minutos"},"schema":{"@context":"https:\/\/schema.org","@graph":[{"@type":"Article","@id":"https:\/\/economiasa.com.br\/blog\/demanda-e-mudancas-regulatorias-impulsionam-acoes-e-carreiras-em-compliance-aponta-especialista\/#article","isPartOf":{"@id":"https:\/\/economiasa.com.br\/blog\/demanda-e-mudancas-regulatorias-impulsionam-acoes-e-carreiras-em-compliance-aponta-especialista\/"},"author":{"name":"Reda\u00e7\u00e3o","@id":"https:\/\/economiasa.com.br\/blog\/#\/schema\/person\/14b8ac2dc25bd63b52bc54e845fa3923"},"headline":"Demanda e mudan\u00e7as regulat\u00f3rias impulsionam a\u00e7\u00f5es e carreiras em compliance, aponta especialista","datePublished":"2026-09-04T21:01:18+00:00","mainEntityOfPage":{"@id":"https:\/\/economiasa.com.br\/blog\/demanda-e-mudancas-regulatorias-impulsionam-acoes-e-carreiras-em-compliance-aponta-especialista\/"},"wordCount":448,"image":{"@id":"https:\/\/economiasa.com.br\/blog\/demanda-e-mudancas-regulatorias-impulsionam-acoes-e-carreiras-em-compliance-aponta-especialista\/#primaryimage"},"thumbnailUrl":"https:\/\/economiasa.com.br\/blog\/wp-content\/uploads\/2026\/09\/glenn-carstens-peters-npxXWgQ33ZQ-unsplash.jpg","articleSection":["Informa\u00e7\u00f5es"],"inLanguage":"pt-BR"},{"@type":"WebPage","@id":"https:\/\/economiasa.com.br\/blog\/demanda-e-mudancas-regulatorias-impulsionam-acoes-e-carreiras-em-compliance-aponta-especialista\/","url":"https:\/\/economiasa.com.br\/blog\/demanda-e-mudancas-regulatorias-impulsionam-acoes-e-carreiras-em-compliance-aponta-especialista\/","name":"Demanda e mudan\u00e7as regulat\u00f3rias impulsionam a\u00e7\u00f5es e carreiras em compliance, aponta especialista - Economia S\/A","isPartOf":{"@id":"https:\/\/economiasa.com.br\/blog\/#website"},"primaryImageOfPage":{"@id":"https:\/\/economiasa.com.br\/blog\/demanda-e-mudancas-regulatorias-impulsionam-acoes-e-carreiras-em-compliance-aponta-especialista\/#primaryimage"},"image":{"@id":"https:\/\/economiasa.com.br\/blog\/demanda-e-mudancas-regulatorias-impulsionam-acoes-e-carreiras-em-compliance-aponta-especialista\/#primaryimage"},"thumbnailUrl":"https:\/\/economiasa.com.br\/blog\/wp-content\/uploads\/2026\/09\/glenn-carstens-peters-npxXWgQ33ZQ-unsplash.jpg","datePublished":"2026-09-04T21:01:18+00:00","author":{"@id":"https:\/\/economiasa.com.br\/blog\/#\/schema\/person\/14b8ac2dc25bd63b52bc54e845fa3923"},"breadcrumb":{"@id":"https:\/\/economiasa.com.br\/blog\/demanda-e-mudancas-regulatorias-impulsionam-acoes-e-carreiras-em-compliance-aponta-especialista\/#breadcrumb"},"inLanguage":"pt-BR","potentialAction":[{"@type":"ReadAction","target":["https:\/\/economiasa.com.br\/blog\/demanda-e-mudancas-regulatorias-impulsionam-acoes-e-carreiras-em-compliance-aponta-especialista\/"]}]},{"@type":"ImageObject","inLanguage":"pt-BR","@id":"https:\/\/economiasa.com.br\/blog\/demanda-e-mudancas-regulatorias-impulsionam-acoes-e-carreiras-em-compliance-aponta-especialista\/#primaryimage","url":"https:\/\/economiasa.com.br\/blog\/wp-content\/uploads\/2026\/09\/glenn-carstens-peters-npxXWgQ33ZQ-unsplash.jpg","contentUrl":"https:\/\/economiasa.com.br\/blog\/wp-content\/uploads\/2026\/09\/glenn-carstens-peters-npxXWgQ33ZQ-unsplash.jpg","width":4076,"height":2712,"caption":"Cr\u00e9ditos da foto: Divulga\u00e7\u00e3o"},{"@type":"BreadcrumbList","@id":"https:\/\/economiasa.com.br\/blog\/demanda-e-mudancas-regulatorias-impulsionam-acoes-e-carreiras-em-compliance-aponta-especialista\/#breadcrumb","itemListElement":[{"@type":"ListItem","position":1,"name":"In\u00edcio","item":"https:\/\/economiasa.com.br\/blog\/"},{"@type":"ListItem","position":2,"name":"Demanda e mudan\u00e7as regulat\u00f3rias impulsionam a\u00e7\u00f5es e carreiras em compliance, aponta especialista"}]},{"@type":"WebSite","@id":"https:\/\/economiasa.com.br\/blog\/#website","url":"https:\/\/economiasa.com.br\/blog\/","name":"Economia S\/A","description":"Ler faz bem para os neg\u00f3cios","potentialAction":[{"@type":"SearchAction","target":{"@type":"EntryPoint","urlTemplate":"https:\/\/economiasa.com.br\/blog\/?s={search_term_string}"},"query-input":{"@type":"PropertyValueSpecification","valueRequired":true,"valueName":"search_term_string"}}],"inLanguage":"pt-BR"},{"@type":"Person","@id":"https:\/\/economiasa.com.br\/blog\/#\/schema\/person\/14b8ac2dc25bd63b52bc54e845fa3923","name":"Reda\u00e7\u00e3o","image":{"@type":"ImageObject","inLanguage":"pt-BR","@id":"https:\/\/secure.gravatar.com\/avatar\/c8c795261f7f8547b22616a549577db9e450bd5622da3f6eb62b0e2c3e364c4e?s=96&d=mm&r=g0fb5212bc57e2287787936667fbbe0ff","url":"https:\/\/secure.gravatar.com\/avatar\/c8c795261f7f8547b22616a549577db9e450bd5622da3f6eb62b0e2c3e364c4e?s=96&d=mm&r=g","contentUrl":"https:\/\/secure.gravatar.com\/avatar\/c8c795261f7f8547b22616a549577db9e450bd5622da3f6eb62b0e2c3e364c4e?s=96&d=mm&r=g","caption":"Reda\u00e7\u00e3o"},"sameAs":["http:\/\/www.economiasa.com.br"],"url":"https:\/\/economiasa.com.br\/blog\/author\/redacao\/"}]}},"authors":[{"term_id":13248,"user_id":47,"is_guest":0,"slug":"redacao","display_name":"Reda\u00e7\u00e3o","avatar_url":"https:\/\/secure.gravatar.com\/avatar\/c8c795261f7f8547b22616a549577db9e450bd5622da3f6eb62b0e2c3e364c4e?s=96&d=mm&r=g","author_category":"","first_name":"Reda\u00e7\u00e3o","last_name":"","user_url":"http:\/\/www.economiasa.com.br","job_title":"","description":""}],"amp_enabled":true,"_links":{"self":[{"href":"https:\/\/economiasa.com.br\/blog\/wp-json\/wp\/v2\/posts\/85178","targetHints":{"allow":["GET"]}}],"collection":[{"href":"https:\/\/economiasa.com.br\/blog\/wp-json\/wp\/v2\/posts"}],"about":[{"href":"https:\/\/economiasa.com.br\/blog\/wp-json\/wp\/v2\/types\/post"}],"author":[{"embeddable":true,"href":"https:\/\/economiasa.com.br\/blog\/wp-json\/wp\/v2\/users\/47"}],"replies":[{"embeddable":true,"href":"https:\/\/economiasa.com.br\/blog\/wp-json\/wp\/v2\/comments?post=85178"}],"version-history":[{"count":0,"href":"https:\/\/economiasa.com.br\/blog\/wp-json\/wp\/v2\/posts\/85178\/revisions"}],"wp:featuredmedia":[{"embeddable":true,"href":"https:\/\/economiasa.com.br\/blog\/wp-json\/wp\/v2\/media\/85180"}],"wp:attachment":[{"href":"https:\/\/economiasa.com.br\/blog\/wp-json\/wp\/v2\/media?parent=85178"}],"wp:term":[{"taxonomy":"category","embeddable":true,"href":"https:\/\/economiasa.com.br\/blog\/wp-json\/wp\/v2\/categories?post=85178"},{"taxonomy":"post_tag","embeddable":true,"href":"https:\/\/economiasa.com.br\/blog\/wp-json\/wp\/v2\/tags?post=85178"},{"taxonomy":"author","embeddable":true,"href":"https:\/\/economiasa.com.br\/blog\/wp-json\/wp\/v2\/ppma_author?post=85178"}],"curies":[{"name":"wp","href":"https:\/\/api.w.org\/{rel}","templated":true}]}}