{"id":85181,"date":"2026-09-04T18:02:56","date_gmt":"2026-09-04T21:02:56","guid":{"rendered":"https:\/\/economiasa.com.br\/blog\/?p=85181"},"modified":"2026-09-04T18:02:57","modified_gmt":"2026-09-04T21:02:57","slug":"r-1-bilhao-no-litoral-catarinense-investidores-do-sul-apostam-na-aviacao-executiva-como-novo-motor-economico","status":"publish","type":"post","link":"https:\/\/economiasa.com.br\/blog\/r-1-bilhao-no-litoral-catarinense-investidores-do-sul-apostam-na-aviacao-executiva-como-novo-motor-economico\/","title":{"rendered":"R$ 1 bilh\u00e3o no litoral catarinense: investidores do Sul apostam na avia\u00e7\u00e3o executiva como novo motor econ\u00f4mico"},"content":{"rendered":"\n<p class=\"wp-block-paragraph\"><em>Um grupo de investidores do Sul do pa\u00eds decidiu apostar alto nesse potencial: R$ 1 bilh\u00e3o num complexo de avia\u00e7\u00e3o executiva e neg\u00f3cios que promete transformar a regi\u00e3o num novo polo econ\u00f4mico do litoral catarinense.<\/em><\/p>\n\n\n\n<p class=\"wp-block-paragraph\">R$ 1 bilh\u00e3o no litoral catarinense: investidores do Sul apostam na avia\u00e7\u00e3o executiva como novo motor econ\u00f4mico<\/p>\n\n\n\n<p class=\"wp-block-paragraph\"><em>Enquanto o mercado imobili\u00e1rio de Balne\u00e1rio Cambori\u00fa consolidava sua fama de metro quadrado mais caro do Brasil, sua vizinha Cambori\u00fa crescia em sil\u00eancio: com ind\u00fastria, log\u00edstica e um potencial econ\u00f4mico que o mercado demorou a enxergar. Agora, um grupo de investidores do Sul do pa\u00eds decidiu apostar alto nesse potencial: R$ 1 bilh\u00e3o num complexo de avia\u00e7\u00e3o executiva e neg\u00f3cios que promete transformar a regi\u00e3o num novo polo econ\u00f4mico do litoral catarinense.<\/em><\/p>\n\n\n\n<p class=\"wp-block-paragraph\"><strong>O investimento<\/strong><\/p>\n\n\n\n<p class=\"wp-block-paragraph\">O AeroPark Cambori\u00fa \u00e9 liderado pela VexCapital e re\u00fane investidores majoritariamente do Sudoeste do Paran\u00e1 \u2013 regi\u00e3o conhecida pelo perfil empreendedor e pelo dinamismo do agroneg\u00f3cio e da ind\u00fastria. O projeto prev\u00ea quatro fases de desenvolvimento, com obras de terraplenagem iniciando no primeiro semestre de 2027 e opera\u00e7\u00e3o plena at\u00e9 2030.<\/p>\n\n\n\n<p class=\"wp-block-paragraph\">\u201cA dificuldade de locomo\u00e7\u00e3o para chegar at\u00e9 a regi\u00e3o foi o que motivou a ideia. Nosso aeroporto vai contemplar toda a regi\u00e3o Sul\u201d, afirma Valmir Tartari, investidor principal do empreendimento.<\/p>\n\n\n\n<p class=\"wp-block-paragraph\"><strong>Por que avia\u00e7\u00e3o executiva \u00e9 neg\u00f3cio<\/strong><\/p>\n\n\n\n<p class=\"wp-block-paragraph\">O Brasil \u00e9 o segundo maior mercado de avia\u00e7\u00e3o executiva do mundo, com mais de 11.239 aeronaves registradas e crescimento de 6,5% nos \u00faltimos anos. O mercado latino-americano de jatos executivos deve atingir US$ 1,31 bilh\u00e3o at\u00e9 2029; alta de 103% em cinco anos.<\/p>\n\n\n\n<p class=\"wp-block-paragraph\">Para o empres\u00e1rio do agroneg\u00f3cio, da ind\u00fastria e do setor fabril \u2013 perfil predominante no Sul do Brasil \u2013 a avia\u00e7\u00e3o privada deixou de ser luxo e virou ferramenta de trabalho. Mobilidade, tempo e acesso a mercados estrat\u00e9gicos s\u00e3o os argumentos que movem esse p\u00fablico. E \u00e9 exatamente esse p\u00fablico que o AeroPark quer atender.<\/p>\n\n\n\n<p class=\"wp-block-paragraph\"><strong>O complexo<\/strong><\/p>\n\n\n\n<p class=\"wp-block-paragraph\">Com 2,2 milh\u00f5es de metros quadrados, o AeroPark vai al\u00e9m do aeroporto. O complexo prev\u00ea aproximadamente 250 lotes para hangares corporativos \u2014 de 640m\u00b2 a 2.880m\u00b2 \u2014, tr\u00eas condom\u00ednios aeron\u00e1uticos conectados \u00e0 mesma pista, setor comercial e empresarial, parque tecnol\u00f3gico e, em fases futuras, estudos para implanta\u00e7\u00e3o de uma zona de processamento voltada \u00e0 exporta\u00e7\u00e3o. A pista vai iniciar com 1.400 metros de comprimento, opera\u00e7\u00e3o 24 horas e capacidade de expans\u00e3o at\u00e9 1.600 metros.<\/p>\n\n\n\n<p class=\"wp-block-paragraph\">\u201cFoi feito no projeto um complexo multissetorial, n\u00e3o somente a pista executiva, mas um parque de neg\u00f3cios. Os hangares n\u00e3o ser\u00e3o residenciais, a ideia \u00e9 corporativa\u201d, explica Ad\u00e3o Moraes, arquiteto e urbanista do projeto.<\/p>\n\n\n\n<p class=\"wp-block-paragraph\"><strong>Localiza\u00e7\u00e3o estrat\u00e9gica<\/strong><\/p>\n\n\n\n<p class=\"wp-block-paragraph\">Cambori\u00fa re\u00fane atributos que poucos munic\u00edpios t\u00eam: proximidade com o Porto de Itaja\u00ed \u2014 um dos mais movimentados do pa\u00eds \u2014, acesso direto \u00e0 BR-101 e posi\u00e7\u00e3o central no litoral norte catarinense. O projeto conta com o apoio institucional da Prefeitura de Cambori\u00fa, que j\u00e1 recebeu o Memorando de Inten\u00e7\u00f5es e trabalha no novo zoneamento da \u00e1rea; o que j\u00e1 chamam de Nova Cambori\u00fa.<\/p>\n\n\n\n<p class=\"wp-block-paragraph\">Antes mesmo de sair do papel, o AeroPark j\u00e1 movimenta o mercado: a especula\u00e7\u00e3o imobili\u00e1ria na regi\u00e3o cresceu e segmentos que n\u00e3o enxergavam Cambori\u00fa come\u00e7aram a olhar para o munic\u00edpio com outros olhos. Cambori\u00fa sempre esteve do outro lado da BR. Agora, est\u00e1 no radar de quem pensa grande.<\/p>\n","protected":false},"excerpt":{"rendered":"<p>Um grupo de investidores do Sul do pa\u00eds decidiu apostar alto nesse potencial: R$ 1 bilh\u00e3o num complexo de avia\u00e7\u00e3o executiva e&#8230;<\/p>\n","protected":false},"author":47,"featured_media":85182,"comment_status":"closed","ping_status":"open","sticky":false,"template":"","format":"standard","meta":{"footnotes":""},"categories":[5556],"tags":[],"ppma_author":[13248],"class_list":["post-85181","post","type-post","status-publish","format-standard","has-post-thumbnail","category-investimentos"],"yoast_head":"<!-- This site is optimized with the Yoast SEO plugin v27.2 - https:\/\/yoast.com\/product\/yoast-seo-wordpress\/ -->\n<title>R$ 1 bilh\u00e3o no litoral catarinense: investidores do Sul apostam na avia\u00e7\u00e3o executiva como novo motor econ\u00f4mico - Economia S\/A<\/title>\n<meta name=\"robots\" content=\"index, follow, max-snippet:-1, max-image-preview:large, max-video-preview:-1\" \/>\n<link rel=\"canonical\" href=\"https:\/\/economiasa.com.br\/blog\/r-1-bilhao-no-litoral-catarinense-investidores-do-sul-apostam-na-aviacao-executiva-como-novo-motor-economico\/\" \/>\n<meta property=\"og:locale\" content=\"pt_BR\" \/>\n<meta property=\"og:type\" content=\"article\" \/>\n<meta property=\"og:title\" content=\"R$ 1 bilh\u00e3o no litoral catarinense: investidores do Sul apostam na avia\u00e7\u00e3o executiva como novo motor econ\u00f4mico - Economia S\/A\" \/>\n<meta property=\"og:description\" content=\"Um grupo de investidores do Sul do pa\u00eds decidiu apostar alto nesse potencial: R$ 1 bilh\u00e3o num complexo de avia\u00e7\u00e3o executiva e...\" \/>\n<meta property=\"og:url\" content=\"https:\/\/economiasa.com.br\/blog\/r-1-bilhao-no-litoral-catarinense-investidores-do-sul-apostam-na-aviacao-executiva-como-novo-motor-economico\/\" \/>\n<meta property=\"og:site_name\" content=\"Economia S\/A\" \/>\n<meta property=\"article:published_time\" content=\"2026-09-04T21:02:56+00:00\" \/>\n<meta property=\"article:modified_time\" content=\"2026-09-04T21:02:57+00:00\" \/>\n<meta property=\"og:image\" content=\"https:\/\/economiasa.com.br\/blog\/wp-content\/uploads\/2026\/09\/014A9584.jpg\" \/>\n\t<meta property=\"og:image:width\" content=\"3744\" \/>\n\t<meta property=\"og:image:height\" content=\"2496\" \/>\n\t<meta property=\"og:image:type\" content=\"image\/jpeg\" \/>\n<meta name=\"author\" content=\"Reda\u00e7\u00e3o\" \/>\n<meta name=\"twitter:card\" content=\"summary_large_image\" \/>\n<meta name=\"twitter:label1\" content=\"Escrito por\" \/>\n\t<meta name=\"twitter:data1\" content=\"Reda\u00e7\u00e3o\" \/>\n\t<meta name=\"twitter:label2\" content=\"Est. tempo de leitura\" \/>\n\t<meta name=\"twitter:data2\" content=\"4 minutos\" \/>\n<script type=\"application\/ld+json\" class=\"yoast-schema-graph\">{\"@context\":\"https:\/\/schema.org\",\"@graph\":[{\"@type\":\"Article\",\"@id\":\"https:\/\/economiasa.com.br\/blog\/r-1-bilhao-no-litoral-catarinense-investidores-do-sul-apostam-na-aviacao-executiva-como-novo-motor-economico\/#article\",\"isPartOf\":{\"@id\":\"https:\/\/economiasa.com.br\/blog\/r-1-bilhao-no-litoral-catarinense-investidores-do-sul-apostam-na-aviacao-executiva-como-novo-motor-economico\/\"},\"author\":{\"name\":\"Reda\u00e7\u00e3o\",\"@id\":\"https:\/\/economiasa.com.br\/blog\/#\/schema\/person\/14b8ac2dc25bd63b52bc54e845fa3923\"},\"headline\":\"R$ 1 bilh\u00e3o no litoral catarinense: investidores do Sul apostam na avia\u00e7\u00e3o executiva como novo motor econ\u00f4mico\",\"datePublished\":\"2026-09-04T21:02:56+00:00\",\"dateModified\":\"2026-09-04T21:02:57+00:00\",\"mainEntityOfPage\":{\"@id\":\"https:\/\/economiasa.com.br\/blog\/r-1-bilhao-no-litoral-catarinense-investidores-do-sul-apostam-na-aviacao-executiva-como-novo-motor-economico\/\"},\"wordCount\":599,\"image\":{\"@id\":\"https:\/\/economiasa.com.br\/blog\/r-1-bilhao-no-litoral-catarinense-investidores-do-sul-apostam-na-aviacao-executiva-como-novo-motor-economico\/#primaryimage\"},\"thumbnailUrl\":\"https:\/\/economiasa.com.br\/blog\/wp-content\/uploads\/2026\/09\/014A9584.jpg\",\"articleSection\":[\"Investimentos\"],\"inLanguage\":\"pt-BR\"},{\"@type\":\"WebPage\",\"@id\":\"https:\/\/economiasa.com.br\/blog\/r-1-bilhao-no-litoral-catarinense-investidores-do-sul-apostam-na-aviacao-executiva-como-novo-motor-economico\/\",\"url\":\"https:\/\/economiasa.com.br\/blog\/r-1-bilhao-no-litoral-catarinense-investidores-do-sul-apostam-na-aviacao-executiva-como-novo-motor-economico\/\",\"name\":\"R$ 1 bilh\u00e3o no litoral catarinense: investidores do Sul apostam na avia\u00e7\u00e3o executiva como novo motor econ\u00f4mico - Economia S\/A\",\"isPartOf\":{\"@id\":\"https:\/\/economiasa.com.br\/blog\/#website\"},\"primaryImageOfPage\":{\"@id\":\"https:\/\/economiasa.com.br\/blog\/r-1-bilhao-no-litoral-catarinense-investidores-do-sul-apostam-na-aviacao-executiva-como-novo-motor-economico\/#primaryimage\"},\"image\":{\"@id\":\"https:\/\/economiasa.com.br\/blog\/r-1-bilhao-no-litoral-catarinense-investidores-do-sul-apostam-na-aviacao-executiva-como-novo-motor-economico\/#primaryimage\"},\"thumbnailUrl\":\"https:\/\/economiasa.com.br\/blog\/wp-content\/uploads\/2026\/09\/014A9584.jpg\",\"datePublished\":\"2026-09-04T21:02:56+00:00\",\"dateModified\":\"2026-09-04T21:02:57+00:00\",\"author\":{\"@id\":\"https:\/\/economiasa.com.br\/blog\/#\/schema\/person\/14b8ac2dc25bd63b52bc54e845fa3923\"},\"breadcrumb\":{\"@id\":\"https:\/\/economiasa.com.br\/blog\/r-1-bilhao-no-litoral-catarinense-investidores-do-sul-apostam-na-aviacao-executiva-como-novo-motor-economico\/#breadcrumb\"},\"inLanguage\":\"pt-BR\",\"potentialAction\":[{\"@type\":\"ReadAction\",\"target\":[\"https:\/\/economiasa.com.br\/blog\/r-1-bilhao-no-litoral-catarinense-investidores-do-sul-apostam-na-aviacao-executiva-como-novo-motor-economico\/\"]}]},{\"@type\":\"ImageObject\",\"inLanguage\":\"pt-BR\",\"@id\":\"https:\/\/economiasa.com.br\/blog\/r-1-bilhao-no-litoral-catarinense-investidores-do-sul-apostam-na-aviacao-executiva-como-novo-motor-economico\/#primaryimage\",\"url\":\"https:\/\/economiasa.com.br\/blog\/wp-content\/uploads\/2026\/09\/014A9584.jpg\",\"contentUrl\":\"https:\/\/economiasa.com.br\/blog\/wp-content\/uploads\/2026\/09\/014A9584.jpg\",\"width\":3744,\"height\":2496,\"caption\":\"Cr\u00e9ditos da foto: Divulga\u00e7\u00e3o\"},{\"@type\":\"BreadcrumbList\",\"@id\":\"https:\/\/economiasa.com.br\/blog\/r-1-bilhao-no-litoral-catarinense-investidores-do-sul-apostam-na-aviacao-executiva-como-novo-motor-economico\/#breadcrumb\",\"itemListElement\":[{\"@type\":\"ListItem\",\"position\":1,\"name\":\"In\u00edcio\",\"item\":\"https:\/\/economiasa.com.br\/blog\/\"},{\"@type\":\"ListItem\",\"position\":2,\"name\":\"R$ 1 bilh\u00e3o no litoral catarinense: investidores do Sul apostam na avia\u00e7\u00e3o executiva como novo motor econ\u00f4mico\"}]},{\"@type\":\"WebSite\",\"@id\":\"https:\/\/economiasa.com.br\/blog\/#website\",\"url\":\"https:\/\/economiasa.com.br\/blog\/\",\"name\":\"Economia S\/A\",\"description\":\"Ler faz bem para os neg\u00f3cios\",\"potentialAction\":[{\"@type\":\"SearchAction\",\"target\":{\"@type\":\"EntryPoint\",\"urlTemplate\":\"https:\/\/economiasa.com.br\/blog\/?s={search_term_string}\"},\"query-input\":{\"@type\":\"PropertyValueSpecification\",\"valueRequired\":true,\"valueName\":\"search_term_string\"}}],\"inLanguage\":\"pt-BR\"},{\"@type\":\"Person\",\"@id\":\"https:\/\/economiasa.com.br\/blog\/#\/schema\/person\/14b8ac2dc25bd63b52bc54e845fa3923\",\"name\":\"Reda\u00e7\u00e3o\",\"image\":{\"@type\":\"ImageObject\",\"inLanguage\":\"pt-BR\",\"@id\":\"https:\/\/secure.gravatar.com\/avatar\/c8c795261f7f8547b22616a549577db9e450bd5622da3f6eb62b0e2c3e364c4e?s=96&d=mm&r=g0fb5212bc57e2287787936667fbbe0ff\",\"url\":\"https:\/\/secure.gravatar.com\/avatar\/c8c795261f7f8547b22616a549577db9e450bd5622da3f6eb62b0e2c3e364c4e?s=96&d=mm&r=g\",\"contentUrl\":\"https:\/\/secure.gravatar.com\/avatar\/c8c795261f7f8547b22616a549577db9e450bd5622da3f6eb62b0e2c3e364c4e?s=96&d=mm&r=g\",\"caption\":\"Reda\u00e7\u00e3o\"},\"sameAs\":[\"http:\/\/www.economiasa.com.br\"],\"url\":\"https:\/\/economiasa.com.br\/blog\/author\/redacao\/\"}]}<\/script>\n<!-- \/ Yoast SEO plugin. -->","yoast_head_json":{"title":"R$ 1 bilh\u00e3o no litoral catarinense: investidores do Sul apostam na avia\u00e7\u00e3o executiva como novo motor econ\u00f4mico - Economia S\/A","robots":{"index":"index","follow":"follow","max-snippet":"max-snippet:-1","max-image-preview":"max-image-preview:large","max-video-preview":"max-video-preview:-1"},"canonical":"https:\/\/economiasa.com.br\/blog\/r-1-bilhao-no-litoral-catarinense-investidores-do-sul-apostam-na-aviacao-executiva-como-novo-motor-economico\/","og_locale":"pt_BR","og_type":"article","og_title":"R$ 1 bilh\u00e3o no litoral catarinense: investidores do Sul apostam na avia\u00e7\u00e3o executiva como novo motor econ\u00f4mico - Economia S\/A","og_description":"Um grupo de investidores do Sul do pa\u00eds decidiu apostar alto nesse potencial: R$ 1 bilh\u00e3o num complexo de avia\u00e7\u00e3o executiva e...","og_url":"https:\/\/economiasa.com.br\/blog\/r-1-bilhao-no-litoral-catarinense-investidores-do-sul-apostam-na-aviacao-executiva-como-novo-motor-economico\/","og_site_name":"Economia S\/A","article_published_time":"2026-09-04T21:02:56+00:00","article_modified_time":"2026-09-04T21:02:57+00:00","og_image":[{"width":3744,"height":2496,"url":"https:\/\/economiasa.com.br\/blog\/wp-content\/uploads\/2026\/09\/014A9584.jpg","type":"image\/jpeg"}],"author":"Reda\u00e7\u00e3o","twitter_card":"summary_large_image","twitter_misc":{"Escrito por":"Reda\u00e7\u00e3o","Est. tempo de leitura":"4 minutos"},"schema":{"@context":"https:\/\/schema.org","@graph":[{"@type":"Article","@id":"https:\/\/economiasa.com.br\/blog\/r-1-bilhao-no-litoral-catarinense-investidores-do-sul-apostam-na-aviacao-executiva-como-novo-motor-economico\/#article","isPartOf":{"@id":"https:\/\/economiasa.com.br\/blog\/r-1-bilhao-no-litoral-catarinense-investidores-do-sul-apostam-na-aviacao-executiva-como-novo-motor-economico\/"},"author":{"name":"Reda\u00e7\u00e3o","@id":"https:\/\/economiasa.com.br\/blog\/#\/schema\/person\/14b8ac2dc25bd63b52bc54e845fa3923"},"headline":"R$ 1 bilh\u00e3o no litoral catarinense: investidores do Sul apostam na avia\u00e7\u00e3o executiva como novo motor econ\u00f4mico","datePublished":"2026-09-04T21:02:56+00:00","dateModified":"2026-09-04T21:02:57+00:00","mainEntityOfPage":{"@id":"https:\/\/economiasa.com.br\/blog\/r-1-bilhao-no-litoral-catarinense-investidores-do-sul-apostam-na-aviacao-executiva-como-novo-motor-economico\/"},"wordCount":599,"image":{"@id":"https:\/\/economiasa.com.br\/blog\/r-1-bilhao-no-litoral-catarinense-investidores-do-sul-apostam-na-aviacao-executiva-como-novo-motor-economico\/#primaryimage"},"thumbnailUrl":"https:\/\/economiasa.com.br\/blog\/wp-content\/uploads\/2026\/09\/014A9584.jpg","articleSection":["Investimentos"],"inLanguage":"pt-BR"},{"@type":"WebPage","@id":"https:\/\/economiasa.com.br\/blog\/r-1-bilhao-no-litoral-catarinense-investidores-do-sul-apostam-na-aviacao-executiva-como-novo-motor-economico\/","url":"https:\/\/economiasa.com.br\/blog\/r-1-bilhao-no-litoral-catarinense-investidores-do-sul-apostam-na-aviacao-executiva-como-novo-motor-economico\/","name":"R$ 1 bilh\u00e3o no litoral catarinense: investidores do Sul apostam na avia\u00e7\u00e3o executiva como novo motor econ\u00f4mico - Economia S\/A","isPartOf":{"@id":"https:\/\/economiasa.com.br\/blog\/#website"},"primaryImageOfPage":{"@id":"https:\/\/economiasa.com.br\/blog\/r-1-bilhao-no-litoral-catarinense-investidores-do-sul-apostam-na-aviacao-executiva-como-novo-motor-economico\/#primaryimage"},"image":{"@id":"https:\/\/economiasa.com.br\/blog\/r-1-bilhao-no-litoral-catarinense-investidores-do-sul-apostam-na-aviacao-executiva-como-novo-motor-economico\/#primaryimage"},"thumbnailUrl":"https:\/\/economiasa.com.br\/blog\/wp-content\/uploads\/2026\/09\/014A9584.jpg","datePublished":"2026-09-04T21:02:56+00:00","dateModified":"2026-09-04T21:02:57+00:00","author":{"@id":"https:\/\/economiasa.com.br\/blog\/#\/schema\/person\/14b8ac2dc25bd63b52bc54e845fa3923"},"breadcrumb":{"@id":"https:\/\/economiasa.com.br\/blog\/r-1-bilhao-no-litoral-catarinense-investidores-do-sul-apostam-na-aviacao-executiva-como-novo-motor-economico\/#breadcrumb"},"inLanguage":"pt-BR","potentialAction":[{"@type":"ReadAction","target":["https:\/\/economiasa.com.br\/blog\/r-1-bilhao-no-litoral-catarinense-investidores-do-sul-apostam-na-aviacao-executiva-como-novo-motor-economico\/"]}]},{"@type":"ImageObject","inLanguage":"pt-BR","@id":"https:\/\/economiasa.com.br\/blog\/r-1-bilhao-no-litoral-catarinense-investidores-do-sul-apostam-na-aviacao-executiva-como-novo-motor-economico\/#primaryimage","url":"https:\/\/economiasa.com.br\/blog\/wp-content\/uploads\/2026\/09\/014A9584.jpg","contentUrl":"https:\/\/economiasa.com.br\/blog\/wp-content\/uploads\/2026\/09\/014A9584.jpg","width":3744,"height":2496,"caption":"Cr\u00e9ditos da foto: Divulga\u00e7\u00e3o"},{"@type":"BreadcrumbList","@id":"https:\/\/economiasa.com.br\/blog\/r-1-bilhao-no-litoral-catarinense-investidores-do-sul-apostam-na-aviacao-executiva-como-novo-motor-economico\/#breadcrumb","itemListElement":[{"@type":"ListItem","position":1,"name":"In\u00edcio","item":"https:\/\/economiasa.com.br\/blog\/"},{"@type":"ListItem","position":2,"name":"R$ 1 bilh\u00e3o no litoral catarinense: investidores do Sul apostam na avia\u00e7\u00e3o executiva como novo motor econ\u00f4mico"}]},{"@type":"WebSite","@id":"https:\/\/economiasa.com.br\/blog\/#website","url":"https:\/\/economiasa.com.br\/blog\/","name":"Economia S\/A","description":"Ler faz bem para os neg\u00f3cios","potentialAction":[{"@type":"SearchAction","target":{"@type":"EntryPoint","urlTemplate":"https:\/\/economiasa.com.br\/blog\/?s={search_term_string}"},"query-input":{"@type":"PropertyValueSpecification","valueRequired":true,"valueName":"search_term_string"}}],"inLanguage":"pt-BR"},{"@type":"Person","@id":"https:\/\/economiasa.com.br\/blog\/#\/schema\/person\/14b8ac2dc25bd63b52bc54e845fa3923","name":"Reda\u00e7\u00e3o","image":{"@type":"ImageObject","inLanguage":"pt-BR","@id":"https:\/\/secure.gravatar.com\/avatar\/c8c795261f7f8547b22616a549577db9e450bd5622da3f6eb62b0e2c3e364c4e?s=96&d=mm&r=g0fb5212bc57e2287787936667fbbe0ff","url":"https:\/\/secure.gravatar.com\/avatar\/c8c795261f7f8547b22616a549577db9e450bd5622da3f6eb62b0e2c3e364c4e?s=96&d=mm&r=g","contentUrl":"https:\/\/secure.gravatar.com\/avatar\/c8c795261f7f8547b22616a549577db9e450bd5622da3f6eb62b0e2c3e364c4e?s=96&d=mm&r=g","caption":"Reda\u00e7\u00e3o"},"sameAs":["http:\/\/www.economiasa.com.br"],"url":"https:\/\/economiasa.com.br\/blog\/author\/redacao\/"}]}},"authors":[{"term_id":13248,"user_id":47,"is_guest":0,"slug":"redacao","display_name":"Reda\u00e7\u00e3o","avatar_url":"https:\/\/secure.gravatar.com\/avatar\/c8c795261f7f8547b22616a549577db9e450bd5622da3f6eb62b0e2c3e364c4e?s=96&d=mm&r=g","author_category":"","first_name":"Reda\u00e7\u00e3o","last_name":"","user_url":"http:\/\/www.economiasa.com.br","job_title":"","description":""}],"amp_enabled":true,"_links":{"self":[{"href":"https:\/\/economiasa.com.br\/blog\/wp-json\/wp\/v2\/posts\/85181","targetHints":{"allow":["GET"]}}],"collection":[{"href":"https:\/\/economiasa.com.br\/blog\/wp-json\/wp\/v2\/posts"}],"about":[{"href":"https:\/\/economiasa.com.br\/blog\/wp-json\/wp\/v2\/types\/post"}],"author":[{"embeddable":true,"href":"https:\/\/economiasa.com.br\/blog\/wp-json\/wp\/v2\/users\/47"}],"replies":[{"embeddable":true,"href":"https:\/\/economiasa.com.br\/blog\/wp-json\/wp\/v2\/comments?post=85181"}],"version-history":[{"count":0,"href":"https:\/\/economiasa.com.br\/blog\/wp-json\/wp\/v2\/posts\/85181\/revisions"}],"wp:featuredmedia":[{"embeddable":true,"href":"https:\/\/economiasa.com.br\/blog\/wp-json\/wp\/v2\/media\/85182"}],"wp:attachment":[{"href":"https:\/\/economiasa.com.br\/blog\/wp-json\/wp\/v2\/media?parent=85181"}],"wp:term":[{"taxonomy":"category","embeddable":true,"href":"https:\/\/economiasa.com.br\/blog\/wp-json\/wp\/v2\/categories?post=85181"},{"taxonomy":"post_tag","embeddable":true,"href":"https:\/\/economiasa.com.br\/blog\/wp-json\/wp\/v2\/tags?post=85181"},{"taxonomy":"author","embeddable":true,"href":"https:\/\/economiasa.com.br\/blog\/wp-json\/wp\/v2\/ppma_author?post=85181"}],"curies":[{"name":"wp","href":"https:\/\/api.w.org\/{rel}","templated":true}]}}