{"id":85188,"date":"2026-09-04T18:09:18","date_gmt":"2026-09-04T21:09:18","guid":{"rendered":"https:\/\/economiasa.com.br\/blog\/?p=85188"},"modified":"2026-09-04T18:09:19","modified_gmt":"2026-09-04T21:09:19","slug":"dia-nacional-do-acai-destaca-expansao-de-um-mercado-que-ganhou-forca-no-franchising-brasileiro","status":"publish","type":"post","link":"https:\/\/economiasa.com.br\/blog\/dia-nacional-do-acai-destaca-expansao-de-um-mercado-que-ganhou-forca-no-franchising-brasileiro\/","title":{"rendered":"Dia Nacional do A\u00e7a\u00ed destaca expans\u00e3o de um mercado que ganhou for\u00e7a no franchising brasileiro"},"content":{"rendered":"\n<p class=\"wp-block-paragraph\"><em>Populariza\u00e7\u00e3o do fruto amaz\u00f4nico impulsiona novos formatos de consumo e abre espa\u00e7o para redes especializadas em diferentes regi\u00f5es do pa\u00eds<\/em><\/p>\n\n\n\n<p class=\"wp-block-paragraph\">Celebrado em 5 de setembro, o Dia Nacional do A\u00e7a\u00ed coloca em evid\u00eancia n\u00e3o apenas um dos frutos mais tradicionais da Amaz\u00f4nia, mas tamb\u00e9m uma categoria que ganhou relev\u00e2ncia no mercado brasileiro de alimenta\u00e7\u00e3o. A populariza\u00e7\u00e3o do produto fora da regi\u00e3o Norte impulsionou novos h\u00e1bitos de consumo e abriu espa\u00e7o para redes especializadas, especialmente no franchising.<\/p>\n\n\n\n<p class=\"wp-block-paragraph\">O movimento acontece em um momento de expans\u00e3o do pr\u00f3prio mercado de franquias no pa\u00eds. No primeiro trimestre de 2026, o setor alcan\u00e7ou 204.908 opera\u00e7\u00f5es, 6.178 a mais que no mesmo per\u00edodo do ano anterior. Em 2025, o segmento de franchising ultrapassou pela primeira vez a marca de R$ 300 bilh\u00f5es em faturamento, chegando a R$ 301,7 bilh\u00f5es, segundo a Associa\u00e7\u00e3o Brasileira de Franchising (ABF).<\/p>\n\n\n\n<p class=\"wp-block-paragraph\">Os dados da ABF tamb\u00e9m refor\u00e7am o potencial do mercado de alimenta\u00e7\u00e3o. No primeiro trimestre de 2026, o segmento registrou crescimento de 22%, impulsionado pela busca por neg\u00f3cios capazes de combinar conveni\u00eancia, variedade de produtos e possibilidade de expans\u00e3o em diferentes mercados. Nesse cen\u00e1rio, o a\u00e7a\u00ed se beneficia da transforma\u00e7\u00e3o dos h\u00e1bitos de consumo ao deixar de ser associado exclusivamente \u00e0 cultura amaz\u00f4nica e passar a fazer parte da rotina de consumidores em diferentes regi\u00f5es do pa\u00eds.<\/p>\n\n\n\n<p class=\"wp-block-paragraph\">Na rede de franquias A\u00e7a\u00ed Formosa, essa transforma\u00e7\u00e3o pode ser observada na pr\u00f3pria trajet\u00f3ria da marca. A hist\u00f3ria come\u00e7ou em 2013, quando Remo Santana, em sociedade com Marcos Ferreira, abriu a primeira unidade em S\u00e3o Bernardo do Campo, na regi\u00e3o metropolitana de S\u00e3o Paulo. A partir da\u00ed, a empresa iniciou sua expans\u00e3o por meio do sistema de franquias e atualmente soma 125 lojas nos estados de S\u00e3o Paulo, Minas Gerais e Rio de Janeiro.<\/p>\n\n\n\n<p class=\"wp-block-paragraph\">A expans\u00e3o acompanha a mudan\u00e7a na forma de consumo do produto, que passou a integrar card\u00e1pios de lanchonetes, cafeterias, academias e redes especializadas. A possibilidade de combinar o a\u00e7a\u00ed com diferentes acompanhamentos e adequ\u00e1-lo a diversas ocasi\u00f5es de consumo tamb\u00e9m contribuiu para ampliar seu p\u00fablico e criar novas oportunidades para neg\u00f3cios ligados \u00e0 categoria.<\/p>\n\n\n\n<p class=\"wp-block-paragraph\">\u201cExiste uma combina\u00e7\u00e3o interessante entre sabor, praticidade e caracter\u00edsticas nutricionais, mas tamb\u00e9m \u00e9 importante preservar a identidade do fruto e valorizar toda a cadeia envolvida na produ\u00e7\u00e3o\u201d, afirma Rodrigo Santana, diretor de marketing e expans\u00e3o da A\u00e7a\u00ed Formosa.<\/p>\n\n\n\n<p class=\"wp-block-paragraph\">Al\u00e9m do potencial comercial, o a\u00e7a\u00ed mant\u00e9m caracter\u00edsticas nutricionais que ajudam a explicar sua presen\u00e7a crescente na alimenta\u00e7\u00e3o brasileira. \u201cO fruto \u00e9 fonte de fibras, vitamina E, minerais, \u00e1cidos graxos insaturados e compostos fen\u00f3licos, entre eles as antocianinas. Esses componentes est\u00e3o relacionados \u00e0 a\u00e7\u00e3o antioxidante caracter\u00edstica do alimento. A composi\u00e7\u00e3o final, por\u00e9m, depende dos ingredientes adicionados, especialmente em prepara\u00e7\u00f5es com acompanhamentos a\u00e7ucarados, que podem elevar o valor cal\u00f3rico\u201d, explica a nutricionista Monica Magalh\u00e3es, da Seed Nutri\u00e7\u00e3o e Gastronomia.<\/p>\n\n\n\n<p class=\"wp-block-paragraph\">O avan\u00e7o da categoria tamb\u00e9m reflete uma mudan\u00e7a estrutural no comportamento do consumidor e cria espa\u00e7o para modelos de neg\u00f3cio especializados. \u201cO a\u00e7a\u00ed conseguiu atravessar fronteiras regionais e se transformar em uma categoria de consumo com potencial de escala. Para o mercado de franquias, isso representa uma oportunidade porque existe uma demanda j\u00e1 consolidada e, ao mesmo tempo, espa\u00e7o para diferentes formatos de opera\u00e7\u00e3o. O nosso desafio \u00e9 acompanhar essa evolu\u00e7\u00e3o de forma sustent\u00e1vel, mantendo a qualidade do produto, a efici\u00eancia da opera\u00e7\u00e3o e a identidade que fez o a\u00e7a\u00ed conquistar consumidores em todo o pa\u00eds\u201d, conclui.<\/p>\n","protected":false},"excerpt":{"rendered":"<p>Populariza\u00e7\u00e3o do fruto amaz\u00f4nico impulsiona novos formatos de consumo e abre espa\u00e7o para redes especializadas em diferentes regi\u00f5es do pa\u00eds Celebrado em&#8230;<\/p>\n","protected":false},"author":47,"featured_media":85189,"comment_status":"closed","ping_status":"open","sticky":false,"template":"","format":"standard","meta":{"footnotes":""},"categories":[916],"tags":[],"ppma_author":[13248],"class_list":["post-85188","post","type-post","status-publish","format-standard","has-post-thumbnail","category-gastronomia"],"yoast_head":"<!-- This site is optimized with the Yoast SEO plugin v27.2 - https:\/\/yoast.com\/product\/yoast-seo-wordpress\/ -->\n<title>Dia Nacional do A\u00e7a\u00ed destaca expans\u00e3o de um mercado que ganhou for\u00e7a no franchising brasileiro - Economia S\/A<\/title>\n<meta name=\"robots\" content=\"index, follow, max-snippet:-1, max-image-preview:large, max-video-preview:-1\" \/>\n<link rel=\"canonical\" href=\"https:\/\/economiasa.com.br\/blog\/dia-nacional-do-acai-destaca-expansao-de-um-mercado-que-ganhou-forca-no-franchising-brasileiro\/\" \/>\n<meta property=\"og:locale\" content=\"pt_BR\" \/>\n<meta property=\"og:type\" content=\"article\" \/>\n<meta property=\"og:title\" content=\"Dia Nacional do A\u00e7a\u00ed destaca expans\u00e3o de um mercado que ganhou for\u00e7a no franchising brasileiro - Economia S\/A\" \/>\n<meta property=\"og:description\" content=\"Populariza\u00e7\u00e3o do fruto amaz\u00f4nico impulsiona novos formatos de consumo e abre espa\u00e7o para redes especializadas em diferentes regi\u00f5es do pa\u00eds Celebrado em...\" \/>\n<meta property=\"og:url\" content=\"https:\/\/economiasa.com.br\/blog\/dia-nacional-do-acai-destaca-expansao-de-um-mercado-que-ganhou-forca-no-franchising-brasileiro\/\" \/>\n<meta property=\"og:site_name\" content=\"Economia S\/A\" \/>\n<meta property=\"article:published_time\" content=\"2026-09-04T21:09:18+00:00\" \/>\n<meta property=\"article:modified_time\" content=\"2026-09-04T21:09:19+00:00\" \/>\n<meta property=\"og:image\" content=\"https:\/\/economiasa.com.br\/blog\/wp-content\/uploads\/2026\/09\/Produto.jpg\" \/>\n\t<meta property=\"og:image:width\" content=\"757\" \/>\n\t<meta property=\"og:image:height\" content=\"481\" \/>\n\t<meta property=\"og:image:type\" content=\"image\/jpeg\" \/>\n<meta name=\"author\" content=\"Reda\u00e7\u00e3o\" \/>\n<meta name=\"twitter:card\" content=\"summary_large_image\" \/>\n<meta name=\"twitter:label1\" content=\"Escrito por\" \/>\n\t<meta name=\"twitter:data1\" content=\"Reda\u00e7\u00e3o\" \/>\n\t<meta name=\"twitter:label2\" content=\"Est. tempo de leitura\" \/>\n\t<meta name=\"twitter:data2\" content=\"4 minutos\" \/>\n<script type=\"application\/ld+json\" class=\"yoast-schema-graph\">{\"@context\":\"https:\/\/schema.org\",\"@graph\":[{\"@type\":\"Article\",\"@id\":\"https:\/\/economiasa.com.br\/blog\/dia-nacional-do-acai-destaca-expansao-de-um-mercado-que-ganhou-forca-no-franchising-brasileiro\/#article\",\"isPartOf\":{\"@id\":\"https:\/\/economiasa.com.br\/blog\/dia-nacional-do-acai-destaca-expansao-de-um-mercado-que-ganhou-forca-no-franchising-brasileiro\/\"},\"author\":{\"name\":\"Reda\u00e7\u00e3o\",\"@id\":\"https:\/\/economiasa.com.br\/blog\/#\/schema\/person\/14b8ac2dc25bd63b52bc54e845fa3923\"},\"headline\":\"Dia Nacional do A\u00e7a\u00ed destaca expans\u00e3o de um mercado que ganhou for\u00e7a no franchising brasileiro\",\"datePublished\":\"2026-09-04T21:09:18+00:00\",\"dateModified\":\"2026-09-04T21:09:19+00:00\",\"mainEntityOfPage\":{\"@id\":\"https:\/\/economiasa.com.br\/blog\/dia-nacional-do-acai-destaca-expansao-de-um-mercado-que-ganhou-forca-no-franchising-brasileiro\/\"},\"wordCount\":655,\"image\":{\"@id\":\"https:\/\/economiasa.com.br\/blog\/dia-nacional-do-acai-destaca-expansao-de-um-mercado-que-ganhou-forca-no-franchising-brasileiro\/#primaryimage\"},\"thumbnailUrl\":\"https:\/\/economiasa.com.br\/blog\/wp-content\/uploads\/2026\/09\/Produto.jpg\",\"articleSection\":[\"Gastronomia\"],\"inLanguage\":\"pt-BR\"},{\"@type\":\"WebPage\",\"@id\":\"https:\/\/economiasa.com.br\/blog\/dia-nacional-do-acai-destaca-expansao-de-um-mercado-que-ganhou-forca-no-franchising-brasileiro\/\",\"url\":\"https:\/\/economiasa.com.br\/blog\/dia-nacional-do-acai-destaca-expansao-de-um-mercado-que-ganhou-forca-no-franchising-brasileiro\/\",\"name\":\"Dia Nacional do A\u00e7a\u00ed destaca expans\u00e3o de um mercado que ganhou for\u00e7a no franchising brasileiro - Economia S\/A\",\"isPartOf\":{\"@id\":\"https:\/\/economiasa.com.br\/blog\/#website\"},\"primaryImageOfPage\":{\"@id\":\"https:\/\/economiasa.com.br\/blog\/dia-nacional-do-acai-destaca-expansao-de-um-mercado-que-ganhou-forca-no-franchising-brasileiro\/#primaryimage\"},\"image\":{\"@id\":\"https:\/\/economiasa.com.br\/blog\/dia-nacional-do-acai-destaca-expansao-de-um-mercado-que-ganhou-forca-no-franchising-brasileiro\/#primaryimage\"},\"thumbnailUrl\":\"https:\/\/economiasa.com.br\/blog\/wp-content\/uploads\/2026\/09\/Produto.jpg\",\"datePublished\":\"2026-09-04T21:09:18+00:00\",\"dateModified\":\"2026-09-04T21:09:19+00:00\",\"author\":{\"@id\":\"https:\/\/economiasa.com.br\/blog\/#\/schema\/person\/14b8ac2dc25bd63b52bc54e845fa3923\"},\"breadcrumb\":{\"@id\":\"https:\/\/economiasa.com.br\/blog\/dia-nacional-do-acai-destaca-expansao-de-um-mercado-que-ganhou-forca-no-franchising-brasileiro\/#breadcrumb\"},\"inLanguage\":\"pt-BR\",\"potentialAction\":[{\"@type\":\"ReadAction\",\"target\":[\"https:\/\/economiasa.com.br\/blog\/dia-nacional-do-acai-destaca-expansao-de-um-mercado-que-ganhou-forca-no-franchising-brasileiro\/\"]}]},{\"@type\":\"ImageObject\",\"inLanguage\":\"pt-BR\",\"@id\":\"https:\/\/economiasa.com.br\/blog\/dia-nacional-do-acai-destaca-expansao-de-um-mercado-que-ganhou-forca-no-franchising-brasileiro\/#primaryimage\",\"url\":\"https:\/\/economiasa.com.br\/blog\/wp-content\/uploads\/2026\/09\/Produto.jpg\",\"contentUrl\":\"https:\/\/economiasa.com.br\/blog\/wp-content\/uploads\/2026\/09\/Produto.jpg\",\"width\":757,\"height\":481,\"caption\":\"Cr\u00e9ditos da foto: Divulga\u00e7\u00e3o\"},{\"@type\":\"BreadcrumbList\",\"@id\":\"https:\/\/economiasa.com.br\/blog\/dia-nacional-do-acai-destaca-expansao-de-um-mercado-que-ganhou-forca-no-franchising-brasileiro\/#breadcrumb\",\"itemListElement\":[{\"@type\":\"ListItem\",\"position\":1,\"name\":\"In\u00edcio\",\"item\":\"https:\/\/economiasa.com.br\/blog\/\"},{\"@type\":\"ListItem\",\"position\":2,\"name\":\"Dia Nacional do A\u00e7a\u00ed destaca expans\u00e3o de um mercado que ganhou for\u00e7a no franchising brasileiro\"}]},{\"@type\":\"WebSite\",\"@id\":\"https:\/\/economiasa.com.br\/blog\/#website\",\"url\":\"https:\/\/economiasa.com.br\/blog\/\",\"name\":\"Economia S\/A\",\"description\":\"Ler faz bem para os neg\u00f3cios\",\"potentialAction\":[{\"@type\":\"SearchAction\",\"target\":{\"@type\":\"EntryPoint\",\"urlTemplate\":\"https:\/\/economiasa.com.br\/blog\/?s={search_term_string}\"},\"query-input\":{\"@type\":\"PropertyValueSpecification\",\"valueRequired\":true,\"valueName\":\"search_term_string\"}}],\"inLanguage\":\"pt-BR\"},{\"@type\":\"Person\",\"@id\":\"https:\/\/economiasa.com.br\/blog\/#\/schema\/person\/14b8ac2dc25bd63b52bc54e845fa3923\",\"name\":\"Reda\u00e7\u00e3o\",\"image\":{\"@type\":\"ImageObject\",\"inLanguage\":\"pt-BR\",\"@id\":\"https:\/\/secure.gravatar.com\/avatar\/c8c795261f7f8547b22616a549577db9e450bd5622da3f6eb62b0e2c3e364c4e?s=96&d=mm&r=g0fb5212bc57e2287787936667fbbe0ff\",\"url\":\"https:\/\/secure.gravatar.com\/avatar\/c8c795261f7f8547b22616a549577db9e450bd5622da3f6eb62b0e2c3e364c4e?s=96&d=mm&r=g\",\"contentUrl\":\"https:\/\/secure.gravatar.com\/avatar\/c8c795261f7f8547b22616a549577db9e450bd5622da3f6eb62b0e2c3e364c4e?s=96&d=mm&r=g\",\"caption\":\"Reda\u00e7\u00e3o\"},\"sameAs\":[\"http:\/\/www.economiasa.com.br\"],\"url\":\"https:\/\/economiasa.com.br\/blog\/author\/redacao\/\"}]}<\/script>\n<!-- \/ Yoast SEO plugin. -->","yoast_head_json":{"title":"Dia Nacional do A\u00e7a\u00ed destaca expans\u00e3o de um mercado que ganhou for\u00e7a no franchising brasileiro - Economia S\/A","robots":{"index":"index","follow":"follow","max-snippet":"max-snippet:-1","max-image-preview":"max-image-preview:large","max-video-preview":"max-video-preview:-1"},"canonical":"https:\/\/economiasa.com.br\/blog\/dia-nacional-do-acai-destaca-expansao-de-um-mercado-que-ganhou-forca-no-franchising-brasileiro\/","og_locale":"pt_BR","og_type":"article","og_title":"Dia Nacional do A\u00e7a\u00ed destaca expans\u00e3o de um mercado que ganhou for\u00e7a no franchising brasileiro - Economia S\/A","og_description":"Populariza\u00e7\u00e3o do fruto amaz\u00f4nico impulsiona novos formatos de consumo e abre espa\u00e7o para redes especializadas em diferentes regi\u00f5es do pa\u00eds Celebrado em...","og_url":"https:\/\/economiasa.com.br\/blog\/dia-nacional-do-acai-destaca-expansao-de-um-mercado-que-ganhou-forca-no-franchising-brasileiro\/","og_site_name":"Economia S\/A","article_published_time":"2026-09-04T21:09:18+00:00","article_modified_time":"2026-09-04T21:09:19+00:00","og_image":[{"width":757,"height":481,"url":"https:\/\/economiasa.com.br\/blog\/wp-content\/uploads\/2026\/09\/Produto.jpg","type":"image\/jpeg"}],"author":"Reda\u00e7\u00e3o","twitter_card":"summary_large_image","twitter_misc":{"Escrito por":"Reda\u00e7\u00e3o","Est. tempo de leitura":"4 minutos"},"schema":{"@context":"https:\/\/schema.org","@graph":[{"@type":"Article","@id":"https:\/\/economiasa.com.br\/blog\/dia-nacional-do-acai-destaca-expansao-de-um-mercado-que-ganhou-forca-no-franchising-brasileiro\/#article","isPartOf":{"@id":"https:\/\/economiasa.com.br\/blog\/dia-nacional-do-acai-destaca-expansao-de-um-mercado-que-ganhou-forca-no-franchising-brasileiro\/"},"author":{"name":"Reda\u00e7\u00e3o","@id":"https:\/\/economiasa.com.br\/blog\/#\/schema\/person\/14b8ac2dc25bd63b52bc54e845fa3923"},"headline":"Dia Nacional do A\u00e7a\u00ed destaca expans\u00e3o de um mercado que ganhou for\u00e7a no franchising brasileiro","datePublished":"2026-09-04T21:09:18+00:00","dateModified":"2026-09-04T21:09:19+00:00","mainEntityOfPage":{"@id":"https:\/\/economiasa.com.br\/blog\/dia-nacional-do-acai-destaca-expansao-de-um-mercado-que-ganhou-forca-no-franchising-brasileiro\/"},"wordCount":655,"image":{"@id":"https:\/\/economiasa.com.br\/blog\/dia-nacional-do-acai-destaca-expansao-de-um-mercado-que-ganhou-forca-no-franchising-brasileiro\/#primaryimage"},"thumbnailUrl":"https:\/\/economiasa.com.br\/blog\/wp-content\/uploads\/2026\/09\/Produto.jpg","articleSection":["Gastronomia"],"inLanguage":"pt-BR"},{"@type":"WebPage","@id":"https:\/\/economiasa.com.br\/blog\/dia-nacional-do-acai-destaca-expansao-de-um-mercado-que-ganhou-forca-no-franchising-brasileiro\/","url":"https:\/\/economiasa.com.br\/blog\/dia-nacional-do-acai-destaca-expansao-de-um-mercado-que-ganhou-forca-no-franchising-brasileiro\/","name":"Dia Nacional do A\u00e7a\u00ed destaca expans\u00e3o de um mercado que ganhou for\u00e7a no franchising brasileiro - Economia S\/A","isPartOf":{"@id":"https:\/\/economiasa.com.br\/blog\/#website"},"primaryImageOfPage":{"@id":"https:\/\/economiasa.com.br\/blog\/dia-nacional-do-acai-destaca-expansao-de-um-mercado-que-ganhou-forca-no-franchising-brasileiro\/#primaryimage"},"image":{"@id":"https:\/\/economiasa.com.br\/blog\/dia-nacional-do-acai-destaca-expansao-de-um-mercado-que-ganhou-forca-no-franchising-brasileiro\/#primaryimage"},"thumbnailUrl":"https:\/\/economiasa.com.br\/blog\/wp-content\/uploads\/2026\/09\/Produto.jpg","datePublished":"2026-09-04T21:09:18+00:00","dateModified":"2026-09-04T21:09:19+00:00","author":{"@id":"https:\/\/economiasa.com.br\/blog\/#\/schema\/person\/14b8ac2dc25bd63b52bc54e845fa3923"},"breadcrumb":{"@id":"https:\/\/economiasa.com.br\/blog\/dia-nacional-do-acai-destaca-expansao-de-um-mercado-que-ganhou-forca-no-franchising-brasileiro\/#breadcrumb"},"inLanguage":"pt-BR","potentialAction":[{"@type":"ReadAction","target":["https:\/\/economiasa.com.br\/blog\/dia-nacional-do-acai-destaca-expansao-de-um-mercado-que-ganhou-forca-no-franchising-brasileiro\/"]}]},{"@type":"ImageObject","inLanguage":"pt-BR","@id":"https:\/\/economiasa.com.br\/blog\/dia-nacional-do-acai-destaca-expansao-de-um-mercado-que-ganhou-forca-no-franchising-brasileiro\/#primaryimage","url":"https:\/\/economiasa.com.br\/blog\/wp-content\/uploads\/2026\/09\/Produto.jpg","contentUrl":"https:\/\/economiasa.com.br\/blog\/wp-content\/uploads\/2026\/09\/Produto.jpg","width":757,"height":481,"caption":"Cr\u00e9ditos da foto: Divulga\u00e7\u00e3o"},{"@type":"BreadcrumbList","@id":"https:\/\/economiasa.com.br\/blog\/dia-nacional-do-acai-destaca-expansao-de-um-mercado-que-ganhou-forca-no-franchising-brasileiro\/#breadcrumb","itemListElement":[{"@type":"ListItem","position":1,"name":"In\u00edcio","item":"https:\/\/economiasa.com.br\/blog\/"},{"@type":"ListItem","position":2,"name":"Dia Nacional do A\u00e7a\u00ed destaca expans\u00e3o de um mercado que ganhou for\u00e7a no franchising brasileiro"}]},{"@type":"WebSite","@id":"https:\/\/economiasa.com.br\/blog\/#website","url":"https:\/\/economiasa.com.br\/blog\/","name":"Economia S\/A","description":"Ler faz bem para os neg\u00f3cios","potentialAction":[{"@type":"SearchAction","target":{"@type":"EntryPoint","urlTemplate":"https:\/\/economiasa.com.br\/blog\/?s={search_term_string}"},"query-input":{"@type":"PropertyValueSpecification","valueRequired":true,"valueName":"search_term_string"}}],"inLanguage":"pt-BR"},{"@type":"Person","@id":"https:\/\/economiasa.com.br\/blog\/#\/schema\/person\/14b8ac2dc25bd63b52bc54e845fa3923","name":"Reda\u00e7\u00e3o","image":{"@type":"ImageObject","inLanguage":"pt-BR","@id":"https:\/\/secure.gravatar.com\/avatar\/c8c795261f7f8547b22616a549577db9e450bd5622da3f6eb62b0e2c3e364c4e?s=96&d=mm&r=g0fb5212bc57e2287787936667fbbe0ff","url":"https:\/\/secure.gravatar.com\/avatar\/c8c795261f7f8547b22616a549577db9e450bd5622da3f6eb62b0e2c3e364c4e?s=96&d=mm&r=g","contentUrl":"https:\/\/secure.gravatar.com\/avatar\/c8c795261f7f8547b22616a549577db9e450bd5622da3f6eb62b0e2c3e364c4e?s=96&d=mm&r=g","caption":"Reda\u00e7\u00e3o"},"sameAs":["http:\/\/www.economiasa.com.br"],"url":"https:\/\/economiasa.com.br\/blog\/author\/redacao\/"}]}},"authors":[{"term_id":13248,"user_id":47,"is_guest":0,"slug":"redacao","display_name":"Reda\u00e7\u00e3o","avatar_url":"https:\/\/secure.gravatar.com\/avatar\/c8c795261f7f8547b22616a549577db9e450bd5622da3f6eb62b0e2c3e364c4e?s=96&d=mm&r=g","author_category":"","first_name":"Reda\u00e7\u00e3o","last_name":"","user_url":"http:\/\/www.economiasa.com.br","job_title":"","description":""}],"amp_enabled":true,"_links":{"self":[{"href":"https:\/\/economiasa.com.br\/blog\/wp-json\/wp\/v2\/posts\/85188","targetHints":{"allow":["GET"]}}],"collection":[{"href":"https:\/\/economiasa.com.br\/blog\/wp-json\/wp\/v2\/posts"}],"about":[{"href":"https:\/\/economiasa.com.br\/blog\/wp-json\/wp\/v2\/types\/post"}],"author":[{"embeddable":true,"href":"https:\/\/economiasa.com.br\/blog\/wp-json\/wp\/v2\/users\/47"}],"replies":[{"embeddable":true,"href":"https:\/\/economiasa.com.br\/blog\/wp-json\/wp\/v2\/comments?post=85188"}],"version-history":[{"count":0,"href":"https:\/\/economiasa.com.br\/blog\/wp-json\/wp\/v2\/posts\/85188\/revisions"}],"wp:featuredmedia":[{"embeddable":true,"href":"https:\/\/economiasa.com.br\/blog\/wp-json\/wp\/v2\/media\/85189"}],"wp:attachment":[{"href":"https:\/\/economiasa.com.br\/blog\/wp-json\/wp\/v2\/media?parent=85188"}],"wp:term":[{"taxonomy":"category","embeddable":true,"href":"https:\/\/economiasa.com.br\/blog\/wp-json\/wp\/v2\/categories?post=85188"},{"taxonomy":"post_tag","embeddable":true,"href":"https:\/\/economiasa.com.br\/blog\/wp-json\/wp\/v2\/tags?post=85188"},{"taxonomy":"author","embeddable":true,"href":"https:\/\/economiasa.com.br\/blog\/wp-json\/wp\/v2\/ppma_author?post=85188"}],"curies":[{"name":"wp","href":"https:\/\/api.w.org\/{rel}","templated":true}]}}