{"id":85194,"date":"2026-09-04T18:19:43","date_gmt":"2026-09-04T21:19:43","guid":{"rendered":"https:\/\/economiasa.com.br\/blog\/?p=85194"},"modified":"2026-09-04T18:19:43","modified_gmt":"2026-09-04T21:19:43","slug":"inauguracao-da-access-posiciona-a-cidade-como-um-hub-nacional-de-creator-economy","status":"publish","type":"post","link":"https:\/\/economiasa.com.br\/blog\/inauguracao-da-access-posiciona-a-cidade-como-um-hub-nacional-de-creator-economy\/","title":{"rendered":"Inaugura\u00e7\u00e3o da Access posiciona a cidade como um hub nacional de creator economy"},"content":{"rendered":"\n<p class=\"wp-block-paragraph\"><em>Com tecnologia inspirada no mercado chin\u00eas, a nova estrutura re\u00fane mais de 20 est\u00fadios inteligentes<\/em><\/p>\n\n\n\n<p class=\"wp-block-paragraph\">O mercado brasileiro de<em>\u00a0live commerce\u00a0<\/em>ganha um novo centro de opera\u00e7\u00f5es em Campinas. A\u00a0<strong>Access<\/strong>, ag\u00eancia de criadores de conte\u00fado especializada em\u00a0<em>lives\u00a0<\/em>e\u00a0<em>social commerce<\/em>, inaugura na cidade no pr\u00f3ximo dia\u00a0<strong>9 de setembro<\/strong>\u00a0um polo tecnol\u00f3gico voltado \u00e0 produ\u00e7\u00e3o de transmiss\u00f5es ao vivo para diferentes empresas. Com investimento de\u00a0<strong>R$ 5 milh\u00f5es\u00a0<\/strong>e localizada no\u00a0<strong>Polo de Tecnologia do CPQD<\/strong>, a estrutura nasce com a proposta de se consolidar como a maior opera\u00e7\u00e3o brasileira dedicada ao<em>\u00a0live commerce<\/em>, aproximando criadores de conte\u00fado, grandes marcas e plataformas digitais. A expectativa \u00e9 a cria\u00e7\u00e3o de mais de\u00a0<strong>40 vagas de trabalho<\/strong>\u00a0presencial e mais de\u00a0<strong>20 mil novos criadores de conte\u00fado<\/strong>\u00a0monetizando at\u00e9 o final de 2027.<\/p>\n\n\n\n<p class=\"wp-block-paragraph\">A Access Live House re\u00fane mais de 20 est\u00fadios profissionais preparados para transmiss\u00f5es simult\u00e2neas, ambientes para ativa\u00e7\u00f5es de marcas, espa\u00e7o para eventos, camarins, \u00e1reas de opera\u00e7\u00e3o,\u00a0<em>live room\u00a0<\/em>equipada com tel\u00e3o de LED de alta defini\u00e7\u00e3o, c\u00e2meras 4K, sistemas rob\u00f3ticos de capta\u00e7\u00e3o de imagem e infraestrutura inspirada nos grandes centros de live commerce da China, refer\u00eancia mundial no setor.<\/p>\n\n\n\n<p class=\"wp-block-paragraph\">O investimento acompanha um momento de expans\u00e3o acelerada da\u00a0<em>creator economy<\/em>. Segundo estudo da Goldman Sachs, esse mercado deve movimentar cerca de\u00a0<strong>US$ 480 bilh\u00f5es at\u00e9 2027<\/strong>, impulsionado pelo crescimento do com\u00e9rcio social, da influ\u00eancia digital e das plataformas de v\u00eddeos curtos.<\/p>\n\n\n\n<p class=\"wp-block-paragraph\">A escolha por Campinas faz parte da estrat\u00e9gia de crescimento da empresa. Al\u00e9m da localiza\u00e7\u00e3o privilegiada e da proximidade com a capital paulista, a cidade re\u00fane universidades, centros de pesquisa, empresas de tecnologia e um ambiente favor\u00e1vel \u00e0 inova\u00e7\u00e3o. \u201cA China mostrou ao mundo que o\u00a0<em>live commerce\u00a0<\/em>n\u00e3o \u00e9 apenas um formato de venda, mas um novo modelo de neg\u00f3cios. Nossa proposta \u00e9 aperfei\u00e7oar essa estrutura no Brasil, formando profissionais, conectando marcas e criando um ambiente preparado para operar em larga escala. Campinas oferece o ecossistema ideal para esse movimento\u201d, afirma Ana Cl\u00e1udia Mendes, CEO da Access.<\/p>\n\n\n\n<p class=\"wp-block-paragraph\">Fundada h\u00e1 seis anos, a empresa nasceu a partir da experi\u00eancia de Ana Cl\u00e1udia no mercado de\u00a0<em>lives<\/em>. Com mais de\u00a0<strong>3.500 criadores de conte\u00fado agenciados<\/strong>\u00a0e parceria com o\u00a0<strong>TikTok<\/strong>\u00a0e a\u00a0<strong>Shoppe<\/strong>, a empresa atende mais de\u00a0<strong>100 grandes marcas<\/strong>, como Natura, Riachuelo e SC Johnson, por exemplo, e conta com uma equipe de mais de\u00a0<strong>50 colaboradores<\/strong>\u00a0\u2013 que ir\u00e1 crescer com a inaugura\u00e7\u00e3o do polo.\u00a0<\/p>\n\n\n\n<p class=\"wp-block-paragraph\">Al\u00e9m da infraestrutura tecnol\u00f3gica, a expectativa \u00e9 que o novo polo fortale\u00e7a o mercado regional de economia criativa. A empresa pretende ampliar a forma\u00e7\u00e3o de profissionais especializados em apresenta\u00e7\u00f5es de vendas ao vivo \u2013 os chamados\u00a0<em>live sellers<\/em>\u00a0-, fun\u00e7\u00e3o que vem ganhando espa\u00e7o com a expans\u00e3o do com\u00e9rcio social. \u201cQueremos transformar Campinas em refer\u00eancia nacional na economia dos criadores. O polo foi pensado para reunir tecnologia, capacita\u00e7\u00e3o e gera\u00e7\u00e3o de oportunidades, aproximando empresas e profissionais de um mercado que cresce rapidamente em todo o mundo\u201d, destaca Ana Cl\u00e1udia.<\/p>\n\n\n\n<p class=\"wp-block-paragraph\">Durante a inaugura\u00e7\u00e3o, o espa\u00e7o receber\u00e1 ativa\u00e7\u00f5es de marcas e transmiss\u00f5es ao vivo em tempo real, demonstrando na pr\u00e1tica o funcionamento da opera\u00e7\u00e3o. Cada est\u00fadio poder\u00e1 ser personalizado para diferentes empresas, reproduzindo ambientes exclusivos para campanhas, lan\u00e7amentos e experi\u00eancias de compra ao vivo.<\/p>\n","protected":false},"excerpt":{"rendered":"<p>Com tecnologia inspirada no mercado chin\u00eas, a nova estrutura re\u00fane mais de 20 est\u00fadios inteligentes O mercado brasileiro de\u00a0live commerce\u00a0ganha um novo&#8230;<\/p>\n","protected":false},"author":47,"featured_media":85195,"comment_status":"closed","ping_status":"open","sticky":false,"template":"","format":"standard","meta":{"footnotes":""},"categories":[2,101],"tags":[],"ppma_author":[13248],"class_list":["post-85194","post","type-post","status-publish","format-standard","has-post-thumbnail","category-business","category-negocios"],"yoast_head":"<!-- This site is optimized with the Yoast SEO plugin v27.2 - https:\/\/yoast.com\/product\/yoast-seo-wordpress\/ -->\n<title>Inaugura\u00e7\u00e3o da Access posiciona a cidade como um hub nacional de creator economy - Economia S\/A<\/title>\n<meta name=\"robots\" content=\"index, follow, max-snippet:-1, max-image-preview:large, max-video-preview:-1\" \/>\n<link rel=\"canonical\" href=\"https:\/\/economiasa.com.br\/blog\/inauguracao-da-access-posiciona-a-cidade-como-um-hub-nacional-de-creator-economy\/\" \/>\n<meta property=\"og:locale\" content=\"pt_BR\" \/>\n<meta property=\"og:type\" content=\"article\" \/>\n<meta property=\"og:title\" content=\"Inaugura\u00e7\u00e3o da Access posiciona a cidade como um hub nacional de creator economy - Economia S\/A\" \/>\n<meta property=\"og:description\" content=\"Com tecnologia inspirada no mercado chin\u00eas, a nova estrutura re\u00fane mais de 20 est\u00fadios inteligentes O mercado brasileiro de\u00a0live commerce\u00a0ganha um novo...\" \/>\n<meta property=\"og:url\" content=\"https:\/\/economiasa.com.br\/blog\/inauguracao-da-access-posiciona-a-cidade-como-um-hub-nacional-de-creator-economy\/\" \/>\n<meta property=\"og:site_name\" content=\"Economia S\/A\" \/>\n<meta property=\"article:published_time\" content=\"2026-09-04T21:19:43+00:00\" \/>\n<meta property=\"og:image\" content=\"https:\/\/economiasa.com.br\/blog\/wp-content\/uploads\/2026\/09\/RECEPCAO-5--1024x576.jpg\" \/>\n\t<meta property=\"og:image:width\" content=\"1024\" \/>\n\t<meta property=\"og:image:height\" content=\"576\" \/>\n\t<meta property=\"og:image:type\" content=\"image\/jpeg\" \/>\n<meta name=\"author\" content=\"Reda\u00e7\u00e3o\" \/>\n<meta name=\"twitter:card\" content=\"summary_large_image\" \/>\n<meta name=\"twitter:label1\" content=\"Escrito por\" \/>\n\t<meta name=\"twitter:data1\" content=\"Reda\u00e7\u00e3o\" \/>\n\t<meta name=\"twitter:label2\" content=\"Est. tempo de leitura\" \/>\n\t<meta name=\"twitter:data2\" content=\"4 minutos\" \/>\n<script type=\"application\/ld+json\" class=\"yoast-schema-graph\">{\"@context\":\"https:\/\/schema.org\",\"@graph\":[{\"@type\":\"Article\",\"@id\":\"https:\/\/economiasa.com.br\/blog\/inauguracao-da-access-posiciona-a-cidade-como-um-hub-nacional-de-creator-economy\/#article\",\"isPartOf\":{\"@id\":\"https:\/\/economiasa.com.br\/blog\/inauguracao-da-access-posiciona-a-cidade-como-um-hub-nacional-de-creator-economy\/\"},\"author\":{\"name\":\"Reda\u00e7\u00e3o\",\"@id\":\"https:\/\/economiasa.com.br\/blog\/#\/schema\/person\/14b8ac2dc25bd63b52bc54e845fa3923\"},\"headline\":\"Inaugura\u00e7\u00e3o da Access posiciona a cidade como um hub nacional de creator economy\",\"datePublished\":\"2026-09-04T21:19:43+00:00\",\"mainEntityOfPage\":{\"@id\":\"https:\/\/economiasa.com.br\/blog\/inauguracao-da-access-posiciona-a-cidade-como-um-hub-nacional-de-creator-economy\/\"},\"wordCount\":632,\"image\":{\"@id\":\"https:\/\/economiasa.com.br\/blog\/inauguracao-da-access-posiciona-a-cidade-como-um-hub-nacional-de-creator-economy\/#primaryimage\"},\"thumbnailUrl\":\"https:\/\/economiasa.com.br\/blog\/wp-content\/uploads\/2026\/09\/RECEPCAO-5-.jpg\",\"articleSection\":[\"Business\",\"Neg\u00f3cios\"],\"inLanguage\":\"pt-BR\"},{\"@type\":\"WebPage\",\"@id\":\"https:\/\/economiasa.com.br\/blog\/inauguracao-da-access-posiciona-a-cidade-como-um-hub-nacional-de-creator-economy\/\",\"url\":\"https:\/\/economiasa.com.br\/blog\/inauguracao-da-access-posiciona-a-cidade-como-um-hub-nacional-de-creator-economy\/\",\"name\":\"Inaugura\u00e7\u00e3o da Access posiciona a cidade como um hub nacional de creator economy - Economia S\/A\",\"isPartOf\":{\"@id\":\"https:\/\/economiasa.com.br\/blog\/#website\"},\"primaryImageOfPage\":{\"@id\":\"https:\/\/economiasa.com.br\/blog\/inauguracao-da-access-posiciona-a-cidade-como-um-hub-nacional-de-creator-economy\/#primaryimage\"},\"image\":{\"@id\":\"https:\/\/economiasa.com.br\/blog\/inauguracao-da-access-posiciona-a-cidade-como-um-hub-nacional-de-creator-economy\/#primaryimage\"},\"thumbnailUrl\":\"https:\/\/economiasa.com.br\/blog\/wp-content\/uploads\/2026\/09\/RECEPCAO-5-.jpg\",\"datePublished\":\"2026-09-04T21:19:43+00:00\",\"author\":{\"@id\":\"https:\/\/economiasa.com.br\/blog\/#\/schema\/person\/14b8ac2dc25bd63b52bc54e845fa3923\"},\"breadcrumb\":{\"@id\":\"https:\/\/economiasa.com.br\/blog\/inauguracao-da-access-posiciona-a-cidade-como-um-hub-nacional-de-creator-economy\/#breadcrumb\"},\"inLanguage\":\"pt-BR\",\"potentialAction\":[{\"@type\":\"ReadAction\",\"target\":[\"https:\/\/economiasa.com.br\/blog\/inauguracao-da-access-posiciona-a-cidade-como-um-hub-nacional-de-creator-economy\/\"]}]},{\"@type\":\"ImageObject\",\"inLanguage\":\"pt-BR\",\"@id\":\"https:\/\/economiasa.com.br\/blog\/inauguracao-da-access-posiciona-a-cidade-como-um-hub-nacional-de-creator-economy\/#primaryimage\",\"url\":\"https:\/\/economiasa.com.br\/blog\/wp-content\/uploads\/2026\/09\/RECEPCAO-5-.jpg\",\"contentUrl\":\"https:\/\/economiasa.com.br\/blog\/wp-content\/uploads\/2026\/09\/RECEPCAO-5-.jpg\",\"width\":1920,\"height\":1080,\"caption\":\"Cr\u00e9ditos da foto: Divulga\u00e7\u00e3o\"},{\"@type\":\"BreadcrumbList\",\"@id\":\"https:\/\/economiasa.com.br\/blog\/inauguracao-da-access-posiciona-a-cidade-como-um-hub-nacional-de-creator-economy\/#breadcrumb\",\"itemListElement\":[{\"@type\":\"ListItem\",\"position\":1,\"name\":\"In\u00edcio\",\"item\":\"https:\/\/economiasa.com.br\/blog\/\"},{\"@type\":\"ListItem\",\"position\":2,\"name\":\"Inaugura\u00e7\u00e3o da Access posiciona a cidade como um hub nacional de creator economy\"}]},{\"@type\":\"WebSite\",\"@id\":\"https:\/\/economiasa.com.br\/blog\/#website\",\"url\":\"https:\/\/economiasa.com.br\/blog\/\",\"name\":\"Economia S\/A\",\"description\":\"Ler faz bem para os neg\u00f3cios\",\"potentialAction\":[{\"@type\":\"SearchAction\",\"target\":{\"@type\":\"EntryPoint\",\"urlTemplate\":\"https:\/\/economiasa.com.br\/blog\/?s={search_term_string}\"},\"query-input\":{\"@type\":\"PropertyValueSpecification\",\"valueRequired\":true,\"valueName\":\"search_term_string\"}}],\"inLanguage\":\"pt-BR\"},{\"@type\":\"Person\",\"@id\":\"https:\/\/economiasa.com.br\/blog\/#\/schema\/person\/14b8ac2dc25bd63b52bc54e845fa3923\",\"name\":\"Reda\u00e7\u00e3o\",\"image\":{\"@type\":\"ImageObject\",\"inLanguage\":\"pt-BR\",\"@id\":\"https:\/\/secure.gravatar.com\/avatar\/c8c795261f7f8547b22616a549577db9e450bd5622da3f6eb62b0e2c3e364c4e?s=96&d=mm&r=g0fb5212bc57e2287787936667fbbe0ff\",\"url\":\"https:\/\/secure.gravatar.com\/avatar\/c8c795261f7f8547b22616a549577db9e450bd5622da3f6eb62b0e2c3e364c4e?s=96&d=mm&r=g\",\"contentUrl\":\"https:\/\/secure.gravatar.com\/avatar\/c8c795261f7f8547b22616a549577db9e450bd5622da3f6eb62b0e2c3e364c4e?s=96&d=mm&r=g\",\"caption\":\"Reda\u00e7\u00e3o\"},\"sameAs\":[\"http:\/\/www.economiasa.com.br\"],\"url\":\"https:\/\/economiasa.com.br\/blog\/author\/redacao\/\"}]}<\/script>\n<!-- \/ Yoast SEO plugin. -->","yoast_head_json":{"title":"Inaugura\u00e7\u00e3o da Access posiciona a cidade como um hub nacional de creator economy - Economia S\/A","robots":{"index":"index","follow":"follow","max-snippet":"max-snippet:-1","max-image-preview":"max-image-preview:large","max-video-preview":"max-video-preview:-1"},"canonical":"https:\/\/economiasa.com.br\/blog\/inauguracao-da-access-posiciona-a-cidade-como-um-hub-nacional-de-creator-economy\/","og_locale":"pt_BR","og_type":"article","og_title":"Inaugura\u00e7\u00e3o da Access posiciona a cidade como um hub nacional de creator economy - Economia S\/A","og_description":"Com tecnologia inspirada no mercado chin\u00eas, a nova estrutura re\u00fane mais de 20 est\u00fadios inteligentes O mercado brasileiro de\u00a0live commerce\u00a0ganha um novo...","og_url":"https:\/\/economiasa.com.br\/blog\/inauguracao-da-access-posiciona-a-cidade-como-um-hub-nacional-de-creator-economy\/","og_site_name":"Economia S\/A","article_published_time":"2026-09-04T21:19:43+00:00","og_image":[{"width":1024,"height":576,"url":"https:\/\/economiasa.com.br\/blog\/wp-content\/uploads\/2026\/09\/RECEPCAO-5--1024x576.jpg","type":"image\/jpeg"}],"author":"Reda\u00e7\u00e3o","twitter_card":"summary_large_image","twitter_misc":{"Escrito por":"Reda\u00e7\u00e3o","Est. tempo de leitura":"4 minutos"},"schema":{"@context":"https:\/\/schema.org","@graph":[{"@type":"Article","@id":"https:\/\/economiasa.com.br\/blog\/inauguracao-da-access-posiciona-a-cidade-como-um-hub-nacional-de-creator-economy\/#article","isPartOf":{"@id":"https:\/\/economiasa.com.br\/blog\/inauguracao-da-access-posiciona-a-cidade-como-um-hub-nacional-de-creator-economy\/"},"author":{"name":"Reda\u00e7\u00e3o","@id":"https:\/\/economiasa.com.br\/blog\/#\/schema\/person\/14b8ac2dc25bd63b52bc54e845fa3923"},"headline":"Inaugura\u00e7\u00e3o da Access posiciona a cidade como um hub nacional de creator economy","datePublished":"2026-09-04T21:19:43+00:00","mainEntityOfPage":{"@id":"https:\/\/economiasa.com.br\/blog\/inauguracao-da-access-posiciona-a-cidade-como-um-hub-nacional-de-creator-economy\/"},"wordCount":632,"image":{"@id":"https:\/\/economiasa.com.br\/blog\/inauguracao-da-access-posiciona-a-cidade-como-um-hub-nacional-de-creator-economy\/#primaryimage"},"thumbnailUrl":"https:\/\/economiasa.com.br\/blog\/wp-content\/uploads\/2026\/09\/RECEPCAO-5-.jpg","articleSection":["Business","Neg\u00f3cios"],"inLanguage":"pt-BR"},{"@type":"WebPage","@id":"https:\/\/economiasa.com.br\/blog\/inauguracao-da-access-posiciona-a-cidade-como-um-hub-nacional-de-creator-economy\/","url":"https:\/\/economiasa.com.br\/blog\/inauguracao-da-access-posiciona-a-cidade-como-um-hub-nacional-de-creator-economy\/","name":"Inaugura\u00e7\u00e3o da Access posiciona a cidade como um hub nacional de creator economy - Economia S\/A","isPartOf":{"@id":"https:\/\/economiasa.com.br\/blog\/#website"},"primaryImageOfPage":{"@id":"https:\/\/economiasa.com.br\/blog\/inauguracao-da-access-posiciona-a-cidade-como-um-hub-nacional-de-creator-economy\/#primaryimage"},"image":{"@id":"https:\/\/economiasa.com.br\/blog\/inauguracao-da-access-posiciona-a-cidade-como-um-hub-nacional-de-creator-economy\/#primaryimage"},"thumbnailUrl":"https:\/\/economiasa.com.br\/blog\/wp-content\/uploads\/2026\/09\/RECEPCAO-5-.jpg","datePublished":"2026-09-04T21:19:43+00:00","author":{"@id":"https:\/\/economiasa.com.br\/blog\/#\/schema\/person\/14b8ac2dc25bd63b52bc54e845fa3923"},"breadcrumb":{"@id":"https:\/\/economiasa.com.br\/blog\/inauguracao-da-access-posiciona-a-cidade-como-um-hub-nacional-de-creator-economy\/#breadcrumb"},"inLanguage":"pt-BR","potentialAction":[{"@type":"ReadAction","target":["https:\/\/economiasa.com.br\/blog\/inauguracao-da-access-posiciona-a-cidade-como-um-hub-nacional-de-creator-economy\/"]}]},{"@type":"ImageObject","inLanguage":"pt-BR","@id":"https:\/\/economiasa.com.br\/blog\/inauguracao-da-access-posiciona-a-cidade-como-um-hub-nacional-de-creator-economy\/#primaryimage","url":"https:\/\/economiasa.com.br\/blog\/wp-content\/uploads\/2026\/09\/RECEPCAO-5-.jpg","contentUrl":"https:\/\/economiasa.com.br\/blog\/wp-content\/uploads\/2026\/09\/RECEPCAO-5-.jpg","width":1920,"height":1080,"caption":"Cr\u00e9ditos da foto: Divulga\u00e7\u00e3o"},{"@type":"BreadcrumbList","@id":"https:\/\/economiasa.com.br\/blog\/inauguracao-da-access-posiciona-a-cidade-como-um-hub-nacional-de-creator-economy\/#breadcrumb","itemListElement":[{"@type":"ListItem","position":1,"name":"In\u00edcio","item":"https:\/\/economiasa.com.br\/blog\/"},{"@type":"ListItem","position":2,"name":"Inaugura\u00e7\u00e3o da Access posiciona a cidade como um hub nacional de creator economy"}]},{"@type":"WebSite","@id":"https:\/\/economiasa.com.br\/blog\/#website","url":"https:\/\/economiasa.com.br\/blog\/","name":"Economia S\/A","description":"Ler faz bem para os neg\u00f3cios","potentialAction":[{"@type":"SearchAction","target":{"@type":"EntryPoint","urlTemplate":"https:\/\/economiasa.com.br\/blog\/?s={search_term_string}"},"query-input":{"@type":"PropertyValueSpecification","valueRequired":true,"valueName":"search_term_string"}}],"inLanguage":"pt-BR"},{"@type":"Person","@id":"https:\/\/economiasa.com.br\/blog\/#\/schema\/person\/14b8ac2dc25bd63b52bc54e845fa3923","name":"Reda\u00e7\u00e3o","image":{"@type":"ImageObject","inLanguage":"pt-BR","@id":"https:\/\/secure.gravatar.com\/avatar\/c8c795261f7f8547b22616a549577db9e450bd5622da3f6eb62b0e2c3e364c4e?s=96&d=mm&r=g0fb5212bc57e2287787936667fbbe0ff","url":"https:\/\/secure.gravatar.com\/avatar\/c8c795261f7f8547b22616a549577db9e450bd5622da3f6eb62b0e2c3e364c4e?s=96&d=mm&r=g","contentUrl":"https:\/\/secure.gravatar.com\/avatar\/c8c795261f7f8547b22616a549577db9e450bd5622da3f6eb62b0e2c3e364c4e?s=96&d=mm&r=g","caption":"Reda\u00e7\u00e3o"},"sameAs":["http:\/\/www.economiasa.com.br"],"url":"https:\/\/economiasa.com.br\/blog\/author\/redacao\/"}]}},"authors":[{"term_id":13248,"user_id":47,"is_guest":0,"slug":"redacao","display_name":"Reda\u00e7\u00e3o","avatar_url":"https:\/\/secure.gravatar.com\/avatar\/c8c795261f7f8547b22616a549577db9e450bd5622da3f6eb62b0e2c3e364c4e?s=96&d=mm&r=g","author_category":"","first_name":"Reda\u00e7\u00e3o","last_name":"","user_url":"http:\/\/www.economiasa.com.br","job_title":"","description":""}],"amp_enabled":true,"_links":{"self":[{"href":"https:\/\/economiasa.com.br\/blog\/wp-json\/wp\/v2\/posts\/85194","targetHints":{"allow":["GET"]}}],"collection":[{"href":"https:\/\/economiasa.com.br\/blog\/wp-json\/wp\/v2\/posts"}],"about":[{"href":"https:\/\/economiasa.com.br\/blog\/wp-json\/wp\/v2\/types\/post"}],"author":[{"embeddable":true,"href":"https:\/\/economiasa.com.br\/blog\/wp-json\/wp\/v2\/users\/47"}],"replies":[{"embeddable":true,"href":"https:\/\/economiasa.com.br\/blog\/wp-json\/wp\/v2\/comments?post=85194"}],"version-history":[{"count":0,"href":"https:\/\/economiasa.com.br\/blog\/wp-json\/wp\/v2\/posts\/85194\/revisions"}],"wp:featuredmedia":[{"embeddable":true,"href":"https:\/\/economiasa.com.br\/blog\/wp-json\/wp\/v2\/media\/85195"}],"wp:attachment":[{"href":"https:\/\/economiasa.com.br\/blog\/wp-json\/wp\/v2\/media?parent=85194"}],"wp:term":[{"taxonomy":"category","embeddable":true,"href":"https:\/\/economiasa.com.br\/blog\/wp-json\/wp\/v2\/categories?post=85194"},{"taxonomy":"post_tag","embeddable":true,"href":"https:\/\/economiasa.com.br\/blog\/wp-json\/wp\/v2\/tags?post=85194"},{"taxonomy":"author","embeddable":true,"href":"https:\/\/economiasa.com.br\/blog\/wp-json\/wp\/v2\/ppma_author?post=85194"}],"curies":[{"name":"wp","href":"https:\/\/api.w.org\/{rel}","templated":true}]}}