{"id":85196,"date":"2026-09-04T18:21:18","date_gmt":"2026-09-04T21:21:18","guid":{"rendered":"https:\/\/economiasa.com.br\/blog\/?p=85196"},"modified":"2026-09-04T18:21:19","modified_gmt":"2026-09-04T21:21:19","slug":"reforma-tributaria-exige-que-varejo-revise-sistemas-e-fornecedores-antes-de-2027","status":"publish","type":"post","link":"https:\/\/economiasa.com.br\/blog\/reforma-tributaria-exige-que-varejo-revise-sistemas-e-fornecedores-antes-de-2027\/","title":{"rendered":"Reforma Tribut\u00e1ria exige que varejo revise sistemas e fornecedores antes de 2027"},"content":{"rendered":"\n<p class=\"wp-block-paragraph\"><em>Apura\u00e7\u00e3o assistida amplia impacto de erros fiscais sobre cr\u00e9ditos, caixa e opera\u00e7\u00e3o das grandes redes<\/em><\/p>\n\n\n\n<p class=\"wp-block-paragraph\">Com a Reforma Tribut\u00e1ria do Consumo entrando em uma nova etapa, grandes varejistas precisam usar os \u00faltimos meses de 2026 para revisar cadastros, sistemas, processos e a rela\u00e7\u00e3o fiscal com seus fornecedores antes da nova etapa da Reforma Tribut\u00e1ria prevista para janeiro de 2027. A avalia\u00e7\u00e3o \u00e9 da\u00a0<strong>Decision IT, empresa do Grupo TecnoSpeed<\/strong>, que acompanha projetos de adequa\u00e7\u00e3o em grandes companhias e aponta a apura\u00e7\u00e3o assistida como um dos principais desafios operacionais para 2027. Desde 3 de agosto, o cronograma de implementa\u00e7\u00e3o j\u00e1 avan\u00e7ou com a exig\u00eancia de informa\u00e7\u00f5es de IBS e CBS nos documentos fiscais abrangidos, tornando o segundo semestre um per\u00edodo de testes com dados e opera\u00e7\u00f5es reais.<br><br>Em 2027, PIS e Cofins ser\u00e3o extintos e substitu\u00eddos pela CBS, enquanto o IBS seguir\u00e1 sua fase de transi\u00e7\u00e3o com al\u00edquota de 0,1%. As al\u00edquotas do IPI tamb\u00e9m ser\u00e3o reduzidas a zero para a maior parte dos produtos, observadas as exce\u00e7\u00f5es previstas. Ao mesmo tempo, a apura\u00e7\u00e3o assistida passa a ganhar peso na rotina das empresas. Pelo novo modelo, os documentos fiscais eletr\u00f4nicos emitidos e recebidos servir\u00e3o de base para a composi\u00e7\u00e3o dos d\u00e9bitos e cr\u00e9ditos, o que aumenta a import\u00e2ncia da qualidade das informa\u00e7\u00f5es transmitidas. Erros de cadastro, classifica\u00e7\u00e3o ou parametriza\u00e7\u00e3o podem repercutir diretamente na apura\u00e7\u00e3o tribut\u00e1ria e no fluxo financeiro da companhia.<br><br>Para\u00a0<strong>Eduardo Battistella, arquiteto de solu\u00e7\u00f5es da Decision IT<\/strong>, reduzir esse processo a uma simples confer\u00eancia de valores pode levar as empresas a subestimarem a dimens\u00e3o da mudan\u00e7a. \u201cTratar a apura\u00e7\u00e3o assistida apenas como uma concilia\u00e7\u00e3o \u00e9 reduzir a dimens\u00e3o do processo. A empresa precisar\u00e1 acompanhar a extin\u00e7\u00e3o dos d\u00e9bitos dos fornecedores, emitir documentos de d\u00e9bito quando necess\u00e1rio, integrar informa\u00e7\u00f5es financeiras e atuar sobre as inconsist\u00eancias identificadas\u201d, explica.<br><br>Um exemplo dessa prepara\u00e7\u00e3o ocorre nos Supermercados Angeloni, que iniciou seu projeto ainda em 2025. Segundo\u00a0<strong>Alexandre Dullius, contador respons\u00e1vel pela condu\u00e7\u00e3o da Reforma Tribut\u00e1ria nas Redes Angeloni<\/strong>, a companhia criou um comit\u00ea, envolveu \u00e1reas como comercial, suprimentos, fiscal e financeiro e mapeou 217 requisitos relacionados \u00e0 Reforma Tribut\u00e1ria, classificados por prioridade, impacto, \u00e1rea e respons\u00e1vel. Entre as frentes est\u00e3o a revis\u00e3o dos cadastros de produtos, a adequa\u00e7\u00e3o dos documentos fiscais, a classifica\u00e7\u00e3o tribut\u00e1ria, o acompanhamento de fornecedores e a avalia\u00e7\u00e3o dos efeitos sobre or\u00e7amento e fluxo de caixa.<\/p>\n\n\n\n<p class=\"wp-block-paragraph\">No varejo, esse cuidado ganha escala pela quantidade de sistemas, produtos e transa\u00e7\u00f5es envolvidos. Uma mesma opera\u00e7\u00e3o pode passar por ERP, PDV, e-commerce, marketplace, sistemas financeiros e plataformas fiscais, enquanto devolu\u00e7\u00f5es, cancelamentos e compras de fornecedores diferentes acrescentam novas vari\u00e1veis. Uma parametriza\u00e7\u00e3o incorreta, portanto, pode ser reproduzida em milhares de documentos antes de ser identificada. Por isso, a adapta\u00e7\u00e3o exige integra\u00e7\u00e3o entre \u00e1reas e controles capazes de detectar inconsist\u00eancias antes do fechamento fiscal.<br><br>A rela\u00e7\u00e3o com fornecedores tamb\u00e9m se torna mais sens\u00edvel. Pela l\u00f3gica do IBS, a apropria\u00e7\u00e3o de cr\u00e9ditos estar\u00e1, em regra, relacionada \u00e0 extin\u00e7\u00e3o do d\u00e9bito correspondente, o que amplia a necessidade de acompanhar documentos e pagamentos ao longo da cadeia. No Angeloni, fornecedores passaram a ser orientados a revisar as classifica\u00e7\u00f5es fiscais utilizadas nas notas, enquanto produtos anteriormente tratados de maneira gen\u00e9rica est\u00e3o sendo cadastrados individualmente. A medida busca reduzir diverg\u00eancias capazes de afetar a tributa\u00e7\u00e3o ou o reconhecimento de cr\u00e9ditos.<br><br>Outro efeito esperado \u00e9 uma mudan\u00e7a na pr\u00f3pria rotina de confer\u00eancia. Em vez de concentrar a an\u00e1lise no fim do m\u00eas, grandes empresas precisar\u00e3o acompanhar continuamente os documentos emitidos por elas e contra elas, comparar informa\u00e7\u00f5es dispon\u00edveis no ambiente fiscal com os registros internos e definir a\u00e7\u00f5es para cada diverg\u00eancia encontrada. Para\u00a0<strong>Guilherme Erichsen, gerente comercial da Decision IT<\/strong>, o volume das grandes opera\u00e7\u00f5es torna esse controle incompat\u00edvel com ferramentas manuais. \u201cEm grandes opera\u00e7\u00f5es, o tratamento da apura\u00e7\u00e3o assistida inevitavelmente precisar\u00e1 ser sist\u00eamico. Uma planilha n\u00e3o conseguir\u00e1 processar milh\u00f5es de documentos fiscais nem analisar todas as diverg\u00eancias que podem existir entre os XMLs dispon\u00edveis no ambiente do Fisco e aqueles armazenados pela empresa\u201d, afirma.<br><br>A Decision IT vem realizando consultorias e diagn\u00f3sticos de legisla\u00e7\u00e3o e Notas T\u00e9cnicas para apoiar a adequa\u00e7\u00e3o dos sistemas de grandes empresas e est\u00e1 em fase final de desenvolvimento de uma solu\u00e7\u00e3o voltada \u00e0 gest\u00e3o da apura\u00e7\u00e3o assistida. A ferramenta contempla gest\u00e3o de d\u00e9bitos e cr\u00e9ditos, controle de fornecedores, contabiliza\u00e7\u00e3o, rotinas de concilia\u00e7\u00e3o para identifica\u00e7\u00e3o e corre\u00e7\u00e3o de diverg\u00eancias e integra\u00e7\u00e3o com sistemas de gest\u00e3o.\u00a0Para o varejo, o restante de 2026 funciona como uma janela para colocar essas estruturas \u00e0 prova antes que a nova din\u00e2mica tribut\u00e1ria passe a produzir efeitos mais amplos sobre caixa, cr\u00e9ditos e opera\u00e7\u00e3o em 2027.<\/p>\n","protected":false},"excerpt":{"rendered":"<p>Apura\u00e7\u00e3o assistida amplia impacto de erros fiscais sobre cr\u00e9ditos, caixa e opera\u00e7\u00e3o das grandes redes Com a Reforma Tribut\u00e1ria do Consumo entrando&#8230;<\/p>\n","protected":false},"author":47,"featured_media":85197,"comment_status":"closed","ping_status":"open","sticky":false,"template":"","format":"standard","meta":{"footnotes":""},"categories":[661],"tags":[],"ppma_author":[13248],"class_list":["post-85196","post","type-post","status-publish","format-standard","has-post-thumbnail","category-gestao-publica"],"yoast_head":"<!-- This site is optimized with the Yoast SEO plugin v27.2 - https:\/\/yoast.com\/product\/yoast-seo-wordpress\/ -->\n<title>Reforma Tribut\u00e1ria exige que varejo revise sistemas e fornecedores antes de 2027 - Economia S\/A<\/title>\n<meta name=\"robots\" content=\"index, follow, max-snippet:-1, max-image-preview:large, max-video-preview:-1\" \/>\n<link rel=\"canonical\" href=\"https:\/\/economiasa.com.br\/blog\/reforma-tributaria-exige-que-varejo-revise-sistemas-e-fornecedores-antes-de-2027\/\" \/>\n<meta property=\"og:locale\" content=\"pt_BR\" \/>\n<meta property=\"og:type\" content=\"article\" \/>\n<meta property=\"og:title\" content=\"Reforma Tribut\u00e1ria exige que varejo revise sistemas e fornecedores antes de 2027 - Economia S\/A\" \/>\n<meta property=\"og:description\" content=\"Apura\u00e7\u00e3o assistida amplia impacto de erros fiscais sobre cr\u00e9ditos, caixa e opera\u00e7\u00e3o das grandes redes Com a Reforma Tribut\u00e1ria do Consumo entrando...\" \/>\n<meta property=\"og:url\" content=\"https:\/\/economiasa.com.br\/blog\/reforma-tributaria-exige-que-varejo-revise-sistemas-e-fornecedores-antes-de-2027\/\" \/>\n<meta property=\"og:site_name\" content=\"Economia S\/A\" \/>\n<meta property=\"article:published_time\" content=\"2026-09-04T21:21:18+00:00\" \/>\n<meta property=\"article:modified_time\" content=\"2026-09-04T21:21:19+00:00\" \/>\n<meta property=\"og:image\" content=\"https:\/\/economiasa.com.br\/blog\/wp-content\/uploads\/2026\/09\/7647.jpg\" \/>\n\t<meta property=\"og:image:width\" content=\"1537\" \/>\n\t<meta property=\"og:image:height\" content=\"1023\" \/>\n\t<meta property=\"og:image:type\" content=\"image\/jpeg\" \/>\n<meta name=\"author\" content=\"Reda\u00e7\u00e3o\" \/>\n<meta name=\"twitter:card\" content=\"summary_large_image\" \/>\n<meta name=\"twitter:label1\" content=\"Escrito por\" \/>\n\t<meta name=\"twitter:data1\" content=\"Reda\u00e7\u00e3o\" \/>\n\t<meta name=\"twitter:label2\" content=\"Est. tempo de leitura\" \/>\n\t<meta name=\"twitter:data2\" content=\"5 minutos\" \/>\n<script type=\"application\/ld+json\" class=\"yoast-schema-graph\">{\"@context\":\"https:\/\/schema.org\",\"@graph\":[{\"@type\":\"Article\",\"@id\":\"https:\/\/economiasa.com.br\/blog\/reforma-tributaria-exige-que-varejo-revise-sistemas-e-fornecedores-antes-de-2027\/#article\",\"isPartOf\":{\"@id\":\"https:\/\/economiasa.com.br\/blog\/reforma-tributaria-exige-que-varejo-revise-sistemas-e-fornecedores-antes-de-2027\/\"},\"author\":{\"name\":\"Reda\u00e7\u00e3o\",\"@id\":\"https:\/\/economiasa.com.br\/blog\/#\/schema\/person\/14b8ac2dc25bd63b52bc54e845fa3923\"},\"headline\":\"Reforma Tribut\u00e1ria exige que varejo revise sistemas e fornecedores antes de 2027\",\"datePublished\":\"2026-09-04T21:21:18+00:00\",\"dateModified\":\"2026-09-04T21:21:19+00:00\",\"mainEntityOfPage\":{\"@id\":\"https:\/\/economiasa.com.br\/blog\/reforma-tributaria-exige-que-varejo-revise-sistemas-e-fornecedores-antes-de-2027\/\"},\"wordCount\":876,\"image\":{\"@id\":\"https:\/\/economiasa.com.br\/blog\/reforma-tributaria-exige-que-varejo-revise-sistemas-e-fornecedores-antes-de-2027\/#primaryimage\"},\"thumbnailUrl\":\"https:\/\/economiasa.com.br\/blog\/wp-content\/uploads\/2026\/09\/7647.jpg\",\"articleSection\":[\"Gest\u00e3o Publica\"],\"inLanguage\":\"pt-BR\"},{\"@type\":\"WebPage\",\"@id\":\"https:\/\/economiasa.com.br\/blog\/reforma-tributaria-exige-que-varejo-revise-sistemas-e-fornecedores-antes-de-2027\/\",\"url\":\"https:\/\/economiasa.com.br\/blog\/reforma-tributaria-exige-que-varejo-revise-sistemas-e-fornecedores-antes-de-2027\/\",\"name\":\"Reforma Tribut\u00e1ria exige que varejo revise sistemas e fornecedores antes de 2027 - Economia S\/A\",\"isPartOf\":{\"@id\":\"https:\/\/economiasa.com.br\/blog\/#website\"},\"primaryImageOfPage\":{\"@id\":\"https:\/\/economiasa.com.br\/blog\/reforma-tributaria-exige-que-varejo-revise-sistemas-e-fornecedores-antes-de-2027\/#primaryimage\"},\"image\":{\"@id\":\"https:\/\/economiasa.com.br\/blog\/reforma-tributaria-exige-que-varejo-revise-sistemas-e-fornecedores-antes-de-2027\/#primaryimage\"},\"thumbnailUrl\":\"https:\/\/economiasa.com.br\/blog\/wp-content\/uploads\/2026\/09\/7647.jpg\",\"datePublished\":\"2026-09-04T21:21:18+00:00\",\"dateModified\":\"2026-09-04T21:21:19+00:00\",\"author\":{\"@id\":\"https:\/\/economiasa.com.br\/blog\/#\/schema\/person\/14b8ac2dc25bd63b52bc54e845fa3923\"},\"breadcrumb\":{\"@id\":\"https:\/\/economiasa.com.br\/blog\/reforma-tributaria-exige-que-varejo-revise-sistemas-e-fornecedores-antes-de-2027\/#breadcrumb\"},\"inLanguage\":\"pt-BR\",\"potentialAction\":[{\"@type\":\"ReadAction\",\"target\":[\"https:\/\/economiasa.com.br\/blog\/reforma-tributaria-exige-que-varejo-revise-sistemas-e-fornecedores-antes-de-2027\/\"]}]},{\"@type\":\"ImageObject\",\"inLanguage\":\"pt-BR\",\"@id\":\"https:\/\/economiasa.com.br\/blog\/reforma-tributaria-exige-que-varejo-revise-sistemas-e-fornecedores-antes-de-2027\/#primaryimage\",\"url\":\"https:\/\/economiasa.com.br\/blog\/wp-content\/uploads\/2026\/09\/7647.jpg\",\"contentUrl\":\"https:\/\/economiasa.com.br\/blog\/wp-content\/uploads\/2026\/09\/7647.jpg\",\"width\":1537,\"height\":1023,\"caption\":\"Cr\u00e9ditos da foto: Divulga\u00e7\u00e3o\"},{\"@type\":\"BreadcrumbList\",\"@id\":\"https:\/\/economiasa.com.br\/blog\/reforma-tributaria-exige-que-varejo-revise-sistemas-e-fornecedores-antes-de-2027\/#breadcrumb\",\"itemListElement\":[{\"@type\":\"ListItem\",\"position\":1,\"name\":\"In\u00edcio\",\"item\":\"https:\/\/economiasa.com.br\/blog\/\"},{\"@type\":\"ListItem\",\"position\":2,\"name\":\"Reforma Tribut\u00e1ria exige que varejo revise sistemas e fornecedores antes de 2027\"}]},{\"@type\":\"WebSite\",\"@id\":\"https:\/\/economiasa.com.br\/blog\/#website\",\"url\":\"https:\/\/economiasa.com.br\/blog\/\",\"name\":\"Economia S\/A\",\"description\":\"Ler faz bem para os neg\u00f3cios\",\"potentialAction\":[{\"@type\":\"SearchAction\",\"target\":{\"@type\":\"EntryPoint\",\"urlTemplate\":\"https:\/\/economiasa.com.br\/blog\/?s={search_term_string}\"},\"query-input\":{\"@type\":\"PropertyValueSpecification\",\"valueRequired\":true,\"valueName\":\"search_term_string\"}}],\"inLanguage\":\"pt-BR\"},{\"@type\":\"Person\",\"@id\":\"https:\/\/economiasa.com.br\/blog\/#\/schema\/person\/14b8ac2dc25bd63b52bc54e845fa3923\",\"name\":\"Reda\u00e7\u00e3o\",\"image\":{\"@type\":\"ImageObject\",\"inLanguage\":\"pt-BR\",\"@id\":\"https:\/\/secure.gravatar.com\/avatar\/c8c795261f7f8547b22616a549577db9e450bd5622da3f6eb62b0e2c3e364c4e?s=96&d=mm&r=g0fb5212bc57e2287787936667fbbe0ff\",\"url\":\"https:\/\/secure.gravatar.com\/avatar\/c8c795261f7f8547b22616a549577db9e450bd5622da3f6eb62b0e2c3e364c4e?s=96&d=mm&r=g\",\"contentUrl\":\"https:\/\/secure.gravatar.com\/avatar\/c8c795261f7f8547b22616a549577db9e450bd5622da3f6eb62b0e2c3e364c4e?s=96&d=mm&r=g\",\"caption\":\"Reda\u00e7\u00e3o\"},\"sameAs\":[\"http:\/\/www.economiasa.com.br\"],\"url\":\"https:\/\/economiasa.com.br\/blog\/author\/redacao\/\"}]}<\/script>\n<!-- \/ Yoast SEO plugin. -->","yoast_head_json":{"title":"Reforma Tribut\u00e1ria exige que varejo revise sistemas e fornecedores antes de 2027 - Economia S\/A","robots":{"index":"index","follow":"follow","max-snippet":"max-snippet:-1","max-image-preview":"max-image-preview:large","max-video-preview":"max-video-preview:-1"},"canonical":"https:\/\/economiasa.com.br\/blog\/reforma-tributaria-exige-que-varejo-revise-sistemas-e-fornecedores-antes-de-2027\/","og_locale":"pt_BR","og_type":"article","og_title":"Reforma Tribut\u00e1ria exige que varejo revise sistemas e fornecedores antes de 2027 - Economia S\/A","og_description":"Apura\u00e7\u00e3o assistida amplia impacto de erros fiscais sobre cr\u00e9ditos, caixa e opera\u00e7\u00e3o das grandes redes Com a Reforma Tribut\u00e1ria do Consumo entrando...","og_url":"https:\/\/economiasa.com.br\/blog\/reforma-tributaria-exige-que-varejo-revise-sistemas-e-fornecedores-antes-de-2027\/","og_site_name":"Economia S\/A","article_published_time":"2026-09-04T21:21:18+00:00","article_modified_time":"2026-09-04T21:21:19+00:00","og_image":[{"width":1537,"height":1023,"url":"https:\/\/economiasa.com.br\/blog\/wp-content\/uploads\/2026\/09\/7647.jpg","type":"image\/jpeg"}],"author":"Reda\u00e7\u00e3o","twitter_card":"summary_large_image","twitter_misc":{"Escrito por":"Reda\u00e7\u00e3o","Est. tempo de leitura":"5 minutos"},"schema":{"@context":"https:\/\/schema.org","@graph":[{"@type":"Article","@id":"https:\/\/economiasa.com.br\/blog\/reforma-tributaria-exige-que-varejo-revise-sistemas-e-fornecedores-antes-de-2027\/#article","isPartOf":{"@id":"https:\/\/economiasa.com.br\/blog\/reforma-tributaria-exige-que-varejo-revise-sistemas-e-fornecedores-antes-de-2027\/"},"author":{"name":"Reda\u00e7\u00e3o","@id":"https:\/\/economiasa.com.br\/blog\/#\/schema\/person\/14b8ac2dc25bd63b52bc54e845fa3923"},"headline":"Reforma Tribut\u00e1ria exige que varejo revise sistemas e fornecedores antes de 2027","datePublished":"2026-09-04T21:21:18+00:00","dateModified":"2026-09-04T21:21:19+00:00","mainEntityOfPage":{"@id":"https:\/\/economiasa.com.br\/blog\/reforma-tributaria-exige-que-varejo-revise-sistemas-e-fornecedores-antes-de-2027\/"},"wordCount":876,"image":{"@id":"https:\/\/economiasa.com.br\/blog\/reforma-tributaria-exige-que-varejo-revise-sistemas-e-fornecedores-antes-de-2027\/#primaryimage"},"thumbnailUrl":"https:\/\/economiasa.com.br\/blog\/wp-content\/uploads\/2026\/09\/7647.jpg","articleSection":["Gest\u00e3o Publica"],"inLanguage":"pt-BR"},{"@type":"WebPage","@id":"https:\/\/economiasa.com.br\/blog\/reforma-tributaria-exige-que-varejo-revise-sistemas-e-fornecedores-antes-de-2027\/","url":"https:\/\/economiasa.com.br\/blog\/reforma-tributaria-exige-que-varejo-revise-sistemas-e-fornecedores-antes-de-2027\/","name":"Reforma Tribut\u00e1ria exige que varejo revise sistemas e fornecedores antes de 2027 - Economia S\/A","isPartOf":{"@id":"https:\/\/economiasa.com.br\/blog\/#website"},"primaryImageOfPage":{"@id":"https:\/\/economiasa.com.br\/blog\/reforma-tributaria-exige-que-varejo-revise-sistemas-e-fornecedores-antes-de-2027\/#primaryimage"},"image":{"@id":"https:\/\/economiasa.com.br\/blog\/reforma-tributaria-exige-que-varejo-revise-sistemas-e-fornecedores-antes-de-2027\/#primaryimage"},"thumbnailUrl":"https:\/\/economiasa.com.br\/blog\/wp-content\/uploads\/2026\/09\/7647.jpg","datePublished":"2026-09-04T21:21:18+00:00","dateModified":"2026-09-04T21:21:19+00:00","author":{"@id":"https:\/\/economiasa.com.br\/blog\/#\/schema\/person\/14b8ac2dc25bd63b52bc54e845fa3923"},"breadcrumb":{"@id":"https:\/\/economiasa.com.br\/blog\/reforma-tributaria-exige-que-varejo-revise-sistemas-e-fornecedores-antes-de-2027\/#breadcrumb"},"inLanguage":"pt-BR","potentialAction":[{"@type":"ReadAction","target":["https:\/\/economiasa.com.br\/blog\/reforma-tributaria-exige-que-varejo-revise-sistemas-e-fornecedores-antes-de-2027\/"]}]},{"@type":"ImageObject","inLanguage":"pt-BR","@id":"https:\/\/economiasa.com.br\/blog\/reforma-tributaria-exige-que-varejo-revise-sistemas-e-fornecedores-antes-de-2027\/#primaryimage","url":"https:\/\/economiasa.com.br\/blog\/wp-content\/uploads\/2026\/09\/7647.jpg","contentUrl":"https:\/\/economiasa.com.br\/blog\/wp-content\/uploads\/2026\/09\/7647.jpg","width":1537,"height":1023,"caption":"Cr\u00e9ditos da foto: Divulga\u00e7\u00e3o"},{"@type":"BreadcrumbList","@id":"https:\/\/economiasa.com.br\/blog\/reforma-tributaria-exige-que-varejo-revise-sistemas-e-fornecedores-antes-de-2027\/#breadcrumb","itemListElement":[{"@type":"ListItem","position":1,"name":"In\u00edcio","item":"https:\/\/economiasa.com.br\/blog\/"},{"@type":"ListItem","position":2,"name":"Reforma Tribut\u00e1ria exige que varejo revise sistemas e fornecedores antes de 2027"}]},{"@type":"WebSite","@id":"https:\/\/economiasa.com.br\/blog\/#website","url":"https:\/\/economiasa.com.br\/blog\/","name":"Economia S\/A","description":"Ler faz bem para os neg\u00f3cios","potentialAction":[{"@type":"SearchAction","target":{"@type":"EntryPoint","urlTemplate":"https:\/\/economiasa.com.br\/blog\/?s={search_term_string}"},"query-input":{"@type":"PropertyValueSpecification","valueRequired":true,"valueName":"search_term_string"}}],"inLanguage":"pt-BR"},{"@type":"Person","@id":"https:\/\/economiasa.com.br\/blog\/#\/schema\/person\/14b8ac2dc25bd63b52bc54e845fa3923","name":"Reda\u00e7\u00e3o","image":{"@type":"ImageObject","inLanguage":"pt-BR","@id":"https:\/\/secure.gravatar.com\/avatar\/c8c795261f7f8547b22616a549577db9e450bd5622da3f6eb62b0e2c3e364c4e?s=96&d=mm&r=g0fb5212bc57e2287787936667fbbe0ff","url":"https:\/\/secure.gravatar.com\/avatar\/c8c795261f7f8547b22616a549577db9e450bd5622da3f6eb62b0e2c3e364c4e?s=96&d=mm&r=g","contentUrl":"https:\/\/secure.gravatar.com\/avatar\/c8c795261f7f8547b22616a549577db9e450bd5622da3f6eb62b0e2c3e364c4e?s=96&d=mm&r=g","caption":"Reda\u00e7\u00e3o"},"sameAs":["http:\/\/www.economiasa.com.br"],"url":"https:\/\/economiasa.com.br\/blog\/author\/redacao\/"}]}},"authors":[{"term_id":13248,"user_id":47,"is_guest":0,"slug":"redacao","display_name":"Reda\u00e7\u00e3o","avatar_url":"https:\/\/secure.gravatar.com\/avatar\/c8c795261f7f8547b22616a549577db9e450bd5622da3f6eb62b0e2c3e364c4e?s=96&d=mm&r=g","author_category":"","first_name":"Reda\u00e7\u00e3o","last_name":"","user_url":"http:\/\/www.economiasa.com.br","job_title":"","description":""}],"amp_enabled":true,"_links":{"self":[{"href":"https:\/\/economiasa.com.br\/blog\/wp-json\/wp\/v2\/posts\/85196","targetHints":{"allow":["GET"]}}],"collection":[{"href":"https:\/\/economiasa.com.br\/blog\/wp-json\/wp\/v2\/posts"}],"about":[{"href":"https:\/\/economiasa.com.br\/blog\/wp-json\/wp\/v2\/types\/post"}],"author":[{"embeddable":true,"href":"https:\/\/economiasa.com.br\/blog\/wp-json\/wp\/v2\/users\/47"}],"replies":[{"embeddable":true,"href":"https:\/\/economiasa.com.br\/blog\/wp-json\/wp\/v2\/comments?post=85196"}],"version-history":[{"count":0,"href":"https:\/\/economiasa.com.br\/blog\/wp-json\/wp\/v2\/posts\/85196\/revisions"}],"wp:featuredmedia":[{"embeddable":true,"href":"https:\/\/economiasa.com.br\/blog\/wp-json\/wp\/v2\/media\/85197"}],"wp:attachment":[{"href":"https:\/\/economiasa.com.br\/blog\/wp-json\/wp\/v2\/media?parent=85196"}],"wp:term":[{"taxonomy":"category","embeddable":true,"href":"https:\/\/economiasa.com.br\/blog\/wp-json\/wp\/v2\/categories?post=85196"},{"taxonomy":"post_tag","embeddable":true,"href":"https:\/\/economiasa.com.br\/blog\/wp-json\/wp\/v2\/tags?post=85196"},{"taxonomy":"author","embeddable":true,"href":"https:\/\/economiasa.com.br\/blog\/wp-json\/wp\/v2\/ppma_author?post=85196"}],"curies":[{"name":"wp","href":"https:\/\/api.w.org\/{rel}","templated":true}]}}