{"id":85198,"date":"2026-09-04T18:22:46","date_gmt":"2026-09-04T21:22:46","guid":{"rendered":"https:\/\/economiasa.com.br\/blog\/?p=85198"},"modified":"2026-09-04T18:22:46","modified_gmt":"2026-09-04T21:22:46","slug":"fim-da-taxa-das-blusinhas-exige-reducao-de-custos-para-pequenos-negocios-diz-conaje","status":"publish","type":"post","link":"https:\/\/economiasa.com.br\/blog\/fim-da-taxa-das-blusinhas-exige-reducao-de-custos-para-pequenos-negocios-diz-conaje\/","title":{"rendered":"Fim da &#8220;taxa das blusinhas&#8221; exige redu\u00e7\u00e3o de custos para pequenos neg\u00f3cios, diz CONAJE"},"content":{"rendered":"\n<p class=\"wp-block-paragraph\"><em>Entidade reconhece al\u00edvio para o consumidor, mas alerta para a diferen\u00e7a de condi\u00e7\u00f5es entre empresas brasileiras e plataformas estrangeiras<\/em><\/p>\n\n\n\n<p class=\"wp-block-paragraph\">A aprova\u00e7\u00e3o pelo Congresso da medida que mant\u00e9m zerado o Imposto de Importa\u00e7\u00e3o para compras internacionais de at\u00e9 US$ 50 reacende o debate sobre as condi\u00e7\u00f5es enfrentadas pelos pequenos neg\u00f3cios brasileiros. Para a Confedera\u00e7\u00e3o Nacional de Jovens Empres\u00e1rios (CONAJE), o al\u00edvio no pre\u00e7o pago pelo consumidor precisa ser acompanhado de a\u00e7\u00f5es que reduzam a desigualdade tribut\u00e1ria entre empresas nacionais e grandes plataformas estrangeiras.<\/p>\n\n\n\n<p class=\"wp-block-paragraph\">A Medida Provis\u00f3ria 1.357\/2026 foi aprovada pela C\u00e2mara e pelo Senado na quinta-feira (3) e segue para san\u00e7\u00e3o presidencial. A al\u00edquota federal zero j\u00e1 est\u00e1 em vigor nesta faixa de valor para compras realizadas em plataformas certificadas pelo programa Remessa Conforme. O ICMS, cobrado pelos estados, continua incidindo sobre essas opera\u00e7\u00f5es.<\/p>\n\n\n\n<p class=\"wp-block-paragraph\">A CONAJE reconhece que a isen\u00e7\u00e3o pode ajudar fam\u00edlias pressionadas pelo custo de vida, mas avalia que a discuss\u00e3o n\u00e3o pode se limitar ao pre\u00e7o final da compra. Enquanto as compras internacionais de at\u00e9 US$ 50 feitas pelo Remessa Conforme est\u00e3o isentas do imposto federal, empresas brasileiras continuam expostas a impostos, burocracia e custos operacionais que afetam sua capacidade de competir.<\/p>\n\n\n\n<p class=\"wp-block-paragraph\"><em>\u201cN\u00e3o existe desenvolvimento econ\u00f4mico sustent\u00e1vel quando \u00e9 preciso escolher entre o consumidor e o empres\u00e1rio brasileiro. O caminho deve ser reduzir o custo para quem compra, diminuir a burocracia e a carga que sufoca quem empreende e criar condi\u00e7\u00f5es para que o pequeno neg\u00f3cio brasileiro possa competir em igualdade\u201d<\/em>, afirma Fabio Saraiva, advogado e presidente da CONAJE.<\/p>\n\n\n\n<p class=\"wp-block-paragraph\">Os pequenos neg\u00f3cios somam 24 milh\u00f5es de empresas e representam 95% do total de empresas ativas no Brasil, segundo levantamento divulgado pelo Sebrae. O segmento responde por 26,5% do Produto Interno Bruto nacional e gerou 80% das vagas de trabalho em 2025.<\/p>\n\n\n\n<p class=\"wp-block-paragraph\"><strong>CONAJE alerta para risco de perda de competitividade<\/strong><\/p>\n\n\n\n<p class=\"wp-block-paragraph\">A entidade alerta que a isen\u00e7\u00e3o, se n\u00e3o for acompanhada de medidas voltadas \u00e0s empresas brasileiras, pode ampliar a diferen\u00e7a de custos entre os pequenos neg\u00f3cios e as grandes plataformas internacionais. O risco \u00e9 que parte do consumo deixe de circular no com\u00e9rcio local, com poss\u00edveis efeitos sobre vendas, renda e empregos.<\/p>\n\n\n\n<p class=\"wp-block-paragraph\">Para a Confedera\u00e7\u00e3o, investimentos em tecnologia, inova\u00e7\u00e3o e diferencia\u00e7\u00e3o ajudam o pequeno empres\u00e1rio a competir, mas n\u00e3o corrige uma desigualdade estrutural. Por isso, a redu\u00e7\u00e3o do Custo Brasil e a cria\u00e7\u00e3o de condi\u00e7\u00f5es tribut\u00e1rias mais equilibradas tamb\u00e9m precisam fazer parte do debate.<\/p>\n\n\n\n<p class=\"wp-block-paragraph\">O texto aprovado pelo Congresso determina que o Minist\u00e9rio da Fazenda fa\u00e7a uma primeira avalia\u00e7\u00e3o dos efeitos econ\u00f4micos da medida em at\u00e9 tr\u00eas meses. As an\u00e1lises seguintes dever\u00e3o ocorrer em intervalos de, no m\u00e1ximo, seis meses. O Congresso tamb\u00e9m far\u00e1 uma avalia\u00e7\u00e3o anual.<\/p>\n\n\n\n<p class=\"wp-block-paragraph\">Os relat\u00f3rios dever\u00e3o considerar os impactos sobre emprego, renda, competitividade da ind\u00fastria e do com\u00e9rcio, pre\u00e7os, volume de importa\u00e7\u00f5es e arrecada\u00e7\u00e3o. Tamb\u00e9m foram inclu\u00eddas obriga\u00e7\u00f5es para que plataformas e operadores log\u00edsticos combatam o subfaturamento, o fracionamento artificial de remessas e outras irregularidades.<\/p>\n\n\n\n<p class=\"wp-block-paragraph\">A CONAJE defende que esse acompanhamento produza respostas concretas caso sejam identificados preju\u00edzos aos pequenos neg\u00f3cios. Entre as prioridades apontadas pela entidade est\u00e3o a simplifica\u00e7\u00e3o tribut\u00e1ria, a redu\u00e7\u00e3o do Custo Brasil, o acesso a cr\u00e9dito e tecnologia e a fiscaliza\u00e7\u00e3o das opera\u00e7\u00f5es internacionais.<\/p>\n\n\n\n<p class=\"wp-block-paragraph\"><em>\u201cDefendemos um Brasil onde comprar seja mais barato, empreender seja mais simples e competir seja mais justo\u201d<\/em>, conclui Saraiva.<\/p>\n","protected":false},"excerpt":{"rendered":"<p>Entidade reconhece al\u00edvio para o consumidor, mas alerta para a diferen\u00e7a de condi\u00e7\u00f5es entre empresas brasileiras e plataformas estrangeiras A aprova\u00e7\u00e3o pelo&#8230;<\/p>\n","protected":false},"author":47,"featured_media":85199,"comment_status":"closed","ping_status":"open","sticky":false,"template":"","format":"standard","meta":{"footnotes":""},"categories":[101,8806],"tags":[],"ppma_author":[13248],"class_list":["post-85198","post","type-post","status-publish","format-standard","has-post-thumbnail","category-negocios","category-vendas"],"yoast_head":"<!-- This site is optimized with the Yoast SEO plugin v27.2 - https:\/\/yoast.com\/product\/yoast-seo-wordpress\/ -->\n<title>Fim da &quot;taxa das blusinhas&quot; exige redu\u00e7\u00e3o de custos para pequenos neg\u00f3cios, diz CONAJE - Economia S\/A<\/title>\n<meta name=\"robots\" content=\"index, follow, max-snippet:-1, max-image-preview:large, max-video-preview:-1\" \/>\n<link rel=\"canonical\" href=\"https:\/\/economiasa.com.br\/blog\/fim-da-taxa-das-blusinhas-exige-reducao-de-custos-para-pequenos-negocios-diz-conaje\/\" \/>\n<meta property=\"og:locale\" content=\"pt_BR\" \/>\n<meta property=\"og:type\" content=\"article\" \/>\n<meta property=\"og:title\" content=\"Fim da &quot;taxa das blusinhas&quot; exige redu\u00e7\u00e3o de custos para pequenos neg\u00f3cios, diz CONAJE - Economia S\/A\" \/>\n<meta property=\"og:description\" content=\"Entidade reconhece al\u00edvio para o consumidor, mas alerta para a diferen\u00e7a de condi\u00e7\u00f5es entre empresas brasileiras e plataformas estrangeiras A aprova\u00e7\u00e3o pelo...\" \/>\n<meta property=\"og:url\" content=\"https:\/\/economiasa.com.br\/blog\/fim-da-taxa-das-blusinhas-exige-reducao-de-custos-para-pequenos-negocios-diz-conaje\/\" \/>\n<meta property=\"og:site_name\" content=\"Economia S\/A\" \/>\n<meta property=\"article:published_time\" content=\"2026-09-04T21:22:46+00:00\" \/>\n<meta property=\"og:image\" content=\"https:\/\/economiasa.com.br\/blog\/wp-content\/uploads\/2026\/09\/26112.jpg\" \/>\n\t<meta property=\"og:image:width\" content=\"1500\" \/>\n\t<meta property=\"og:image:height\" content=\"1000\" \/>\n\t<meta property=\"og:image:type\" content=\"image\/jpeg\" \/>\n<meta name=\"author\" content=\"Reda\u00e7\u00e3o\" \/>\n<meta name=\"twitter:card\" content=\"summary_large_image\" \/>\n<meta name=\"twitter:label1\" content=\"Escrito por\" \/>\n\t<meta name=\"twitter:data1\" content=\"Reda\u00e7\u00e3o\" \/>\n\t<meta name=\"twitter:label2\" content=\"Est. tempo de leitura\" \/>\n\t<meta name=\"twitter:data2\" content=\"4 minutos\" \/>\n<script type=\"application\/ld+json\" class=\"yoast-schema-graph\">{\"@context\":\"https:\/\/schema.org\",\"@graph\":[{\"@type\":\"Article\",\"@id\":\"https:\/\/economiasa.com.br\/blog\/fim-da-taxa-das-blusinhas-exige-reducao-de-custos-para-pequenos-negocios-diz-conaje\/#article\",\"isPartOf\":{\"@id\":\"https:\/\/economiasa.com.br\/blog\/fim-da-taxa-das-blusinhas-exige-reducao-de-custos-para-pequenos-negocios-diz-conaje\/\"},\"author\":{\"name\":\"Reda\u00e7\u00e3o\",\"@id\":\"https:\/\/economiasa.com.br\/blog\/#\/schema\/person\/14b8ac2dc25bd63b52bc54e845fa3923\"},\"headline\":\"Fim da &#8220;taxa das blusinhas&#8221; exige redu\u00e7\u00e3o de custos para pequenos neg\u00f3cios, diz CONAJE\",\"datePublished\":\"2026-09-04T21:22:46+00:00\",\"mainEntityOfPage\":{\"@id\":\"https:\/\/economiasa.com.br\/blog\/fim-da-taxa-das-blusinhas-exige-reducao-de-custos-para-pequenos-negocios-diz-conaje\/\"},\"wordCount\":626,\"image\":{\"@id\":\"https:\/\/economiasa.com.br\/blog\/fim-da-taxa-das-blusinhas-exige-reducao-de-custos-para-pequenos-negocios-diz-conaje\/#primaryimage\"},\"thumbnailUrl\":\"https:\/\/economiasa.com.br\/blog\/wp-content\/uploads\/2026\/09\/26112.jpg\",\"articleSection\":[\"Neg\u00f3cios\",\"Vendas\"],\"inLanguage\":\"pt-BR\"},{\"@type\":\"WebPage\",\"@id\":\"https:\/\/economiasa.com.br\/blog\/fim-da-taxa-das-blusinhas-exige-reducao-de-custos-para-pequenos-negocios-diz-conaje\/\",\"url\":\"https:\/\/economiasa.com.br\/blog\/fim-da-taxa-das-blusinhas-exige-reducao-de-custos-para-pequenos-negocios-diz-conaje\/\",\"name\":\"Fim da \\\"taxa das blusinhas\\\" exige redu\u00e7\u00e3o de custos para pequenos neg\u00f3cios, diz CONAJE - Economia S\/A\",\"isPartOf\":{\"@id\":\"https:\/\/economiasa.com.br\/blog\/#website\"},\"primaryImageOfPage\":{\"@id\":\"https:\/\/economiasa.com.br\/blog\/fim-da-taxa-das-blusinhas-exige-reducao-de-custos-para-pequenos-negocios-diz-conaje\/#primaryimage\"},\"image\":{\"@id\":\"https:\/\/economiasa.com.br\/blog\/fim-da-taxa-das-blusinhas-exige-reducao-de-custos-para-pequenos-negocios-diz-conaje\/#primaryimage\"},\"thumbnailUrl\":\"https:\/\/economiasa.com.br\/blog\/wp-content\/uploads\/2026\/09\/26112.jpg\",\"datePublished\":\"2026-09-04T21:22:46+00:00\",\"author\":{\"@id\":\"https:\/\/economiasa.com.br\/blog\/#\/schema\/person\/14b8ac2dc25bd63b52bc54e845fa3923\"},\"breadcrumb\":{\"@id\":\"https:\/\/economiasa.com.br\/blog\/fim-da-taxa-das-blusinhas-exige-reducao-de-custos-para-pequenos-negocios-diz-conaje\/#breadcrumb\"},\"inLanguage\":\"pt-BR\",\"potentialAction\":[{\"@type\":\"ReadAction\",\"target\":[\"https:\/\/economiasa.com.br\/blog\/fim-da-taxa-das-blusinhas-exige-reducao-de-custos-para-pequenos-negocios-diz-conaje\/\"]}]},{\"@type\":\"ImageObject\",\"inLanguage\":\"pt-BR\",\"@id\":\"https:\/\/economiasa.com.br\/blog\/fim-da-taxa-das-blusinhas-exige-reducao-de-custos-para-pequenos-negocios-diz-conaje\/#primaryimage\",\"url\":\"https:\/\/economiasa.com.br\/blog\/wp-content\/uploads\/2026\/09\/26112.jpg\",\"contentUrl\":\"https:\/\/economiasa.com.br\/blog\/wp-content\/uploads\/2026\/09\/26112.jpg\",\"width\":1500,\"height\":1000,\"caption\":\"Magnific \/ Divulga\u00e7\u00e3o\"},{\"@type\":\"BreadcrumbList\",\"@id\":\"https:\/\/economiasa.com.br\/blog\/fim-da-taxa-das-blusinhas-exige-reducao-de-custos-para-pequenos-negocios-diz-conaje\/#breadcrumb\",\"itemListElement\":[{\"@type\":\"ListItem\",\"position\":1,\"name\":\"In\u00edcio\",\"item\":\"https:\/\/economiasa.com.br\/blog\/\"},{\"@type\":\"ListItem\",\"position\":2,\"name\":\"Fim da &#8220;taxa das blusinhas&#8221; exige redu\u00e7\u00e3o de custos para pequenos neg\u00f3cios, diz CONAJE\"}]},{\"@type\":\"WebSite\",\"@id\":\"https:\/\/economiasa.com.br\/blog\/#website\",\"url\":\"https:\/\/economiasa.com.br\/blog\/\",\"name\":\"Economia S\/A\",\"description\":\"Ler faz bem para os neg\u00f3cios\",\"potentialAction\":[{\"@type\":\"SearchAction\",\"target\":{\"@type\":\"EntryPoint\",\"urlTemplate\":\"https:\/\/economiasa.com.br\/blog\/?s={search_term_string}\"},\"query-input\":{\"@type\":\"PropertyValueSpecification\",\"valueRequired\":true,\"valueName\":\"search_term_string\"}}],\"inLanguage\":\"pt-BR\"},{\"@type\":\"Person\",\"@id\":\"https:\/\/economiasa.com.br\/blog\/#\/schema\/person\/14b8ac2dc25bd63b52bc54e845fa3923\",\"name\":\"Reda\u00e7\u00e3o\",\"image\":{\"@type\":\"ImageObject\",\"inLanguage\":\"pt-BR\",\"@id\":\"https:\/\/secure.gravatar.com\/avatar\/c8c795261f7f8547b22616a549577db9e450bd5622da3f6eb62b0e2c3e364c4e?s=96&d=mm&r=g0fb5212bc57e2287787936667fbbe0ff\",\"url\":\"https:\/\/secure.gravatar.com\/avatar\/c8c795261f7f8547b22616a549577db9e450bd5622da3f6eb62b0e2c3e364c4e?s=96&d=mm&r=g\",\"contentUrl\":\"https:\/\/secure.gravatar.com\/avatar\/c8c795261f7f8547b22616a549577db9e450bd5622da3f6eb62b0e2c3e364c4e?s=96&d=mm&r=g\",\"caption\":\"Reda\u00e7\u00e3o\"},\"sameAs\":[\"http:\/\/www.economiasa.com.br\"],\"url\":\"https:\/\/economiasa.com.br\/blog\/author\/redacao\/\"}]}<\/script>\n<!-- \/ Yoast SEO plugin. -->","yoast_head_json":{"title":"Fim da \"taxa das blusinhas\" exige redu\u00e7\u00e3o de custos para pequenos neg\u00f3cios, diz CONAJE - Economia S\/A","robots":{"index":"index","follow":"follow","max-snippet":"max-snippet:-1","max-image-preview":"max-image-preview:large","max-video-preview":"max-video-preview:-1"},"canonical":"https:\/\/economiasa.com.br\/blog\/fim-da-taxa-das-blusinhas-exige-reducao-de-custos-para-pequenos-negocios-diz-conaje\/","og_locale":"pt_BR","og_type":"article","og_title":"Fim da \"taxa das blusinhas\" exige redu\u00e7\u00e3o de custos para pequenos neg\u00f3cios, diz CONAJE - Economia S\/A","og_description":"Entidade reconhece al\u00edvio para o consumidor, mas alerta para a diferen\u00e7a de condi\u00e7\u00f5es entre empresas brasileiras e plataformas estrangeiras A aprova\u00e7\u00e3o pelo...","og_url":"https:\/\/economiasa.com.br\/blog\/fim-da-taxa-das-blusinhas-exige-reducao-de-custos-para-pequenos-negocios-diz-conaje\/","og_site_name":"Economia S\/A","article_published_time":"2026-09-04T21:22:46+00:00","og_image":[{"width":1500,"height":1000,"url":"https:\/\/economiasa.com.br\/blog\/wp-content\/uploads\/2026\/09\/26112.jpg","type":"image\/jpeg"}],"author":"Reda\u00e7\u00e3o","twitter_card":"summary_large_image","twitter_misc":{"Escrito por":"Reda\u00e7\u00e3o","Est. tempo de leitura":"4 minutos"},"schema":{"@context":"https:\/\/schema.org","@graph":[{"@type":"Article","@id":"https:\/\/economiasa.com.br\/blog\/fim-da-taxa-das-blusinhas-exige-reducao-de-custos-para-pequenos-negocios-diz-conaje\/#article","isPartOf":{"@id":"https:\/\/economiasa.com.br\/blog\/fim-da-taxa-das-blusinhas-exige-reducao-de-custos-para-pequenos-negocios-diz-conaje\/"},"author":{"name":"Reda\u00e7\u00e3o","@id":"https:\/\/economiasa.com.br\/blog\/#\/schema\/person\/14b8ac2dc25bd63b52bc54e845fa3923"},"headline":"Fim da &#8220;taxa das blusinhas&#8221; exige redu\u00e7\u00e3o de custos para pequenos neg\u00f3cios, diz CONAJE","datePublished":"2026-09-04T21:22:46+00:00","mainEntityOfPage":{"@id":"https:\/\/economiasa.com.br\/blog\/fim-da-taxa-das-blusinhas-exige-reducao-de-custos-para-pequenos-negocios-diz-conaje\/"},"wordCount":626,"image":{"@id":"https:\/\/economiasa.com.br\/blog\/fim-da-taxa-das-blusinhas-exige-reducao-de-custos-para-pequenos-negocios-diz-conaje\/#primaryimage"},"thumbnailUrl":"https:\/\/economiasa.com.br\/blog\/wp-content\/uploads\/2026\/09\/26112.jpg","articleSection":["Neg\u00f3cios","Vendas"],"inLanguage":"pt-BR"},{"@type":"WebPage","@id":"https:\/\/economiasa.com.br\/blog\/fim-da-taxa-das-blusinhas-exige-reducao-de-custos-para-pequenos-negocios-diz-conaje\/","url":"https:\/\/economiasa.com.br\/blog\/fim-da-taxa-das-blusinhas-exige-reducao-de-custos-para-pequenos-negocios-diz-conaje\/","name":"Fim da \"taxa das blusinhas\" exige redu\u00e7\u00e3o de custos para pequenos neg\u00f3cios, diz CONAJE - Economia S\/A","isPartOf":{"@id":"https:\/\/economiasa.com.br\/blog\/#website"},"primaryImageOfPage":{"@id":"https:\/\/economiasa.com.br\/blog\/fim-da-taxa-das-blusinhas-exige-reducao-de-custos-para-pequenos-negocios-diz-conaje\/#primaryimage"},"image":{"@id":"https:\/\/economiasa.com.br\/blog\/fim-da-taxa-das-blusinhas-exige-reducao-de-custos-para-pequenos-negocios-diz-conaje\/#primaryimage"},"thumbnailUrl":"https:\/\/economiasa.com.br\/blog\/wp-content\/uploads\/2026\/09\/26112.jpg","datePublished":"2026-09-04T21:22:46+00:00","author":{"@id":"https:\/\/economiasa.com.br\/blog\/#\/schema\/person\/14b8ac2dc25bd63b52bc54e845fa3923"},"breadcrumb":{"@id":"https:\/\/economiasa.com.br\/blog\/fim-da-taxa-das-blusinhas-exige-reducao-de-custos-para-pequenos-negocios-diz-conaje\/#breadcrumb"},"inLanguage":"pt-BR","potentialAction":[{"@type":"ReadAction","target":["https:\/\/economiasa.com.br\/blog\/fim-da-taxa-das-blusinhas-exige-reducao-de-custos-para-pequenos-negocios-diz-conaje\/"]}]},{"@type":"ImageObject","inLanguage":"pt-BR","@id":"https:\/\/economiasa.com.br\/blog\/fim-da-taxa-das-blusinhas-exige-reducao-de-custos-para-pequenos-negocios-diz-conaje\/#primaryimage","url":"https:\/\/economiasa.com.br\/blog\/wp-content\/uploads\/2026\/09\/26112.jpg","contentUrl":"https:\/\/economiasa.com.br\/blog\/wp-content\/uploads\/2026\/09\/26112.jpg","width":1500,"height":1000,"caption":"Magnific \/ Divulga\u00e7\u00e3o"},{"@type":"BreadcrumbList","@id":"https:\/\/economiasa.com.br\/blog\/fim-da-taxa-das-blusinhas-exige-reducao-de-custos-para-pequenos-negocios-diz-conaje\/#breadcrumb","itemListElement":[{"@type":"ListItem","position":1,"name":"In\u00edcio","item":"https:\/\/economiasa.com.br\/blog\/"},{"@type":"ListItem","position":2,"name":"Fim da &#8220;taxa das blusinhas&#8221; exige redu\u00e7\u00e3o de custos para pequenos neg\u00f3cios, diz CONAJE"}]},{"@type":"WebSite","@id":"https:\/\/economiasa.com.br\/blog\/#website","url":"https:\/\/economiasa.com.br\/blog\/","name":"Economia S\/A","description":"Ler faz bem para os neg\u00f3cios","potentialAction":[{"@type":"SearchAction","target":{"@type":"EntryPoint","urlTemplate":"https:\/\/economiasa.com.br\/blog\/?s={search_term_string}"},"query-input":{"@type":"PropertyValueSpecification","valueRequired":true,"valueName":"search_term_string"}}],"inLanguage":"pt-BR"},{"@type":"Person","@id":"https:\/\/economiasa.com.br\/blog\/#\/schema\/person\/14b8ac2dc25bd63b52bc54e845fa3923","name":"Reda\u00e7\u00e3o","image":{"@type":"ImageObject","inLanguage":"pt-BR","@id":"https:\/\/secure.gravatar.com\/avatar\/c8c795261f7f8547b22616a549577db9e450bd5622da3f6eb62b0e2c3e364c4e?s=96&d=mm&r=g0fb5212bc57e2287787936667fbbe0ff","url":"https:\/\/secure.gravatar.com\/avatar\/c8c795261f7f8547b22616a549577db9e450bd5622da3f6eb62b0e2c3e364c4e?s=96&d=mm&r=g","contentUrl":"https:\/\/secure.gravatar.com\/avatar\/c8c795261f7f8547b22616a549577db9e450bd5622da3f6eb62b0e2c3e364c4e?s=96&d=mm&r=g","caption":"Reda\u00e7\u00e3o"},"sameAs":["http:\/\/www.economiasa.com.br"],"url":"https:\/\/economiasa.com.br\/blog\/author\/redacao\/"}]}},"authors":[{"term_id":13248,"user_id":47,"is_guest":0,"slug":"redacao","display_name":"Reda\u00e7\u00e3o","avatar_url":"https:\/\/secure.gravatar.com\/avatar\/c8c795261f7f8547b22616a549577db9e450bd5622da3f6eb62b0e2c3e364c4e?s=96&d=mm&r=g","author_category":"","first_name":"Reda\u00e7\u00e3o","last_name":"","user_url":"http:\/\/www.economiasa.com.br","job_title":"","description":""}],"amp_enabled":true,"_links":{"self":[{"href":"https:\/\/economiasa.com.br\/blog\/wp-json\/wp\/v2\/posts\/85198","targetHints":{"allow":["GET"]}}],"collection":[{"href":"https:\/\/economiasa.com.br\/blog\/wp-json\/wp\/v2\/posts"}],"about":[{"href":"https:\/\/economiasa.com.br\/blog\/wp-json\/wp\/v2\/types\/post"}],"author":[{"embeddable":true,"href":"https:\/\/economiasa.com.br\/blog\/wp-json\/wp\/v2\/users\/47"}],"replies":[{"embeddable":true,"href":"https:\/\/economiasa.com.br\/blog\/wp-json\/wp\/v2\/comments?post=85198"}],"version-history":[{"count":0,"href":"https:\/\/economiasa.com.br\/blog\/wp-json\/wp\/v2\/posts\/85198\/revisions"}],"wp:featuredmedia":[{"embeddable":true,"href":"https:\/\/economiasa.com.br\/blog\/wp-json\/wp\/v2\/media\/85199"}],"wp:attachment":[{"href":"https:\/\/economiasa.com.br\/blog\/wp-json\/wp\/v2\/media?parent=85198"}],"wp:term":[{"taxonomy":"category","embeddable":true,"href":"https:\/\/economiasa.com.br\/blog\/wp-json\/wp\/v2\/categories?post=85198"},{"taxonomy":"post_tag","embeddable":true,"href":"https:\/\/economiasa.com.br\/blog\/wp-json\/wp\/v2\/tags?post=85198"},{"taxonomy":"author","embeddable":true,"href":"https:\/\/economiasa.com.br\/blog\/wp-json\/wp\/v2\/ppma_author?post=85198"}],"curies":[{"name":"wp","href":"https:\/\/api.w.org\/{rel}","templated":true}]}}