{"id":85200,"date":"2026-09-04T18:24:49","date_gmt":"2026-09-04T21:24:49","guid":{"rendered":"https:\/\/economiasa.com.br\/blog\/?p=85200"},"modified":"2026-09-04T18:24:50","modified_gmt":"2026-09-04T21:24:50","slug":"vender-em-video-virou-obrigacao-para-pequenos-negocios","status":"publish","type":"post","link":"https:\/\/economiasa.com.br\/blog\/vender-em-video-virou-obrigacao-para-pequenos-negocios\/","title":{"rendered":"Vender em v\u00eddeo virou obriga\u00e7\u00e3o para pequenos neg\u00f3cios?"},"content":{"rendered":"\n<p class=\"wp-block-paragraph\"><em>Social commerce cresce, mas o WhatsApp segue decisivo para transformar interesse em conversa, confian\u00e7a e venda.<\/em><\/p>\n\n\n\n<p class=\"wp-block-paragraph\"><em>Comprar um produto exibido em uma rede social deixou de ser uma experi\u00eancia restrita \u00e0s grandes marcas. Instagram, TikTok e YouTube aproximaram conte\u00fado e com\u00e9rcio, criando a impress\u00e3o de que todo pequeno neg\u00f3cio precisa gravar v\u00eddeos e aparecer diariamente para continuar vendendo.<\/em><\/p>\n\n\n\n<p class=\"wp-block-paragraph\"><strong><em>Para Kelly Monteiro, especialista em marketing digital<\/em><\/strong><em>, essa press\u00e3o mistura etapas diferentes da compra. O v\u00eddeo pode despertar curiosidade e apresentar uma oferta, enquanto a decis\u00e3o costuma depender de informa\u00e7\u00f5es que n\u00e3o cabem em poucos segundos. Nesse ponto, o WhatsApp mant\u00e9m um papel importante para neg\u00f3cios que precisam explicar servi\u00e7os, entender necessidades e gerar seguran\u00e7a antes do pagamento.<\/em><\/p>\n\n\n\n<p class=\"wp-block-paragraph\"><em>Um sinal dessa expans\u00e3o aparece no YouTube Shopping. Menos de um ano ap\u00f3s o lan\u00e7amento oficial do programa de afiliados no Brasil, 40% dos criadores eleg\u00edveis j\u00e1 haviam aderido \u00e0 ferramenta, segundo<\/em><a href=\"https:\/\/www.meioemensagem.com.br\/midia\/como-o-youtube-shopping-esta-se-consolidando-no-brasil\" target=\"_blank\" rel=\"noreferrer noopener\">\u00a0<em>balan\u00e7o da plataforma divulgado pelo Meio & Mensagem<\/em><\/a><em>, ve\u00edculo especializado em comunica\u00e7\u00e3o e publicidade. A ado\u00e7\u00e3o confirma o avan\u00e7o do v\u00eddeo como canal comercial, mas n\u00e3o significa que o formato funcione para todas as empresas.<\/em><\/p>\n\n\n\n<p class=\"wp-block-paragraph\"><em>Produtos visuais e de compra r\u00e1pida, como roupas, cosm\u00e9ticos e acess\u00f3rios, podem ser demonstrados em poucos segundos. Servi\u00e7os personalizados, encomendas e itens de maior valor costumam exigir perguntas e orienta\u00e7\u00e3o individual. A exposi\u00e7\u00e3o chama aten\u00e7\u00e3o, mas a conversa permite ao consumidor avaliar se a oferta atende ao que procura.<\/em><\/p>\n\n\n\n<p class=\"wp-block-paragraph\"><em>\u201cO pequeno neg\u00f3cio n\u00e3o precisa transformar o dono em influenciador para vender. O formato deve acompanhar o comportamento do cliente e a complexidade da oferta. Em muitas opera\u00e7\u00f5es, o v\u00eddeo apresenta, mas \u00e9 a conversa pelo WhatsApp que organiza a decis\u00e3o\u201d, afirma Kelly.<\/em><\/p>\n\n\n\n<p class=\"wp-block-paragraph\"><em>A produ\u00e7\u00e3o constante tamb\u00e9m cobra um pre\u00e7o. Roteiro, grava\u00e7\u00e3o, edi\u00e7\u00e3o e an\u00e1lise das m\u00e9tricas consomem horas de uma equipe que, muitas vezes, \u00e9 formada apenas pelo propriet\u00e1rio. Sem um\u00a0<\/em><\/p>\n\n\n\n<p class=\"wp-block-paragraph\"><em>objetivo definido, o empreendedor pode acumular visualiza\u00e7\u00f5es sem saber quantas pessoas pediram informa\u00e7\u00f5es ou compraram. Alcance elevado n\u00e3o representa, por si s\u00f3, aumento no faturamento.<\/em><\/p>\n\n\n\n<p class=\"wp-block-paragraph\"><em>O WhatsApp oferece uma din\u00e2mica diferente. O canal permite identificar a necessidade do consumidor, enviar cat\u00e1logo, \u00e1udio, fotografia, or\u00e7amento e condi\u00e7\u00f5es de pagamento na mesma conversa. Tamb\u00e9m favorece vendas consultivas, nas quais o comprador precisa esclarecer d\u00favidas antes de escolher. Para funcionar, o atendimento exige perfil comercial completo, informa\u00e7\u00f5es claras, hor\u00e1rios definidos e registro dos contatos.<\/em><\/p>\n\n\n\n<p class=\"wp-block-paragraph\"><em>\u201cVender pelo WhatsApp n\u00e3o significa conversar de maneira improvisada. \u00c9 preciso conhecer as d\u00favidas recorrentes, orientar com clareza e facilitar o pr\u00f3ximo passo. A agilidade importa, mas a qualidade da resposta \u00e9 o que reduz inseguran\u00e7as e torna a experi\u00eancia mais confi\u00e1vel\u201d, explica a especialista.<\/em><\/p>\n\n\n\n<p class=\"wp-block-paragraph\"><em>V\u00eddeo e atendimento direto podem ocupar fun\u00e7\u00f5es complementares. Um conte\u00fado curto apresenta o produto ou responde a uma d\u00favida frequente. A chamada conduz o interessado ao WhatsApp, onde a empresa compreende o contexto e encaminha a negocia\u00e7\u00e3o. O desempenho deve ser avaliado por contatos qualificados, pedidos e vendas, al\u00e9m de curtidas e reprodu\u00e7\u00f5es.<\/em><\/p>\n\n\n\n<p class=\"wp-block-paragraph\"><em>A presen\u00e7a em v\u00eddeo ganhou peso no com\u00e9rcio digital, mas n\u00e3o se tornou uma exig\u00eancia para ser tratada com prioridade. Pequenos neg\u00f3cios precisam estar onde seus clientes descobrem ofertas e oferecer um caminho simples para perguntar e comprar. Para muitas empresas, conte\u00fados objetivos combinados a um WhatsApp organizado produzem mais resultado do que uma rotina intensa de grava\u00e7\u00f5es sem estrutura comercial.<\/em><\/p>\n","protected":false},"excerpt":{"rendered":"<p>Social commerce cresce, mas o WhatsApp segue decisivo para transformar interesse em conversa, confian\u00e7a e venda. Comprar um produto exibido em uma&#8230;<\/p>\n","protected":false},"author":47,"featured_media":83505,"comment_status":"closed","ping_status":"open","sticky":false,"template":"","format":"standard","meta":{"footnotes":""},"categories":[8806],"tags":[],"ppma_author":[13248],"class_list":["post-85200","post","type-post","status-publish","format-standard","has-post-thumbnail","category-vendas"],"yoast_head":"<!-- This site is optimized with the Yoast SEO plugin v27.2 - https:\/\/yoast.com\/product\/yoast-seo-wordpress\/ -->\n<title>Vender em v\u00eddeo virou obriga\u00e7\u00e3o para pequenos neg\u00f3cios? - Economia S\/A<\/title>\n<meta name=\"robots\" content=\"index, follow, max-snippet:-1, max-image-preview:large, max-video-preview:-1\" \/>\n<link rel=\"canonical\" href=\"https:\/\/economiasa.com.br\/blog\/vender-em-video-virou-obrigacao-para-pequenos-negocios\/\" \/>\n<meta property=\"og:locale\" content=\"pt_BR\" \/>\n<meta property=\"og:type\" content=\"article\" \/>\n<meta property=\"og:title\" content=\"Vender em v\u00eddeo virou obriga\u00e7\u00e3o para pequenos neg\u00f3cios? - Economia S\/A\" \/>\n<meta property=\"og:description\" content=\"Social commerce cresce, mas o WhatsApp segue decisivo para transformar interesse em conversa, confian\u00e7a e venda. Comprar um produto exibido em uma...\" \/>\n<meta property=\"og:url\" content=\"https:\/\/economiasa.com.br\/blog\/vender-em-video-virou-obrigacao-para-pequenos-negocios\/\" \/>\n<meta property=\"og:site_name\" content=\"Economia S\/A\" \/>\n<meta property=\"article:published_time\" content=\"2026-09-04T21:24:49+00:00\" \/>\n<meta property=\"article:modified_time\" content=\"2026-09-04T21:24:50+00:00\" \/>\n<meta property=\"og:image\" content=\"https:\/\/economiasa.com.br\/blog\/wp-content\/uploads\/2026\/08\/Capturar-31.png\" \/>\n\t<meta property=\"og:image:width\" content=\"785\" \/>\n\t<meta property=\"og:image:height\" content=\"522\" \/>\n\t<meta property=\"og:image:type\" content=\"image\/png\" \/>\n<meta name=\"author\" content=\"Reda\u00e7\u00e3o\" \/>\n<meta name=\"twitter:card\" content=\"summary_large_image\" \/>\n<meta name=\"twitter:label1\" content=\"Escrito por\" \/>\n\t<meta name=\"twitter:data1\" content=\"Reda\u00e7\u00e3o\" \/>\n\t<meta name=\"twitter:label2\" content=\"Est. tempo de leitura\" \/>\n\t<meta name=\"twitter:data2\" content=\"4 minutos\" \/>\n<script type=\"application\/ld+json\" class=\"yoast-schema-graph\">{\"@context\":\"https:\/\/schema.org\",\"@graph\":[{\"@type\":\"Article\",\"@id\":\"https:\/\/economiasa.com.br\/blog\/vender-em-video-virou-obrigacao-para-pequenos-negocios\/#article\",\"isPartOf\":{\"@id\":\"https:\/\/economiasa.com.br\/blog\/vender-em-video-virou-obrigacao-para-pequenos-negocios\/\"},\"author\":{\"name\":\"Reda\u00e7\u00e3o\",\"@id\":\"https:\/\/economiasa.com.br\/blog\/#\/schema\/person\/14b8ac2dc25bd63b52bc54e845fa3923\"},\"headline\":\"Vender em v\u00eddeo virou obriga\u00e7\u00e3o para pequenos neg\u00f3cios?\",\"datePublished\":\"2026-09-04T21:24:49+00:00\",\"dateModified\":\"2026-09-04T21:24:50+00:00\",\"mainEntityOfPage\":{\"@id\":\"https:\/\/economiasa.com.br\/blog\/vender-em-video-virou-obrigacao-para-pequenos-negocios\/\"},\"wordCount\":630,\"image\":{\"@id\":\"https:\/\/economiasa.com.br\/blog\/vender-em-video-virou-obrigacao-para-pequenos-negocios\/#primaryimage\"},\"thumbnailUrl\":\"https:\/\/economiasa.com.br\/blog\/wp-content\/uploads\/2026\/08\/Capturar-31.png\",\"articleSection\":[\"Vendas\"],\"inLanguage\":\"pt-BR\"},{\"@type\":\"WebPage\",\"@id\":\"https:\/\/economiasa.com.br\/blog\/vender-em-video-virou-obrigacao-para-pequenos-negocios\/\",\"url\":\"https:\/\/economiasa.com.br\/blog\/vender-em-video-virou-obrigacao-para-pequenos-negocios\/\",\"name\":\"Vender em v\u00eddeo virou obriga\u00e7\u00e3o para pequenos neg\u00f3cios? - Economia S\/A\",\"isPartOf\":{\"@id\":\"https:\/\/economiasa.com.br\/blog\/#website\"},\"primaryImageOfPage\":{\"@id\":\"https:\/\/economiasa.com.br\/blog\/vender-em-video-virou-obrigacao-para-pequenos-negocios\/#primaryimage\"},\"image\":{\"@id\":\"https:\/\/economiasa.com.br\/blog\/vender-em-video-virou-obrigacao-para-pequenos-negocios\/#primaryimage\"},\"thumbnailUrl\":\"https:\/\/economiasa.com.br\/blog\/wp-content\/uploads\/2026\/08\/Capturar-31.png\",\"datePublished\":\"2026-09-04T21:24:49+00:00\",\"dateModified\":\"2026-09-04T21:24:50+00:00\",\"author\":{\"@id\":\"https:\/\/economiasa.com.br\/blog\/#\/schema\/person\/14b8ac2dc25bd63b52bc54e845fa3923\"},\"breadcrumb\":{\"@id\":\"https:\/\/economiasa.com.br\/blog\/vender-em-video-virou-obrigacao-para-pequenos-negocios\/#breadcrumb\"},\"inLanguage\":\"pt-BR\",\"potentialAction\":[{\"@type\":\"ReadAction\",\"target\":[\"https:\/\/economiasa.com.br\/blog\/vender-em-video-virou-obrigacao-para-pequenos-negocios\/\"]}]},{\"@type\":\"ImageObject\",\"inLanguage\":\"pt-BR\",\"@id\":\"https:\/\/economiasa.com.br\/blog\/vender-em-video-virou-obrigacao-para-pequenos-negocios\/#primaryimage\",\"url\":\"https:\/\/economiasa.com.br\/blog\/wp-content\/uploads\/2026\/08\/Capturar-31.png\",\"contentUrl\":\"https:\/\/economiasa.com.br\/blog\/wp-content\/uploads\/2026\/08\/Capturar-31.png\",\"width\":785,\"height\":522,\"caption\":\"Kelly Monteiro - Cr\u00e9ditos da foto: Divulga\u00e7\u00e3o\"},{\"@type\":\"BreadcrumbList\",\"@id\":\"https:\/\/economiasa.com.br\/blog\/vender-em-video-virou-obrigacao-para-pequenos-negocios\/#breadcrumb\",\"itemListElement\":[{\"@type\":\"ListItem\",\"position\":1,\"name\":\"In\u00edcio\",\"item\":\"https:\/\/economiasa.com.br\/blog\/\"},{\"@type\":\"ListItem\",\"position\":2,\"name\":\"Vender em v\u00eddeo virou obriga\u00e7\u00e3o para pequenos neg\u00f3cios?\"}]},{\"@type\":\"WebSite\",\"@id\":\"https:\/\/economiasa.com.br\/blog\/#website\",\"url\":\"https:\/\/economiasa.com.br\/blog\/\",\"name\":\"Economia S\/A\",\"description\":\"Ler faz bem para os neg\u00f3cios\",\"potentialAction\":[{\"@type\":\"SearchAction\",\"target\":{\"@type\":\"EntryPoint\",\"urlTemplate\":\"https:\/\/economiasa.com.br\/blog\/?s={search_term_string}\"},\"query-input\":{\"@type\":\"PropertyValueSpecification\",\"valueRequired\":true,\"valueName\":\"search_term_string\"}}],\"inLanguage\":\"pt-BR\"},{\"@type\":\"Person\",\"@id\":\"https:\/\/economiasa.com.br\/blog\/#\/schema\/person\/14b8ac2dc25bd63b52bc54e845fa3923\",\"name\":\"Reda\u00e7\u00e3o\",\"image\":{\"@type\":\"ImageObject\",\"inLanguage\":\"pt-BR\",\"@id\":\"https:\/\/secure.gravatar.com\/avatar\/c8c795261f7f8547b22616a549577db9e450bd5622da3f6eb62b0e2c3e364c4e?s=96&d=mm&r=g0fb5212bc57e2287787936667fbbe0ff\",\"url\":\"https:\/\/secure.gravatar.com\/avatar\/c8c795261f7f8547b22616a549577db9e450bd5622da3f6eb62b0e2c3e364c4e?s=96&d=mm&r=g\",\"contentUrl\":\"https:\/\/secure.gravatar.com\/avatar\/c8c795261f7f8547b22616a549577db9e450bd5622da3f6eb62b0e2c3e364c4e?s=96&d=mm&r=g\",\"caption\":\"Reda\u00e7\u00e3o\"},\"sameAs\":[\"http:\/\/www.economiasa.com.br\"],\"url\":\"https:\/\/economiasa.com.br\/blog\/author\/redacao\/\"}]}<\/script>\n<!-- \/ Yoast SEO plugin. -->","yoast_head_json":{"title":"Vender em v\u00eddeo virou obriga\u00e7\u00e3o para pequenos neg\u00f3cios? - Economia S\/A","robots":{"index":"index","follow":"follow","max-snippet":"max-snippet:-1","max-image-preview":"max-image-preview:large","max-video-preview":"max-video-preview:-1"},"canonical":"https:\/\/economiasa.com.br\/blog\/vender-em-video-virou-obrigacao-para-pequenos-negocios\/","og_locale":"pt_BR","og_type":"article","og_title":"Vender em v\u00eddeo virou obriga\u00e7\u00e3o para pequenos neg\u00f3cios? - Economia S\/A","og_description":"Social commerce cresce, mas o WhatsApp segue decisivo para transformar interesse em conversa, confian\u00e7a e venda. Comprar um produto exibido em uma...","og_url":"https:\/\/economiasa.com.br\/blog\/vender-em-video-virou-obrigacao-para-pequenos-negocios\/","og_site_name":"Economia S\/A","article_published_time":"2026-09-04T21:24:49+00:00","article_modified_time":"2026-09-04T21:24:50+00:00","og_image":[{"width":785,"height":522,"url":"https:\/\/economiasa.com.br\/blog\/wp-content\/uploads\/2026\/08\/Capturar-31.png","type":"image\/png"}],"author":"Reda\u00e7\u00e3o","twitter_card":"summary_large_image","twitter_misc":{"Escrito por":"Reda\u00e7\u00e3o","Est. tempo de leitura":"4 minutos"},"schema":{"@context":"https:\/\/schema.org","@graph":[{"@type":"Article","@id":"https:\/\/economiasa.com.br\/blog\/vender-em-video-virou-obrigacao-para-pequenos-negocios\/#article","isPartOf":{"@id":"https:\/\/economiasa.com.br\/blog\/vender-em-video-virou-obrigacao-para-pequenos-negocios\/"},"author":{"name":"Reda\u00e7\u00e3o","@id":"https:\/\/economiasa.com.br\/blog\/#\/schema\/person\/14b8ac2dc25bd63b52bc54e845fa3923"},"headline":"Vender em v\u00eddeo virou obriga\u00e7\u00e3o para pequenos neg\u00f3cios?","datePublished":"2026-09-04T21:24:49+00:00","dateModified":"2026-09-04T21:24:50+00:00","mainEntityOfPage":{"@id":"https:\/\/economiasa.com.br\/blog\/vender-em-video-virou-obrigacao-para-pequenos-negocios\/"},"wordCount":630,"image":{"@id":"https:\/\/economiasa.com.br\/blog\/vender-em-video-virou-obrigacao-para-pequenos-negocios\/#primaryimage"},"thumbnailUrl":"https:\/\/economiasa.com.br\/blog\/wp-content\/uploads\/2026\/08\/Capturar-31.png","articleSection":["Vendas"],"inLanguage":"pt-BR"},{"@type":"WebPage","@id":"https:\/\/economiasa.com.br\/blog\/vender-em-video-virou-obrigacao-para-pequenos-negocios\/","url":"https:\/\/economiasa.com.br\/blog\/vender-em-video-virou-obrigacao-para-pequenos-negocios\/","name":"Vender em v\u00eddeo virou obriga\u00e7\u00e3o para pequenos neg\u00f3cios? - Economia S\/A","isPartOf":{"@id":"https:\/\/economiasa.com.br\/blog\/#website"},"primaryImageOfPage":{"@id":"https:\/\/economiasa.com.br\/blog\/vender-em-video-virou-obrigacao-para-pequenos-negocios\/#primaryimage"},"image":{"@id":"https:\/\/economiasa.com.br\/blog\/vender-em-video-virou-obrigacao-para-pequenos-negocios\/#primaryimage"},"thumbnailUrl":"https:\/\/economiasa.com.br\/blog\/wp-content\/uploads\/2026\/08\/Capturar-31.png","datePublished":"2026-09-04T21:24:49+00:00","dateModified":"2026-09-04T21:24:50+00:00","author":{"@id":"https:\/\/economiasa.com.br\/blog\/#\/schema\/person\/14b8ac2dc25bd63b52bc54e845fa3923"},"breadcrumb":{"@id":"https:\/\/economiasa.com.br\/blog\/vender-em-video-virou-obrigacao-para-pequenos-negocios\/#breadcrumb"},"inLanguage":"pt-BR","potentialAction":[{"@type":"ReadAction","target":["https:\/\/economiasa.com.br\/blog\/vender-em-video-virou-obrigacao-para-pequenos-negocios\/"]}]},{"@type":"ImageObject","inLanguage":"pt-BR","@id":"https:\/\/economiasa.com.br\/blog\/vender-em-video-virou-obrigacao-para-pequenos-negocios\/#primaryimage","url":"https:\/\/economiasa.com.br\/blog\/wp-content\/uploads\/2026\/08\/Capturar-31.png","contentUrl":"https:\/\/economiasa.com.br\/blog\/wp-content\/uploads\/2026\/08\/Capturar-31.png","width":785,"height":522,"caption":"Kelly Monteiro - Cr\u00e9ditos da foto: Divulga\u00e7\u00e3o"},{"@type":"BreadcrumbList","@id":"https:\/\/economiasa.com.br\/blog\/vender-em-video-virou-obrigacao-para-pequenos-negocios\/#breadcrumb","itemListElement":[{"@type":"ListItem","position":1,"name":"In\u00edcio","item":"https:\/\/economiasa.com.br\/blog\/"},{"@type":"ListItem","position":2,"name":"Vender em v\u00eddeo virou obriga\u00e7\u00e3o para pequenos neg\u00f3cios?"}]},{"@type":"WebSite","@id":"https:\/\/economiasa.com.br\/blog\/#website","url":"https:\/\/economiasa.com.br\/blog\/","name":"Economia S\/A","description":"Ler faz bem para os neg\u00f3cios","potentialAction":[{"@type":"SearchAction","target":{"@type":"EntryPoint","urlTemplate":"https:\/\/economiasa.com.br\/blog\/?s={search_term_string}"},"query-input":{"@type":"PropertyValueSpecification","valueRequired":true,"valueName":"search_term_string"}}],"inLanguage":"pt-BR"},{"@type":"Person","@id":"https:\/\/economiasa.com.br\/blog\/#\/schema\/person\/14b8ac2dc25bd63b52bc54e845fa3923","name":"Reda\u00e7\u00e3o","image":{"@type":"ImageObject","inLanguage":"pt-BR","@id":"https:\/\/secure.gravatar.com\/avatar\/c8c795261f7f8547b22616a549577db9e450bd5622da3f6eb62b0e2c3e364c4e?s=96&d=mm&r=g0fb5212bc57e2287787936667fbbe0ff","url":"https:\/\/secure.gravatar.com\/avatar\/c8c795261f7f8547b22616a549577db9e450bd5622da3f6eb62b0e2c3e364c4e?s=96&d=mm&r=g","contentUrl":"https:\/\/secure.gravatar.com\/avatar\/c8c795261f7f8547b22616a549577db9e450bd5622da3f6eb62b0e2c3e364c4e?s=96&d=mm&r=g","caption":"Reda\u00e7\u00e3o"},"sameAs":["http:\/\/www.economiasa.com.br"],"url":"https:\/\/economiasa.com.br\/blog\/author\/redacao\/"}]}},"authors":[{"term_id":13248,"user_id":47,"is_guest":0,"slug":"redacao","display_name":"Reda\u00e7\u00e3o","avatar_url":"https:\/\/secure.gravatar.com\/avatar\/c8c795261f7f8547b22616a549577db9e450bd5622da3f6eb62b0e2c3e364c4e?s=96&d=mm&r=g","author_category":"","first_name":"Reda\u00e7\u00e3o","last_name":"","user_url":"http:\/\/www.economiasa.com.br","job_title":"","description":""}],"amp_enabled":true,"_links":{"self":[{"href":"https:\/\/economiasa.com.br\/blog\/wp-json\/wp\/v2\/posts\/85200","targetHints":{"allow":["GET"]}}],"collection":[{"href":"https:\/\/economiasa.com.br\/blog\/wp-json\/wp\/v2\/posts"}],"about":[{"href":"https:\/\/economiasa.com.br\/blog\/wp-json\/wp\/v2\/types\/post"}],"author":[{"embeddable":true,"href":"https:\/\/economiasa.com.br\/blog\/wp-json\/wp\/v2\/users\/47"}],"replies":[{"embeddable":true,"href":"https:\/\/economiasa.com.br\/blog\/wp-json\/wp\/v2\/comments?post=85200"}],"version-history":[{"count":0,"href":"https:\/\/economiasa.com.br\/blog\/wp-json\/wp\/v2\/posts\/85200\/revisions"}],"wp:featuredmedia":[{"embeddable":true,"href":"https:\/\/economiasa.com.br\/blog\/wp-json\/wp\/v2\/media\/83505"}],"wp:attachment":[{"href":"https:\/\/economiasa.com.br\/blog\/wp-json\/wp\/v2\/media?parent=85200"}],"wp:term":[{"taxonomy":"category","embeddable":true,"href":"https:\/\/economiasa.com.br\/blog\/wp-json\/wp\/v2\/categories?post=85200"},{"taxonomy":"post_tag","embeddable":true,"href":"https:\/\/economiasa.com.br\/blog\/wp-json\/wp\/v2\/tags?post=85200"},{"taxonomy":"author","embeddable":true,"href":"https:\/\/economiasa.com.br\/blog\/wp-json\/wp\/v2\/ppma_author?post=85200"}],"curies":[{"name":"wp","href":"https:\/\/api.w.org\/{rel}","templated":true}]}}