{"id":85204,"date":"2026-09-05T17:46:12","date_gmt":"2026-09-05T20:46:12","guid":{"rendered":"https:\/\/economiasa.com.br\/blog\/?p=85204"},"modified":"2026-09-05T17:46:13","modified_gmt":"2026-09-05T20:46:13","slug":"neves-estetica-completa-18-anos-de-atuacao-com-foco-em-autoestima-e-autocuidado-em-santo-andre","status":"publish","type":"post","link":"https:\/\/economiasa.com.br\/blog\/neves-estetica-completa-18-anos-de-atuacao-com-foco-em-autoestima-e-autocuidado-em-santo-andre\/","title":{"rendered":"Neves Est\u00e9tica completa 18 anos de atua\u00e7\u00e3o com foco em autoestima e autocuidado em Santo Andr\u00e9"},"content":{"rendered":"\n<p class=\"wp-block-paragraph\">Cuidar da apar\u00eancia tamb\u00e9m pode ser uma forma de olhar para si. \u00c9 a partir dessa perspectiva que Maria Jos\u00e9 de Lima, conhecida como Neves, desenvolve h\u00e1 18 anos seu trabalho na \u00e1rea de est\u00e9tica. \u00c0 frente da Neves Est\u00e9tica, a profissional atende em Santo Andr\u00e9 com procedimentos voltados aos cuidados com a pele e o corpo, conciliando a experi\u00eancia adquirida ao longo da carreira com a busca por novas t\u00e9cnicas.<\/p>\n\n\n\n<p class=\"wp-block-paragraph\">A atua\u00e7\u00e3o come\u00e7ou h\u00e1 quase duas d\u00e9cadas e foi acompanhada pela amplia\u00e7\u00e3o da forma\u00e7\u00e3o profissional. Massoterapia, ventosaterapia, limpeza de pele, drenagem e depila\u00e7\u00e3o est\u00e3o entre as \u00e1reas nas quais Neves buscou qualifica\u00e7\u00e3o. Atualmente, os atendimentos mais frequentes s\u00e3o de limpeza de pele, massoterapia, drenagem e depila\u00e7\u00e3o.<\/p>\n\n\n\n<p class=\"wp-block-paragraph\">Segundo a esteticista, a atualiza\u00e7\u00e3o profissional acompanha as diferentes necessidades encontradas no dia a dia dos atendimentos. A avalia\u00e7\u00e3o individual tamb\u00e9m faz parte desse processo, j\u00e1 que, para ela, cada cliente apresenta caracter\u00edsticas e objetivos pr\u00f3prios.<\/p>\n\n\n\n<figure class=\"wp-block-image size-large\"><img loading=\"lazy\" decoding=\"async\" width=\"1024\" height=\"866\" src=\"https:\/\/economiasa.com.br\/blog\/wp-content\/uploads\/2026\/09\/ChatGPT-Image-Sep-5-2026-05_43_28-PM-1024x866.png\" alt=\"Cr\u00e9ditos da Foto: Divulga\u00e7\u00e3o\" class=\"wp-image-85205\" srcset=\"https:\/\/economiasa.com.br\/blog\/wp-content\/uploads\/2026\/09\/ChatGPT-Image-Sep-5-2026-05_43_28-PM-1024x866.png 1024w, https:\/\/economiasa.com.br\/blog\/wp-content\/uploads\/2026\/09\/ChatGPT-Image-Sep-5-2026-05_43_28-PM-300x254.png 300w, https:\/\/economiasa.com.br\/blog\/wp-content\/uploads\/2026\/09\/ChatGPT-Image-Sep-5-2026-05_43_28-PM-768x649.png 768w, https:\/\/economiasa.com.br\/blog\/wp-content\/uploads\/2026\/09\/ChatGPT-Image-Sep-5-2026-05_43_28-PM-360x304.png 360w, https:\/\/economiasa.com.br\/blog\/wp-content\/uploads\/2026\/09\/ChatGPT-Image-Sep-5-2026-05_43_28-PM.png 1364w\" sizes=\"auto, (max-width: 1024px) 100vw, 1024px\" \/><figcaption class=\"wp-element-caption\">Cr\u00e9ditos da Foto: Divulga\u00e7\u00e3o<\/figcaption><\/figure>\n\n\n\n<p class=\"wp-block-paragraph\">\u201cCada cliente \u00e9 \u00fanica. Meu maior compromisso \u00e9 oferecer um atendimento acolhedor, \u00e9tico e com resultados que respeitem a naturalidade de cada pessoa. Mais do que realizar um procedimento, procuro entender o que cada cliente busca e oferecer um cuidado que fa\u00e7a sentido para ela\u201d, afirma Neves.<\/p>\n\n\n\n<p class=\"wp-block-paragraph\">Essa perspectiva tamb\u00e9m est\u00e1 relacionada \u00e0 maneira como a profissional entende a pr\u00f3pria \u00e1rea de atua\u00e7\u00e3o. Para Neves, os cuidados est\u00e9ticos n\u00e3o devem ser associados exclusivamente \u00e0 vaidade, mas podem fazer parte da rotina de autocuidado e da forma como cada pessoa se relaciona com a pr\u00f3pria imagem. Ao longo dos 18 anos de profiss\u00e3o, esse olhar passou a orientar sua rela\u00e7\u00e3o com as clientes e a condu\u00e7\u00e3o dos atendimentos.<\/p>\n\n\n\n<p class=\"wp-block-paragraph\">\u201cAcredito que est\u00e9tica \u00e9 autocuidado e n\u00e3o vaidade. Quando uma pessoa se cuida, ela tamb\u00e9m est\u00e1 olhando para o pr\u00f3prio bem-estar e para a forma como se sente consigo mesma\u201d, afirma.<\/p>\n\n\n\n<p class=\"wp-block-paragraph\">Os atendimentos da Neves Est\u00e9tica s\u00e3o realizados no Maison Lafayette, na Rua das Pitangueiras, 470, no bairro Jardim, em Santo Andr\u00e9. O espa\u00e7o concentra os servi\u00e7os oferecidos pela profissional, que mant\u00e9m como proposta de trabalho o atendimento individualizado e a utiliza\u00e7\u00e3o de t\u00e9cnicas de acordo com a necessidade de cada cliente.<\/p>\n\n\n\n<p class=\"wp-block-paragraph\">Com 18 anos de atua\u00e7\u00e3o, Neves segue trabalhando com procedimentos de est\u00e9tica e ampliando sua forma\u00e7\u00e3o conforme novas t\u00e9cnicas e demandas chegam \u00e0 \u00e1rea. \u201cVer a autoestima de uma cliente renascer \u00e9 o que me faz amar o que fa\u00e7o todos os dias\u201d, destaca.<\/p>\n\n\n\n<p class=\"wp-block-paragraph\">Mais informa\u00e7\u00f5es sobre os procedimentos e agendamentos podem ser obtidas pelo WhatsApp (11) 99696-21876. A Neves Est\u00e9tica est\u00e1 no Facebook, como Neves Lima, e no Instagram, pelo perfil <a href=\"https:\/\/www.instagram.com\/neves.estetica\/\">@neves.estetica<\/a>.<\/p>\n","protected":false},"excerpt":{"rendered":"<p>Cuidar da apar\u00eancia tamb\u00e9m pode ser uma forma de olhar para si. \u00c9 a partir dessa perspectiva que Maria Jos\u00e9 de Lima,&#8230;<\/p>\n","protected":false},"author":13,"featured_media":85206,"comment_status":"closed","ping_status":"open","sticky":false,"template":"","format":"standard","meta":{"footnotes":""},"categories":[283],"tags":[],"ppma_author":[13237],"class_list":["post-85204","post","type-post","status-publish","format-standard","has-post-thumbnail","category-saude"],"yoast_head":"<!-- This site is optimized with the Yoast SEO plugin v27.2 - https:\/\/yoast.com\/product\/yoast-seo-wordpress\/ -->\n<title>Neves Est\u00e9tica completa 18 anos de atua\u00e7\u00e3o com foco em autoestima e autocuidado em Santo Andr\u00e9 - Economia S\/A<\/title>\n<meta name=\"robots\" content=\"index, follow, max-snippet:-1, max-image-preview:large, max-video-preview:-1\" \/>\n<link rel=\"canonical\" href=\"https:\/\/economiasa.com.br\/blog\/neves-estetica-completa-18-anos-de-atuacao-com-foco-em-autoestima-e-autocuidado-em-santo-andre\/\" \/>\n<meta property=\"og:locale\" content=\"pt_BR\" \/>\n<meta property=\"og:type\" content=\"article\" \/>\n<meta property=\"og:title\" content=\"Neves Est\u00e9tica completa 18 anos de atua\u00e7\u00e3o com foco em autoestima e autocuidado em Santo Andr\u00e9 - Economia S\/A\" \/>\n<meta property=\"og:description\" content=\"Cuidar da apar\u00eancia tamb\u00e9m pode ser uma forma de olhar para si. \u00c9 a partir dessa perspectiva que Maria Jos\u00e9 de Lima,...\" \/>\n<meta property=\"og:url\" content=\"https:\/\/economiasa.com.br\/blog\/neves-estetica-completa-18-anos-de-atuacao-com-foco-em-autoestima-e-autocuidado-em-santo-andre\/\" \/>\n<meta property=\"og:site_name\" content=\"Economia S\/A\" \/>\n<meta property=\"article:published_time\" content=\"2026-09-05T20:46:12+00:00\" \/>\n<meta property=\"article:modified_time\" content=\"2026-09-05T20:46:13+00:00\" \/>\n<meta property=\"og:image\" content=\"https:\/\/economiasa.com.br\/blog\/wp-content\/uploads\/2026\/09\/ChatGPT-Image-Sep-5-2026-05_43_16-PM.png\" \/>\n\t<meta property=\"og:image:width\" content=\"1307\" \/>\n\t<meta property=\"og:image:height\" content=\"1203\" \/>\n\t<meta property=\"og:image:type\" content=\"image\/png\" \/>\n<meta name=\"author\" content=\"Reda\u00e7\u00e3o\" \/>\n<meta name=\"twitter:card\" content=\"summary_large_image\" \/>\n<meta name=\"twitter:label1\" content=\"Escrito por\" \/>\n\t<meta name=\"twitter:data1\" content=\"Reda\u00e7\u00e3o\" \/>\n\t<meta name=\"twitter:label2\" content=\"Est. tempo de leitura\" \/>\n\t<meta name=\"twitter:data2\" content=\"3 minutos\" \/>\n<script type=\"application\/ld+json\" class=\"yoast-schema-graph\">{\"@context\":\"https:\/\/schema.org\",\"@graph\":[{\"@type\":\"Article\",\"@id\":\"https:\/\/economiasa.com.br\/blog\/neves-estetica-completa-18-anos-de-atuacao-com-foco-em-autoestima-e-autocuidado-em-santo-andre\/#article\",\"isPartOf\":{\"@id\":\"https:\/\/economiasa.com.br\/blog\/neves-estetica-completa-18-anos-de-atuacao-com-foco-em-autoestima-e-autocuidado-em-santo-andre\/\"},\"author\":{\"name\":\"Reda\u00e7\u00e3o\",\"@id\":\"https:\/\/economiasa.com.br\/blog\/#\/schema\/person\/57f2dfaf8250a36d041a4e4cf0498faf\"},\"headline\":\"Neves Est\u00e9tica completa 18 anos de atua\u00e7\u00e3o com foco em autoestima e autocuidado em Santo Andr\u00e9\",\"datePublished\":\"2026-09-05T20:46:12+00:00\",\"dateModified\":\"2026-09-05T20:46:13+00:00\",\"mainEntityOfPage\":{\"@id\":\"https:\/\/economiasa.com.br\/blog\/neves-estetica-completa-18-anos-de-atuacao-com-foco-em-autoestima-e-autocuidado-em-santo-andre\/\"},\"wordCount\":484,\"image\":{\"@id\":\"https:\/\/economiasa.com.br\/blog\/neves-estetica-completa-18-anos-de-atuacao-com-foco-em-autoestima-e-autocuidado-em-santo-andre\/#primaryimage\"},\"thumbnailUrl\":\"https:\/\/economiasa.com.br\/blog\/wp-content\/uploads\/2026\/09\/ChatGPT-Image-Sep-5-2026-05_43_16-PM.png\",\"articleSection\":[\"Sa\u00fade\"],\"inLanguage\":\"pt-BR\"},{\"@type\":\"WebPage\",\"@id\":\"https:\/\/economiasa.com.br\/blog\/neves-estetica-completa-18-anos-de-atuacao-com-foco-em-autoestima-e-autocuidado-em-santo-andre\/\",\"url\":\"https:\/\/economiasa.com.br\/blog\/neves-estetica-completa-18-anos-de-atuacao-com-foco-em-autoestima-e-autocuidado-em-santo-andre\/\",\"name\":\"Neves Est\u00e9tica completa 18 anos de atua\u00e7\u00e3o com foco em autoestima e autocuidado em Santo Andr\u00e9 - Economia S\/A\",\"isPartOf\":{\"@id\":\"https:\/\/economiasa.com.br\/blog\/#website\"},\"primaryImageOfPage\":{\"@id\":\"https:\/\/economiasa.com.br\/blog\/neves-estetica-completa-18-anos-de-atuacao-com-foco-em-autoestima-e-autocuidado-em-santo-andre\/#primaryimage\"},\"image\":{\"@id\":\"https:\/\/economiasa.com.br\/blog\/neves-estetica-completa-18-anos-de-atuacao-com-foco-em-autoestima-e-autocuidado-em-santo-andre\/#primaryimage\"},\"thumbnailUrl\":\"https:\/\/economiasa.com.br\/blog\/wp-content\/uploads\/2026\/09\/ChatGPT-Image-Sep-5-2026-05_43_16-PM.png\",\"datePublished\":\"2026-09-05T20:46:12+00:00\",\"dateModified\":\"2026-09-05T20:46:13+00:00\",\"author\":{\"@id\":\"https:\/\/economiasa.com.br\/blog\/#\/schema\/person\/57f2dfaf8250a36d041a4e4cf0498faf\"},\"breadcrumb\":{\"@id\":\"https:\/\/economiasa.com.br\/blog\/neves-estetica-completa-18-anos-de-atuacao-com-foco-em-autoestima-e-autocuidado-em-santo-andre\/#breadcrumb\"},\"inLanguage\":\"pt-BR\",\"potentialAction\":[{\"@type\":\"ReadAction\",\"target\":[\"https:\/\/economiasa.com.br\/blog\/neves-estetica-completa-18-anos-de-atuacao-com-foco-em-autoestima-e-autocuidado-em-santo-andre\/\"]}]},{\"@type\":\"ImageObject\",\"inLanguage\":\"pt-BR\",\"@id\":\"https:\/\/economiasa.com.br\/blog\/neves-estetica-completa-18-anos-de-atuacao-com-foco-em-autoestima-e-autocuidado-em-santo-andre\/#primaryimage\",\"url\":\"https:\/\/economiasa.com.br\/blog\/wp-content\/uploads\/2026\/09\/ChatGPT-Image-Sep-5-2026-05_43_16-PM.png\",\"contentUrl\":\"https:\/\/economiasa.com.br\/blog\/wp-content\/uploads\/2026\/09\/ChatGPT-Image-Sep-5-2026-05_43_16-PM.png\",\"width\":1307,\"height\":1203,\"caption\":\"Cr\u00e9ditos da Foto: Divulga\u00e7\u00e3o\"},{\"@type\":\"BreadcrumbList\",\"@id\":\"https:\/\/economiasa.com.br\/blog\/neves-estetica-completa-18-anos-de-atuacao-com-foco-em-autoestima-e-autocuidado-em-santo-andre\/#breadcrumb\",\"itemListElement\":[{\"@type\":\"ListItem\",\"position\":1,\"name\":\"In\u00edcio\",\"item\":\"https:\/\/economiasa.com.br\/blog\/\"},{\"@type\":\"ListItem\",\"position\":2,\"name\":\"Neves Est\u00e9tica completa 18 anos de atua\u00e7\u00e3o com foco em autoestima e autocuidado em Santo Andr\u00e9\"}]},{\"@type\":\"WebSite\",\"@id\":\"https:\/\/economiasa.com.br\/blog\/#website\",\"url\":\"https:\/\/economiasa.com.br\/blog\/\",\"name\":\"Economia S\/A\",\"description\":\"Ler faz bem para os neg\u00f3cios\",\"potentialAction\":[{\"@type\":\"SearchAction\",\"target\":{\"@type\":\"EntryPoint\",\"urlTemplate\":\"https:\/\/economiasa.com.br\/blog\/?s={search_term_string}\"},\"query-input\":{\"@type\":\"PropertyValueSpecification\",\"valueRequired\":true,\"valueName\":\"search_term_string\"}}],\"inLanguage\":\"pt-BR\"},{\"@type\":\"Person\",\"@id\":\"https:\/\/economiasa.com.br\/blog\/#\/schema\/person\/57f2dfaf8250a36d041a4e4cf0498faf\",\"name\":\"Reda\u00e7\u00e3o\",\"image\":{\"@type\":\"ImageObject\",\"inLanguage\":\"pt-BR\",\"@id\":\"https:\/\/secure.gravatar.com\/avatar\/b9a74cf83ab7b387115b660a012a810ba4283a49e2dc1845eacfc09fd7fadd4b?s=96&d=mm&r=g8b4e5e7107f0781ab9bc60df20107da5\",\"url\":\"https:\/\/secure.gravatar.com\/avatar\/b9a74cf83ab7b387115b660a012a810ba4283a49e2dc1845eacfc09fd7fadd4b?s=96&d=mm&r=g\",\"contentUrl\":\"https:\/\/secure.gravatar.com\/avatar\/b9a74cf83ab7b387115b660a012a810ba4283a49e2dc1845eacfc09fd7fadd4b?s=96&d=mm&r=g\",\"caption\":\"Reda\u00e7\u00e3o\"},\"url\":\"https:\/\/economiasa.com.br\/blog\/author\/vhassessoriagmail-com\/\"}]}<\/script>\n<!-- \/ Yoast SEO plugin. -->","yoast_head_json":{"title":"Neves Est\u00e9tica completa 18 anos de atua\u00e7\u00e3o com foco em autoestima e autocuidado em Santo Andr\u00e9 - Economia S\/A","robots":{"index":"index","follow":"follow","max-snippet":"max-snippet:-1","max-image-preview":"max-image-preview:large","max-video-preview":"max-video-preview:-1"},"canonical":"https:\/\/economiasa.com.br\/blog\/neves-estetica-completa-18-anos-de-atuacao-com-foco-em-autoestima-e-autocuidado-em-santo-andre\/","og_locale":"pt_BR","og_type":"article","og_title":"Neves Est\u00e9tica completa 18 anos de atua\u00e7\u00e3o com foco em autoestima e autocuidado em Santo Andr\u00e9 - Economia S\/A","og_description":"Cuidar da apar\u00eancia tamb\u00e9m pode ser uma forma de olhar para si. \u00c9 a partir dessa perspectiva que Maria Jos\u00e9 de Lima,...","og_url":"https:\/\/economiasa.com.br\/blog\/neves-estetica-completa-18-anos-de-atuacao-com-foco-em-autoestima-e-autocuidado-em-santo-andre\/","og_site_name":"Economia S\/A","article_published_time":"2026-09-05T20:46:12+00:00","article_modified_time":"2026-09-05T20:46:13+00:00","og_image":[{"width":1307,"height":1203,"url":"https:\/\/economiasa.com.br\/blog\/wp-content\/uploads\/2026\/09\/ChatGPT-Image-Sep-5-2026-05_43_16-PM.png","type":"image\/png"}],"author":"Reda\u00e7\u00e3o","twitter_card":"summary_large_image","twitter_misc":{"Escrito por":"Reda\u00e7\u00e3o","Est. tempo de leitura":"3 minutos"},"schema":{"@context":"https:\/\/schema.org","@graph":[{"@type":"Article","@id":"https:\/\/economiasa.com.br\/blog\/neves-estetica-completa-18-anos-de-atuacao-com-foco-em-autoestima-e-autocuidado-em-santo-andre\/#article","isPartOf":{"@id":"https:\/\/economiasa.com.br\/blog\/neves-estetica-completa-18-anos-de-atuacao-com-foco-em-autoestima-e-autocuidado-em-santo-andre\/"},"author":{"name":"Reda\u00e7\u00e3o","@id":"https:\/\/economiasa.com.br\/blog\/#\/schema\/person\/57f2dfaf8250a36d041a4e4cf0498faf"},"headline":"Neves Est\u00e9tica completa 18 anos de atua\u00e7\u00e3o com foco em autoestima e autocuidado em Santo Andr\u00e9","datePublished":"2026-09-05T20:46:12+00:00","dateModified":"2026-09-05T20:46:13+00:00","mainEntityOfPage":{"@id":"https:\/\/economiasa.com.br\/blog\/neves-estetica-completa-18-anos-de-atuacao-com-foco-em-autoestima-e-autocuidado-em-santo-andre\/"},"wordCount":484,"image":{"@id":"https:\/\/economiasa.com.br\/blog\/neves-estetica-completa-18-anos-de-atuacao-com-foco-em-autoestima-e-autocuidado-em-santo-andre\/#primaryimage"},"thumbnailUrl":"https:\/\/economiasa.com.br\/blog\/wp-content\/uploads\/2026\/09\/ChatGPT-Image-Sep-5-2026-05_43_16-PM.png","articleSection":["Sa\u00fade"],"inLanguage":"pt-BR"},{"@type":"WebPage","@id":"https:\/\/economiasa.com.br\/blog\/neves-estetica-completa-18-anos-de-atuacao-com-foco-em-autoestima-e-autocuidado-em-santo-andre\/","url":"https:\/\/economiasa.com.br\/blog\/neves-estetica-completa-18-anos-de-atuacao-com-foco-em-autoestima-e-autocuidado-em-santo-andre\/","name":"Neves Est\u00e9tica completa 18 anos de atua\u00e7\u00e3o com foco em autoestima e autocuidado em Santo Andr\u00e9 - Economia S\/A","isPartOf":{"@id":"https:\/\/economiasa.com.br\/blog\/#website"},"primaryImageOfPage":{"@id":"https:\/\/economiasa.com.br\/blog\/neves-estetica-completa-18-anos-de-atuacao-com-foco-em-autoestima-e-autocuidado-em-santo-andre\/#primaryimage"},"image":{"@id":"https:\/\/economiasa.com.br\/blog\/neves-estetica-completa-18-anos-de-atuacao-com-foco-em-autoestima-e-autocuidado-em-santo-andre\/#primaryimage"},"thumbnailUrl":"https:\/\/economiasa.com.br\/blog\/wp-content\/uploads\/2026\/09\/ChatGPT-Image-Sep-5-2026-05_43_16-PM.png","datePublished":"2026-09-05T20:46:12+00:00","dateModified":"2026-09-05T20:46:13+00:00","author":{"@id":"https:\/\/economiasa.com.br\/blog\/#\/schema\/person\/57f2dfaf8250a36d041a4e4cf0498faf"},"breadcrumb":{"@id":"https:\/\/economiasa.com.br\/blog\/neves-estetica-completa-18-anos-de-atuacao-com-foco-em-autoestima-e-autocuidado-em-santo-andre\/#breadcrumb"},"inLanguage":"pt-BR","potentialAction":[{"@type":"ReadAction","target":["https:\/\/economiasa.com.br\/blog\/neves-estetica-completa-18-anos-de-atuacao-com-foco-em-autoestima-e-autocuidado-em-santo-andre\/"]}]},{"@type":"ImageObject","inLanguage":"pt-BR","@id":"https:\/\/economiasa.com.br\/blog\/neves-estetica-completa-18-anos-de-atuacao-com-foco-em-autoestima-e-autocuidado-em-santo-andre\/#primaryimage","url":"https:\/\/economiasa.com.br\/blog\/wp-content\/uploads\/2026\/09\/ChatGPT-Image-Sep-5-2026-05_43_16-PM.png","contentUrl":"https:\/\/economiasa.com.br\/blog\/wp-content\/uploads\/2026\/09\/ChatGPT-Image-Sep-5-2026-05_43_16-PM.png","width":1307,"height":1203,"caption":"Cr\u00e9ditos da Foto: Divulga\u00e7\u00e3o"},{"@type":"BreadcrumbList","@id":"https:\/\/economiasa.com.br\/blog\/neves-estetica-completa-18-anos-de-atuacao-com-foco-em-autoestima-e-autocuidado-em-santo-andre\/#breadcrumb","itemListElement":[{"@type":"ListItem","position":1,"name":"In\u00edcio","item":"https:\/\/economiasa.com.br\/blog\/"},{"@type":"ListItem","position":2,"name":"Neves Est\u00e9tica completa 18 anos de atua\u00e7\u00e3o com foco em autoestima e autocuidado em Santo Andr\u00e9"}]},{"@type":"WebSite","@id":"https:\/\/economiasa.com.br\/blog\/#website","url":"https:\/\/economiasa.com.br\/blog\/","name":"Economia S\/A","description":"Ler faz bem para os neg\u00f3cios","potentialAction":[{"@type":"SearchAction","target":{"@type":"EntryPoint","urlTemplate":"https:\/\/economiasa.com.br\/blog\/?s={search_term_string}"},"query-input":{"@type":"PropertyValueSpecification","valueRequired":true,"valueName":"search_term_string"}}],"inLanguage":"pt-BR"},{"@type":"Person","@id":"https:\/\/economiasa.com.br\/blog\/#\/schema\/person\/57f2dfaf8250a36d041a4e4cf0498faf","name":"Reda\u00e7\u00e3o","image":{"@type":"ImageObject","inLanguage":"pt-BR","@id":"https:\/\/secure.gravatar.com\/avatar\/b9a74cf83ab7b387115b660a012a810ba4283a49e2dc1845eacfc09fd7fadd4b?s=96&d=mm&r=g8b4e5e7107f0781ab9bc60df20107da5","url":"https:\/\/secure.gravatar.com\/avatar\/b9a74cf83ab7b387115b660a012a810ba4283a49e2dc1845eacfc09fd7fadd4b?s=96&d=mm&r=g","contentUrl":"https:\/\/secure.gravatar.com\/avatar\/b9a74cf83ab7b387115b660a012a810ba4283a49e2dc1845eacfc09fd7fadd4b?s=96&d=mm&r=g","caption":"Reda\u00e7\u00e3o"},"url":"https:\/\/economiasa.com.br\/blog\/author\/vhassessoriagmail-com\/"}]}},"authors":[{"term_id":13237,"user_id":13,"is_guest":0,"slug":"vhassessoriagmail-com","display_name":"Reda\u00e7\u00e3o","avatar_url":"https:\/\/secure.gravatar.com\/avatar\/b9a74cf83ab7b387115b660a012a810ba4283a49e2dc1845eacfc09fd7fadd4b?s=96&d=mm&r=g","author_category":"","first_name":"Vanessa","last_name":"Reda\u00e7\u00e3o","user_url":"","job_title":"","description":""}],"amp_enabled":true,"_links":{"self":[{"href":"https:\/\/economiasa.com.br\/blog\/wp-json\/wp\/v2\/posts\/85204","targetHints":{"allow":["GET"]}}],"collection":[{"href":"https:\/\/economiasa.com.br\/blog\/wp-json\/wp\/v2\/posts"}],"about":[{"href":"https:\/\/economiasa.com.br\/blog\/wp-json\/wp\/v2\/types\/post"}],"author":[{"embeddable":true,"href":"https:\/\/economiasa.com.br\/blog\/wp-json\/wp\/v2\/users\/13"}],"replies":[{"embeddable":true,"href":"https:\/\/economiasa.com.br\/blog\/wp-json\/wp\/v2\/comments?post=85204"}],"version-history":[{"count":0,"href":"https:\/\/economiasa.com.br\/blog\/wp-json\/wp\/v2\/posts\/85204\/revisions"}],"wp:featuredmedia":[{"embeddable":true,"href":"https:\/\/economiasa.com.br\/blog\/wp-json\/wp\/v2\/media\/85206"}],"wp:attachment":[{"href":"https:\/\/economiasa.com.br\/blog\/wp-json\/wp\/v2\/media?parent=85204"}],"wp:term":[{"taxonomy":"category","embeddable":true,"href":"https:\/\/economiasa.com.br\/blog\/wp-json\/wp\/v2\/categories?post=85204"},{"taxonomy":"post_tag","embeddable":true,"href":"https:\/\/economiasa.com.br\/blog\/wp-json\/wp\/v2\/tags?post=85204"},{"taxonomy":"author","embeddable":true,"href":"https:\/\/economiasa.com.br\/blog\/wp-json\/wp\/v2\/ppma_author?post=85204"}],"curies":[{"name":"wp","href":"https:\/\/api.w.org\/{rel}","templated":true}]}}